{"id":6144,"date":"2025-05-30T10:24:08","date_gmt":"2025-05-30T14:24:08","guid":{"rendered":"https:\/\/www.manaus.am.gov.br\/implurb\/prefeitura-implurb-cooperacao-artistas\/"},"modified":"2025-05-30T10:24:09","modified_gmt":"2025-05-30T14:24:09","slug":"prefeitura-implurb-cooperacao-artistas","status":"publish","type":"post","link":"https:\/\/www.manaus.am.gov.br\/implurb\/prefeitura-implurb-cooperacao-artistas\/","title":{"rendered":"Prefeitura elabora termo de coopera\u00e7\u00e3o para envolver artistas de rua em projetos urbanos"},"content":{"rendered":"\n<p>A arte urbana em espa\u00e7os p\u00fablicos busca representar a apar\u00eancia interior, oferecendo significado e identifica\u00e7\u00e3o aos moradores de cidades do mundo todo. Para estimular e promover a constru\u00e7\u00e3o de pe\u00e7as art\u00edsticas ao ar livre, a Prefeitura de Manaus, via Instituto Municipal de Planejamento Urbano (Implurb), desenvolve um termo de coopera\u00e7\u00e3o t\u00e9cnica para celebrar com artistas da cultura popular. O termo est\u00e1 sendo elaborado para ser assinado at\u00e9 o segundo semestre de 2025.<\/p>\n\n\n\n<p>Em reuni\u00e3o com membros do Grupo de Acesso Oficial de Cultura Popular (GAO), o vice-presidente do Implurb, Ant\u00f4nio Peixoto, apresentou o projeto para transformar as obras de arte especiais, como s\u00e3o chamadas as grandes empreitadas no universo da constru\u00e7\u00e3o civil, em locais com arte urbana.<\/p>\n\n\n\n<p>S\u00e3o obras especiais os viadutos, passarelas, t\u00faneis, rodovias e pontes. Eles levam&nbsp;esses nomes&nbsp;porque, no passado,&nbsp;essas infraestruturas&nbsp;eram constru\u00eddas por artistas com uma boa intui\u00e7\u00e3o est\u00e9tica. E a prefeitura quer usar a arte urbana para realizar grandes murais no espa\u00e7o p\u00fablico, integrando comunidade, pertencimento, identidade, regionalidade e sustentabilidade.<\/p>\n\n\n\n<p>Fazedores de arte<\/p>\n\n\n\n<p>\u201cO grupo de fazedores de cultura re\u00fane elementos da arte urbana e \u00e9 justamente o que queremos para a cidade, promover o vi\u00e9s art\u00edstico em v\u00e1rios pontos da capital, reunindo grafite, hip-hop, dan\u00e7a e outros movimentos e demandas dos artistas. A ideia \u00e9 termos um acordo de coopera\u00e7\u00e3o para que possam ocupar a cidade com arte urbana, com foco no ambiente e na sustentabilidade, al\u00e9m da nossa heran\u00e7a ind\u00edgena e amaz\u00f4nica\u201d, disse o vice-presidente.<\/p>\n\n\n\n<p>Para Dudson Carvalho, diretor-presidente do GAO, composto por mais de 40 institui\u00e7\u00f5es filiadas, o projeto tem grande import\u00e2ncia para o setor cultural de arte urbana, para revitalizar \u00e1reas mais degradadas pelo tempo, levando uma leitura visual art\u00edstica para os espa\u00e7os. \u201cTemos trabalhado em interven\u00e7\u00f5es urbanas, como embaixo do viaduto do&nbsp;Manoa, e uma parceria com a prefeitura vai contribuir com a cena art\u00edstica, para o desenvolvimento de projetos de grafite, dan\u00e7a, m\u00fasica, enfim. J\u00e1 temos grandes murais e pain\u00e9is feitos por artistas do grafite e essa arte acaba servindo para embelezar Manaus e transformar esses espa\u00e7os\u201d, comentou Carvalho.<\/p>\n\n\n\n<p>O presidente da associa\u00e7\u00e3o destacou ainda que uma parceria municipal \u00e9 um passo para a valoriza\u00e7\u00e3o de diversos artistas, que muitas vezes ficam \u00e0 margem de editais e projetos culturais por uma s\u00e9rie de fatores. \u201cA import\u00e2ncia desta valoriza\u00e7\u00e3o \u00e9 imensa, para que possamos, juntos, revitalizar \u00e1reas urbanas da capital\u201d.<\/p>\n\n\n\n<p>A sede do GAO fica embaixo do viaduto do&nbsp;Manoa, na zona Norte.<\/p>\n\n\n\n<p>&#8212; &#8212; &#8212;<\/p>\n\n\n\n<p><strong>Texto <\/strong>\u2013\u00a0Claudia do Valle \/ Implurb<\/p>\n\n\n\n<p><strong>Fotos<\/strong> &#8211; Divulga\u00e7\u00e3o<\/p>\n","protected":false},"excerpt":{"rendered":"","protected":false},"author":23,"featured_media":6145,"comment_status":"closed","ping_status":"closed","sticky":false,"template":"","format":"standard","meta":{"footnotes":""},"categories":[411],"tags":[1454,1785,11,15,1786],"acf":[],"yoast_head":"<!-- This site is optimized with the Yoast SEO plugin v23.0 - https:\/\/yoast.com\/wordpress\/plugins\/seo\/ -->\n<title>Prefeitura elabora termo de coopera\u00e7\u00e3o para envolver artistas de rua em projetos urbanos<\/title>\n<meta name=\"description\" content=\"A arte urbana em espa\u00e7os p\u00fablicos busca representar a apar\u00eancia interior, oferecendo significado e identifica\u00e7\u00e3o aos moradores de cidades do mundo todo. Para estimular e promover a constru\u00e7\u00e3o de pe\u00e7as art\u00edsticas ao ar livre, a Prefeitura de Manaus, via Instituto Municipal de Planejamento Urbano (Implurb), desenvolve um termo de coopera\u00e7\u00e3o t\u00e9cnica para celebrar com artistas da cultura popular.\" \/>\n<meta name=\"robots\" content=\"noindex, follow\" \/>\n<meta property=\"og:locale\" content=\"pt_BR\" \/>\n<meta property=\"og:type\" content=\"article\" \/>\n<meta property=\"og:title\" content=\"Prefeitura elabora termo de coopera\u00e7\u00e3o para envolver artistas de rua em projetos urbanos\" \/>\n<meta property=\"og:description\" content=\"A arte urbana em espa\u00e7os p\u00fablicos busca representar a apar\u00eancia interior, oferecendo significado e identifica\u00e7\u00e3o aos moradores de cidades do mundo todo. Para estimular e promover a constru\u00e7\u00e3o de pe\u00e7as art\u00edsticas ao ar livre, a Prefeitura de Manaus, via Instituto Municipal de Planejamento Urbano (Implurb), desenvolve um termo de coopera\u00e7\u00e3o t\u00e9cnica para celebrar com artistas da cultura popular.\" \/>\n<meta property=\"og:url\" content=\"https:\/\/www.manaus.am.gov.br\/implurb\/prefeitura-implurb-cooperacao-artistas\/\" \/>\n<meta property=\"og:site_name\" content=\"IMPLURB\" \/>\n<meta property=\"article:published_time\" content=\"2025-05-30T14:24:08+00:00\" \/>\n<meta property=\"article:modified_time\" content=\"2025-05-30T14:24:09+00:00\" \/>\n<meta property=\"og:image\" content=\"https:\/\/www.manaus.am.gov.br\/implurb\/wp-content\/uploads\/sites\/13\/2025\/05\/grafite4.jpg\" \/>\n\t<meta property=\"og:image:width\" content=\"1500\" \/>\n\t<meta property=\"og:image:height\" content=\"844\" \/>\n\t<meta property=\"og:image:type\" content=\"image\/jpeg\" \/>\n<meta name=\"author\" content=\"Adriana Costa\" \/>\n<meta name=\"twitter:card\" content=\"summary_large_image\" \/>\n<meta name=\"twitter:label1\" content=\"Written by\" \/>\n\t<meta name=\"twitter:data1\" content=\"Adriana Costa\" \/>\n\t<meta name=\"twitter:label2\" content=\"Est. reading time\" \/>\n\t<meta name=\"twitter:data2\" content=\"3 minutos\" \/>\n<script type=\"application\/ld+json\" class=\"yoast-schema-graph\">{\"@context\":\"https:\/\/schema.org\",\"@graph\":[{\"@type\":\"WebPage\",\"@id\":\"https:\/\/www.manaus.am.gov.br\/implurb\/prefeitura-implurb-cooperacao-artistas\/\",\"url\":\"https:\/\/www.manaus.am.gov.br\/implurb\/prefeitura-implurb-cooperacao-artistas\/\",\"name\":\"Prefeitura elabora termo de coopera\u00e7\u00e3o para envolver artistas de rua em projetos urbanos\",\"isPartOf\":{\"@id\":\"https:\/\/www.manaus.am.gov.br\/implurb\/#website\"},\"primaryImageOfPage\":{\"@id\":\"https:\/\/www.manaus.am.gov.br\/implurb\/prefeitura-implurb-cooperacao-artistas\/#primaryimage\"},\"image\":{\"@id\":\"https:\/\/www.manaus.am.gov.br\/implurb\/prefeitura-implurb-cooperacao-artistas\/#primaryimage\"},\"thumbnailUrl\":\"https:\/\/www.manaus.am.gov.br\/implurb\/wp-content\/uploads\/sites\/13\/2025\/05\/grafite4.jpg\",\"datePublished\":\"2025-05-30T14:24:08+00:00\",\"dateModified\":\"2025-05-30T14:24:09+00:00\",\"author\":{\"@id\":\"https:\/\/www.manaus.am.gov.br\/implurb\/#\/schema\/person\/4e49f4e267757a06ca072ec61b2b9968\"},\"description\":\"A arte urbana em espa\u00e7os p\u00fablicos busca representar a apar\u00eancia interior, oferecendo significado e identifica\u00e7\u00e3o aos moradores de cidades do mundo todo. Para estimular e promover a constru\u00e7\u00e3o de pe\u00e7as art\u00edsticas ao ar livre, a Prefeitura de Manaus, via Instituto Municipal de Planejamento Urbano (Implurb), desenvolve um termo de coopera\u00e7\u00e3o t\u00e9cnica para celebrar com artistas da cultura popular.\",\"breadcrumb\":{\"@id\":\"https:\/\/www.manaus.am.gov.br\/implurb\/prefeitura-implurb-cooperacao-artistas\/#breadcrumb\"},\"inLanguage\":\"pt-BR\",\"potentialAction\":[{\"@type\":\"ReadAction\",\"target\":[\"https:\/\/www.manaus.am.gov.br\/implurb\/prefeitura-implurb-cooperacao-artistas\/\"]}]},{\"@type\":\"ImageObject\",\"inLanguage\":\"pt-BR\",\"@id\":\"https:\/\/www.manaus.am.gov.br\/implurb\/prefeitura-implurb-cooperacao-artistas\/#primaryimage\",\"url\":\"https:\/\/www.manaus.am.gov.br\/implurb\/wp-content\/uploads\/sites\/13\/2025\/05\/grafite4.jpg\",\"contentUrl\":\"https:\/\/www.manaus.am.gov.br\/implurb\/wp-content\/uploads\/sites\/13\/2025\/05\/grafite4.jpg\",\"width\":1500,\"height\":844},{\"@type\":\"BreadcrumbList\",\"@id\":\"https:\/\/www.manaus.am.gov.br\/implurb\/prefeitura-implurb-cooperacao-artistas\/#breadcrumb\",\"itemListElement\":[{\"@type\":\"ListItem\",\"position\":1,\"name\":\"Home\",\"item\":\"https:\/\/www.manaus.am.gov.br\/implurb\/\"},{\"@type\":\"ListItem\",\"position\":2,\"name\":\"Prefeitura elabora termo de coopera\u00e7\u00e3o para envolver artistas de rua em projetos urbanos\"}]},{\"@type\":\"WebSite\",\"@id\":\"https:\/\/www.manaus.am.gov.br\/implurb\/#website\",\"url\":\"https:\/\/www.manaus.am.gov.br\/implurb\/\",\"name\":\"IMPLURB\",\"description\":\"Prefeitura de Manaus\",\"potentialAction\":[{\"@type\":\"SearchAction\",\"target\":{\"@type\":\"EntryPoint\",\"urlTemplate\":\"https:\/\/www.manaus.am.gov.br\/implurb\/?s={search_term_string}\"},\"query-input\":\"required name=search_term_string\"}],\"inLanguage\":\"pt-BR\"},{\"@type\":\"Person\",\"@id\":\"https:\/\/www.manaus.am.gov.br\/implurb\/#\/schema\/person\/4e49f4e267757a06ca072ec61b2b9968\",\"name\":\"Adriana Costa\",\"image\":{\"@type\":\"ImageObject\",\"inLanguage\":\"pt-BR\",\"@id\":\"https:\/\/www.manaus.am.gov.br\/implurb\/#\/schema\/person\/image\/\",\"url\":\"https:\/\/secure.gravatar.com\/avatar\/576258617ef7194f718179e766d57bd4?s=96&d=mm&r=g\",\"contentUrl\":\"https:\/\/secure.gravatar.com\/avatar\/576258617ef7194f718179e766d57bd4?s=96&d=mm&r=g\",\"caption\":\"Adriana Costa\"}}]}<\/script>\n<!-- \/ Yoast SEO plugin. -->","yoast_head_json":{"title":"Prefeitura elabora termo de coopera\u00e7\u00e3o para envolver artistas de rua em projetos urbanos","description":"A arte urbana em espa\u00e7os p\u00fablicos busca representar a apar\u00eancia interior, oferecendo significado e identifica\u00e7\u00e3o aos moradores de cidades do mundo todo. Para estimular e promover a constru\u00e7\u00e3o de pe\u00e7as art\u00edsticas ao ar livre, a Prefeitura de Manaus, via Instituto Municipal de Planejamento Urbano (Implurb), desenvolve um termo de coopera\u00e7\u00e3o t\u00e9cnica para celebrar com artistas da cultura popular.","robots":{"index":"noindex","follow":"follow"},"og_locale":"pt_BR","og_type":"article","og_title":"Prefeitura elabora termo de coopera\u00e7\u00e3o para envolver artistas de rua em projetos urbanos","og_description":"A arte urbana em espa\u00e7os p\u00fablicos busca representar a apar\u00eancia interior, oferecendo significado e identifica\u00e7\u00e3o aos moradores de cidades do mundo todo. Para estimular e promover a constru\u00e7\u00e3o de pe\u00e7as art\u00edsticas ao ar livre, a Prefeitura de Manaus, via Instituto Municipal de Planejamento Urbano (Implurb), desenvolve um termo de coopera\u00e7\u00e3o t\u00e9cnica para celebrar com artistas da cultura popular.","og_url":"https:\/\/www.manaus.am.gov.br\/implurb\/prefeitura-implurb-cooperacao-artistas\/","og_site_name":"IMPLURB","article_published_time":"2025-05-30T14:24:08+00:00","article_modified_time":"2025-05-30T14:24:09+00:00","og_image":[{"width":1500,"height":844,"url":"https:\/\/www.manaus.am.gov.br\/implurb\/wp-content\/uploads\/sites\/13\/2025\/05\/grafite4.jpg","type":"image\/jpeg"}],"author":"Adriana Costa","twitter_card":"summary_large_image","twitter_misc":{"Written by":"Adriana Costa","Est. reading time":"3 minutos"},"schema":{"@context":"https:\/\/schema.org","@graph":[{"@type":"WebPage","@id":"https:\/\/www.manaus.am.gov.br\/implurb\/prefeitura-implurb-cooperacao-artistas\/","url":"https:\/\/www.manaus.am.gov.br\/implurb\/prefeitura-implurb-cooperacao-artistas\/","name":"Prefeitura elabora termo de coopera\u00e7\u00e3o para envolver artistas de rua em projetos urbanos","isPartOf":{"@id":"https:\/\/www.manaus.am.gov.br\/implurb\/#website"},"primaryImageOfPage":{"@id":"https:\/\/www.manaus.am.gov.br\/implurb\/prefeitura-implurb-cooperacao-artistas\/#primaryimage"},"image":{"@id":"https:\/\/www.manaus.am.gov.br\/implurb\/prefeitura-implurb-cooperacao-artistas\/#primaryimage"},"thumbnailUrl":"https:\/\/www.manaus.am.gov.br\/implurb\/wp-content\/uploads\/sites\/13\/2025\/05\/grafite4.jpg","datePublished":"2025-05-30T14:24:08+00:00","dateModified":"2025-05-30T14:24:09+00:00","author":{"@id":"https:\/\/www.manaus.am.gov.br\/implurb\/#\/schema\/person\/4e49f4e267757a06ca072ec61b2b9968"},"description":"A arte urbana em espa\u00e7os p\u00fablicos busca representar a apar\u00eancia interior, oferecendo significado e identifica\u00e7\u00e3o aos moradores de cidades do mundo todo. Para estimular e promover a constru\u00e7\u00e3o de pe\u00e7as art\u00edsticas ao ar livre, a Prefeitura de Manaus, via Instituto Municipal de Planejamento Urbano (Implurb), desenvolve um termo de coopera\u00e7\u00e3o t\u00e9cnica para celebrar com artistas da cultura popular.","breadcrumb":{"@id":"https:\/\/www.manaus.am.gov.br\/implurb\/prefeitura-implurb-cooperacao-artistas\/#breadcrumb"},"inLanguage":"pt-BR","potentialAction":[{"@type":"ReadAction","target":["https:\/\/www.manaus.am.gov.br\/implurb\/prefeitura-implurb-cooperacao-artistas\/"]}]},{"@type":"ImageObject","inLanguage":"pt-BR","@id":"https:\/\/www.manaus.am.gov.br\/implurb\/prefeitura-implurb-cooperacao-artistas\/#primaryimage","url":"https:\/\/www.manaus.am.gov.br\/implurb\/wp-content\/uploads\/sites\/13\/2025\/05\/grafite4.jpg","contentUrl":"https:\/\/www.manaus.am.gov.br\/implurb\/wp-content\/uploads\/sites\/13\/2025\/05\/grafite4.jpg","width":1500,"height":844},{"@type":"BreadcrumbList","@id":"https:\/\/www.manaus.am.gov.br\/implurb\/prefeitura-implurb-cooperacao-artistas\/#breadcrumb","itemListElement":[{"@type":"ListItem","position":1,"name":"Home","item":"https:\/\/www.manaus.am.gov.br\/implurb\/"},{"@type":"ListItem","position":2,"name":"Prefeitura elabora termo de coopera\u00e7\u00e3o para envolver artistas de rua em projetos urbanos"}]},{"@type":"WebSite","@id":"https:\/\/www.manaus.am.gov.br\/implurb\/#website","url":"https:\/\/www.manaus.am.gov.br\/implurb\/","name":"IMPLURB","description":"Prefeitura de Manaus","potentialAction":[{"@type":"SearchAction","target":{"@type":"EntryPoint","urlTemplate":"https:\/\/www.manaus.am.gov.br\/implurb\/?s={search_term_string}"},"query-input":"required name=search_term_string"}],"inLanguage":"pt-BR"},{"@type":"Person","@id":"https:\/\/www.manaus.am.gov.br\/implurb\/#\/schema\/person\/4e49f4e267757a06ca072ec61b2b9968","name":"Adriana Costa","image":{"@type":"ImageObject","inLanguage":"pt-BR","@id":"https:\/\/www.manaus.am.gov.br\/implurb\/#\/schema\/person\/image\/","url":"https:\/\/secure.gravatar.com\/avatar\/576258617ef7194f718179e766d57bd4?s=96&d=mm&r=g","contentUrl":"https:\/\/secure.gravatar.com\/avatar\/576258617ef7194f718179e766d57bd4?s=96&d=mm&r=g","caption":"Adriana Costa"}}]}},"_links":{"self":[{"href":"https:\/\/www.manaus.am.gov.br\/implurb\/wp-json\/wp\/v2\/posts\/6144"}],"collection":[{"href":"https:\/\/www.manaus.am.gov.br\/implurb\/wp-json\/wp\/v2\/posts"}],"about":[{"href":"https:\/\/www.manaus.am.gov.br\/implurb\/wp-json\/wp\/v2\/types\/post"}],"author":[{"embeddable":true,"href":"https:\/\/www.manaus.am.gov.br\/implurb\/wp-json\/wp\/v2\/users\/23"}],"replies":[{"embeddable":true,"href":"https:\/\/www.manaus.am.gov.br\/implurb\/wp-json\/wp\/v2\/comments?post=6144"}],"version-history":[{"count":0,"href":"https:\/\/www.manaus.am.gov.br\/implurb\/wp-json\/wp\/v2\/posts\/6144\/revisions"}],"wp:featuredmedia":[{"embeddable":true,"href":"https:\/\/www.manaus.am.gov.br\/implurb\/wp-json\/wp\/v2\/media\/6145"}],"wp:attachment":[{"href":"https:\/\/www.manaus.am.gov.br\/implurb\/wp-json\/wp\/v2\/media?parent=6144"}],"wp:term":[{"taxonomy":"category","embeddable":true,"href":"https:\/\/www.manaus.am.gov.br\/implurb\/wp-json\/wp\/v2\/categories?post=6144"},{"taxonomy":"post_tag","embeddable":true,"href":"https:\/\/www.manaus.am.gov.br\/implurb\/wp-json\/wp\/v2\/tags?post=6144"}],"curies":[{"name":"wp","href":"https:\/\/api.w.org\/{rel}","templated":true}]}}