{"id":6126,"date":"2025-05-26T08:59:52","date_gmt":"2025-05-26T12:59:52","guid":{"rendered":"https:\/\/www.manaus.am.gov.br\/implurb\/prefeitura-implurb-novasede\/"},"modified":"2025-05-26T08:59:54","modified_gmt":"2025-05-26T12:59:54","slug":"prefeitura-implurb-novasede","status":"publish","type":"post","link":"https:\/\/www.manaus.am.gov.br\/implurb\/prefeitura-implurb-novasede\/","title":{"rendered":"Prefeitura de Manaus avan\u00e7a com obra da nova sede do Implurb"},"content":{"rendered":"\n<p>Com mais de cem colaboradores no canteiro de obras, a Prefeitura de Manaus est\u00e1 finalizando a cobertura do telhado da nova sede administrativa do Instituto Municipal de Planejamento Urbano (Implurb), em um lote no bairro Tarum\u00e3, zona Oeste, no loteamento Parque Mosaico.<\/p>\n\n\n\n<p>A empreitada, que ter\u00e1 mais de 3.500 metros quadrados de \u00e1rea constru\u00edda, segue com a execu\u00e7\u00e3o da estrutura met\u00e1lica do telhado e execu\u00e7\u00e3o do piso nos blocos nos tr\u00eas andares do im\u00f3vel.<\/p>\n\n\n\n<p>Revestimento cer\u00e2mico em banheiros e guarita, al\u00e9m da instala\u00e7\u00e3o das estruturas nas paredes; infraestrutura de el\u00e9trica e dados (fase final); instala\u00e7\u00f5es de \u00e1guas pluviais, esgotamento e sistema de combate a inc\u00eandio; e estrutura da fachada para receber os pain\u00e9is de alum\u00ednio composto (ACM) s\u00e3o alguns dos servi\u00e7os em execu\u00e7\u00e3o.<\/p>\n\n\n\n<p>Instala\u00e7\u00f5es de forro externo e tubula\u00e7\u00f5es de condicionador de ar s\u00e3o feitas, assim como as paredes internas em gesso acartonado. A previs\u00e3o \u00e9 de entregar a obra no segundo semestre de 2025.<\/p>\n\n\n\n<p>Ocupando um lote cercado por verde, a&nbsp;nova&nbsp;sede&nbsp;ter\u00e1 instala\u00e7\u00f5es mais modernas, informatizadas e sustent\u00e1veis, ampliando as melhorias de atendimento e servi\u00e7os prestados \u00e0 popula\u00e7\u00e3o da capital, incluindo mais vagas de estacionamento e ampliando os setores para receber p\u00fablico e atender as demandas de uma cidade-metr\u00f3pole com mais de 2 milh\u00f5es de pessoas. A previs\u00e3o de conclus\u00e3o da obra \u00e9 para o \u00faltimo trimestre de 2025.<\/p>\n\n\n\n<p>\u201cVamos atender a popula\u00e7\u00e3o com mais conforto e tranquilidade, tendo bastante vagas para estacionamento. Uma obra que representa a evolu\u00e7\u00e3o do instituto de planejamento ao longo de 23 anos de exist\u00eancia. \u00c9 uma grande honra estar aqui, trabalhando para termos uma Manaus mais organizada, planejada e que ofere\u00e7a melhor qualidade de vida \u00e0 sociedade. O prefeito David Almeida tem sempre apoiado nossas a\u00e7\u00f5es, projetos e iniciativas e somos muito gratos pelo trabalho\u201d, comentou o diretor-presidente do&nbsp;Implurb, Carlos Valente.<\/p>\n\n\n\n<p>Contempor\u00e2neo<\/p>\n\n\n\n<p>O projeto arquitet\u00f4nico prev\u00ea uma obra contempor\u00e2nea, que vai priorizar os espa\u00e7os abertos, ilumina\u00e7\u00e3o e ventila\u00e7\u00e3o natural. S\u00e3o tr\u00eas pavimentos e uma \u00e1rea central descoberta, para entrada de luz natural e com previs\u00e3o de ter um grande jardim ao ar livre. Na implanta\u00e7\u00e3o, est\u00e3o planejadas \u00e1reas arborizadas para uma melhor climatiza\u00e7\u00e3o, contando com estacionamento para o p\u00fablico e funcion\u00e1rios, e acesso por uma guarita.<\/p>\n\n\n\n<p>A proposta da&nbsp;nova&nbsp;sede&nbsp;tem ainda atendimento \u00e0s normas t\u00e9cnicas de acessibilidade a todos os pavimentos, al\u00e9m de reservat\u00f3rio elevado, lixeiras, subesta\u00e7\u00e3o, grupo gerador e esta\u00e7\u00e3o de tratamento de esgoto.<\/p>\n\n\n\n<p>A fachada principal \u00e9 voltada para a face norte, protegida por brises em alum\u00ednio. A estrutura da edifica\u00e7\u00e3o ser\u00e1 em concreto e a cobertura ter\u00e1 telha trapezoidal com revestimento termoac\u00fastico. O projeto, desenvolvido pelos arquitetos do&nbsp;Implurb, prop\u00f5e aos funcion\u00e1rios melhores condi\u00e7\u00f5es de trabalho e conviv\u00eancia, com ambientes dimensionados de acordo com suas necessidades, espa\u00e7o reservado para refeit\u00f3rio, pra\u00e7a e jardim.<\/p>\n\n\n\n<p>&#8212; &#8212; &#8212;&nbsp;<\/p>\n\n\n\n<p><strong>Texto<\/strong>\u00a0&#8211;\u00a0Claudia do Valle\/Implurb\u00a0<\/p>\n\n\n\n<p><strong>Fotos\u00a0<\/strong>\u2013\u00a0Jo\u00e3o Viana\/Semcom<\/p>\n\n\n\n<p><strong>Dispon\u00edveis em\u00a0<\/strong>&#8211;\u00a0<a href=\"https:\/\/flic.kr\/s\/aHBqjCf6Jq\" target=\"_blank\" rel=\"noreferrer noopener\">https:\/\/flic.kr\/s\/aHBqjCf6Jq<\/a><\/p>\n","protected":false},"excerpt":{"rendered":"","protected":false},"author":23,"featured_media":6127,"comment_status":"closed","ping_status":"closed","sticky":false,"template":"","format":"standard","meta":{"footnotes":""},"categories":[822],"tags":[29,11,469,470,15],"acf":[],"yoast_head":"<!-- This site is optimized with the Yoast SEO plugin v23.0 - https:\/\/yoast.com\/wordpress\/plugins\/seo\/ -->\n<title>Prefeitura de Manaus avan\u00e7a com obra da nova sede do Implurb<\/title>\n<meta name=\"description\" content=\"Com mais de cem colaboradores no canteiro de obras, a Prefeitura de Manaus est\u00e1 finalizando a cobertura do telhado da nova sede administrativa do Instituto Municipal de Planejamento Urbano (Implurb), em um lote no bairro Tarum\u00e3, zona Oeste, no loteamento Parque Mosaico.\" \/>\n<meta name=\"robots\" content=\"noindex, follow\" \/>\n<meta property=\"og:locale\" content=\"pt_BR\" \/>\n<meta property=\"og:type\" content=\"article\" \/>\n<meta property=\"og:title\" content=\"Prefeitura de Manaus avan\u00e7a com obra da nova sede do Implurb\" \/>\n<meta property=\"og:description\" content=\"Com mais de cem colaboradores no canteiro de obras, a Prefeitura de Manaus est\u00e1 finalizando a cobertura do telhado da nova sede administrativa do Instituto Municipal de Planejamento Urbano (Implurb), em um lote no bairro Tarum\u00e3, zona Oeste, no loteamento Parque Mosaico.\" \/>\n<meta property=\"og:url\" content=\"https:\/\/www.manaus.am.gov.br\/implurb\/prefeitura-implurb-novasede\/\" \/>\n<meta property=\"og:site_name\" content=\"IMPLURB\" \/>\n<meta property=\"article:published_time\" content=\"2025-05-26T12:59:52+00:00\" \/>\n<meta property=\"article:modified_time\" content=\"2025-05-26T12:59:54+00:00\" \/>\n<meta property=\"og:image\" content=\"https:\/\/www.manaus.am.gov.br\/implurb\/wp-content\/uploads\/sites\/13\/2025\/05\/54536275417_d02d5cd341_h.jpg\" \/>\n\t<meta property=\"og:image:width\" content=\"1600\" \/>\n\t<meta property=\"og:image:height\" content=\"900\" \/>\n\t<meta property=\"og:image:type\" content=\"image\/jpeg\" \/>\n<meta name=\"author\" content=\"Adriana Costa\" \/>\n<meta name=\"twitter:card\" content=\"summary_large_image\" \/>\n<meta name=\"twitter:label1\" content=\"Written by\" \/>\n\t<meta name=\"twitter:data1\" content=\"Adriana Costa\" \/>\n\t<meta name=\"twitter:label2\" content=\"Est. reading time\" \/>\n\t<meta name=\"twitter:data2\" content=\"3 minutos\" \/>\n<script type=\"application\/ld+json\" class=\"yoast-schema-graph\">{\"@context\":\"https:\/\/schema.org\",\"@graph\":[{\"@type\":\"WebPage\",\"@id\":\"https:\/\/www.manaus.am.gov.br\/implurb\/prefeitura-implurb-novasede\/\",\"url\":\"https:\/\/www.manaus.am.gov.br\/implurb\/prefeitura-implurb-novasede\/\",\"name\":\"Prefeitura de Manaus avan\u00e7a com obra da nova sede do Implurb\",\"isPartOf\":{\"@id\":\"https:\/\/www.manaus.am.gov.br\/implurb\/#website\"},\"primaryImageOfPage\":{\"@id\":\"https:\/\/www.manaus.am.gov.br\/implurb\/prefeitura-implurb-novasede\/#primaryimage\"},\"image\":{\"@id\":\"https:\/\/www.manaus.am.gov.br\/implurb\/prefeitura-implurb-novasede\/#primaryimage\"},\"thumbnailUrl\":\"https:\/\/www.manaus.am.gov.br\/implurb\/wp-content\/uploads\/sites\/13\/2025\/05\/54536275417_d02d5cd341_h.jpg\",\"datePublished\":\"2025-05-26T12:59:52+00:00\",\"dateModified\":\"2025-05-26T12:59:54+00:00\",\"author\":{\"@id\":\"https:\/\/www.manaus.am.gov.br\/implurb\/#\/schema\/person\/4e49f4e267757a06ca072ec61b2b9968\"},\"description\":\"Com mais de cem colaboradores no canteiro de obras, a Prefeitura de Manaus est\u00e1 finalizando a cobertura do telhado da nova sede administrativa do Instituto Municipal de Planejamento Urbano (Implurb), em um lote no bairro Tarum\u00e3, zona Oeste, no loteamento Parque Mosaico.\",\"breadcrumb\":{\"@id\":\"https:\/\/www.manaus.am.gov.br\/implurb\/prefeitura-implurb-novasede\/#breadcrumb\"},\"inLanguage\":\"pt-BR\",\"potentialAction\":[{\"@type\":\"ReadAction\",\"target\":[\"https:\/\/www.manaus.am.gov.br\/implurb\/prefeitura-implurb-novasede\/\"]}]},{\"@type\":\"ImageObject\",\"inLanguage\":\"pt-BR\",\"@id\":\"https:\/\/www.manaus.am.gov.br\/implurb\/prefeitura-implurb-novasede\/#primaryimage\",\"url\":\"https:\/\/www.manaus.am.gov.br\/implurb\/wp-content\/uploads\/sites\/13\/2025\/05\/54536275417_d02d5cd341_h.jpg\",\"contentUrl\":\"https:\/\/www.manaus.am.gov.br\/implurb\/wp-content\/uploads\/sites\/13\/2025\/05\/54536275417_d02d5cd341_h.jpg\",\"width\":1600,\"height\":900},{\"@type\":\"BreadcrumbList\",\"@id\":\"https:\/\/www.manaus.am.gov.br\/implurb\/prefeitura-implurb-novasede\/#breadcrumb\",\"itemListElement\":[{\"@type\":\"ListItem\",\"position\":1,\"name\":\"Home\",\"item\":\"https:\/\/www.manaus.am.gov.br\/implurb\/\"},{\"@type\":\"ListItem\",\"position\":2,\"name\":\"Prefeitura de Manaus avan\u00e7a com obra da nova sede do Implurb\"}]},{\"@type\":\"WebSite\",\"@id\":\"https:\/\/www.manaus.am.gov.br\/implurb\/#website\",\"url\":\"https:\/\/www.manaus.am.gov.br\/implurb\/\",\"name\":\"IMPLURB\",\"description\":\"Prefeitura de Manaus\",\"potentialAction\":[{\"@type\":\"SearchAction\",\"target\":{\"@type\":\"EntryPoint\",\"urlTemplate\":\"https:\/\/www.manaus.am.gov.br\/implurb\/?s={search_term_string}\"},\"query-input\":\"required name=search_term_string\"}],\"inLanguage\":\"pt-BR\"},{\"@type\":\"Person\",\"@id\":\"https:\/\/www.manaus.am.gov.br\/implurb\/#\/schema\/person\/4e49f4e267757a06ca072ec61b2b9968\",\"name\":\"Adriana Costa\",\"image\":{\"@type\":\"ImageObject\",\"inLanguage\":\"pt-BR\",\"@id\":\"https:\/\/www.manaus.am.gov.br\/implurb\/#\/schema\/person\/image\/\",\"url\":\"https:\/\/secure.gravatar.com\/avatar\/576258617ef7194f718179e766d57bd4?s=96&d=mm&r=g\",\"contentUrl\":\"https:\/\/secure.gravatar.com\/avatar\/576258617ef7194f718179e766d57bd4?s=96&d=mm&r=g\",\"caption\":\"Adriana Costa\"}}]}<\/script>\n<!-- \/ Yoast SEO plugin. -->","yoast_head_json":{"title":"Prefeitura de Manaus avan\u00e7a com obra da nova sede do Implurb","description":"Com mais de cem colaboradores no canteiro de obras, a Prefeitura de Manaus est\u00e1 finalizando a cobertura do telhado da nova sede administrativa do Instituto Municipal de Planejamento Urbano (Implurb), em um lote no bairro Tarum\u00e3, zona Oeste, no loteamento Parque Mosaico.","robots":{"index":"noindex","follow":"follow"},"og_locale":"pt_BR","og_type":"article","og_title":"Prefeitura de Manaus avan\u00e7a com obra da nova sede do Implurb","og_description":"Com mais de cem colaboradores no canteiro de obras, a Prefeitura de Manaus est\u00e1 finalizando a cobertura do telhado da nova sede administrativa do Instituto Municipal de Planejamento Urbano (Implurb), em um lote no bairro Tarum\u00e3, zona Oeste, no loteamento Parque Mosaico.","og_url":"https:\/\/www.manaus.am.gov.br\/implurb\/prefeitura-implurb-novasede\/","og_site_name":"IMPLURB","article_published_time":"2025-05-26T12:59:52+00:00","article_modified_time":"2025-05-26T12:59:54+00:00","og_image":[{"width":1600,"height":900,"url":"https:\/\/www.manaus.am.gov.br\/implurb\/wp-content\/uploads\/sites\/13\/2025\/05\/54536275417_d02d5cd341_h.jpg","type":"image\/jpeg"}],"author":"Adriana Costa","twitter_card":"summary_large_image","twitter_misc":{"Written by":"Adriana Costa","Est. reading time":"3 minutos"},"schema":{"@context":"https:\/\/schema.org","@graph":[{"@type":"WebPage","@id":"https:\/\/www.manaus.am.gov.br\/implurb\/prefeitura-implurb-novasede\/","url":"https:\/\/www.manaus.am.gov.br\/implurb\/prefeitura-implurb-novasede\/","name":"Prefeitura de Manaus avan\u00e7a com obra da nova sede do Implurb","isPartOf":{"@id":"https:\/\/www.manaus.am.gov.br\/implurb\/#website"},"primaryImageOfPage":{"@id":"https:\/\/www.manaus.am.gov.br\/implurb\/prefeitura-implurb-novasede\/#primaryimage"},"image":{"@id":"https:\/\/www.manaus.am.gov.br\/implurb\/prefeitura-implurb-novasede\/#primaryimage"},"thumbnailUrl":"https:\/\/www.manaus.am.gov.br\/implurb\/wp-content\/uploads\/sites\/13\/2025\/05\/54536275417_d02d5cd341_h.jpg","datePublished":"2025-05-26T12:59:52+00:00","dateModified":"2025-05-26T12:59:54+00:00","author":{"@id":"https:\/\/www.manaus.am.gov.br\/implurb\/#\/schema\/person\/4e49f4e267757a06ca072ec61b2b9968"},"description":"Com mais de cem colaboradores no canteiro de obras, a Prefeitura de Manaus est\u00e1 finalizando a cobertura do telhado da nova sede administrativa do Instituto Municipal de Planejamento Urbano (Implurb), em um lote no bairro Tarum\u00e3, zona Oeste, no loteamento Parque Mosaico.","breadcrumb":{"@id":"https:\/\/www.manaus.am.gov.br\/implurb\/prefeitura-implurb-novasede\/#breadcrumb"},"inLanguage":"pt-BR","potentialAction":[{"@type":"ReadAction","target":["https:\/\/www.manaus.am.gov.br\/implurb\/prefeitura-implurb-novasede\/"]}]},{"@type":"ImageObject","inLanguage":"pt-BR","@id":"https:\/\/www.manaus.am.gov.br\/implurb\/prefeitura-implurb-novasede\/#primaryimage","url":"https:\/\/www.manaus.am.gov.br\/implurb\/wp-content\/uploads\/sites\/13\/2025\/05\/54536275417_d02d5cd341_h.jpg","contentUrl":"https:\/\/www.manaus.am.gov.br\/implurb\/wp-content\/uploads\/sites\/13\/2025\/05\/54536275417_d02d5cd341_h.jpg","width":1600,"height":900},{"@type":"BreadcrumbList","@id":"https:\/\/www.manaus.am.gov.br\/implurb\/prefeitura-implurb-novasede\/#breadcrumb","itemListElement":[{"@type":"ListItem","position":1,"name":"Home","item":"https:\/\/www.manaus.am.gov.br\/implurb\/"},{"@type":"ListItem","position":2,"name":"Prefeitura de Manaus avan\u00e7a com obra da nova sede do Implurb"}]},{"@type":"WebSite","@id":"https:\/\/www.manaus.am.gov.br\/implurb\/#website","url":"https:\/\/www.manaus.am.gov.br\/implurb\/","name":"IMPLURB","description":"Prefeitura de Manaus","potentialAction":[{"@type":"SearchAction","target":{"@type":"EntryPoint","urlTemplate":"https:\/\/www.manaus.am.gov.br\/implurb\/?s={search_term_string}"},"query-input":"required name=search_term_string"}],"inLanguage":"pt-BR"},{"@type":"Person","@id":"https:\/\/www.manaus.am.gov.br\/implurb\/#\/schema\/person\/4e49f4e267757a06ca072ec61b2b9968","name":"Adriana Costa","image":{"@type":"ImageObject","inLanguage":"pt-BR","@id":"https:\/\/www.manaus.am.gov.br\/implurb\/#\/schema\/person\/image\/","url":"https:\/\/secure.gravatar.com\/avatar\/576258617ef7194f718179e766d57bd4?s=96&d=mm&r=g","contentUrl":"https:\/\/secure.gravatar.com\/avatar\/576258617ef7194f718179e766d57bd4?s=96&d=mm&r=g","caption":"Adriana Costa"}}]}},"_links":{"self":[{"href":"https:\/\/www.manaus.am.gov.br\/implurb\/wp-json\/wp\/v2\/posts\/6126"}],"collection":[{"href":"https:\/\/www.manaus.am.gov.br\/implurb\/wp-json\/wp\/v2\/posts"}],"about":[{"href":"https:\/\/www.manaus.am.gov.br\/implurb\/wp-json\/wp\/v2\/types\/post"}],"author":[{"embeddable":true,"href":"https:\/\/www.manaus.am.gov.br\/implurb\/wp-json\/wp\/v2\/users\/23"}],"replies":[{"embeddable":true,"href":"https:\/\/www.manaus.am.gov.br\/implurb\/wp-json\/wp\/v2\/comments?post=6126"}],"version-history":[{"count":0,"href":"https:\/\/www.manaus.am.gov.br\/implurb\/wp-json\/wp\/v2\/posts\/6126\/revisions"}],"wp:featuredmedia":[{"embeddable":true,"href":"https:\/\/www.manaus.am.gov.br\/implurb\/wp-json\/wp\/v2\/media\/6127"}],"wp:attachment":[{"href":"https:\/\/www.manaus.am.gov.br\/implurb\/wp-json\/wp\/v2\/media?parent=6126"}],"wp:term":[{"taxonomy":"category","embeddable":true,"href":"https:\/\/www.manaus.am.gov.br\/implurb\/wp-json\/wp\/v2\/categories?post=6126"},{"taxonomy":"post_tag","embeddable":true,"href":"https:\/\/www.manaus.am.gov.br\/implurb\/wp-json\/wp\/v2\/tags?post=6126"}],"curies":[{"name":"wp","href":"https:\/\/api.w.org\/{rel}","templated":true}]}}