{"id":5881,"date":"2025-04-15T09:55:06","date_gmt":"2025-04-15T13:55:06","guid":{"rendered":"https:\/\/www.manaus.am.gov.br\/implurb\/prefeitura-implurb-habite-se\/"},"modified":"2025-04-15T09:55:06","modified_gmt":"2025-04-15T13:55:06","slug":"prefeitura-implurb-habite-se","status":"publish","type":"post","link":"https:\/\/www.manaus.am.gov.br\/implurb\/prefeitura-implurb-habite-se\/","title":{"rendered":"Certid\u00e3o de Habite-se da Prefeitura de Manaus tem aumento de 250%\u00a0em \u00e1rea de janeiro a mar\u00e7o"},"content":{"rendered":"\n<p>Os 126.807,12 metros quadrados licenciados com Habite-se em mar\u00e7o de 2025 apresentam 250% de alta, comparando com os 36.262,05 metros quadrados licenciados no ano de 2024 pela Prefeitura de Manaus, via Instituto Municipal de Planejamento Urbano (Implurb), no sistema de licenciamento urban\u00edstico da capital.<\/p>\n\n\n\n<p>No acumulado do trimestre, a \u00e1rea total licenciada \u00e9 de 209.940,40 metros quadrados, um incremento de 84%, ante os dados de 2024: 113.864,09 metros quadrados.<\/p>\n\n\n\n<p>Em toda a gest\u00e3o do prefeito David Almeida, foram emitidas 2.980 certid\u00f5es de Habite-se, de 2021 a 2025. Regulariza\u00e7\u00e3o e&nbsp;Habite-se&nbsp;\u00e9 o servi\u00e7o utilizado para as obras j\u00e1 constru\u00eddas sem licen\u00e7a e aprova\u00e7\u00e3o, mas que podem ser regularizadas posteriormente, dentro dos mesmos crit\u00e9rios e par\u00e2metros estabelecidos pelo Plano Diretor de Manaus.<\/p>\n\n\n\n<p>\u201cTemos metas e indicadores de efici\u00eancia para seguirmos sempre avan\u00e7ando, reduzindo burocracia e aumentando a celeridade, dentro da legisla\u00e7\u00e3o, para atender as metas da gest\u00e3o David Almeida, como a de ser uma das melhores cidades para&nbsp;se&nbsp;fazer neg\u00f3cios no Brasil. E tamb\u00e9m buscamos a melhoria da qualidade de vida da popula\u00e7\u00e3o, o que&nbsp;se&nbsp;reflete em constru\u00e7\u00f5es regularizadas e que atendem a seguran\u00e7a de seus moradores, propriet\u00e1rios e empreendedores\u201d, afirmou o diretor-presidente do&nbsp;Implurb, engenheiro Carlos Valente.<\/p>\n\n\n\n<p>C\u00f3digo de Obras<\/p>\n\n\n\n<p>O documento legal da certid\u00e3o de&nbsp;Habite-se&nbsp;consta no artigo 33, da Lei 673\/02, referente ao C\u00f3digo de Obras do Munic\u00edpio, uma das leis do Plano Diretor de Manaus. O documento atesta que o im\u00f3vel foi constru\u00eddo de acordo com o projeto aprovado e licenciado, seguindo-se&nbsp;as exig\u00eancias estabelecidas pela legisla\u00e7\u00e3o urbana em vigor. A lista com os documentos necess\u00e1rios para dar entrada em projetos e licen\u00e7as junto ao&nbsp;Implurb&nbsp;pode ser acessada no site&nbsp;do \u00f3rg\u00e3o.<\/p>\n\n\n\n<p>O Habite-se \u00e9 uma licen\u00e7a concedida pelo poder p\u00fablico municipal, atestando que determinada edifica\u00e7\u00e3o foi constru\u00edda de acordo com exig\u00eancias normativas municipais e tem a habita\u00e7\u00e3o autorizada do bem im\u00f3vel edificado.<\/p>\n\n\n\n<p>A concess\u00e3o da certid\u00e3o de Habite-se implica no reconhecimento da prefeitura de que foram cumpridas todas as formalidades legais, desde o licenciamento at\u00e9 o cumprimento correto das restri\u00e7\u00f5es contidas no alvar\u00e1 inicial. Enquanto o in\u00edcio da obra tem sua autoriza\u00e7\u00e3o legal a partir do alvar\u00e1 de constru\u00e7\u00e3o, sua conclus\u00e3o ser\u00e1 atestada pela emiss\u00e3o da certid\u00e3o.<\/p>\n\n\n\n<p>Com o&nbsp;Habite-se, o propriet\u00e1rio tem a garantia de que a constru\u00e7\u00e3o seguiu corretamente o que estava previsto no projeto aprovado e licenciado, respeitando os par\u00e2metros legais da legisla\u00e7\u00e3o e normas t\u00e9cnicas, atendendo a aspectos relacionados ao meio ambiente, preven\u00e7\u00e3o de combate a inc\u00eandio, esgotamento sanit\u00e1rio, seguran\u00e7a, ocupa\u00e7\u00e3o do lote, \u00e1rea constru\u00edda, integridade f\u00edsica e estrutural, entre outros itens.<\/p>\n\n\n\n<p>Documento<\/p>\n\n\n\n<p>O Habite-se \u00e9 essencial para a regulariza\u00e7\u00e3o do bem edificado e registro junto ao cart\u00f3rio de im\u00f3veis. Ele \u00e9 exigido por bancos e institui\u00e7\u00f5es financeiras para quem busca financiamento do seu im\u00f3vel.<\/p>\n\n\n\n<p>O documento \u00e9 imprescind\u00edvel, junto com a Certid\u00e3o Negativa de D\u00e9bitos emitida pelo INSS, para averba\u00e7\u00e3o da constru\u00e7\u00e3o perante o Registro Geral de Im\u00f3veis. Im\u00f3veis sem a certid\u00e3o perdem valor na hora da venda, pois est\u00e3o na condi\u00e7\u00e3o de irregulares perante a prefeitura. O im\u00f3vel sem o documento tamb\u00e9m fica inviabilizado de ser doado ou inclu\u00eddo em heran\u00e7a.<\/p>\n\n\n\n<p>&#8212; &#8212; &#8212;<\/p>\n\n\n\n<p><strong>Texto\u00a0<\/strong>\u2013 Claudia do Valle\/ Implurb<\/p>\n\n\n\n<p><strong>Fotos<\/strong>\u00a0\u2013 Arquivo\/Semcom<\/p>\n","protected":false},"excerpt":{"rendered":"","protected":false},"author":23,"featured_media":5882,"comment_status":"closed","ping_status":"closed","sticky":false,"template":"","format":"standard","meta":{"footnotes":""},"categories":[688],"tags":[397,1741,11,1742,15,1743],"acf":[],"yoast_head":"<!-- This site is optimized with the Yoast SEO plugin v23.0 - https:\/\/yoast.com\/wordpress\/plugins\/seo\/ -->\n<title>Certid\u00e3o de Habite-se da Prefeitura de Manaus tem aumento de 250% em \u00e1rea de janeiro a mar\u00e7o<\/title>\n<meta name=\"description\" content=\"Os 126.807,12 metros quadrados licenciados com Habite-se em mar\u00e7o de 2025 apresentam 250% de alta, comparando com os 36.262,05 metros quadrados licenciados no ano de 2024 pela Prefeitura de Manaus\" \/>\n<meta name=\"robots\" content=\"noindex, follow\" \/>\n<meta property=\"og:locale\" content=\"pt_BR\" \/>\n<meta property=\"og:type\" content=\"article\" \/>\n<meta property=\"og:title\" content=\"Certid\u00e3o de Habite-se da Prefeitura de Manaus tem aumento de 250% em \u00e1rea de janeiro a mar\u00e7o\" \/>\n<meta property=\"og:description\" content=\"Os 126.807,12 metros quadrados licenciados com Habite-se em mar\u00e7o de 2025 apresentam 250% de alta, comparando com os 36.262,05 metros quadrados licenciados no ano de 2024 pela Prefeitura de Manaus\" \/>\n<meta property=\"og:url\" content=\"https:\/\/www.manaus.am.gov.br\/implurb\/prefeitura-implurb-habite-se\/\" \/>\n<meta property=\"og:site_name\" content=\"IMPLURB\" \/>\n<meta property=\"article:published_time\" content=\"2025-04-15T13:55:06+00:00\" \/>\n<meta property=\"og:image\" content=\"https:\/\/www.manaus.am.gov.br\/implurb\/wp-content\/uploads\/sites\/13\/2025\/04\/obras.jpg\" \/>\n\t<meta property=\"og:image:width\" content=\"1000\" \/>\n\t<meta property=\"og:image:height\" content=\"666\" \/>\n\t<meta property=\"og:image:type\" content=\"image\/jpeg\" \/>\n<meta name=\"author\" content=\"Adriana Costa\" \/>\n<meta name=\"twitter:card\" content=\"summary_large_image\" \/>\n<meta name=\"twitter:label1\" content=\"Written by\" \/>\n\t<meta name=\"twitter:data1\" content=\"Adriana Costa\" \/>\n\t<meta name=\"twitter:label2\" content=\"Est. reading time\" \/>\n\t<meta name=\"twitter:data2\" content=\"4 minutos\" \/>\n<script type=\"application\/ld+json\" class=\"yoast-schema-graph\">{\"@context\":\"https:\/\/schema.org\",\"@graph\":[{\"@type\":\"WebPage\",\"@id\":\"https:\/\/www.manaus.am.gov.br\/implurb\/prefeitura-implurb-habite-se\/\",\"url\":\"https:\/\/www.manaus.am.gov.br\/implurb\/prefeitura-implurb-habite-se\/\",\"name\":\"Certid\u00e3o de Habite-se da Prefeitura de Manaus tem aumento de 250% em \u00e1rea de janeiro a mar\u00e7o\",\"isPartOf\":{\"@id\":\"https:\/\/www.manaus.am.gov.br\/implurb\/#website\"},\"primaryImageOfPage\":{\"@id\":\"https:\/\/www.manaus.am.gov.br\/implurb\/prefeitura-implurb-habite-se\/#primaryimage\"},\"image\":{\"@id\":\"https:\/\/www.manaus.am.gov.br\/implurb\/prefeitura-implurb-habite-se\/#primaryimage\"},\"thumbnailUrl\":\"https:\/\/www.manaus.am.gov.br\/implurb\/wp-content\/uploads\/sites\/13\/2025\/04\/obras.jpg\",\"datePublished\":\"2025-04-15T13:55:06+00:00\",\"dateModified\":\"2025-04-15T13:55:06+00:00\",\"author\":{\"@id\":\"https:\/\/www.manaus.am.gov.br\/implurb\/#\/schema\/person\/4e49f4e267757a06ca072ec61b2b9968\"},\"description\":\"Os 126.807,12 metros quadrados licenciados com Habite-se em mar\u00e7o de 2025 apresentam 250% de alta, comparando com os 36.262,05 metros quadrados licenciados no ano de 2024 pela Prefeitura de Manaus\",\"breadcrumb\":{\"@id\":\"https:\/\/www.manaus.am.gov.br\/implurb\/prefeitura-implurb-habite-se\/#breadcrumb\"},\"inLanguage\":\"pt-BR\",\"potentialAction\":[{\"@type\":\"ReadAction\",\"target\":[\"https:\/\/www.manaus.am.gov.br\/implurb\/prefeitura-implurb-habite-se\/\"]}]},{\"@type\":\"ImageObject\",\"inLanguage\":\"pt-BR\",\"@id\":\"https:\/\/www.manaus.am.gov.br\/implurb\/prefeitura-implurb-habite-se\/#primaryimage\",\"url\":\"https:\/\/www.manaus.am.gov.br\/implurb\/wp-content\/uploads\/sites\/13\/2025\/04\/obras.jpg\",\"contentUrl\":\"https:\/\/www.manaus.am.gov.br\/implurb\/wp-content\/uploads\/sites\/13\/2025\/04\/obras.jpg\",\"width\":1000,\"height\":666},{\"@type\":\"BreadcrumbList\",\"@id\":\"https:\/\/www.manaus.am.gov.br\/implurb\/prefeitura-implurb-habite-se\/#breadcrumb\",\"itemListElement\":[{\"@type\":\"ListItem\",\"position\":1,\"name\":\"Home\",\"item\":\"https:\/\/www.manaus.am.gov.br\/implurb\/\"},{\"@type\":\"ListItem\",\"position\":2,\"name\":\"Certid\u00e3o de Habite-se da Prefeitura de Manaus tem aumento de 250%\u00a0em \u00e1rea de janeiro a mar\u00e7o\"}]},{\"@type\":\"WebSite\",\"@id\":\"https:\/\/www.manaus.am.gov.br\/implurb\/#website\",\"url\":\"https:\/\/www.manaus.am.gov.br\/implurb\/\",\"name\":\"IMPLURB\",\"description\":\"Prefeitura de Manaus\",\"potentialAction\":[{\"@type\":\"SearchAction\",\"target\":{\"@type\":\"EntryPoint\",\"urlTemplate\":\"https:\/\/www.manaus.am.gov.br\/implurb\/?s={search_term_string}\"},\"query-input\":\"required name=search_term_string\"}],\"inLanguage\":\"pt-BR\"},{\"@type\":\"Person\",\"@id\":\"https:\/\/www.manaus.am.gov.br\/implurb\/#\/schema\/person\/4e49f4e267757a06ca072ec61b2b9968\",\"name\":\"Adriana Costa\",\"image\":{\"@type\":\"ImageObject\",\"inLanguage\":\"pt-BR\",\"@id\":\"https:\/\/www.manaus.am.gov.br\/implurb\/#\/schema\/person\/image\/\",\"url\":\"https:\/\/secure.gravatar.com\/avatar\/576258617ef7194f718179e766d57bd4?s=96&d=mm&r=g\",\"contentUrl\":\"https:\/\/secure.gravatar.com\/avatar\/576258617ef7194f718179e766d57bd4?s=96&d=mm&r=g\",\"caption\":\"Adriana Costa\"}}]}<\/script>\n<!-- \/ Yoast SEO plugin. -->","yoast_head_json":{"title":"Certid\u00e3o de Habite-se da Prefeitura de Manaus tem aumento de 250% em \u00e1rea de janeiro a mar\u00e7o","description":"Os 126.807,12 metros quadrados licenciados com Habite-se em mar\u00e7o de 2025 apresentam 250% de alta, comparando com os 36.262,05 metros quadrados licenciados no ano de 2024 pela Prefeitura de Manaus","robots":{"index":"noindex","follow":"follow"},"og_locale":"pt_BR","og_type":"article","og_title":"Certid\u00e3o de Habite-se da Prefeitura de Manaus tem aumento de 250% em \u00e1rea de janeiro a mar\u00e7o","og_description":"Os 126.807,12 metros quadrados licenciados com Habite-se em mar\u00e7o de 2025 apresentam 250% de alta, comparando com os 36.262,05 metros quadrados licenciados no ano de 2024 pela Prefeitura de Manaus","og_url":"https:\/\/www.manaus.am.gov.br\/implurb\/prefeitura-implurb-habite-se\/","og_site_name":"IMPLURB","article_published_time":"2025-04-15T13:55:06+00:00","og_image":[{"width":1000,"height":666,"url":"https:\/\/www.manaus.am.gov.br\/implurb\/wp-content\/uploads\/sites\/13\/2025\/04\/obras.jpg","type":"image\/jpeg"}],"author":"Adriana Costa","twitter_card":"summary_large_image","twitter_misc":{"Written by":"Adriana Costa","Est. reading time":"4 minutos"},"schema":{"@context":"https:\/\/schema.org","@graph":[{"@type":"WebPage","@id":"https:\/\/www.manaus.am.gov.br\/implurb\/prefeitura-implurb-habite-se\/","url":"https:\/\/www.manaus.am.gov.br\/implurb\/prefeitura-implurb-habite-se\/","name":"Certid\u00e3o de Habite-se da Prefeitura de Manaus tem aumento de 250% em \u00e1rea de janeiro a mar\u00e7o","isPartOf":{"@id":"https:\/\/www.manaus.am.gov.br\/implurb\/#website"},"primaryImageOfPage":{"@id":"https:\/\/www.manaus.am.gov.br\/implurb\/prefeitura-implurb-habite-se\/#primaryimage"},"image":{"@id":"https:\/\/www.manaus.am.gov.br\/implurb\/prefeitura-implurb-habite-se\/#primaryimage"},"thumbnailUrl":"https:\/\/www.manaus.am.gov.br\/implurb\/wp-content\/uploads\/sites\/13\/2025\/04\/obras.jpg","datePublished":"2025-04-15T13:55:06+00:00","dateModified":"2025-04-15T13:55:06+00:00","author":{"@id":"https:\/\/www.manaus.am.gov.br\/implurb\/#\/schema\/person\/4e49f4e267757a06ca072ec61b2b9968"},"description":"Os 126.807,12 metros quadrados licenciados com Habite-se em mar\u00e7o de 2025 apresentam 250% de alta, comparando com os 36.262,05 metros quadrados licenciados no ano de 2024 pela Prefeitura de Manaus","breadcrumb":{"@id":"https:\/\/www.manaus.am.gov.br\/implurb\/prefeitura-implurb-habite-se\/#breadcrumb"},"inLanguage":"pt-BR","potentialAction":[{"@type":"ReadAction","target":["https:\/\/www.manaus.am.gov.br\/implurb\/prefeitura-implurb-habite-se\/"]}]},{"@type":"ImageObject","inLanguage":"pt-BR","@id":"https:\/\/www.manaus.am.gov.br\/implurb\/prefeitura-implurb-habite-se\/#primaryimage","url":"https:\/\/www.manaus.am.gov.br\/implurb\/wp-content\/uploads\/sites\/13\/2025\/04\/obras.jpg","contentUrl":"https:\/\/www.manaus.am.gov.br\/implurb\/wp-content\/uploads\/sites\/13\/2025\/04\/obras.jpg","width":1000,"height":666},{"@type":"BreadcrumbList","@id":"https:\/\/www.manaus.am.gov.br\/implurb\/prefeitura-implurb-habite-se\/#breadcrumb","itemListElement":[{"@type":"ListItem","position":1,"name":"Home","item":"https:\/\/www.manaus.am.gov.br\/implurb\/"},{"@type":"ListItem","position":2,"name":"Certid\u00e3o de Habite-se da Prefeitura de Manaus tem aumento de 250%\u00a0em \u00e1rea de janeiro a mar\u00e7o"}]},{"@type":"WebSite","@id":"https:\/\/www.manaus.am.gov.br\/implurb\/#website","url":"https:\/\/www.manaus.am.gov.br\/implurb\/","name":"IMPLURB","description":"Prefeitura de Manaus","potentialAction":[{"@type":"SearchAction","target":{"@type":"EntryPoint","urlTemplate":"https:\/\/www.manaus.am.gov.br\/implurb\/?s={search_term_string}"},"query-input":"required name=search_term_string"}],"inLanguage":"pt-BR"},{"@type":"Person","@id":"https:\/\/www.manaus.am.gov.br\/implurb\/#\/schema\/person\/4e49f4e267757a06ca072ec61b2b9968","name":"Adriana Costa","image":{"@type":"ImageObject","inLanguage":"pt-BR","@id":"https:\/\/www.manaus.am.gov.br\/implurb\/#\/schema\/person\/image\/","url":"https:\/\/secure.gravatar.com\/avatar\/576258617ef7194f718179e766d57bd4?s=96&d=mm&r=g","contentUrl":"https:\/\/secure.gravatar.com\/avatar\/576258617ef7194f718179e766d57bd4?s=96&d=mm&r=g","caption":"Adriana Costa"}}]}},"_links":{"self":[{"href":"https:\/\/www.manaus.am.gov.br\/implurb\/wp-json\/wp\/v2\/posts\/5881"}],"collection":[{"href":"https:\/\/www.manaus.am.gov.br\/implurb\/wp-json\/wp\/v2\/posts"}],"about":[{"href":"https:\/\/www.manaus.am.gov.br\/implurb\/wp-json\/wp\/v2\/types\/post"}],"author":[{"embeddable":true,"href":"https:\/\/www.manaus.am.gov.br\/implurb\/wp-json\/wp\/v2\/users\/23"}],"replies":[{"embeddable":true,"href":"https:\/\/www.manaus.am.gov.br\/implurb\/wp-json\/wp\/v2\/comments?post=5881"}],"version-history":[{"count":0,"href":"https:\/\/www.manaus.am.gov.br\/implurb\/wp-json\/wp\/v2\/posts\/5881\/revisions"}],"wp:featuredmedia":[{"embeddable":true,"href":"https:\/\/www.manaus.am.gov.br\/implurb\/wp-json\/wp\/v2\/media\/5882"}],"wp:attachment":[{"href":"https:\/\/www.manaus.am.gov.br\/implurb\/wp-json\/wp\/v2\/media?parent=5881"}],"wp:term":[{"taxonomy":"category","embeddable":true,"href":"https:\/\/www.manaus.am.gov.br\/implurb\/wp-json\/wp\/v2\/categories?post=5881"},{"taxonomy":"post_tag","embeddable":true,"href":"https:\/\/www.manaus.am.gov.br\/implurb\/wp-json\/wp\/v2\/tags?post=5881"}],"curies":[{"name":"wp","href":"https:\/\/api.w.org\/{rel}","templated":true}]}}