{"id":5804,"date":"2025-04-02T13:20:00","date_gmt":"2025-04-02T17:20:00","guid":{"rendered":"https:\/\/www.manaus.am.gov.br\/implurb\/gigantes-da-floresta-maior-parque-lazer-inclusivo\/"},"modified":"2025-04-02T13:20:00","modified_gmt":"2025-04-02T17:20:00","slug":"gigantes-da-floresta-maior-parque-lazer-inclusivo","status":"publish","type":"post","link":"https:\/\/www.manaus.am.gov.br\/implurb\/gigantes-da-floresta-maior-parque-lazer-inclusivo\/","title":{"rendered":"Ultrapassando a marca de mais de 3 milh\u00f5es de visitantes, Gigantes da Floresta \u00e9 o maior parque de lazer e inclusivo da Prefeitura de Manaus"},"content":{"rendered":"\n<p>\u00c9 imposs\u00edvel n\u00e3o ter momentos felizes e emo\u00e7\u00f5es que remetem&nbsp;\u00e0 inf\u00e2ncia&nbsp;com a beleza e est\u00e9tica inspiradas na Amaz\u00f4nia ao se entrar no parque Gigantes da Floresta, uma obra da&nbsp;Prefeitura de Manaus que ultrapassou&nbsp;a marca de 3 milh\u00f5es de visitantes em mar\u00e7o deste ano.&nbsp;Inaugurado h\u00e1 pouco mais&nbsp;de oito meses, com projeto inovador do Instituto Municipal de Planejamento Urbano (Implurb), o espa\u00e7o mant\u00e9m altos n\u00edveis de encantamento, al\u00e9m de inclus\u00e3o e acessibilidade a todos os p\u00fablicos, de todas as faixas et\u00e1rias, sociais e turistas.<\/p>\n\n\n\n<p>O diretor-presidente do Implurb, Carlos Valente, destacou que a comemora\u00e7\u00e3o da marca impressionante \u00e9 um momento de alegria e felicidade para os profissionais e para a gest\u00e3o do prefeito David Almeida. &#8220;\u00c9 um projeto que tem uma recep\u00e7\u00e3o enorme, um carinho e uma frequ\u00eancia da popula\u00e7\u00e3o das zonas Norte e Leste, causando grande impacto e interesse nas pessoas de todas as idades. S\u00e3o mais de 3 milh\u00f5es de visitantes, um n\u00famero hist\u00f3rico, e somos agradecidos e esperamos continuar com o trabalho. Aqui, o trabalho n\u00e3o para e avan\u00e7a&#8221;, afirmou.<\/p>\n\n\n\n<p>Extremamente lindo. Essa \u00e9 a express\u00e3o que melhor define o parque Gigantes da Floresta, segundo o vice-presidente do instituto, Ant\u00f4nio Peixoto. \u201c\u00c9 um ambiente inclusivo, democr\u00e1tico e acess\u00edvel. Temos l\u00e1 a maior pra\u00e7a molhada da cidade e desde sua inaugura\u00e7\u00e3o o espa\u00e7o tem fila de crian\u00e7as para brincar e se molhar. Se voc\u00ea ainda n\u00e3o conhece o Gigantes da Floresta, fica aqui o convite. S\u00e3o mais de 3 milh\u00f5es de visitantes, o que mostra que a cidade realmente abra\u00e7ou e recebeu a din\u00e2mica do parque\u201d, comentou.<\/p>\n\n\n\n<figure class=\"wp-block-image size-large\"><img decoding=\"async\" src=\"https:\/\/www.manaus.am.gov.br\/implurb\/wp-content\/uploads\/sites\/13\/2025\/04\/54420034986_c340a89c4f_k-1024x683.jpg\" alt=\"\" class=\"wp-image-5806\" \/><\/figure>\n\n\n\n<p><strong>Cen\u00e1rios<\/strong><\/p>\n\n\n\n<p>O parque fica entre os bairros de Novo Aleixo e Tancredo Neves, tendo brinquedos de inclus\u00e3o para Pessoas com Defici\u00eancia (PcDs) e com mobilidade reduzida, como gangorras, balan\u00e7os e carrossel. O ambiente conta com duas etapas inauguradas, a primeira no dia 4 de julho, e a segunda no dia 10 de outubro de 2024, somando um portal de entrada, sete cen\u00e1rios e mais de 1.290 esculturas e elementos c\u00eanicos e l\u00fadicos.<\/p>\n\n\n\n<p>Com \u00e1rea de 18.453 metros quadrados, o espa\u00e7o p\u00fablico tem c\u00e2meras e outros equipamentos modernos para garantir seguran\u00e7a de alto n\u00edvel no Gigantes da Floresta, incluindo guardas municipais em ronda 24 horas, com motos, quadriciclos e viaturas.<\/p>\n\n\n\n<p>Os animais do parque s\u00e3o gigantes, l\u00fadicos, fofos, instragram\u00e1veis \u200b\u200be inspiram muita imagina\u00e7\u00e3o sobre a Amaz\u00f4nia.<\/p>\n\n\n\n<p>&#8220;A forma como os espa\u00e7os que desenvolvemos s\u00e3o percebidos e vivenciados vai muito al\u00e9m do projeto em si, influenciando diretamente em emo\u00e7\u00f5es, pensamentos e at\u00e9 mesmo na criatividade. Este mundo l\u00fadico, na pr\u00e1tica, transmite sensa\u00e7\u00e3o de inspira\u00e7\u00e3o e liberdade, por ser um ambiente amplo e ao ar livre. A arquitetura molda decis\u00f5es e estados emocionais&#8221;, comentou o diretor de Planejamento do Implurb, Pedro Paulo Cordeiro.<\/p>\n\n\n\n<p><strong>Funcionamento<\/strong><\/p>\n\n\n\n<p>O parque funciona de quarta a sexta-feira, das 16h \u00e0s 21h, e nos s\u00e1bados, domingos e feriados, das 10h \u00e0s 21h. A pra\u00e7a molhada funciona a partir das 17h. \u00c0s segundas e ter\u00e7as-feiras,&nbsp;o parque&nbsp;fica fechado para manuten\u00e7\u00e3o de brinquedos, das estruturas&nbsp;gigantes&nbsp;e da pra\u00e7a molhada de 3,6 mil metros quadrados. A l\u00e2mina do espelho d&#8217;\u00e1gua tem 25 cent\u00edmetros. A pra\u00e7a molhada tem um hor\u00e1rio diferente, em raz\u00e3o da necessidade de manuten\u00e7\u00e3o di\u00e1ria e limpeza da \u00e1gua, funcionando das 17h \u00e0s 21h.<\/p>\n\n\n\n<p>O complexo tem gest\u00e3o e a\u00e7\u00e3o das secretarias municipais de Agricultura, Abastecimento, Centro e Com\u00e9rcio Informal (Semacc), de&nbsp;Seguran\u00e7a P\u00fablica e Defesa Social (Semseg) e de Limpeza Urbana (Semulsp), para proporcionar seguran\u00e7a patrimonial e dos frequentadores, al\u00e9m de restringir o com\u00e9rcio ilegal de ambulantes e manter uma \u00e1rea limpa e cuidada.<\/p>\n\n\n\n<p>Equipes de monitores d\u00e3o aux\u00edlio, orienta\u00e7\u00e3o e cuidado para o bom uso e entretenimento de crian\u00e7as e jovens nos cen\u00e1rios durante o funcionamento do parque.\u00a0\u00a0O espa\u00e7o possui conjuntos de banheiros masculino, feminino, PcDs e para a fam\u00edlia.<\/p>\n\n\n\n<figure class=\"wp-block-image size-large\"><img decoding=\"async\" src=\"https:\/\/www.manaus.am.gov.br\/implurb\/wp-content\/uploads\/sites\/13\/2025\/04\/IMG_4910-1-1024x683.jpg\" alt=\"\" class=\"wp-image-5805\" \/><\/figure>\n\n\n\n<p>&#8212; &#8212; &#8212;<\/p>\n\n\n\n<p><strong>Texto<\/strong>&nbsp;\u2013 Claudia do Valle\/Implurb<\/p>\n\n\n\n<p><strong>Fotos<\/strong>&nbsp;\u2013 Divulga\u00e7\u00e3o\/Semcom<\/p>\n","protected":false},"excerpt":{"rendered":"","protected":false},"author":39,"featured_media":5807,"comment_status":"closed","ping_status":"closed","sticky":false,"template":"","format":"standard","meta":{"footnotes":""},"categories":[585],"tags":[11,1719,1720,1144,15],"acf":[],"yoast_head":"<!-- This site is optimized with the Yoast SEO plugin v23.0 - https:\/\/yoast.com\/wordpress\/plugins\/seo\/ -->\n<title>Gigantes da Floresta \u00e9 o maior parque de lazer e inclusivo<\/title>\n<meta name=\"description\" content=\"Ultrapassando a marca de mais de 3 milh\u00f5es de visitantes, Gigantes da Floresta \u00e9 o maior parque de lazer e inclusivo da Prefeitura de Manaus.\" \/>\n<meta name=\"robots\" content=\"noindex, follow\" \/>\n<meta property=\"og:locale\" content=\"pt_BR\" \/>\n<meta property=\"og:type\" content=\"article\" \/>\n<meta property=\"og:title\" content=\"Gigantes da Floresta \u00e9 o maior parque de lazer e inclusivo\" \/>\n<meta property=\"og:description\" content=\"Ultrapassando a marca de mais de 3 milh\u00f5es de visitantes, Gigantes da Floresta \u00e9 o maior parque de lazer e inclusivo da Prefeitura de Manaus.\" \/>\n<meta property=\"og:url\" content=\"https:\/\/www.manaus.am.gov.br\/implurb\/gigantes-da-floresta-maior-parque-lazer-inclusivo\/\" \/>\n<meta property=\"og:site_name\" content=\"IMPLURB\" \/>\n<meta property=\"article:published_time\" content=\"2025-04-02T17:20:00+00:00\" \/>\n<meta property=\"og:image\" content=\"https:\/\/www.manaus.am.gov.br\/implurb\/wp-content\/uploads\/sites\/13\/2025\/04\/54420035296_c60602a36e_k-e1743614187468.jpg\" \/>\n\t<meta property=\"og:image:width\" content=\"1682\" \/>\n\t<meta property=\"og:image:height\" content=\"1365\" \/>\n\t<meta property=\"og:image:type\" content=\"image\/jpeg\" \/>\n<meta name=\"author\" content=\"Bruna Greco\" \/>\n<meta name=\"twitter:card\" content=\"summary_large_image\" \/>\n<meta name=\"twitter:label1\" content=\"Written by\" \/>\n\t<meta name=\"twitter:data1\" content=\"Bruna Greco\" \/>\n\t<meta name=\"twitter:label2\" content=\"Est. reading time\" \/>\n\t<meta name=\"twitter:data2\" content=\"5 minutos\" \/>\n<script type=\"application\/ld+json\" class=\"yoast-schema-graph\">{\"@context\":\"https:\/\/schema.org\",\"@graph\":[{\"@type\":\"WebPage\",\"@id\":\"https:\/\/www.manaus.am.gov.br\/implurb\/gigantes-da-floresta-maior-parque-lazer-inclusivo\/\",\"url\":\"https:\/\/www.manaus.am.gov.br\/implurb\/gigantes-da-floresta-maior-parque-lazer-inclusivo\/\",\"name\":\"Gigantes da Floresta \u00e9 o maior parque de lazer e inclusivo\",\"isPartOf\":{\"@id\":\"https:\/\/www.manaus.am.gov.br\/implurb\/#website\"},\"primaryImageOfPage\":{\"@id\":\"https:\/\/www.manaus.am.gov.br\/implurb\/gigantes-da-floresta-maior-parque-lazer-inclusivo\/#primaryimage\"},\"image\":{\"@id\":\"https:\/\/www.manaus.am.gov.br\/implurb\/gigantes-da-floresta-maior-parque-lazer-inclusivo\/#primaryimage\"},\"thumbnailUrl\":\"https:\/\/www.manaus.am.gov.br\/implurb\/wp-content\/uploads\/sites\/13\/2025\/04\/54420035296_c60602a36e_k-e1743614187468.jpg\",\"datePublished\":\"2025-04-02T17:20:00+00:00\",\"dateModified\":\"2025-04-02T17:20:00+00:00\",\"author\":{\"@id\":\"https:\/\/www.manaus.am.gov.br\/implurb\/#\/schema\/person\/05d223aea2bf115f9883a6ff3683d81b\"},\"description\":\"Ultrapassando a marca de mais de 3 milh\u00f5es de visitantes, Gigantes da Floresta \u00e9 o maior parque de lazer e inclusivo da Prefeitura de Manaus.\",\"breadcrumb\":{\"@id\":\"https:\/\/www.manaus.am.gov.br\/implurb\/gigantes-da-floresta-maior-parque-lazer-inclusivo\/#breadcrumb\"},\"inLanguage\":\"pt-BR\",\"potentialAction\":[{\"@type\":\"ReadAction\",\"target\":[\"https:\/\/www.manaus.am.gov.br\/implurb\/gigantes-da-floresta-maior-parque-lazer-inclusivo\/\"]}]},{\"@type\":\"ImageObject\",\"inLanguage\":\"pt-BR\",\"@id\":\"https:\/\/www.manaus.am.gov.br\/implurb\/gigantes-da-floresta-maior-parque-lazer-inclusivo\/#primaryimage\",\"url\":\"https:\/\/www.manaus.am.gov.br\/implurb\/wp-content\/uploads\/sites\/13\/2025\/04\/54420035296_c60602a36e_k-e1743614187468.jpg\",\"contentUrl\":\"https:\/\/www.manaus.am.gov.br\/implurb\/wp-content\/uploads\/sites\/13\/2025\/04\/54420035296_c60602a36e_k-e1743614187468.jpg\",\"width\":1682,\"height\":1365,\"caption\":\"#paratodosverem - Fachada da entrada do parque Gigantes da Floresta\"},{\"@type\":\"BreadcrumbList\",\"@id\":\"https:\/\/www.manaus.am.gov.br\/implurb\/gigantes-da-floresta-maior-parque-lazer-inclusivo\/#breadcrumb\",\"itemListElement\":[{\"@type\":\"ListItem\",\"position\":1,\"name\":\"Home\",\"item\":\"https:\/\/www.manaus.am.gov.br\/implurb\/\"},{\"@type\":\"ListItem\",\"position\":2,\"name\":\"Ultrapassando a marca de mais de 3 milh\u00f5es de visitantes, Gigantes da Floresta \u00e9 o maior parque de lazer e inclusivo da Prefeitura de Manaus\"}]},{\"@type\":\"WebSite\",\"@id\":\"https:\/\/www.manaus.am.gov.br\/implurb\/#website\",\"url\":\"https:\/\/www.manaus.am.gov.br\/implurb\/\",\"name\":\"IMPLURB\",\"description\":\"Prefeitura de Manaus\",\"potentialAction\":[{\"@type\":\"SearchAction\",\"target\":{\"@type\":\"EntryPoint\",\"urlTemplate\":\"https:\/\/www.manaus.am.gov.br\/implurb\/?s={search_term_string}\"},\"query-input\":\"required name=search_term_string\"}],\"inLanguage\":\"pt-BR\"},{\"@type\":\"Person\",\"@id\":\"https:\/\/www.manaus.am.gov.br\/implurb\/#\/schema\/person\/05d223aea2bf115f9883a6ff3683d81b\",\"name\":\"Bruna Greco\",\"image\":{\"@type\":\"ImageObject\",\"inLanguage\":\"pt-BR\",\"@id\":\"https:\/\/www.manaus.am.gov.br\/implurb\/#\/schema\/person\/image\/\",\"url\":\"https:\/\/secure.gravatar.com\/avatar\/9c877d1a6adc2a055330e5c09a8653ce?s=96&d=mm&r=g\",\"contentUrl\":\"https:\/\/secure.gravatar.com\/avatar\/9c877d1a6adc2a055330e5c09a8653ce?s=96&d=mm&r=g\",\"caption\":\"Bruna Greco\"}}]}<\/script>\n<!-- \/ Yoast SEO plugin. -->","yoast_head_json":{"title":"Gigantes da Floresta \u00e9 o maior parque de lazer e inclusivo","description":"Ultrapassando a marca de mais de 3 milh\u00f5es de visitantes, Gigantes da Floresta \u00e9 o maior parque de lazer e inclusivo da Prefeitura de Manaus.","robots":{"index":"noindex","follow":"follow"},"og_locale":"pt_BR","og_type":"article","og_title":"Gigantes da Floresta \u00e9 o maior parque de lazer e inclusivo","og_description":"Ultrapassando a marca de mais de 3 milh\u00f5es de visitantes, Gigantes da Floresta \u00e9 o maior parque de lazer e inclusivo da Prefeitura de Manaus.","og_url":"https:\/\/www.manaus.am.gov.br\/implurb\/gigantes-da-floresta-maior-parque-lazer-inclusivo\/","og_site_name":"IMPLURB","article_published_time":"2025-04-02T17:20:00+00:00","og_image":[{"width":1682,"height":1365,"url":"https:\/\/www.manaus.am.gov.br\/implurb\/wp-content\/uploads\/sites\/13\/2025\/04\/54420035296_c60602a36e_k-e1743614187468.jpg","type":"image\/jpeg"}],"author":"Bruna Greco","twitter_card":"summary_large_image","twitter_misc":{"Written by":"Bruna Greco","Est. reading time":"5 minutos"},"schema":{"@context":"https:\/\/schema.org","@graph":[{"@type":"WebPage","@id":"https:\/\/www.manaus.am.gov.br\/implurb\/gigantes-da-floresta-maior-parque-lazer-inclusivo\/","url":"https:\/\/www.manaus.am.gov.br\/implurb\/gigantes-da-floresta-maior-parque-lazer-inclusivo\/","name":"Gigantes da Floresta \u00e9 o maior parque de lazer e inclusivo","isPartOf":{"@id":"https:\/\/www.manaus.am.gov.br\/implurb\/#website"},"primaryImageOfPage":{"@id":"https:\/\/www.manaus.am.gov.br\/implurb\/gigantes-da-floresta-maior-parque-lazer-inclusivo\/#primaryimage"},"image":{"@id":"https:\/\/www.manaus.am.gov.br\/implurb\/gigantes-da-floresta-maior-parque-lazer-inclusivo\/#primaryimage"},"thumbnailUrl":"https:\/\/www.manaus.am.gov.br\/implurb\/wp-content\/uploads\/sites\/13\/2025\/04\/54420035296_c60602a36e_k-e1743614187468.jpg","datePublished":"2025-04-02T17:20:00+00:00","dateModified":"2025-04-02T17:20:00+00:00","author":{"@id":"https:\/\/www.manaus.am.gov.br\/implurb\/#\/schema\/person\/05d223aea2bf115f9883a6ff3683d81b"},"description":"Ultrapassando a marca de mais de 3 milh\u00f5es de visitantes, Gigantes da Floresta \u00e9 o maior parque de lazer e inclusivo da Prefeitura de Manaus.","breadcrumb":{"@id":"https:\/\/www.manaus.am.gov.br\/implurb\/gigantes-da-floresta-maior-parque-lazer-inclusivo\/#breadcrumb"},"inLanguage":"pt-BR","potentialAction":[{"@type":"ReadAction","target":["https:\/\/www.manaus.am.gov.br\/implurb\/gigantes-da-floresta-maior-parque-lazer-inclusivo\/"]}]},{"@type":"ImageObject","inLanguage":"pt-BR","@id":"https:\/\/www.manaus.am.gov.br\/implurb\/gigantes-da-floresta-maior-parque-lazer-inclusivo\/#primaryimage","url":"https:\/\/www.manaus.am.gov.br\/implurb\/wp-content\/uploads\/sites\/13\/2025\/04\/54420035296_c60602a36e_k-e1743614187468.jpg","contentUrl":"https:\/\/www.manaus.am.gov.br\/implurb\/wp-content\/uploads\/sites\/13\/2025\/04\/54420035296_c60602a36e_k-e1743614187468.jpg","width":1682,"height":1365,"caption":"#paratodosverem - Fachada da entrada do parque Gigantes da Floresta"},{"@type":"BreadcrumbList","@id":"https:\/\/www.manaus.am.gov.br\/implurb\/gigantes-da-floresta-maior-parque-lazer-inclusivo\/#breadcrumb","itemListElement":[{"@type":"ListItem","position":1,"name":"Home","item":"https:\/\/www.manaus.am.gov.br\/implurb\/"},{"@type":"ListItem","position":2,"name":"Ultrapassando a marca de mais de 3 milh\u00f5es de visitantes, Gigantes da Floresta \u00e9 o maior parque de lazer e inclusivo da Prefeitura de Manaus"}]},{"@type":"WebSite","@id":"https:\/\/www.manaus.am.gov.br\/implurb\/#website","url":"https:\/\/www.manaus.am.gov.br\/implurb\/","name":"IMPLURB","description":"Prefeitura de Manaus","potentialAction":[{"@type":"SearchAction","target":{"@type":"EntryPoint","urlTemplate":"https:\/\/www.manaus.am.gov.br\/implurb\/?s={search_term_string}"},"query-input":"required name=search_term_string"}],"inLanguage":"pt-BR"},{"@type":"Person","@id":"https:\/\/www.manaus.am.gov.br\/implurb\/#\/schema\/person\/05d223aea2bf115f9883a6ff3683d81b","name":"Bruna Greco","image":{"@type":"ImageObject","inLanguage":"pt-BR","@id":"https:\/\/www.manaus.am.gov.br\/implurb\/#\/schema\/person\/image\/","url":"https:\/\/secure.gravatar.com\/avatar\/9c877d1a6adc2a055330e5c09a8653ce?s=96&d=mm&r=g","contentUrl":"https:\/\/secure.gravatar.com\/avatar\/9c877d1a6adc2a055330e5c09a8653ce?s=96&d=mm&r=g","caption":"Bruna Greco"}}]}},"_links":{"self":[{"href":"https:\/\/www.manaus.am.gov.br\/implurb\/wp-json\/wp\/v2\/posts\/5804"}],"collection":[{"href":"https:\/\/www.manaus.am.gov.br\/implurb\/wp-json\/wp\/v2\/posts"}],"about":[{"href":"https:\/\/www.manaus.am.gov.br\/implurb\/wp-json\/wp\/v2\/types\/post"}],"author":[{"embeddable":true,"href":"https:\/\/www.manaus.am.gov.br\/implurb\/wp-json\/wp\/v2\/users\/39"}],"replies":[{"embeddable":true,"href":"https:\/\/www.manaus.am.gov.br\/implurb\/wp-json\/wp\/v2\/comments?post=5804"}],"version-history":[{"count":1,"href":"https:\/\/www.manaus.am.gov.br\/implurb\/wp-json\/wp\/v2\/posts\/5804\/revisions"}],"predecessor-version":[{"id":5808,"href":"https:\/\/www.manaus.am.gov.br\/implurb\/wp-json\/wp\/v2\/posts\/5804\/revisions\/5808"}],"wp:featuredmedia":[{"embeddable":true,"href":"https:\/\/www.manaus.am.gov.br\/implurb\/wp-json\/wp\/v2\/media\/5807"}],"wp:attachment":[{"href":"https:\/\/www.manaus.am.gov.br\/implurb\/wp-json\/wp\/v2\/media?parent=5804"}],"wp:term":[{"taxonomy":"category","embeddable":true,"href":"https:\/\/www.manaus.am.gov.br\/implurb\/wp-json\/wp\/v2\/categories?post=5804"},{"taxonomy":"post_tag","embeddable":true,"href":"https:\/\/www.manaus.am.gov.br\/implurb\/wp-json\/wp\/v2\/tags?post=5804"}],"curies":[{"name":"wp","href":"https:\/\/api.w.org\/{rel}","templated":true}]}}