{"id":5788,"date":"2025-03-30T17:36:36","date_gmt":"2025-03-30T21:36:36","guid":{"rendered":"https:\/\/www.manaus.am.gov.br\/implurb\/parque-gigantes-da-floresta-3-milhoes-visitantes\/"},"modified":"2025-03-31T17:49:46","modified_gmt":"2025-03-31T21:49:46","slug":"parque-gigantes-da-floresta-3-milhoes-visitantes","status":"publish","type":"post","link":"https:\/\/www.manaus.am.gov.br\/implurb\/parque-gigantes-da-floresta-3-milhoes-visitantes\/","title":{"rendered":"Prefeito David Almeida comemora a marca de 3 milh\u00f5es de visitas no parque Gigantes da Floresta"},"content":{"rendered":"\n<p>Celebrando o sucesso de p\u00fablico do maior parque tem\u00e1tico da capital, o prefeito de Manaus, David Almeida, anunciou, neste domingo, 30\/3, que o parque Gigantes da Floresta alcan\u00e7ou um marco hist\u00f3rico ao ultrapassar 3 milh\u00f5es de visitas desde sua inaugura\u00e7\u00e3o, no dia 5 de julho de 2024.<\/p>\n\n\n\n<p>\u201cO parque Gigantes da Floresta alcan\u00e7ou a expressiva marca de 3 milh\u00f5es de frequentadores. \u00c9 isso mesmo, mais de 3 milh\u00f5es de pessoas j\u00e1 visitaram esse espa\u00e7o incr\u00edvel. E voc\u00ea, j\u00e1 conhece? Se n\u00e3o, se programe e venha conhecer o melhor parque tem\u00e1tico da cidade de Manaus\u201d, ressaltou o prefeito.<\/p>\n\n\n\n<p>Localizado entre as zonas Norte e Leste, o parque se tornou um dos principais pontos tur\u00edsticos e de lazer da capital amazonense, oferecendo atra\u00e7\u00f5es para todas as idades, com cen\u00e1rios tem\u00e1ticos, esculturas gigantes de animais da fauna amaz\u00f4nica, \u00e1reas de recrea\u00e7\u00e3o e espa\u00e7os interativos.<\/p>\n\n\n\n<p><strong>Atra\u00e7\u00f5es do parque<\/strong><\/p>\n\n\n\n<p>O parque conta com seis cen\u00e1rios c\u00eanicos que representam a fauna amaz\u00f4nica, abrigando mais de 80 esculturas de animais, como on\u00e7as, macacos, cobras, peixes e sapos. No local, as fam\u00edlias desfrutam de sete \u00e1reas de playgrounds distribu\u00eddas pelo parque, incluindo cinco brinquedos inclusivos destinados a Pessoas com Defici\u00eancia (PcDs), garantindo divers\u00e3o para todas as idades.<\/p>\n\n\n\n<p>Dentre as op\u00e7\u00f5es de recrea\u00e7\u00e3o, o destaque vai para a maior atra\u00e7\u00e3o do parque, uma pra\u00e7a molhada que ocupa uma \u00e1rea de 3.600 metros quadrados, com espelho d\u2019\u00e1gua de 25 cent\u00edmetros de profundidade, equipada com a \u201c\u00c1rvore da Vida\u201d, uma estrutura de 15 metros de altura que proporciona um ambiente refrescante para os visitantes.&nbsp;<\/p>\n\n\n\n<figure class=\"wp-block-image size-large\"><img decoding=\"async\" src=\"https:\/\/www.manaus.am.gov.br\/implurb\/wp-content\/uploads\/sites\/13\/2025\/03\/54420230994_4bc803285e_k-1024x683.jpg\" alt=\"\" class=\"wp-image-5790\" \/><\/figure>\n\n\n\n<p><strong>Lazer no centro hist\u00f3rico<\/strong><\/p>\n\n\n\n<p>Al\u00e9m do parque Gigantes da Floresta, o prefeito tamb\u00e9m destacou as op\u00e7\u00f5es de lazer ao percorrer o Centro Hist\u00f3rico de Manaus, com destaque para o mirante L\u00facia Almeida, localizado na avenida 7 de Setembro. O espa\u00e7o, que ser\u00e1 palco de mais um evento cultural neste domingo, completar\u00e1 um ano de exist\u00eancia na pr\u00f3xima sexta-feira, 4\/4.<\/p>\n\n\n\n<p>\u201cNo mirante L\u00facia Almeida, temos o P\u00eder 355, um espa\u00e7o especial para contempla\u00e7\u00e3o, e tamb\u00e9m o skyglass, que proporciona uma vista incr\u00edvel. Hoje, a partir das 16h, teremos uma grande festa regional com o boi-bumb\u00e1 e o evento #Toadas, reunindo a cultura do Amazonas em um dos cart\u00f5es-postais da nossa cidade\u201d, enfatizou David Almeida.<\/p>\n\n\n\n<p>A gest\u00e3o David Almeida segue investindo na valoriza\u00e7\u00e3o dos espa\u00e7os p\u00fablicos e no fomento ao turismo e \u00e0 cultura local, proporcionando \u00e0 popula\u00e7\u00e3o e aos visitantes novas experi\u00eancias de lazer e entretenimento na capital.<\/p>\n\n\n\n<figure class=\"wp-block-image size-large\"><img decoding=\"async\" src=\"https:\/\/www.manaus.am.gov.br\/implurb\/wp-content\/uploads\/sites\/13\/2025\/03\/WhatsApp-Image-2025-03-30-at-14.46.25-1024x683.jpeg\" alt=\"\" class=\"wp-image-5789\" \/><\/figure>\n\n\n\n<p>&#8212; &#8212; &#8212;<\/p>\n\n\n\n<p><strong>Texto <\/strong>&#8211; Emanuelle Baires\/Semcom<\/p>\n\n\n\n<p><strong>Fotos &#8211;<\/strong> Dhyeizo Lemos\/Semcom<\/p>\n\n\n\n<p><strong>Dispon\u00edveis em &#8211; <\/strong><a href=\"https:\/\/flic.kr\/s\/aHBqjC7dZy\">https:\/\/flic.kr\/s\/aHBqjC7dZy<\/a><\/p>\n","protected":false},"excerpt":{"rendered":"","protected":false},"author":39,"featured_media":5791,"comment_status":"closed","ping_status":"closed","sticky":false,"template":"","format":"standard","meta":{"footnotes":""},"categories":[585],"tags":[31,1713,13,1144,1714,15],"acf":[],"yoast_head":"<!-- This site is optimized with the Yoast SEO plugin v23.0 - https:\/\/yoast.com\/wordpress\/plugins\/seo\/ -->\n<title>Parque Gigantes da Floresta alcan\u00e7a 3 milh\u00f5es de visitantes<\/title>\n<meta name=\"description\" content=\"Prefeito de Manaus, David Almeida, comemora a marca de 3 milh\u00f5es de visitantes no parque Gigantes da Floresta.\" \/>\n<meta name=\"robots\" content=\"noindex, follow\" \/>\n<meta property=\"og:locale\" content=\"pt_BR\" \/>\n<meta property=\"og:type\" content=\"article\" \/>\n<meta property=\"og:title\" content=\"Parque Gigantes da Floresta alcan\u00e7a 3 milh\u00f5es de visitantes\" \/>\n<meta property=\"og:description\" content=\"Prefeito de Manaus, David Almeida, comemora a marca de 3 milh\u00f5es de visitantes no parque Gigantes da Floresta.\" \/>\n<meta property=\"og:url\" content=\"https:\/\/www.manaus.am.gov.br\/implurb\/parque-gigantes-da-floresta-3-milhoes-visitantes\/\" \/>\n<meta property=\"og:site_name\" content=\"IMPLURB\" \/>\n<meta property=\"article:published_time\" content=\"2025-03-30T21:36:36+00:00\" \/>\n<meta property=\"article:modified_time\" content=\"2025-03-31T21:49:46+00:00\" \/>\n<meta property=\"og:image\" content=\"https:\/\/www.manaus.am.gov.br\/implurb\/wp-content\/uploads\/sites\/13\/2025\/03\/54420035296_c60602a36e_k.jpg\" \/>\n\t<meta property=\"og:image:width\" content=\"2048\" \/>\n\t<meta property=\"og:image:height\" content=\"1365\" \/>\n\t<meta property=\"og:image:type\" content=\"image\/jpeg\" \/>\n<meta name=\"author\" content=\"Bruna Greco\" \/>\n<meta name=\"twitter:card\" content=\"summary_large_image\" \/>\n<meta name=\"twitter:label1\" content=\"Written by\" \/>\n\t<meta name=\"twitter:data1\" content=\"Bruna Greco\" \/>\n\t<meta name=\"twitter:label2\" content=\"Est. reading time\" \/>\n\t<meta name=\"twitter:data2\" content=\"3 minutos\" \/>\n<script type=\"application\/ld+json\" class=\"yoast-schema-graph\">{\"@context\":\"https:\/\/schema.org\",\"@graph\":[{\"@type\":\"WebPage\",\"@id\":\"https:\/\/www.manaus.am.gov.br\/implurb\/parque-gigantes-da-floresta-3-milhoes-visitantes\/\",\"url\":\"https:\/\/www.manaus.am.gov.br\/implurb\/parque-gigantes-da-floresta-3-milhoes-visitantes\/\",\"name\":\"Parque Gigantes da Floresta alcan\u00e7a 3 milh\u00f5es de visitantes\",\"isPartOf\":{\"@id\":\"https:\/\/www.manaus.am.gov.br\/implurb\/#website\"},\"primaryImageOfPage\":{\"@id\":\"https:\/\/www.manaus.am.gov.br\/implurb\/parque-gigantes-da-floresta-3-milhoes-visitantes\/#primaryimage\"},\"image\":{\"@id\":\"https:\/\/www.manaus.am.gov.br\/implurb\/parque-gigantes-da-floresta-3-milhoes-visitantes\/#primaryimage\"},\"thumbnailUrl\":\"https:\/\/www.manaus.am.gov.br\/implurb\/wp-content\/uploads\/sites\/13\/2025\/03\/54420035296_c60602a36e_k.jpg\",\"datePublished\":\"2025-03-30T21:36:36+00:00\",\"dateModified\":\"2025-03-31T21:49:46+00:00\",\"author\":{\"@id\":\"https:\/\/www.manaus.am.gov.br\/implurb\/#\/schema\/person\/05d223aea2bf115f9883a6ff3683d81b\"},\"description\":\"Prefeito de Manaus, David Almeida, comemora a marca de 3 milh\u00f5es de visitantes no parque Gigantes da Floresta.\",\"breadcrumb\":{\"@id\":\"https:\/\/www.manaus.am.gov.br\/implurb\/parque-gigantes-da-floresta-3-milhoes-visitantes\/#breadcrumb\"},\"inLanguage\":\"pt-BR\",\"potentialAction\":[{\"@type\":\"ReadAction\",\"target\":[\"https:\/\/www.manaus.am.gov.br\/implurb\/parque-gigantes-da-floresta-3-milhoes-visitantes\/\"]}]},{\"@type\":\"ImageObject\",\"inLanguage\":\"pt-BR\",\"@id\":\"https:\/\/www.manaus.am.gov.br\/implurb\/parque-gigantes-da-floresta-3-milhoes-visitantes\/#primaryimage\",\"url\":\"https:\/\/www.manaus.am.gov.br\/implurb\/wp-content\/uploads\/sites\/13\/2025\/03\/54420035296_c60602a36e_k.jpg\",\"contentUrl\":\"https:\/\/www.manaus.am.gov.br\/implurb\/wp-content\/uploads\/sites\/13\/2025\/03\/54420035296_c60602a36e_k.jpg\",\"width\":2048,\"height\":1365,\"caption\":\"#paratodosverem - Prefeito de Manaus, David Almeida, entrando no parque Gigantes da Floresta\"},{\"@type\":\"BreadcrumbList\",\"@id\":\"https:\/\/www.manaus.am.gov.br\/implurb\/parque-gigantes-da-floresta-3-milhoes-visitantes\/#breadcrumb\",\"itemListElement\":[{\"@type\":\"ListItem\",\"position\":1,\"name\":\"Home\",\"item\":\"https:\/\/www.manaus.am.gov.br\/implurb\/\"},{\"@type\":\"ListItem\",\"position\":2,\"name\":\"Prefeito David Almeida comemora a marca de 3 milh\u00f5es de visitantes no parque Gigantes da Floresta\"}]},{\"@type\":\"WebSite\",\"@id\":\"https:\/\/www.manaus.am.gov.br\/implurb\/#website\",\"url\":\"https:\/\/www.manaus.am.gov.br\/implurb\/\",\"name\":\"IMPLURB\",\"description\":\"Prefeitura de Manaus\",\"potentialAction\":[{\"@type\":\"SearchAction\",\"target\":{\"@type\":\"EntryPoint\",\"urlTemplate\":\"https:\/\/www.manaus.am.gov.br\/implurb\/?s={search_term_string}\"},\"query-input\":\"required name=search_term_string\"}],\"inLanguage\":\"pt-BR\"},{\"@type\":\"Person\",\"@id\":\"https:\/\/www.manaus.am.gov.br\/implurb\/#\/schema\/person\/05d223aea2bf115f9883a6ff3683d81b\",\"name\":\"Bruna Greco\",\"image\":{\"@type\":\"ImageObject\",\"inLanguage\":\"pt-BR\",\"@id\":\"https:\/\/www.manaus.am.gov.br\/implurb\/#\/schema\/person\/image\/\",\"url\":\"https:\/\/secure.gravatar.com\/avatar\/9c877d1a6adc2a055330e5c09a8653ce?s=96&d=mm&r=g\",\"contentUrl\":\"https:\/\/secure.gravatar.com\/avatar\/9c877d1a6adc2a055330e5c09a8653ce?s=96&d=mm&r=g\",\"caption\":\"Bruna Greco\"}}]}<\/script>\n<!-- \/ Yoast SEO plugin. -->","yoast_head_json":{"title":"Parque Gigantes da Floresta alcan\u00e7a 3 milh\u00f5es de visitantes","description":"Prefeito de Manaus, David Almeida, comemora a marca de 3 milh\u00f5es de visitantes no parque Gigantes da Floresta.","robots":{"index":"noindex","follow":"follow"},"og_locale":"pt_BR","og_type":"article","og_title":"Parque Gigantes da Floresta alcan\u00e7a 3 milh\u00f5es de visitantes","og_description":"Prefeito de Manaus, David Almeida, comemora a marca de 3 milh\u00f5es de visitantes no parque Gigantes da Floresta.","og_url":"https:\/\/www.manaus.am.gov.br\/implurb\/parque-gigantes-da-floresta-3-milhoes-visitantes\/","og_site_name":"IMPLURB","article_published_time":"2025-03-30T21:36:36+00:00","article_modified_time":"2025-03-31T21:49:46+00:00","og_image":[{"width":2048,"height":1365,"url":"https:\/\/www.manaus.am.gov.br\/implurb\/wp-content\/uploads\/sites\/13\/2025\/03\/54420035296_c60602a36e_k.jpg","type":"image\/jpeg"}],"author":"Bruna Greco","twitter_card":"summary_large_image","twitter_misc":{"Written by":"Bruna Greco","Est. reading time":"3 minutos"},"schema":{"@context":"https:\/\/schema.org","@graph":[{"@type":"WebPage","@id":"https:\/\/www.manaus.am.gov.br\/implurb\/parque-gigantes-da-floresta-3-milhoes-visitantes\/","url":"https:\/\/www.manaus.am.gov.br\/implurb\/parque-gigantes-da-floresta-3-milhoes-visitantes\/","name":"Parque Gigantes da Floresta alcan\u00e7a 3 milh\u00f5es de visitantes","isPartOf":{"@id":"https:\/\/www.manaus.am.gov.br\/implurb\/#website"},"primaryImageOfPage":{"@id":"https:\/\/www.manaus.am.gov.br\/implurb\/parque-gigantes-da-floresta-3-milhoes-visitantes\/#primaryimage"},"image":{"@id":"https:\/\/www.manaus.am.gov.br\/implurb\/parque-gigantes-da-floresta-3-milhoes-visitantes\/#primaryimage"},"thumbnailUrl":"https:\/\/www.manaus.am.gov.br\/implurb\/wp-content\/uploads\/sites\/13\/2025\/03\/54420035296_c60602a36e_k.jpg","datePublished":"2025-03-30T21:36:36+00:00","dateModified":"2025-03-31T21:49:46+00:00","author":{"@id":"https:\/\/www.manaus.am.gov.br\/implurb\/#\/schema\/person\/05d223aea2bf115f9883a6ff3683d81b"},"description":"Prefeito de Manaus, David Almeida, comemora a marca de 3 milh\u00f5es de visitantes no parque Gigantes da Floresta.","breadcrumb":{"@id":"https:\/\/www.manaus.am.gov.br\/implurb\/parque-gigantes-da-floresta-3-milhoes-visitantes\/#breadcrumb"},"inLanguage":"pt-BR","potentialAction":[{"@type":"ReadAction","target":["https:\/\/www.manaus.am.gov.br\/implurb\/parque-gigantes-da-floresta-3-milhoes-visitantes\/"]}]},{"@type":"ImageObject","inLanguage":"pt-BR","@id":"https:\/\/www.manaus.am.gov.br\/implurb\/parque-gigantes-da-floresta-3-milhoes-visitantes\/#primaryimage","url":"https:\/\/www.manaus.am.gov.br\/implurb\/wp-content\/uploads\/sites\/13\/2025\/03\/54420035296_c60602a36e_k.jpg","contentUrl":"https:\/\/www.manaus.am.gov.br\/implurb\/wp-content\/uploads\/sites\/13\/2025\/03\/54420035296_c60602a36e_k.jpg","width":2048,"height":1365,"caption":"#paratodosverem - Prefeito de Manaus, David Almeida, entrando no parque Gigantes da Floresta"},{"@type":"BreadcrumbList","@id":"https:\/\/www.manaus.am.gov.br\/implurb\/parque-gigantes-da-floresta-3-milhoes-visitantes\/#breadcrumb","itemListElement":[{"@type":"ListItem","position":1,"name":"Home","item":"https:\/\/www.manaus.am.gov.br\/implurb\/"},{"@type":"ListItem","position":2,"name":"Prefeito David Almeida comemora a marca de 3 milh\u00f5es de visitantes no parque Gigantes da Floresta"}]},{"@type":"WebSite","@id":"https:\/\/www.manaus.am.gov.br\/implurb\/#website","url":"https:\/\/www.manaus.am.gov.br\/implurb\/","name":"IMPLURB","description":"Prefeitura de Manaus","potentialAction":[{"@type":"SearchAction","target":{"@type":"EntryPoint","urlTemplate":"https:\/\/www.manaus.am.gov.br\/implurb\/?s={search_term_string}"},"query-input":"required name=search_term_string"}],"inLanguage":"pt-BR"},{"@type":"Person","@id":"https:\/\/www.manaus.am.gov.br\/implurb\/#\/schema\/person\/05d223aea2bf115f9883a6ff3683d81b","name":"Bruna Greco","image":{"@type":"ImageObject","inLanguage":"pt-BR","@id":"https:\/\/www.manaus.am.gov.br\/implurb\/#\/schema\/person\/image\/","url":"https:\/\/secure.gravatar.com\/avatar\/9c877d1a6adc2a055330e5c09a8653ce?s=96&d=mm&r=g","contentUrl":"https:\/\/secure.gravatar.com\/avatar\/9c877d1a6adc2a055330e5c09a8653ce?s=96&d=mm&r=g","caption":"Bruna Greco"}}]}},"_links":{"self":[{"href":"https:\/\/www.manaus.am.gov.br\/implurb\/wp-json\/wp\/v2\/posts\/5788"}],"collection":[{"href":"https:\/\/www.manaus.am.gov.br\/implurb\/wp-json\/wp\/v2\/posts"}],"about":[{"href":"https:\/\/www.manaus.am.gov.br\/implurb\/wp-json\/wp\/v2\/types\/post"}],"author":[{"embeddable":true,"href":"https:\/\/www.manaus.am.gov.br\/implurb\/wp-json\/wp\/v2\/users\/39"}],"replies":[{"embeddable":true,"href":"https:\/\/www.manaus.am.gov.br\/implurb\/wp-json\/wp\/v2\/comments?post=5788"}],"version-history":[{"count":3,"href":"https:\/\/www.manaus.am.gov.br\/implurb\/wp-json\/wp\/v2\/posts\/5788\/revisions"}],"predecessor-version":[{"id":5795,"href":"https:\/\/www.manaus.am.gov.br\/implurb\/wp-json\/wp\/v2\/posts\/5788\/revisions\/5795"}],"wp:featuredmedia":[{"embeddable":true,"href":"https:\/\/www.manaus.am.gov.br\/implurb\/wp-json\/wp\/v2\/media\/5791"}],"wp:attachment":[{"href":"https:\/\/www.manaus.am.gov.br\/implurb\/wp-json\/wp\/v2\/media?parent=5788"}],"wp:term":[{"taxonomy":"category","embeddable":true,"href":"https:\/\/www.manaus.am.gov.br\/implurb\/wp-json\/wp\/v2\/categories?post=5788"},{"taxonomy":"post_tag","embeddable":true,"href":"https:\/\/www.manaus.am.gov.br\/implurb\/wp-json\/wp\/v2\/tags?post=5788"}],"curies":[{"name":"wp","href":"https:\/\/api.w.org\/{rel}","templated":true}]}}