{"id":5625,"date":"2025-03-10T12:54:35","date_gmt":"2025-03-10T16:54:35","guid":{"rendered":"https:\/\/www.manaus.am.gov.br\/implurb\/prefeitura-implurb-workshop\/"},"modified":"2025-03-10T12:54:37","modified_gmt":"2025-03-10T16:54:37","slug":"prefeitura-implurb-workshop","status":"publish","type":"post","link":"https:\/\/www.manaus.am.gov.br\/implurb\/prefeitura-implurb-workshop\/","title":{"rendered":"Implurb realiza workshop interno sobre planejamento estrat\u00e9gico para quadri\u00eanio 2025-2028"},"content":{"rendered":"\n<p>A Prefeitura de Manaus, via Instituto Municipal de Planejamento Urbano (Implurb), realiza, nesta ter\u00e7a-feira, 11\/3, das 10h \u00e0s 12h, o primeiro workshop \u201cPlanejar para Avan\u00e7ar\u201d, reunindo colaboradores e equipe no audit\u00f3rio da prefeitura, no bairro Compensa, zona Oeste.<\/p>\n\n\n\n<p>O evento tem como objetivo promover metas claras e alcan\u00e7\u00e1veis ao desenvolvimento urbano, avaliar dados, promover pr\u00e1ticas de solu\u00e7\u00f5es sustent\u00e1veis, facilitar a colabora\u00e7\u00e3o entre diferentes setores e finalidades e explorar novas tecnologias e abordagens.<\/p>\n\n\n\n<p>Durante duas horas, os colaboradores, t\u00e9cnicos, gestores e diretores do instituto v\u00e3o participar de uma experi\u00eancia focada em melhorar o ambiente de trabalho e, por consequ\u00eancia, os servi\u00e7os prestados \u00e0 popula\u00e7\u00e3o, al\u00e9m de criar um plano estrat\u00e9gico para aumentar a efici\u00eancia e demandas da sociedade.<\/p>\n\n\n\n<p>Haver\u00e1 uma palestra motivacional sobre \u201cA Arte de Sonhar Grande\u201d, atividades interativas, e apresenta\u00e7\u00f5es dos diretores das \u00e1reas de Licenciamento, Planejamento Urbano, Financeiro, al\u00e9m do pr\u00f3prio diretor-presidente Carlos Valente e do vice-presidente Ant\u00f4nio Peixoto.<\/p>\n\n\n\n<p>\u201cEste ser\u00e1 nosso primeiro workshop para constru\u00e7\u00e3o e alinhamento do nosso planejamento estrat\u00e9gico 2025-2028, cumprindo determina\u00e7\u00f5es de gest\u00e3o do prefeito David Almeida e do secret\u00e1rio Carlos Valente, para que possamos aumentar nossas entregas. O Implurb foi fundamental no primeiro mandato do prefeito, tendo inaugura\u00e7\u00f5es e projetos important\u00edssimos, como o mirante L\u00facia Almeida e os parques Amazonino Mendes e Gigantes da Floresta. Isso aumentou as expectativas sobre o nosso trabalho e precisamos estar preparados para os pr\u00f3ximos quatro anos\u201d, explicou Peixoto.<\/p>\n\n\n\n<p>A iniciativa visa n\u00e3o apenas otimizar o uso do espa\u00e7o urbano, mas tamb\u00e9m fazer sensibiliza\u00e7\u00e3o de quem est\u00e1 de um lado, na ponta dos atendimentos, e estabelecer metas, par\u00e2metros e din\u00e2micas para otimizar recursos e indicadores urban\u00edsticos, tendo prazos e decis\u00f5es assertivas para a capital.<\/p>\n\n\n\n<p>O plano conta ainda com suporte t\u00e9cnico da chefia de gabinete, N\u00e1iade Soares, e do assessor t\u00e9cnico da presid\u00eancia, Eraldo Bandeira.<\/p>\n\n\n\n<p><strong>Prepara\u00e7\u00e3o<\/strong><\/p>\n\n\n\n<p>O planejamento estrat\u00e9gico interno vai permitir que se possa melhorar processos, comunica\u00e7\u00e3o interna, indicadores e projetos, para ter novas entregas \u00e0 popula\u00e7\u00e3o.<\/p>\n\n\n\n<p>Para o diretor-presidente do Implurb, Carlos Valente, a ferramenta de gest\u00e3o ser\u00e1 \u00fatil para mensurar resultados desejados, sendo uma b\u00fassola para os setores desde a fiscaliza\u00e7\u00e3o at\u00e9 o licenciamento, passando pela \u00e1rea de planejamento urban\u00edstico.<\/p>\n\n\n\n<p>\u201cOs projetos, as propostas, as a\u00e7\u00f5es, os desenvolvimentos desses temas, as integra\u00e7\u00f5es, tudo isso est\u00e1 contemplado no nosso planejamento estrat\u00e9gico. Todos os setores do Implurb v\u00e3o come\u00e7ar a participar, oferecendo propostas, apontando oportunidades e amea\u00e7as, para que, daqui a quatro anos, possamos ver a evolu\u00e7\u00e3o, com o objetivo de ter prestado um servi\u00e7o de melhor qualidade para os moradores de Manaus. Esse \u00e9 o objetivo do prefeito David Almeida, do Implurb, e ao final deste per\u00edodo que a gente possa dizer que a miss\u00e3o foi cumprida\u201d, comentou Valente.<\/p>\n\n\n\n<p>&#8212; &#8212; &#8212;&nbsp;<\/p>\n\n\n\n<p><strong>Texto &#8211;<\/strong>&nbsp;Claudia do Valle \/&nbsp;Implurb&nbsp;<\/p>\n\n\n\n<p><strong>Fotos&nbsp;\u2013<\/strong>&nbsp;Maxwell Oliveira \/ Implurb<\/p>\n","protected":false},"excerpt":{"rendered":"","protected":false},"author":23,"featured_media":5626,"comment_status":"closed","ping_status":"closed","sticky":false,"template":"","format":"standard","meta":{"footnotes":""},"categories":[33],"tags":[11,15,1666],"acf":[],"yoast_head":"<!-- This site is optimized with the Yoast SEO plugin v23.0 - https:\/\/yoast.com\/wordpress\/plugins\/seo\/ -->\n<title>Implurb realiza workshop interno sobre planejamento estrat\u00e9gico para quadri\u00eanio 2025-2028<\/title>\n<meta name=\"description\" content=\"A Prefeitura de Manaus, via Instituto Municipal de Planejamento Urbano (Implurb), realiza, nesta ter\u00e7a-feira, 11\/3, das 10h \u00e0s 12h, o primeiro workshop \u201cPlanejar para Avan\u00e7ar\u201d, reunindo colaboradores e equipe no audit\u00f3rio da prefeitura, no bairro Compensa, zona Oeste.\" \/>\n<meta name=\"robots\" content=\"noindex, follow\" \/>\n<meta property=\"og:locale\" content=\"pt_BR\" \/>\n<meta property=\"og:type\" content=\"article\" \/>\n<meta property=\"og:title\" content=\"Implurb realiza workshop interno sobre planejamento estrat\u00e9gico para quadri\u00eanio 2025-2028\" \/>\n<meta property=\"og:description\" content=\"A Prefeitura de Manaus, via Instituto Municipal de Planejamento Urbano (Implurb), realiza, nesta ter\u00e7a-feira, 11\/3, das 10h \u00e0s 12h, o primeiro workshop \u201cPlanejar para Avan\u00e7ar\u201d, reunindo colaboradores e equipe no audit\u00f3rio da prefeitura, no bairro Compensa, zona Oeste.\" \/>\n<meta property=\"og:url\" content=\"https:\/\/www.manaus.am.gov.br\/implurb\/prefeitura-implurb-workshop\/\" \/>\n<meta property=\"og:site_name\" content=\"IMPLURB\" \/>\n<meta property=\"article:published_time\" content=\"2025-03-10T16:54:35+00:00\" \/>\n<meta property=\"article:modified_time\" content=\"2025-03-10T16:54:37+00:00\" \/>\n<meta property=\"og:image\" content=\"https:\/\/www.manaus.am.gov.br\/implurb\/wp-content\/uploads\/sites\/13\/2025\/03\/plano9.jpg\" \/>\n\t<meta property=\"og:image:width\" content=\"4160\" \/>\n\t<meta property=\"og:image:height\" content=\"3120\" \/>\n\t<meta property=\"og:image:type\" content=\"image\/jpeg\" \/>\n<meta name=\"author\" content=\"Adriana Costa\" \/>\n<meta name=\"twitter:card\" content=\"summary_large_image\" \/>\n<meta name=\"twitter:label1\" content=\"Written by\" \/>\n\t<meta name=\"twitter:data1\" content=\"Adriana Costa\" \/>\n\t<meta name=\"twitter:label2\" content=\"Est. reading time\" \/>\n\t<meta name=\"twitter:data2\" content=\"3 minutos\" \/>\n<script type=\"application\/ld+json\" class=\"yoast-schema-graph\">{\"@context\":\"https:\/\/schema.org\",\"@graph\":[{\"@type\":\"WebPage\",\"@id\":\"https:\/\/www.manaus.am.gov.br\/implurb\/prefeitura-implurb-workshop\/\",\"url\":\"https:\/\/www.manaus.am.gov.br\/implurb\/prefeitura-implurb-workshop\/\",\"name\":\"Implurb realiza workshop interno sobre planejamento estrat\u00e9gico para quadri\u00eanio 2025-2028\",\"isPartOf\":{\"@id\":\"https:\/\/www.manaus.am.gov.br\/implurb\/#website\"},\"primaryImageOfPage\":{\"@id\":\"https:\/\/www.manaus.am.gov.br\/implurb\/prefeitura-implurb-workshop\/#primaryimage\"},\"image\":{\"@id\":\"https:\/\/www.manaus.am.gov.br\/implurb\/prefeitura-implurb-workshop\/#primaryimage\"},\"thumbnailUrl\":\"https:\/\/www.manaus.am.gov.br\/implurb\/wp-content\/uploads\/sites\/13\/2025\/03\/plano9.jpg\",\"datePublished\":\"2025-03-10T16:54:35+00:00\",\"dateModified\":\"2025-03-10T16:54:37+00:00\",\"author\":{\"@id\":\"https:\/\/www.manaus.am.gov.br\/implurb\/#\/schema\/person\/4e49f4e267757a06ca072ec61b2b9968\"},\"description\":\"A Prefeitura de Manaus, via Instituto Municipal de Planejamento Urbano (Implurb), realiza, nesta ter\u00e7a-feira, 11\/3, das 10h \u00e0s 12h, o primeiro workshop \u201cPlanejar para Avan\u00e7ar\u201d, reunindo colaboradores e equipe no audit\u00f3rio da prefeitura, no bairro Compensa, zona Oeste.\",\"breadcrumb\":{\"@id\":\"https:\/\/www.manaus.am.gov.br\/implurb\/prefeitura-implurb-workshop\/#breadcrumb\"},\"inLanguage\":\"pt-BR\",\"potentialAction\":[{\"@type\":\"ReadAction\",\"target\":[\"https:\/\/www.manaus.am.gov.br\/implurb\/prefeitura-implurb-workshop\/\"]}]},{\"@type\":\"ImageObject\",\"inLanguage\":\"pt-BR\",\"@id\":\"https:\/\/www.manaus.am.gov.br\/implurb\/prefeitura-implurb-workshop\/#primaryimage\",\"url\":\"https:\/\/www.manaus.am.gov.br\/implurb\/wp-content\/uploads\/sites\/13\/2025\/03\/plano9.jpg\",\"contentUrl\":\"https:\/\/www.manaus.am.gov.br\/implurb\/wp-content\/uploads\/sites\/13\/2025\/03\/plano9.jpg\",\"width\":4160,\"height\":3120},{\"@type\":\"BreadcrumbList\",\"@id\":\"https:\/\/www.manaus.am.gov.br\/implurb\/prefeitura-implurb-workshop\/#breadcrumb\",\"itemListElement\":[{\"@type\":\"ListItem\",\"position\":1,\"name\":\"Home\",\"item\":\"https:\/\/www.manaus.am.gov.br\/implurb\/\"},{\"@type\":\"ListItem\",\"position\":2,\"name\":\"Implurb realiza workshop interno sobre planejamento estrat\u00e9gico para quadri\u00eanio 2025-2028\"}]},{\"@type\":\"WebSite\",\"@id\":\"https:\/\/www.manaus.am.gov.br\/implurb\/#website\",\"url\":\"https:\/\/www.manaus.am.gov.br\/implurb\/\",\"name\":\"IMPLURB\",\"description\":\"Prefeitura de Manaus\",\"potentialAction\":[{\"@type\":\"SearchAction\",\"target\":{\"@type\":\"EntryPoint\",\"urlTemplate\":\"https:\/\/www.manaus.am.gov.br\/implurb\/?s={search_term_string}\"},\"query-input\":\"required name=search_term_string\"}],\"inLanguage\":\"pt-BR\"},{\"@type\":\"Person\",\"@id\":\"https:\/\/www.manaus.am.gov.br\/implurb\/#\/schema\/person\/4e49f4e267757a06ca072ec61b2b9968\",\"name\":\"Adriana Costa\",\"image\":{\"@type\":\"ImageObject\",\"inLanguage\":\"pt-BR\",\"@id\":\"https:\/\/www.manaus.am.gov.br\/implurb\/#\/schema\/person\/image\/\",\"url\":\"https:\/\/secure.gravatar.com\/avatar\/576258617ef7194f718179e766d57bd4?s=96&d=mm&r=g\",\"contentUrl\":\"https:\/\/secure.gravatar.com\/avatar\/576258617ef7194f718179e766d57bd4?s=96&d=mm&r=g\",\"caption\":\"Adriana Costa\"}}]}<\/script>\n<!-- \/ Yoast SEO plugin. -->","yoast_head_json":{"title":"Implurb realiza workshop interno sobre planejamento estrat\u00e9gico para quadri\u00eanio 2025-2028","description":"A Prefeitura de Manaus, via Instituto Municipal de Planejamento Urbano (Implurb), realiza, nesta ter\u00e7a-feira, 11\/3, das 10h \u00e0s 12h, o primeiro workshop \u201cPlanejar para Avan\u00e7ar\u201d, reunindo colaboradores e equipe no audit\u00f3rio da prefeitura, no bairro Compensa, zona Oeste.","robots":{"index":"noindex","follow":"follow"},"og_locale":"pt_BR","og_type":"article","og_title":"Implurb realiza workshop interno sobre planejamento estrat\u00e9gico para quadri\u00eanio 2025-2028","og_description":"A Prefeitura de Manaus, via Instituto Municipal de Planejamento Urbano (Implurb), realiza, nesta ter\u00e7a-feira, 11\/3, das 10h \u00e0s 12h, o primeiro workshop \u201cPlanejar para Avan\u00e7ar\u201d, reunindo colaboradores e equipe no audit\u00f3rio da prefeitura, no bairro Compensa, zona Oeste.","og_url":"https:\/\/www.manaus.am.gov.br\/implurb\/prefeitura-implurb-workshop\/","og_site_name":"IMPLURB","article_published_time":"2025-03-10T16:54:35+00:00","article_modified_time":"2025-03-10T16:54:37+00:00","og_image":[{"width":4160,"height":3120,"url":"https:\/\/www.manaus.am.gov.br\/implurb\/wp-content\/uploads\/sites\/13\/2025\/03\/plano9.jpg","type":"image\/jpeg"}],"author":"Adriana Costa","twitter_card":"summary_large_image","twitter_misc":{"Written by":"Adriana Costa","Est. reading time":"3 minutos"},"schema":{"@context":"https:\/\/schema.org","@graph":[{"@type":"WebPage","@id":"https:\/\/www.manaus.am.gov.br\/implurb\/prefeitura-implurb-workshop\/","url":"https:\/\/www.manaus.am.gov.br\/implurb\/prefeitura-implurb-workshop\/","name":"Implurb realiza workshop interno sobre planejamento estrat\u00e9gico para quadri\u00eanio 2025-2028","isPartOf":{"@id":"https:\/\/www.manaus.am.gov.br\/implurb\/#website"},"primaryImageOfPage":{"@id":"https:\/\/www.manaus.am.gov.br\/implurb\/prefeitura-implurb-workshop\/#primaryimage"},"image":{"@id":"https:\/\/www.manaus.am.gov.br\/implurb\/prefeitura-implurb-workshop\/#primaryimage"},"thumbnailUrl":"https:\/\/www.manaus.am.gov.br\/implurb\/wp-content\/uploads\/sites\/13\/2025\/03\/plano9.jpg","datePublished":"2025-03-10T16:54:35+00:00","dateModified":"2025-03-10T16:54:37+00:00","author":{"@id":"https:\/\/www.manaus.am.gov.br\/implurb\/#\/schema\/person\/4e49f4e267757a06ca072ec61b2b9968"},"description":"A Prefeitura de Manaus, via Instituto Municipal de Planejamento Urbano (Implurb), realiza, nesta ter\u00e7a-feira, 11\/3, das 10h \u00e0s 12h, o primeiro workshop \u201cPlanejar para Avan\u00e7ar\u201d, reunindo colaboradores e equipe no audit\u00f3rio da prefeitura, no bairro Compensa, zona Oeste.","breadcrumb":{"@id":"https:\/\/www.manaus.am.gov.br\/implurb\/prefeitura-implurb-workshop\/#breadcrumb"},"inLanguage":"pt-BR","potentialAction":[{"@type":"ReadAction","target":["https:\/\/www.manaus.am.gov.br\/implurb\/prefeitura-implurb-workshop\/"]}]},{"@type":"ImageObject","inLanguage":"pt-BR","@id":"https:\/\/www.manaus.am.gov.br\/implurb\/prefeitura-implurb-workshop\/#primaryimage","url":"https:\/\/www.manaus.am.gov.br\/implurb\/wp-content\/uploads\/sites\/13\/2025\/03\/plano9.jpg","contentUrl":"https:\/\/www.manaus.am.gov.br\/implurb\/wp-content\/uploads\/sites\/13\/2025\/03\/plano9.jpg","width":4160,"height":3120},{"@type":"BreadcrumbList","@id":"https:\/\/www.manaus.am.gov.br\/implurb\/prefeitura-implurb-workshop\/#breadcrumb","itemListElement":[{"@type":"ListItem","position":1,"name":"Home","item":"https:\/\/www.manaus.am.gov.br\/implurb\/"},{"@type":"ListItem","position":2,"name":"Implurb realiza workshop interno sobre planejamento estrat\u00e9gico para quadri\u00eanio 2025-2028"}]},{"@type":"WebSite","@id":"https:\/\/www.manaus.am.gov.br\/implurb\/#website","url":"https:\/\/www.manaus.am.gov.br\/implurb\/","name":"IMPLURB","description":"Prefeitura de Manaus","potentialAction":[{"@type":"SearchAction","target":{"@type":"EntryPoint","urlTemplate":"https:\/\/www.manaus.am.gov.br\/implurb\/?s={search_term_string}"},"query-input":"required name=search_term_string"}],"inLanguage":"pt-BR"},{"@type":"Person","@id":"https:\/\/www.manaus.am.gov.br\/implurb\/#\/schema\/person\/4e49f4e267757a06ca072ec61b2b9968","name":"Adriana Costa","image":{"@type":"ImageObject","inLanguage":"pt-BR","@id":"https:\/\/www.manaus.am.gov.br\/implurb\/#\/schema\/person\/image\/","url":"https:\/\/secure.gravatar.com\/avatar\/576258617ef7194f718179e766d57bd4?s=96&d=mm&r=g","contentUrl":"https:\/\/secure.gravatar.com\/avatar\/576258617ef7194f718179e766d57bd4?s=96&d=mm&r=g","caption":"Adriana Costa"}}]}},"_links":{"self":[{"href":"https:\/\/www.manaus.am.gov.br\/implurb\/wp-json\/wp\/v2\/posts\/5625"}],"collection":[{"href":"https:\/\/www.manaus.am.gov.br\/implurb\/wp-json\/wp\/v2\/posts"}],"about":[{"href":"https:\/\/www.manaus.am.gov.br\/implurb\/wp-json\/wp\/v2\/types\/post"}],"author":[{"embeddable":true,"href":"https:\/\/www.manaus.am.gov.br\/implurb\/wp-json\/wp\/v2\/users\/23"}],"replies":[{"embeddable":true,"href":"https:\/\/www.manaus.am.gov.br\/implurb\/wp-json\/wp\/v2\/comments?post=5625"}],"version-history":[{"count":0,"href":"https:\/\/www.manaus.am.gov.br\/implurb\/wp-json\/wp\/v2\/posts\/5625\/revisions"}],"wp:featuredmedia":[{"embeddable":true,"href":"https:\/\/www.manaus.am.gov.br\/implurb\/wp-json\/wp\/v2\/media\/5626"}],"wp:attachment":[{"href":"https:\/\/www.manaus.am.gov.br\/implurb\/wp-json\/wp\/v2\/media?parent=5625"}],"wp:term":[{"taxonomy":"category","embeddable":true,"href":"https:\/\/www.manaus.am.gov.br\/implurb\/wp-json\/wp\/v2\/categories?post=5625"},{"taxonomy":"post_tag","embeddable":true,"href":"https:\/\/www.manaus.am.gov.br\/implurb\/wp-json\/wp\/v2\/tags?post=5625"}],"curies":[{"name":"wp","href":"https:\/\/api.w.org\/{rel}","templated":true}]}}