{"id":5506,"date":"2025-02-18T09:38:14","date_gmt":"2025-02-18T13:38:14","guid":{"rendered":"https:\/\/www.manaus.am.gov.br\/implurb\/prefeitura-cauam-alvara\/"},"modified":"2025-02-18T09:38:15","modified_gmt":"2025-02-18T13:38:15","slug":"prefeitura-cauam-alvara","status":"publish","type":"post","link":"https:\/\/www.manaus.am.gov.br\/implurb\/prefeitura-cauam-alvara\/","title":{"rendered":"Prefeitura e CAU-AM alinham conhecimento sobre o novo Alvar\u00e1 de Constru\u00e7\u00e3o Mais F\u00e1cil"},"content":{"rendered":"\n<p>A Prefeitura de Manaus, via Instituto Municipal de Planejamento Urbano (Implurb), ganha o refor\u00e7o do Conselho de Arquitetura e Urbanismo do Amazonas (CAU-AM) para o lan\u00e7amento do novo Alvar\u00e1 de Constru\u00e7\u00e3o Mais F\u00e1cil (ACMF), ainda no m\u00eas de fevereiro.<\/p>\n\n\n\n<p>Com o lan\u00e7amento, o licenciamento urban\u00edstico em Manaus est\u00e1 prestes a passar por uma grande revolu\u00e7\u00e3o, in\u00e9dita no Brasil. Ao implementar o novo sistema, o tempo m\u00e9dio de licenciamento, na capital, ser\u00e1 reduzido de 23 dias para at\u00e9 2 horas.<\/p>\n\n\n\n<p>A mudan\u00e7a vai facilitar a vida de empreendedores, construtores, engenheiros, arquitetos e toda a cadeia do&nbsp;<em>construbusiness<\/em>&nbsp;para obras de at\u00e9 750 metros quadrados, com no m\u00e1ximo quatro pavimentos, dos tipos 1 e 2, de constru\u00e7\u00e3o unifamiliar, multifamiliar e de uso comercial, servi\u00e7o, industrial ou misto, enquadradas nas atividades de baixo impacto.<\/p>\n\n\n\n<p>Com 2.360 arquitetos ativos na capital amazonense, o CAU-AM se reuniu com a diretoria do Implurb para alinhar as informa\u00e7\u00f5es sobre o lan\u00e7amento e os cursos para arquitetos e urbanistas de como operar a nova ferramenta.<\/p>\n\n\n\n<p>A nova medida n\u00e3o apenas acelera o mercado de neg\u00f3cios, como reflete um compromisso da gest\u00e3o David Almeida com a moderniza\u00e7\u00e3o e melhoria do setor da constru\u00e7\u00e3o civil, tornando a capital mais atrativa para investimentos e expans\u00e3o.<\/p>\n\n\n\n<p>O novo alvar\u00e1 de constru\u00e7\u00e3o poder\u00e1 ser expedido apenas por profissionais habilitados, como engenheiros, arquitetos e t\u00e9cnicos em edifica\u00e7\u00f5es e t\u00e9cnicos em constru\u00e7\u00e3o civil. O modo autodeclarat\u00f3rio do ACMF visa permitir a emiss\u00e3o imediata e de forma on-line do documento.<\/p>\n\n\n\n<p>\u201cEstivemos reunidos com o presidente do CAU-AM, Fabr\u00edcio Santos, para tratar de assuntos de import\u00e2ncia para a cidade e para a categoria de arquitetos e urbanistas, como o de treinamento para os profissionais interessados em usar o ACMF, cujo sistema foi constru\u00eddo a v\u00e1rias m\u00e3os, contando com a&nbsp;<em>expertise<\/em>&nbsp;do Implurb e, agora, est\u00e1 pronto para entrar no ar. Para ele rodar bem, precisamos que todos os profissionais habilitados passem por um treinamento e possam se adaptar ao sistema, que \u00e9 totalmente gratuito e ser\u00e1 acessado a partir do site do Implurb\u201d, comentou o diretor-presidente do instituto, Carlos Valente.<\/p>\n\n\n\n<p>Para Fabr\u00edcio Santos, o alvar\u00e1 mais f\u00e1cil ir\u00e1 otimizar diversos processos de licenciamento e aprova\u00e7\u00e3o dentro da prefeitura, e a parceria entre CAU-AM e Implurb vai permitir a realiza\u00e7\u00e3o dos treinamentos. \u201cVamos realizar cursos e treinamentos para todos os profissionais interessados e que estejam habilitados a usar a ferramenta. Al\u00e9m disso, o novo alvar\u00e1 vai abrir mercado para profissionais e ajudar na estrutura\u00e7\u00e3o de uma melhor oferta de servi\u00e7os para a cidade\u201d, completou.<\/p>\n\n\n\n<p>Treinamento<\/p>\n\n\n\n<p>O sistema ser\u00e1 utilizado por profissionais como engenheiros e arquitetos, que v\u00e3o assinar os projetos e ser\u00e3o os respons\u00e1veis t\u00e9cnicos, tendo a compet\u00eancia legal para fazer as declara\u00e7\u00f5es solicitadas pelo sistema. O sistema foi constru\u00eddo para ser simples, sendo parametrizado com o Plano Diretor de Manaus, tendo uma sequ\u00eancia l\u00f3gica de an\u00e1lise, para afastamento, gabarito, taxa de ocupa\u00e7\u00e3o, permeabilidade, vaga de estacionamento, entre outros itens em vigor.<\/p>\n\n\n\n<p>\u201cFizemos o alinhamento e o CAU-AM, a partir desta semana, far\u00e1 a convoca\u00e7\u00e3o para os seus arquitetos e urbanistas, para que possam conhecer a ferramenta, que ser\u00e1 um facilitador no licenciamento e, ao mesmo tempo, vai criar uma nova modalidade de servi\u00e7o que o profissional poder\u00e1 prestar. A ideia do treinamento \u00e9 ter turmas de 20 pessoas, conforme a demanda, para conhecer a ferramenta. Cada profissional leva seu notebook ou&nbsp;<em>mobile<\/em>&nbsp;que usar para fazer o curso\u201d, comentou a diretora de Opera\u00e7\u00f5es do Implurb, arquiteta e urbanista Jeane Mota.<\/p>\n\n\n\n<p>Automa\u00e7\u00e3o<\/p>\n\n\n\n<p>Al\u00e9m do ineditismo da automa\u00e7\u00e3o para o licenciamento urban\u00edstico, que poder\u00e1 ser feito em horas, a prefeitura regulamentou o desconto de 20% para projetos licenciados no novo&nbsp;ACMF. A regulamenta\u00e7\u00e3o foi feita com o Decreto 5.750, assinado pelo prefeito David Almeida.<\/p>\n\n\n\n<p>Os requerentes poder\u00e3o ter a concess\u00e3o de descontos de 20% sobre as taxas na emiss\u00e3o do alvar\u00e1 por meio do novo sistema. Os descontos ser\u00e3o concedidos, exclusivamente, para os pagamentos em parcela \u00fanica.<\/p>\n\n\n\n<p>O modo autodeclarat\u00f3rio do&nbsp;ACMF&nbsp;visa permitir a emiss\u00e3o imediata e de forma on-line do&nbsp;documento, atendidas as solicita\u00e7\u00f5es da legisla\u00e7\u00e3o e preenchimento das informa\u00e7\u00f5es obrigat\u00f3rias. Sendo deferido o pedido, ele seguir\u00e1 para emiss\u00e3o de boleto de pagamento autom\u00e1tico e a expedi\u00e7\u00e3o do documento em quest\u00e3o de horas. Todo o servi\u00e7o ser\u00e1 automatizado e com uso de Intelig\u00eancia Artificial.<\/p>\n\n\n\n<p>&#8212; &#8212; &#8212;&nbsp;&nbsp;&nbsp;&nbsp;&nbsp;&nbsp;<\/p>\n\n\n\n<p><strong>Texto <\/strong>&#8211;\u00a0Cl\u00e1udia do Valle\/Implurb<\/p>\n\n\n\n<p><strong>Fotos <\/strong>&#8211;\u00a0Maxwell Oliveira\/Implurb e Divulga\u00e7\u00e3o<\/p>\n","protected":false},"excerpt":{"rendered":"","protected":false},"author":23,"featured_media":5507,"comment_status":"closed","ping_status":"closed","sticky":false,"template":"","format":"standard","meta":{"footnotes":""},"categories":[81],"tags":[238,1531,11,107,15],"acf":[],"yoast_head":"<!-- This site is optimized with the Yoast SEO plugin v23.0 - https:\/\/yoast.com\/wordpress\/plugins\/seo\/ -->\n<title>Prefeitura e CAU-AM alinham conhecimento sobre o novo Alvar\u00e1 de Constru\u00e7\u00e3o Mais F\u00e1cil<\/title>\n<meta name=\"description\" content=\"A Prefeitura de Manaus, via Instituto Municipal de Planejamento Urbano (Implurb), ganha o refor\u00e7o do Conselho de Arquitetura e Urbanismo do Amazonas (CAU-AM) para o lan\u00e7amento do novo Alvar\u00e1 de Constru\u00e7\u00e3o Mais F\u00e1ci\" \/>\n<meta name=\"robots\" content=\"noindex, follow\" \/>\n<meta property=\"og:locale\" content=\"pt_BR\" \/>\n<meta property=\"og:type\" content=\"article\" \/>\n<meta property=\"og:title\" content=\"Prefeitura e CAU-AM alinham conhecimento sobre o novo Alvar\u00e1 de Constru\u00e7\u00e3o Mais F\u00e1cil\" \/>\n<meta property=\"og:description\" content=\"A Prefeitura de Manaus, via Instituto Municipal de Planejamento Urbano (Implurb), ganha o refor\u00e7o do Conselho de Arquitetura e Urbanismo do Amazonas (CAU-AM) para o lan\u00e7amento do novo Alvar\u00e1 de Constru\u00e7\u00e3o Mais F\u00e1ci\" \/>\n<meta property=\"og:url\" content=\"https:\/\/www.manaus.am.gov.br\/implurb\/prefeitura-cauam-alvara\/\" \/>\n<meta property=\"og:site_name\" content=\"IMPLURB\" \/>\n<meta property=\"article:published_time\" content=\"2025-02-18T13:38:14+00:00\" \/>\n<meta property=\"article:modified_time\" content=\"2025-02-18T13:38:15+00:00\" \/>\n<meta property=\"og:image\" content=\"https:\/\/www.manaus.am.gov.br\/implurb\/wp-content\/uploads\/sites\/13\/2025\/02\/CAUalvara4.jpg\" \/>\n\t<meta property=\"og:image:width\" content=\"4032\" \/>\n\t<meta property=\"og:image:height\" content=\"3024\" \/>\n\t<meta property=\"og:image:type\" content=\"image\/jpeg\" \/>\n<meta name=\"author\" content=\"Adriana Costa\" \/>\n<meta name=\"twitter:card\" content=\"summary_large_image\" \/>\n<meta name=\"twitter:label1\" content=\"Written by\" \/>\n\t<meta name=\"twitter:data1\" content=\"Adriana Costa\" \/>\n\t<meta name=\"twitter:label2\" content=\"Est. reading time\" \/>\n\t<meta name=\"twitter:data2\" content=\"5 minutos\" \/>\n<script type=\"application\/ld+json\" class=\"yoast-schema-graph\">{\"@context\":\"https:\/\/schema.org\",\"@graph\":[{\"@type\":\"WebPage\",\"@id\":\"https:\/\/www.manaus.am.gov.br\/implurb\/prefeitura-cauam-alvara\/\",\"url\":\"https:\/\/www.manaus.am.gov.br\/implurb\/prefeitura-cauam-alvara\/\",\"name\":\"Prefeitura e CAU-AM alinham conhecimento sobre o novo Alvar\u00e1 de Constru\u00e7\u00e3o Mais F\u00e1cil\",\"isPartOf\":{\"@id\":\"https:\/\/www.manaus.am.gov.br\/implurb\/#website\"},\"primaryImageOfPage\":{\"@id\":\"https:\/\/www.manaus.am.gov.br\/implurb\/prefeitura-cauam-alvara\/#primaryimage\"},\"image\":{\"@id\":\"https:\/\/www.manaus.am.gov.br\/implurb\/prefeitura-cauam-alvara\/#primaryimage\"},\"thumbnailUrl\":\"https:\/\/www.manaus.am.gov.br\/implurb\/wp-content\/uploads\/sites\/13\/2025\/02\/CAUalvara4.jpg\",\"datePublished\":\"2025-02-18T13:38:14+00:00\",\"dateModified\":\"2025-02-18T13:38:15+00:00\",\"author\":{\"@id\":\"https:\/\/www.manaus.am.gov.br\/implurb\/#\/schema\/person\/4e49f4e267757a06ca072ec61b2b9968\"},\"description\":\"A Prefeitura de Manaus, via Instituto Municipal de Planejamento Urbano (Implurb), ganha o refor\u00e7o do Conselho de Arquitetura e Urbanismo do Amazonas (CAU-AM) para o lan\u00e7amento do novo Alvar\u00e1 de Constru\u00e7\u00e3o Mais F\u00e1ci\",\"breadcrumb\":{\"@id\":\"https:\/\/www.manaus.am.gov.br\/implurb\/prefeitura-cauam-alvara\/#breadcrumb\"},\"inLanguage\":\"pt-BR\",\"potentialAction\":[{\"@type\":\"ReadAction\",\"target\":[\"https:\/\/www.manaus.am.gov.br\/implurb\/prefeitura-cauam-alvara\/\"]}]},{\"@type\":\"ImageObject\",\"inLanguage\":\"pt-BR\",\"@id\":\"https:\/\/www.manaus.am.gov.br\/implurb\/prefeitura-cauam-alvara\/#primaryimage\",\"url\":\"https:\/\/www.manaus.am.gov.br\/implurb\/wp-content\/uploads\/sites\/13\/2025\/02\/CAUalvara4.jpg\",\"contentUrl\":\"https:\/\/www.manaus.am.gov.br\/implurb\/wp-content\/uploads\/sites\/13\/2025\/02\/CAUalvara4.jpg\",\"width\":4032,\"height\":3024},{\"@type\":\"BreadcrumbList\",\"@id\":\"https:\/\/www.manaus.am.gov.br\/implurb\/prefeitura-cauam-alvara\/#breadcrumb\",\"itemListElement\":[{\"@type\":\"ListItem\",\"position\":1,\"name\":\"Home\",\"item\":\"https:\/\/www.manaus.am.gov.br\/implurb\/\"},{\"@type\":\"ListItem\",\"position\":2,\"name\":\"Prefeitura e CAU-AM alinham conhecimento sobre o novo Alvar\u00e1 de Constru\u00e7\u00e3o Mais F\u00e1cil\"}]},{\"@type\":\"WebSite\",\"@id\":\"https:\/\/www.manaus.am.gov.br\/implurb\/#website\",\"url\":\"https:\/\/www.manaus.am.gov.br\/implurb\/\",\"name\":\"IMPLURB\",\"description\":\"Prefeitura de Manaus\",\"potentialAction\":[{\"@type\":\"SearchAction\",\"target\":{\"@type\":\"EntryPoint\",\"urlTemplate\":\"https:\/\/www.manaus.am.gov.br\/implurb\/?s={search_term_string}\"},\"query-input\":\"required name=search_term_string\"}],\"inLanguage\":\"pt-BR\"},{\"@type\":\"Person\",\"@id\":\"https:\/\/www.manaus.am.gov.br\/implurb\/#\/schema\/person\/4e49f4e267757a06ca072ec61b2b9968\",\"name\":\"Adriana Costa\",\"image\":{\"@type\":\"ImageObject\",\"inLanguage\":\"pt-BR\",\"@id\":\"https:\/\/www.manaus.am.gov.br\/implurb\/#\/schema\/person\/image\/\",\"url\":\"https:\/\/secure.gravatar.com\/avatar\/576258617ef7194f718179e766d57bd4?s=96&d=mm&r=g\",\"contentUrl\":\"https:\/\/secure.gravatar.com\/avatar\/576258617ef7194f718179e766d57bd4?s=96&d=mm&r=g\",\"caption\":\"Adriana Costa\"}}]}<\/script>\n<!-- \/ Yoast SEO plugin. -->","yoast_head_json":{"title":"Prefeitura e CAU-AM alinham conhecimento sobre o novo Alvar\u00e1 de Constru\u00e7\u00e3o Mais F\u00e1cil","description":"A Prefeitura de Manaus, via Instituto Municipal de Planejamento Urbano (Implurb), ganha o refor\u00e7o do Conselho de Arquitetura e Urbanismo do Amazonas (CAU-AM) para o lan\u00e7amento do novo Alvar\u00e1 de Constru\u00e7\u00e3o Mais F\u00e1ci","robots":{"index":"noindex","follow":"follow"},"og_locale":"pt_BR","og_type":"article","og_title":"Prefeitura e CAU-AM alinham conhecimento sobre o novo Alvar\u00e1 de Constru\u00e7\u00e3o Mais F\u00e1cil","og_description":"A Prefeitura de Manaus, via Instituto Municipal de Planejamento Urbano (Implurb), ganha o refor\u00e7o do Conselho de Arquitetura e Urbanismo do Amazonas (CAU-AM) para o lan\u00e7amento do novo Alvar\u00e1 de Constru\u00e7\u00e3o Mais F\u00e1ci","og_url":"https:\/\/www.manaus.am.gov.br\/implurb\/prefeitura-cauam-alvara\/","og_site_name":"IMPLURB","article_published_time":"2025-02-18T13:38:14+00:00","article_modified_time":"2025-02-18T13:38:15+00:00","og_image":[{"width":4032,"height":3024,"url":"https:\/\/www.manaus.am.gov.br\/implurb\/wp-content\/uploads\/sites\/13\/2025\/02\/CAUalvara4.jpg","type":"image\/jpeg"}],"author":"Adriana Costa","twitter_card":"summary_large_image","twitter_misc":{"Written by":"Adriana Costa","Est. reading time":"5 minutos"},"schema":{"@context":"https:\/\/schema.org","@graph":[{"@type":"WebPage","@id":"https:\/\/www.manaus.am.gov.br\/implurb\/prefeitura-cauam-alvara\/","url":"https:\/\/www.manaus.am.gov.br\/implurb\/prefeitura-cauam-alvara\/","name":"Prefeitura e CAU-AM alinham conhecimento sobre o novo Alvar\u00e1 de Constru\u00e7\u00e3o Mais F\u00e1cil","isPartOf":{"@id":"https:\/\/www.manaus.am.gov.br\/implurb\/#website"},"primaryImageOfPage":{"@id":"https:\/\/www.manaus.am.gov.br\/implurb\/prefeitura-cauam-alvara\/#primaryimage"},"image":{"@id":"https:\/\/www.manaus.am.gov.br\/implurb\/prefeitura-cauam-alvara\/#primaryimage"},"thumbnailUrl":"https:\/\/www.manaus.am.gov.br\/implurb\/wp-content\/uploads\/sites\/13\/2025\/02\/CAUalvara4.jpg","datePublished":"2025-02-18T13:38:14+00:00","dateModified":"2025-02-18T13:38:15+00:00","author":{"@id":"https:\/\/www.manaus.am.gov.br\/implurb\/#\/schema\/person\/4e49f4e267757a06ca072ec61b2b9968"},"description":"A Prefeitura de Manaus, via Instituto Municipal de Planejamento Urbano (Implurb), ganha o refor\u00e7o do Conselho de Arquitetura e Urbanismo do Amazonas (CAU-AM) para o lan\u00e7amento do novo Alvar\u00e1 de Constru\u00e7\u00e3o Mais F\u00e1ci","breadcrumb":{"@id":"https:\/\/www.manaus.am.gov.br\/implurb\/prefeitura-cauam-alvara\/#breadcrumb"},"inLanguage":"pt-BR","potentialAction":[{"@type":"ReadAction","target":["https:\/\/www.manaus.am.gov.br\/implurb\/prefeitura-cauam-alvara\/"]}]},{"@type":"ImageObject","inLanguage":"pt-BR","@id":"https:\/\/www.manaus.am.gov.br\/implurb\/prefeitura-cauam-alvara\/#primaryimage","url":"https:\/\/www.manaus.am.gov.br\/implurb\/wp-content\/uploads\/sites\/13\/2025\/02\/CAUalvara4.jpg","contentUrl":"https:\/\/www.manaus.am.gov.br\/implurb\/wp-content\/uploads\/sites\/13\/2025\/02\/CAUalvara4.jpg","width":4032,"height":3024},{"@type":"BreadcrumbList","@id":"https:\/\/www.manaus.am.gov.br\/implurb\/prefeitura-cauam-alvara\/#breadcrumb","itemListElement":[{"@type":"ListItem","position":1,"name":"Home","item":"https:\/\/www.manaus.am.gov.br\/implurb\/"},{"@type":"ListItem","position":2,"name":"Prefeitura e CAU-AM alinham conhecimento sobre o novo Alvar\u00e1 de Constru\u00e7\u00e3o Mais F\u00e1cil"}]},{"@type":"WebSite","@id":"https:\/\/www.manaus.am.gov.br\/implurb\/#website","url":"https:\/\/www.manaus.am.gov.br\/implurb\/","name":"IMPLURB","description":"Prefeitura de Manaus","potentialAction":[{"@type":"SearchAction","target":{"@type":"EntryPoint","urlTemplate":"https:\/\/www.manaus.am.gov.br\/implurb\/?s={search_term_string}"},"query-input":"required name=search_term_string"}],"inLanguage":"pt-BR"},{"@type":"Person","@id":"https:\/\/www.manaus.am.gov.br\/implurb\/#\/schema\/person\/4e49f4e267757a06ca072ec61b2b9968","name":"Adriana Costa","image":{"@type":"ImageObject","inLanguage":"pt-BR","@id":"https:\/\/www.manaus.am.gov.br\/implurb\/#\/schema\/person\/image\/","url":"https:\/\/secure.gravatar.com\/avatar\/576258617ef7194f718179e766d57bd4?s=96&d=mm&r=g","contentUrl":"https:\/\/secure.gravatar.com\/avatar\/576258617ef7194f718179e766d57bd4?s=96&d=mm&r=g","caption":"Adriana Costa"}}]}},"_links":{"self":[{"href":"https:\/\/www.manaus.am.gov.br\/implurb\/wp-json\/wp\/v2\/posts\/5506"}],"collection":[{"href":"https:\/\/www.manaus.am.gov.br\/implurb\/wp-json\/wp\/v2\/posts"}],"about":[{"href":"https:\/\/www.manaus.am.gov.br\/implurb\/wp-json\/wp\/v2\/types\/post"}],"author":[{"embeddable":true,"href":"https:\/\/www.manaus.am.gov.br\/implurb\/wp-json\/wp\/v2\/users\/23"}],"replies":[{"embeddable":true,"href":"https:\/\/www.manaus.am.gov.br\/implurb\/wp-json\/wp\/v2\/comments?post=5506"}],"version-history":[{"count":0,"href":"https:\/\/www.manaus.am.gov.br\/implurb\/wp-json\/wp\/v2\/posts\/5506\/revisions"}],"wp:featuredmedia":[{"embeddable":true,"href":"https:\/\/www.manaus.am.gov.br\/implurb\/wp-json\/wp\/v2\/media\/5507"}],"wp:attachment":[{"href":"https:\/\/www.manaus.am.gov.br\/implurb\/wp-json\/wp\/v2\/media?parent=5506"}],"wp:term":[{"taxonomy":"category","embeddable":true,"href":"https:\/\/www.manaus.am.gov.br\/implurb\/wp-json\/wp\/v2\/categories?post=5506"},{"taxonomy":"post_tag","embeddable":true,"href":"https:\/\/www.manaus.am.gov.br\/implurb\/wp-json\/wp\/v2\/tags?post=5506"}],"curies":[{"name":"wp","href":"https:\/\/api.w.org\/{rel}","templated":true}]}}