{"id":5488,"date":"2025-02-11T11:03:38","date_gmt":"2025-02-11T15:03:38","guid":{"rendered":"https:\/\/www.manaus.am.gov.br\/implurb\/manaus-cartilha-reabilitacao-centro\/"},"modified":"2025-02-11T11:03:39","modified_gmt":"2025-02-11T15:03:39","slug":"manaus-cartilha-reabilitacao-centro","status":"publish","type":"post","link":"https:\/\/www.manaus.am.gov.br\/implurb\/manaus-cartilha-reabilitacao-centro\/","title":{"rendered":"Manaus comp\u00f5e cartilha nacional de Boas Pr\u00e1ticas sobre centros urbanos em reabilita\u00e7\u00e3o"},"content":{"rendered":"\n<p>Integrando a Rede Brasileira de Urbanismo em \u00c1reas Centrais, a Prefeitura de Manaus, via Instituto Municipal de Planejamento Urbano (Implurb), est\u00e1 presente na Cartilha de Boas Pr\u00e1ticas \u2013 Volume 1, lan\u00e7ado pelo grupo que envolve nove capitais do Brasil, onde ocorrem, em diferentes per\u00edodos de tempo, a reabilita\u00e7\u00e3o das \u00e1reas centrais.<\/p>\n\n\n\n<p>A cartilha compartilha boas pr\u00e1ticas, apresenta o desenvolvimento dos planos de cada capital, aponta&nbsp;<em>cases<\/em>&nbsp;de sucesso e os desafios da requalifica\u00e7\u00e3o dos territ\u00f3rios urbanos de Manaus (AM), Recife (PE), Belo Horizonte (MG), Rio de Janeiro (RJ), S\u00e3o Paulo (SP), Salvador (BA), S\u00e3o Lu\u00eds (MA), Campo Grande (MS) e Porto Alegre (RS).<\/p>\n\n\n\n<p>O documento \u00e9 resultado do trabalho de gestores, t\u00e9cnicos e todas as equipes interessadas na transforma\u00e7\u00e3o dos centros urbanos em espa\u00e7os mais inclusivos, sustent\u00e1veis, economicamente din\u00e2micos e com uso renovado, sendo uma a\u00e7\u00e3o colaborativa e de compromisso das cidades que integram a rede brasileira, levando em conta suas particularidades culturais e urban\u00edsticas.<\/p>\n\n\n\n<p>A coopera\u00e7\u00e3o entre as capitais, representantes legislativos e t\u00e9cnicos municipais refor\u00e7a o compromisso do grupo com uma agenda urbana que valoriza o patrim\u00f4nio hist\u00f3rico, o pertencimento das popula\u00e7\u00f5es, incentiva a inclus\u00e3o social e promove o crescimento de neg\u00f3cios e da economia.<\/p>\n\n\n\n<p>De Manaus, a experi\u00eancia inclu\u00edda \u00e9 o programa \u201cNosso Centro\u201d, que abrange uma \u00e1rea total de mais de 11 mil quil\u00f4metros quadrados, lan\u00e7ado pelo prefeito David Almeida em 2021, cuja primeira etapa foi iniciada e inaugurada, contando com quatro grandes obras de reuso na revitaliza\u00e7\u00e3o do centro hist\u00f3rico, a partir da avenida 7 de Setembro, \u00e0s margens do rio Negro: mirante L\u00facia Almeida, largo de S\u00e3o Vicente, p\u00eder tur\u00edstico Manaus 355 e casar\u00e3o Thiago de Mello.<\/p>\n\n\n\n<p>Para o diretor de Planejamento Urbano do Implurb, arquiteto e urbanista Pedro Paulo Cordeiro, a cartilha apresenta como as capitais est\u00e3o atuando nos seus centros urbanos, desde a governan\u00e7a participativa, passando pelo desenvolvimento e at\u00e9 o crescimento econ\u00f4mico. \u201cCada cidade apresenta como ocorre sua reabilita\u00e7\u00e3o, ao longo do tempo, em diversos momentos distintos e com suas especificidades. Em Manaus, temos o \u2018Nosso Centro\u2019, cuja primeira etapa foi conclu\u00edda e avan\u00e7a para as etapas seguintes, com os pr\u00f3ximos projetos e a\u00e7\u00f5es. A cartilha traz uma compila\u00e7\u00e3o das informa\u00e7\u00f5es referentes ao desenvolvimento, tanto das atividades quanto dos programas de revitaliza\u00e7\u00e3o que est\u00e3o acontecendo no Brasil. E \u00e9 uma grata surpresa estarmos inseridos e sabermos que estamos no caminho certo\u201d, comentou.<\/p>\n\n\n\n<p>No documento est\u00e3o apresentados os eixos de atua\u00e7\u00e3o das capitais conforme o acordo de coopera\u00e7\u00e3o assinado entre elas e seus gestores, facilitando a identifica\u00e7\u00e3o das pr\u00e1ticas relevantes e que podem servir de refer\u00eancia para outras cidades em busca de projetos inovadores, atuando para criar centros urbanos mais vivos, acess\u00edveis, resilientes e cheios de hist\u00f3ria. Ela deve servir como um guia, al\u00e9m de representar um marco importante nacional que pode inspirar e orientar iniciativas em outros munic\u00edpios brasileiros.<\/p>\n\n\n\n<p>Tempo<\/p>\n\n\n\n<p>Pedro Paulo adianta que n\u00e3o \u00e9 uma jornada f\u00e1cil revitalizar uma \u00e1rea central desgastada, degradada e abandonada ao longo de d\u00e9cadas e que a escala de tempo \u00e9 diferente para cada centro urbano. \u201cMuita gente acredita que pode acontecer em um ano, dois anos, mas isso n\u00e3o \u00e9 real. Um plano de revitaliza\u00e7\u00e3o de \u00e1reas centrais acontece entre per\u00edodos de cinco anos, dez anos, 20 anos. At\u00e9 porque, se precisa de muito investimento para reabilitar \u00e1reas degradadas e abandonadas, e n\u00e3o s\u00f3 investimento de recursos financeiros, mas tamb\u00e9m de pessoal, invertendo a l\u00f3gica de como funciona o territ\u00f3rio\u201d, disse o arquiteto e urbanista.<\/p>\n\n\n\n<p>No caso de Manaus, o \u201cNosso Centro\u201d tem entre seus eixos o \u201cMais Vida\u201d, que \u00e9 levar pessoas e frequentadores ao territ\u00f3rio, seja com visita\u00e7\u00e3o, como j\u00e1 acontece nos espa\u00e7os entregues, seja com moradia, que \u00e9 uma meta da segunda e terceira etapas do programa municipal.<\/p>\n\n\n\n<p>\u201cS\u00e3o diversas experi\u00eancias que est\u00e3o ocorrendo e cada uma tem suas peculiaridades. E o \u2018Nosso Centro\u2019 visa exatamente isso, ser um programa a m\u00e9dio e longo prazos. Mas os resultados j\u00e1 est\u00e3o aparecendo hoje, com a primeira etapa entregue. Al\u00e9m da experi\u00eancia do fazer e construir, temos ainda as coopera\u00e7\u00f5es com \u00f3rg\u00e3os como o Instituto do Patrim\u00f4nio Hist\u00f3rico e Art\u00edstico Nacional (Iphan), no Amazonas, que vai desde uma fiscaliza\u00e7\u00e3o compartilhada at\u00e9 apoio t\u00e9cnico referente a projetos. Um dos casos \u00e9 o da reforma das tr\u00eas igrejas mais antigas e de maior relev\u00e2ncia junto ao patrim\u00f4nio \u2013 igrejas de S\u00e3o Sebasti\u00e3o, Nossa Senhora da Concei\u00e7\u00e3o (Matriz) e dos Rem\u00e9dios \u2013, que est\u00e3o sendo reformadas com recursos oriundos de emenda parlamentar\u201d, afirmou.<\/p>\n\n\n\n<p>A Cartilha de Boas Pr\u00e1ticas \u00e9 uma verdadeira b\u00fassola apontando os esfor\u00e7os, desafios e vit\u00f3rias na reabilita\u00e7\u00e3o dos centros urbanos das capitais. Em Manaus, o programa inclu\u00eddo tem um forte apelo ao turismo, mas as iniciativas prezam pela melhoria da qualidade de vida dos moradores.<\/p>\n\n\n\n<p>&#8212; &#8212; &#8212;&nbsp;<\/p>\n\n\n\n<p><strong>Texto <\/strong>&#8211;\u00a0Claudia do Valle\/Implurb\u00a0<\/p>\n\n\n\n<p><strong>Fotos\u00a0<\/strong>\u2013\u00a0Arquivo\/Semcom e Divulga\u00e7\u00e3o<\/p>\n","protected":false},"excerpt":{"rendered":"","protected":false},"author":23,"featured_media":5489,"comment_status":"closed","ping_status":"closed","sticky":false,"template":"","format":"standard","meta":{"footnotes":""},"categories":[1474],"tags":[1653,11,14,1654,1655],"acf":[],"yoast_head":"<!-- This site is optimized with the Yoast SEO plugin v23.0 - https:\/\/yoast.com\/wordpress\/plugins\/seo\/ -->\n<title>Manaus comp\u00f5e cartilha nacional de Boas Pr\u00e1ticas sobre centros urbanos em reabilita\u00e7\u00e3o<\/title>\n<meta name=\"description\" content=\"Integrando a Rede Brasileira de Urbanismo em \u00c1reas Centrais, a Prefeitura de Manaus, via Instituto Municipal de Planejamento Urbano (Implurb), est\u00e1 presente na Cartilha de Boas Pr\u00e1ticas \u2013 Volume 1, lan\u00e7ado pelo grupo que envolve nove capitais do Brasil, onde ocorrem, em diferentes per\u00edodos de tempo, a reabilita\u00e7\u00e3o das \u00e1reas centrais.\" \/>\n<meta name=\"robots\" content=\"noindex, follow\" \/>\n<meta property=\"og:locale\" content=\"pt_BR\" \/>\n<meta property=\"og:type\" content=\"article\" \/>\n<meta property=\"og:title\" content=\"Manaus comp\u00f5e cartilha nacional de Boas Pr\u00e1ticas sobre centros urbanos em reabilita\u00e7\u00e3o\" \/>\n<meta property=\"og:description\" content=\"Integrando a Rede Brasileira de Urbanismo em \u00c1reas Centrais, a Prefeitura de Manaus, via Instituto Municipal de Planejamento Urbano (Implurb), est\u00e1 presente na Cartilha de Boas Pr\u00e1ticas \u2013 Volume 1, lan\u00e7ado pelo grupo que envolve nove capitais do Brasil, onde ocorrem, em diferentes per\u00edodos de tempo, a reabilita\u00e7\u00e3o das \u00e1reas centrais.\" \/>\n<meta property=\"og:url\" content=\"https:\/\/www.manaus.am.gov.br\/implurb\/manaus-cartilha-reabilitacao-centro\/\" \/>\n<meta property=\"og:site_name\" content=\"IMPLURB\" \/>\n<meta property=\"article:published_time\" content=\"2025-02-11T15:03:38+00:00\" \/>\n<meta property=\"article:modified_time\" content=\"2025-02-11T15:03:39+00:00\" \/>\n<meta property=\"og:image\" content=\"https:\/\/www.manaus.am.gov.br\/implurb\/wp-content\/uploads\/sites\/13\/2025\/02\/WhatsApp-Image-2025-02-11-at-10.18.47.jpeg\" \/>\n\t<meta property=\"og:image:width\" content=\"2560\" \/>\n\t<meta property=\"og:image:height\" content=\"1440\" \/>\n\t<meta property=\"og:image:type\" content=\"image\/jpeg\" \/>\n<meta name=\"author\" content=\"Adriana Costa\" \/>\n<meta name=\"twitter:card\" content=\"summary_large_image\" \/>\n<meta name=\"twitter:label1\" content=\"Written by\" \/>\n\t<meta name=\"twitter:data1\" content=\"Adriana Costa\" \/>\n\t<meta name=\"twitter:label2\" content=\"Est. reading time\" \/>\n\t<meta name=\"twitter:data2\" content=\"5 minutos\" \/>\n<script type=\"application\/ld+json\" class=\"yoast-schema-graph\">{\"@context\":\"https:\/\/schema.org\",\"@graph\":[{\"@type\":\"WebPage\",\"@id\":\"https:\/\/www.manaus.am.gov.br\/implurb\/manaus-cartilha-reabilitacao-centro\/\",\"url\":\"https:\/\/www.manaus.am.gov.br\/implurb\/manaus-cartilha-reabilitacao-centro\/\",\"name\":\"Manaus comp\u00f5e cartilha nacional de Boas Pr\u00e1ticas sobre centros urbanos em reabilita\u00e7\u00e3o\",\"isPartOf\":{\"@id\":\"https:\/\/www.manaus.am.gov.br\/implurb\/#website\"},\"primaryImageOfPage\":{\"@id\":\"https:\/\/www.manaus.am.gov.br\/implurb\/manaus-cartilha-reabilitacao-centro\/#primaryimage\"},\"image\":{\"@id\":\"https:\/\/www.manaus.am.gov.br\/implurb\/manaus-cartilha-reabilitacao-centro\/#primaryimage\"},\"thumbnailUrl\":\"https:\/\/www.manaus.am.gov.br\/implurb\/wp-content\/uploads\/sites\/13\/2025\/02\/WhatsApp-Image-2025-02-11-at-10.18.47.jpeg\",\"datePublished\":\"2025-02-11T15:03:38+00:00\",\"dateModified\":\"2025-02-11T15:03:39+00:00\",\"author\":{\"@id\":\"https:\/\/www.manaus.am.gov.br\/implurb\/#\/schema\/person\/4e49f4e267757a06ca072ec61b2b9968\"},\"description\":\"Integrando a Rede Brasileira de Urbanismo em \u00c1reas Centrais, a Prefeitura de Manaus, via Instituto Municipal de Planejamento Urbano (Implurb), est\u00e1 presente na Cartilha de Boas Pr\u00e1ticas \u2013 Volume 1, lan\u00e7ado pelo grupo que envolve nove capitais do Brasil, onde ocorrem, em diferentes per\u00edodos de tempo, a reabilita\u00e7\u00e3o das \u00e1reas centrais.\",\"breadcrumb\":{\"@id\":\"https:\/\/www.manaus.am.gov.br\/implurb\/manaus-cartilha-reabilitacao-centro\/#breadcrumb\"},\"inLanguage\":\"pt-BR\",\"potentialAction\":[{\"@type\":\"ReadAction\",\"target\":[\"https:\/\/www.manaus.am.gov.br\/implurb\/manaus-cartilha-reabilitacao-centro\/\"]}]},{\"@type\":\"ImageObject\",\"inLanguage\":\"pt-BR\",\"@id\":\"https:\/\/www.manaus.am.gov.br\/implurb\/manaus-cartilha-reabilitacao-centro\/#primaryimage\",\"url\":\"https:\/\/www.manaus.am.gov.br\/implurb\/wp-content\/uploads\/sites\/13\/2025\/02\/WhatsApp-Image-2025-02-11-at-10.18.47.jpeg\",\"contentUrl\":\"https:\/\/www.manaus.am.gov.br\/implurb\/wp-content\/uploads\/sites\/13\/2025\/02\/WhatsApp-Image-2025-02-11-at-10.18.47.jpeg\",\"width\":2560,\"height\":1440},{\"@type\":\"BreadcrumbList\",\"@id\":\"https:\/\/www.manaus.am.gov.br\/implurb\/manaus-cartilha-reabilitacao-centro\/#breadcrumb\",\"itemListElement\":[{\"@type\":\"ListItem\",\"position\":1,\"name\":\"Home\",\"item\":\"https:\/\/www.manaus.am.gov.br\/implurb\/\"},{\"@type\":\"ListItem\",\"position\":2,\"name\":\"Manaus comp\u00f5e cartilha nacional de Boas Pr\u00e1ticas sobre centros urbanos em reabilita\u00e7\u00e3o\"}]},{\"@type\":\"WebSite\",\"@id\":\"https:\/\/www.manaus.am.gov.br\/implurb\/#website\",\"url\":\"https:\/\/www.manaus.am.gov.br\/implurb\/\",\"name\":\"IMPLURB\",\"description\":\"Prefeitura de Manaus\",\"potentialAction\":[{\"@type\":\"SearchAction\",\"target\":{\"@type\":\"EntryPoint\",\"urlTemplate\":\"https:\/\/www.manaus.am.gov.br\/implurb\/?s={search_term_string}\"},\"query-input\":\"required name=search_term_string\"}],\"inLanguage\":\"pt-BR\"},{\"@type\":\"Person\",\"@id\":\"https:\/\/www.manaus.am.gov.br\/implurb\/#\/schema\/person\/4e49f4e267757a06ca072ec61b2b9968\",\"name\":\"Adriana Costa\",\"image\":{\"@type\":\"ImageObject\",\"inLanguage\":\"pt-BR\",\"@id\":\"https:\/\/www.manaus.am.gov.br\/implurb\/#\/schema\/person\/image\/\",\"url\":\"https:\/\/secure.gravatar.com\/avatar\/576258617ef7194f718179e766d57bd4?s=96&d=mm&r=g\",\"contentUrl\":\"https:\/\/secure.gravatar.com\/avatar\/576258617ef7194f718179e766d57bd4?s=96&d=mm&r=g\",\"caption\":\"Adriana Costa\"}}]}<\/script>\n<!-- \/ Yoast SEO plugin. -->","yoast_head_json":{"title":"Manaus comp\u00f5e cartilha nacional de Boas Pr\u00e1ticas sobre centros urbanos em reabilita\u00e7\u00e3o","description":"Integrando a Rede Brasileira de Urbanismo em \u00c1reas Centrais, a Prefeitura de Manaus, via Instituto Municipal de Planejamento Urbano (Implurb), est\u00e1 presente na Cartilha de Boas Pr\u00e1ticas \u2013 Volume 1, lan\u00e7ado pelo grupo que envolve nove capitais do Brasil, onde ocorrem, em diferentes per\u00edodos de tempo, a reabilita\u00e7\u00e3o das \u00e1reas centrais.","robots":{"index":"noindex","follow":"follow"},"og_locale":"pt_BR","og_type":"article","og_title":"Manaus comp\u00f5e cartilha nacional de Boas Pr\u00e1ticas sobre centros urbanos em reabilita\u00e7\u00e3o","og_description":"Integrando a Rede Brasileira de Urbanismo em \u00c1reas Centrais, a Prefeitura de Manaus, via Instituto Municipal de Planejamento Urbano (Implurb), est\u00e1 presente na Cartilha de Boas Pr\u00e1ticas \u2013 Volume 1, lan\u00e7ado pelo grupo que envolve nove capitais do Brasil, onde ocorrem, em diferentes per\u00edodos de tempo, a reabilita\u00e7\u00e3o das \u00e1reas centrais.","og_url":"https:\/\/www.manaus.am.gov.br\/implurb\/manaus-cartilha-reabilitacao-centro\/","og_site_name":"IMPLURB","article_published_time":"2025-02-11T15:03:38+00:00","article_modified_time":"2025-02-11T15:03:39+00:00","og_image":[{"width":2560,"height":1440,"url":"https:\/\/www.manaus.am.gov.br\/implurb\/wp-content\/uploads\/sites\/13\/2025\/02\/WhatsApp-Image-2025-02-11-at-10.18.47.jpeg","type":"image\/jpeg"}],"author":"Adriana Costa","twitter_card":"summary_large_image","twitter_misc":{"Written by":"Adriana Costa","Est. reading time":"5 minutos"},"schema":{"@context":"https:\/\/schema.org","@graph":[{"@type":"WebPage","@id":"https:\/\/www.manaus.am.gov.br\/implurb\/manaus-cartilha-reabilitacao-centro\/","url":"https:\/\/www.manaus.am.gov.br\/implurb\/manaus-cartilha-reabilitacao-centro\/","name":"Manaus comp\u00f5e cartilha nacional de Boas Pr\u00e1ticas sobre centros urbanos em reabilita\u00e7\u00e3o","isPartOf":{"@id":"https:\/\/www.manaus.am.gov.br\/implurb\/#website"},"primaryImageOfPage":{"@id":"https:\/\/www.manaus.am.gov.br\/implurb\/manaus-cartilha-reabilitacao-centro\/#primaryimage"},"image":{"@id":"https:\/\/www.manaus.am.gov.br\/implurb\/manaus-cartilha-reabilitacao-centro\/#primaryimage"},"thumbnailUrl":"https:\/\/www.manaus.am.gov.br\/implurb\/wp-content\/uploads\/sites\/13\/2025\/02\/WhatsApp-Image-2025-02-11-at-10.18.47.jpeg","datePublished":"2025-02-11T15:03:38+00:00","dateModified":"2025-02-11T15:03:39+00:00","author":{"@id":"https:\/\/www.manaus.am.gov.br\/implurb\/#\/schema\/person\/4e49f4e267757a06ca072ec61b2b9968"},"description":"Integrando a Rede Brasileira de Urbanismo em \u00c1reas Centrais, a Prefeitura de Manaus, via Instituto Municipal de Planejamento Urbano (Implurb), est\u00e1 presente na Cartilha de Boas Pr\u00e1ticas \u2013 Volume 1, lan\u00e7ado pelo grupo que envolve nove capitais do Brasil, onde ocorrem, em diferentes per\u00edodos de tempo, a reabilita\u00e7\u00e3o das \u00e1reas centrais.","breadcrumb":{"@id":"https:\/\/www.manaus.am.gov.br\/implurb\/manaus-cartilha-reabilitacao-centro\/#breadcrumb"},"inLanguage":"pt-BR","potentialAction":[{"@type":"ReadAction","target":["https:\/\/www.manaus.am.gov.br\/implurb\/manaus-cartilha-reabilitacao-centro\/"]}]},{"@type":"ImageObject","inLanguage":"pt-BR","@id":"https:\/\/www.manaus.am.gov.br\/implurb\/manaus-cartilha-reabilitacao-centro\/#primaryimage","url":"https:\/\/www.manaus.am.gov.br\/implurb\/wp-content\/uploads\/sites\/13\/2025\/02\/WhatsApp-Image-2025-02-11-at-10.18.47.jpeg","contentUrl":"https:\/\/www.manaus.am.gov.br\/implurb\/wp-content\/uploads\/sites\/13\/2025\/02\/WhatsApp-Image-2025-02-11-at-10.18.47.jpeg","width":2560,"height":1440},{"@type":"BreadcrumbList","@id":"https:\/\/www.manaus.am.gov.br\/implurb\/manaus-cartilha-reabilitacao-centro\/#breadcrumb","itemListElement":[{"@type":"ListItem","position":1,"name":"Home","item":"https:\/\/www.manaus.am.gov.br\/implurb\/"},{"@type":"ListItem","position":2,"name":"Manaus comp\u00f5e cartilha nacional de Boas Pr\u00e1ticas sobre centros urbanos em reabilita\u00e7\u00e3o"}]},{"@type":"WebSite","@id":"https:\/\/www.manaus.am.gov.br\/implurb\/#website","url":"https:\/\/www.manaus.am.gov.br\/implurb\/","name":"IMPLURB","description":"Prefeitura de Manaus","potentialAction":[{"@type":"SearchAction","target":{"@type":"EntryPoint","urlTemplate":"https:\/\/www.manaus.am.gov.br\/implurb\/?s={search_term_string}"},"query-input":"required name=search_term_string"}],"inLanguage":"pt-BR"},{"@type":"Person","@id":"https:\/\/www.manaus.am.gov.br\/implurb\/#\/schema\/person\/4e49f4e267757a06ca072ec61b2b9968","name":"Adriana Costa","image":{"@type":"ImageObject","inLanguage":"pt-BR","@id":"https:\/\/www.manaus.am.gov.br\/implurb\/#\/schema\/person\/image\/","url":"https:\/\/secure.gravatar.com\/avatar\/576258617ef7194f718179e766d57bd4?s=96&d=mm&r=g","contentUrl":"https:\/\/secure.gravatar.com\/avatar\/576258617ef7194f718179e766d57bd4?s=96&d=mm&r=g","caption":"Adriana Costa"}}]}},"_links":{"self":[{"href":"https:\/\/www.manaus.am.gov.br\/implurb\/wp-json\/wp\/v2\/posts\/5488"}],"collection":[{"href":"https:\/\/www.manaus.am.gov.br\/implurb\/wp-json\/wp\/v2\/posts"}],"about":[{"href":"https:\/\/www.manaus.am.gov.br\/implurb\/wp-json\/wp\/v2\/types\/post"}],"author":[{"embeddable":true,"href":"https:\/\/www.manaus.am.gov.br\/implurb\/wp-json\/wp\/v2\/users\/23"}],"replies":[{"embeddable":true,"href":"https:\/\/www.manaus.am.gov.br\/implurb\/wp-json\/wp\/v2\/comments?post=5488"}],"version-history":[{"count":0,"href":"https:\/\/www.manaus.am.gov.br\/implurb\/wp-json\/wp\/v2\/posts\/5488\/revisions"}],"wp:featuredmedia":[{"embeddable":true,"href":"https:\/\/www.manaus.am.gov.br\/implurb\/wp-json\/wp\/v2\/media\/5489"}],"wp:attachment":[{"href":"https:\/\/www.manaus.am.gov.br\/implurb\/wp-json\/wp\/v2\/media?parent=5488"}],"wp:term":[{"taxonomy":"category","embeddable":true,"href":"https:\/\/www.manaus.am.gov.br\/implurb\/wp-json\/wp\/v2\/categories?post=5488"},{"taxonomy":"post_tag","embeddable":true,"href":"https:\/\/www.manaus.am.gov.br\/implurb\/wp-json\/wp\/v2\/tags?post=5488"}],"curies":[{"name":"wp","href":"https:\/\/api.w.org\/{rel}","templated":true}]}}