{"id":5459,"date":"2025-02-03T14:40:27","date_gmt":"2025-02-03T18:40:27","guid":{"rendered":"https:\/\/www.manaus.am.gov.br\/implurb\/david-vistoria-obras-parque\/"},"modified":"2025-02-03T14:40:27","modified_gmt":"2025-02-03T18:40:27","slug":"david-vistoria-obras-parque","status":"publish","type":"post","link":"https:\/\/www.manaus.am.gov.br\/implurb\/david-vistoria-obras-parque\/","title":{"rendered":"Prefeito David Almeida vistoria obras do Parque Encontro das \u00c1guas em Manaus"},"content":{"rendered":"\n<p>O prefeito de Manaus, David Almeida, realizou nesta segunda-feira, 3\/2, uma vistoria nas obras do Parque Encontro das \u00c1guas \u2013 Rosa Almeida, localizado no bairro Col\u00f4nia Ant\u00f4nio Aleixo, na zona Leste da capital. O projeto, assinado pelo renomado arquiteto Oscar Niemeyer, recebeu ajustes urbanos do Instituto Municipal de Planejamento Urbano (Implurb) para moderniza\u00e7\u00e3o da infraestrutura.<\/p>\n\n\n\n<p>Atualmente, os trabalhos est\u00e3o concentrados na conten\u00e7\u00e3o do talude, utilizando tecnologia avan\u00e7ada para garantir maior seguran\u00e7a e durabilidade \u00e0 constru\u00e7\u00e3o. O m\u00e9todo empregado, chamado jet grouting, consiste na inje\u00e7\u00e3o de concreto diretamente no solo, formando 266 estacas que refor\u00e7am a estrutura do terreno. Equipamentos especializados, como perfuratrizes, est\u00e3o sendo utilizados para a execu\u00e7\u00e3o dessa etapa, que j\u00e1 alcan\u00e7ou 60% de conclus\u00e3o.<\/p>\n\n\n\n<p>Durante a vistoria, o prefeito David Almeida destacou a import\u00e2ncia do investimento no turismo para o desenvolvimento da cidade.<\/p>\n\n\n\n<p>\u201cEstamos diante de um dos lugares mais lindos de Manaus. A natureza nos presenteou com esse fen\u00f4meno e agora nossa gest\u00e3o est\u00e1 investindo para transformar este espa\u00e7o em um atrativo tur\u00edstico de refer\u00eancia. O Parque Encontro das \u00c1guas ser\u00e1 um novo cart\u00e3o-postal da cidade, promovendo lazer para a popula\u00e7\u00e3o e movimentando o turismo local\u201d, ressaltou Almeida.<\/p>\n\n\n\n<p>O parque ocupa um dos pontos mais privilegiados da cidade, oferecendo uma vis\u00e3o \u00fanica do fen\u00f4meno do encontro dos rios Negro e Solim\u00f5es, onde as \u00e1guas n\u00e3o se misturam. A execu\u00e7\u00e3o da obra est\u00e1 a cargo do cons\u00f3rcio Encontro das \u00c1guas, formado pelas empresas F N Crespo Neto e Cia. Ltda. e RED Engenharia Ltda.<\/p>\n\n\n\n<p>O projeto original de Niemeyer, desenvolvido em 2005, prev\u00ea a constru\u00e7\u00e3o de um museu e um restaurante embutido no talude. O museu contar\u00e1 com uma c\u00fapula de concreto e duas l\u00e2minas coloridas \u2013 uma preta e outra amarela \u2013 representando, respectivamente, os rios Negro e Solim\u00f5es.<\/p>\n\n\n\n<p>O diretor-presidente do Implurb, Carlos Valente, refor\u00e7ou que a obra segue dentro do cronograma estabelecido e que a entrega est\u00e1 prevista para o segundo semestre de 2025.<\/p>\n\n\n\n<p>\u201cEstamos com um trabalho intenso, de segunda a domingo, utilizando cerca de 1.500 sacos de cimento por dia. Nossa expectativa \u00e9 que at\u00e9 outubro o prefeito possa entregar esse grande projeto para Manaus\u201d, afirmou Valente.<\/p>\n\n\n\n<p>O engenheiro respons\u00e1vel pela obra, Leandro Ladeira, explicou os pr\u00f3ximos passos da constru\u00e7\u00e3o.<\/p>\n\n\n\n<p>\u201cEstamos fazendo o levantamento das estacas e dos blocos para a infraestrutura das funda\u00e7\u00f5es. Tamb\u00e9m avan\u00e7aremos com cortes de terreno e, posteriormente, com a montagem das ferragens. Nos pr\u00f3ximos dias, uma nova perfuratriz ser\u00e1 mobilizada para esse trecho da obra\u201d, detalhou Ladeira.<\/p>\n\n\n\n<p><strong>Dados t\u00e9cnicos<\/strong><\/p>\n\n\n\n<figure class=\"wp-block-image size-large\"><img decoding=\"async\" src=\"https:\/\/www.manaus.am.gov.br\/implurb\/wp-content\/uploads\/sites\/13\/2025\/02\/WhatsApp-Image-2025-02-03-at-14.33.36-1-1024x768.jpeg\" alt=\"\" class=\"wp-image-5460\" \/><figcaption class=\"wp-element-caption\">#paratodosverem a \u00e1rea destinada \u00e0 implanta\u00e7\u00e3o do parque \u00e9 de 17.533,18 metros quadrados<\/figcaption><\/figure>\n\n\n\n<p>Com uma \u00e1rea total de mais de 120 mil metros quadrados, o Parque Encontro das \u00c1guas foi concebido como um espa\u00e7o urbano integrado \u00e0 natureza, respeitando a topografia do terreno. A obra conta com acompanhamento arqueol\u00f3gico e todas as licen\u00e7as ambientais necess\u00e1rias, incluindo o licenciamento junto ao Instituto do Patrim\u00f4nio Hist\u00f3rico e Art\u00edstico Nacional (Iphan).<\/p>\n\n\n\n<p>A \u00e1rea destinada \u00e0 implanta\u00e7\u00e3o do parque \u00e9 de 17.533,18 metros quadrados e est\u00e1 sendo preparada para receber visitantes com infraestrutura moderna e sustent\u00e1vel.<\/p>\n\n\n\n<p>A expectativa \u00e9 que o Parque Encontro das \u00c1guas se torne um dos principais pontos tur\u00edsticos da regi\u00e3o Norte, oferecendo um espa\u00e7o de contempla\u00e7\u00e3o, cultura e lazer para moradores e turistas.<\/p>\n\n\n\n<p>&#8212; &#8212; &#8212;<\/p>\n\n\n\n<p><strong>Texto<\/strong> &#8211; Dario Avelino \/ Semcom<\/p>\n\n\n\n<p><strong>Fotos <\/strong>&#8211; Dhyeizo Lemos \/ Semcom<\/p>\n\n\n\n<p><strong>Dispon\u00edveis em<\/strong> &#8211; https:\/\/flic.kr\/s\/aHBqjC1c7N<\/p>\n","protected":false},"excerpt":{"rendered":"","protected":false},"author":25,"featured_media":5461,"comment_status":"closed","ping_status":"closed","sticky":false,"template":"","format":"standard","meta":{"footnotes":""},"categories":[247],"tags":[31,11,1553],"acf":[],"yoast_head":"<!-- This site is optimized with the Yoast SEO plugin v23.0 - https:\/\/yoast.com\/wordpress\/plugins\/seo\/ -->\n<title>Prefeito David Almeida vistoria obras do Parque Encontro das \u00c1guas em Manaus<\/title>\n<meta name=\"description\" content=\"O prefeito de Manaus, David Almeida, realizou nesta segunda-feira, 3\/2, uma vistoria nas obras do Parque Encontro das \u00c1guas \u2013 Rosa Almeida\" \/>\n<meta name=\"robots\" content=\"noindex, follow\" \/>\n<meta property=\"og:locale\" content=\"pt_BR\" \/>\n<meta property=\"og:type\" content=\"article\" \/>\n<meta property=\"og:title\" content=\"Prefeito David Almeida vistoria obras do Parque Encontro das \u00c1guas em Manaus\" \/>\n<meta property=\"og:description\" content=\"O prefeito de Manaus, David Almeida, realizou nesta segunda-feira, 3\/2, uma vistoria nas obras do Parque Encontro das \u00c1guas \u2013 Rosa Almeida\" \/>\n<meta property=\"og:url\" content=\"https:\/\/www.manaus.am.gov.br\/implurb\/david-vistoria-obras-parque\/\" \/>\n<meta property=\"og:site_name\" content=\"IMPLURB\" \/>\n<meta property=\"article:published_time\" content=\"2025-02-03T18:40:27+00:00\" \/>\n<meta property=\"og:image\" content=\"https:\/\/www.manaus.am.gov.br\/implurb\/wp-content\/uploads\/sites\/13\/2025\/02\/WhatsApp-Image-2025-02-03-at-14.33.35.jpeg\" \/>\n\t<meta property=\"og:image:width\" content=\"1600\" \/>\n\t<meta property=\"og:image:height\" content=\"1066\" \/>\n\t<meta property=\"og:image:type\" content=\"image\/jpeg\" \/>\n<meta name=\"author\" content=\"Maur\u00edcio Freire\" \/>\n<meta name=\"twitter:card\" content=\"summary_large_image\" \/>\n<meta name=\"twitter:label1\" content=\"Written by\" \/>\n\t<meta name=\"twitter:data1\" content=\"Maur\u00edcio Freire\" \/>\n\t<meta name=\"twitter:label2\" content=\"Est. reading time\" \/>\n\t<meta name=\"twitter:data2\" content=\"4 minutos\" \/>\n<script type=\"application\/ld+json\" class=\"yoast-schema-graph\">{\"@context\":\"https:\/\/schema.org\",\"@graph\":[{\"@type\":\"WebPage\",\"@id\":\"https:\/\/www.manaus.am.gov.br\/implurb\/david-vistoria-obras-parque\/\",\"url\":\"https:\/\/www.manaus.am.gov.br\/implurb\/david-vistoria-obras-parque\/\",\"name\":\"Prefeito David Almeida vistoria obras do Parque Encontro das \u00c1guas em Manaus\",\"isPartOf\":{\"@id\":\"https:\/\/www.manaus.am.gov.br\/implurb\/#website\"},\"primaryImageOfPage\":{\"@id\":\"https:\/\/www.manaus.am.gov.br\/implurb\/david-vistoria-obras-parque\/#primaryimage\"},\"image\":{\"@id\":\"https:\/\/www.manaus.am.gov.br\/implurb\/david-vistoria-obras-parque\/#primaryimage\"},\"thumbnailUrl\":\"https:\/\/www.manaus.am.gov.br\/implurb\/wp-content\/uploads\/sites\/13\/2025\/02\/WhatsApp-Image-2025-02-03-at-14.33.35.jpeg\",\"datePublished\":\"2025-02-03T18:40:27+00:00\",\"dateModified\":\"2025-02-03T18:40:27+00:00\",\"author\":{\"@id\":\"https:\/\/www.manaus.am.gov.br\/implurb\/#\/schema\/person\/587989a23a463cde5618e6a028977a9a\"},\"description\":\"O prefeito de Manaus, David Almeida, realizou nesta segunda-feira, 3\/2, uma vistoria nas obras do Parque Encontro das \u00c1guas \u2013 Rosa Almeida\",\"breadcrumb\":{\"@id\":\"https:\/\/www.manaus.am.gov.br\/implurb\/david-vistoria-obras-parque\/#breadcrumb\"},\"inLanguage\":\"pt-BR\",\"potentialAction\":[{\"@type\":\"ReadAction\",\"target\":[\"https:\/\/www.manaus.am.gov.br\/implurb\/david-vistoria-obras-parque\/\"]}]},{\"@type\":\"ImageObject\",\"inLanguage\":\"pt-BR\",\"@id\":\"https:\/\/www.manaus.am.gov.br\/implurb\/david-vistoria-obras-parque\/#primaryimage\",\"url\":\"https:\/\/www.manaus.am.gov.br\/implurb\/wp-content\/uploads\/sites\/13\/2025\/02\/WhatsApp-Image-2025-02-03-at-14.33.35.jpeg\",\"contentUrl\":\"https:\/\/www.manaus.am.gov.br\/implurb\/wp-content\/uploads\/sites\/13\/2025\/02\/WhatsApp-Image-2025-02-03-at-14.33.35.jpeg\",\"width\":1600,\"height\":1066,\"caption\":\"#paratodosverem prefeito David Almeida vistoriando as obras do parque\"},{\"@type\":\"BreadcrumbList\",\"@id\":\"https:\/\/www.manaus.am.gov.br\/implurb\/david-vistoria-obras-parque\/#breadcrumb\",\"itemListElement\":[{\"@type\":\"ListItem\",\"position\":1,\"name\":\"Home\",\"item\":\"https:\/\/www.manaus.am.gov.br\/implurb\/\"},{\"@type\":\"ListItem\",\"position\":2,\"name\":\"Prefeito David Almeida vistoria obras do Parque Encontro das \u00c1guas em Manaus\"}]},{\"@type\":\"WebSite\",\"@id\":\"https:\/\/www.manaus.am.gov.br\/implurb\/#website\",\"url\":\"https:\/\/www.manaus.am.gov.br\/implurb\/\",\"name\":\"IMPLURB\",\"description\":\"Prefeitura de Manaus\",\"potentialAction\":[{\"@type\":\"SearchAction\",\"target\":{\"@type\":\"EntryPoint\",\"urlTemplate\":\"https:\/\/www.manaus.am.gov.br\/implurb\/?s={search_term_string}\"},\"query-input\":\"required name=search_term_string\"}],\"inLanguage\":\"pt-BR\"},{\"@type\":\"Person\",\"@id\":\"https:\/\/www.manaus.am.gov.br\/implurb\/#\/schema\/person\/587989a23a463cde5618e6a028977a9a\",\"name\":\"Maur\u00edcio Freire\",\"image\":{\"@type\":\"ImageObject\",\"inLanguage\":\"pt-BR\",\"@id\":\"https:\/\/www.manaus.am.gov.br\/implurb\/#\/schema\/person\/image\/\",\"url\":\"https:\/\/secure.gravatar.com\/avatar\/dc1481799a1f75c733ac3b2634cd6749?s=96&d=mm&r=g\",\"contentUrl\":\"https:\/\/secure.gravatar.com\/avatar\/dc1481799a1f75c733ac3b2634cd6749?s=96&d=mm&r=g\",\"caption\":\"Maur\u00edcio Freire\"}}]}<\/script>\n<!-- \/ Yoast SEO plugin. -->","yoast_head_json":{"title":"Prefeito David Almeida vistoria obras do Parque Encontro das \u00c1guas em Manaus","description":"O prefeito de Manaus, David Almeida, realizou nesta segunda-feira, 3\/2, uma vistoria nas obras do Parque Encontro das \u00c1guas \u2013 Rosa Almeida","robots":{"index":"noindex","follow":"follow"},"og_locale":"pt_BR","og_type":"article","og_title":"Prefeito David Almeida vistoria obras do Parque Encontro das \u00c1guas em Manaus","og_description":"O prefeito de Manaus, David Almeida, realizou nesta segunda-feira, 3\/2, uma vistoria nas obras do Parque Encontro das \u00c1guas \u2013 Rosa Almeida","og_url":"https:\/\/www.manaus.am.gov.br\/implurb\/david-vistoria-obras-parque\/","og_site_name":"IMPLURB","article_published_time":"2025-02-03T18:40:27+00:00","og_image":[{"width":1600,"height":1066,"url":"https:\/\/www.manaus.am.gov.br\/implurb\/wp-content\/uploads\/sites\/13\/2025\/02\/WhatsApp-Image-2025-02-03-at-14.33.35.jpeg","type":"image\/jpeg"}],"author":"Maur\u00edcio Freire","twitter_card":"summary_large_image","twitter_misc":{"Written by":"Maur\u00edcio Freire","Est. reading time":"4 minutos"},"schema":{"@context":"https:\/\/schema.org","@graph":[{"@type":"WebPage","@id":"https:\/\/www.manaus.am.gov.br\/implurb\/david-vistoria-obras-parque\/","url":"https:\/\/www.manaus.am.gov.br\/implurb\/david-vistoria-obras-parque\/","name":"Prefeito David Almeida vistoria obras do Parque Encontro das \u00c1guas em Manaus","isPartOf":{"@id":"https:\/\/www.manaus.am.gov.br\/implurb\/#website"},"primaryImageOfPage":{"@id":"https:\/\/www.manaus.am.gov.br\/implurb\/david-vistoria-obras-parque\/#primaryimage"},"image":{"@id":"https:\/\/www.manaus.am.gov.br\/implurb\/david-vistoria-obras-parque\/#primaryimage"},"thumbnailUrl":"https:\/\/www.manaus.am.gov.br\/implurb\/wp-content\/uploads\/sites\/13\/2025\/02\/WhatsApp-Image-2025-02-03-at-14.33.35.jpeg","datePublished":"2025-02-03T18:40:27+00:00","dateModified":"2025-02-03T18:40:27+00:00","author":{"@id":"https:\/\/www.manaus.am.gov.br\/implurb\/#\/schema\/person\/587989a23a463cde5618e6a028977a9a"},"description":"O prefeito de Manaus, David Almeida, realizou nesta segunda-feira, 3\/2, uma vistoria nas obras do Parque Encontro das \u00c1guas \u2013 Rosa Almeida","breadcrumb":{"@id":"https:\/\/www.manaus.am.gov.br\/implurb\/david-vistoria-obras-parque\/#breadcrumb"},"inLanguage":"pt-BR","potentialAction":[{"@type":"ReadAction","target":["https:\/\/www.manaus.am.gov.br\/implurb\/david-vistoria-obras-parque\/"]}]},{"@type":"ImageObject","inLanguage":"pt-BR","@id":"https:\/\/www.manaus.am.gov.br\/implurb\/david-vistoria-obras-parque\/#primaryimage","url":"https:\/\/www.manaus.am.gov.br\/implurb\/wp-content\/uploads\/sites\/13\/2025\/02\/WhatsApp-Image-2025-02-03-at-14.33.35.jpeg","contentUrl":"https:\/\/www.manaus.am.gov.br\/implurb\/wp-content\/uploads\/sites\/13\/2025\/02\/WhatsApp-Image-2025-02-03-at-14.33.35.jpeg","width":1600,"height":1066,"caption":"#paratodosverem prefeito David Almeida vistoriando as obras do parque"},{"@type":"BreadcrumbList","@id":"https:\/\/www.manaus.am.gov.br\/implurb\/david-vistoria-obras-parque\/#breadcrumb","itemListElement":[{"@type":"ListItem","position":1,"name":"Home","item":"https:\/\/www.manaus.am.gov.br\/implurb\/"},{"@type":"ListItem","position":2,"name":"Prefeito David Almeida vistoria obras do Parque Encontro das \u00c1guas em Manaus"}]},{"@type":"WebSite","@id":"https:\/\/www.manaus.am.gov.br\/implurb\/#website","url":"https:\/\/www.manaus.am.gov.br\/implurb\/","name":"IMPLURB","description":"Prefeitura de Manaus","potentialAction":[{"@type":"SearchAction","target":{"@type":"EntryPoint","urlTemplate":"https:\/\/www.manaus.am.gov.br\/implurb\/?s={search_term_string}"},"query-input":"required name=search_term_string"}],"inLanguage":"pt-BR"},{"@type":"Person","@id":"https:\/\/www.manaus.am.gov.br\/implurb\/#\/schema\/person\/587989a23a463cde5618e6a028977a9a","name":"Maur\u00edcio Freire","image":{"@type":"ImageObject","inLanguage":"pt-BR","@id":"https:\/\/www.manaus.am.gov.br\/implurb\/#\/schema\/person\/image\/","url":"https:\/\/secure.gravatar.com\/avatar\/dc1481799a1f75c733ac3b2634cd6749?s=96&d=mm&r=g","contentUrl":"https:\/\/secure.gravatar.com\/avatar\/dc1481799a1f75c733ac3b2634cd6749?s=96&d=mm&r=g","caption":"Maur\u00edcio Freire"}}]}},"_links":{"self":[{"href":"https:\/\/www.manaus.am.gov.br\/implurb\/wp-json\/wp\/v2\/posts\/5459"}],"collection":[{"href":"https:\/\/www.manaus.am.gov.br\/implurb\/wp-json\/wp\/v2\/posts"}],"about":[{"href":"https:\/\/www.manaus.am.gov.br\/implurb\/wp-json\/wp\/v2\/types\/post"}],"author":[{"embeddable":true,"href":"https:\/\/www.manaus.am.gov.br\/implurb\/wp-json\/wp\/v2\/users\/25"}],"replies":[{"embeddable":true,"href":"https:\/\/www.manaus.am.gov.br\/implurb\/wp-json\/wp\/v2\/comments?post=5459"}],"version-history":[{"count":1,"href":"https:\/\/www.manaus.am.gov.br\/implurb\/wp-json\/wp\/v2\/posts\/5459\/revisions"}],"predecessor-version":[{"id":5462,"href":"https:\/\/www.manaus.am.gov.br\/implurb\/wp-json\/wp\/v2\/posts\/5459\/revisions\/5462"}],"wp:featuredmedia":[{"embeddable":true,"href":"https:\/\/www.manaus.am.gov.br\/implurb\/wp-json\/wp\/v2\/media\/5461"}],"wp:attachment":[{"href":"https:\/\/www.manaus.am.gov.br\/implurb\/wp-json\/wp\/v2\/media?parent=5459"}],"wp:term":[{"taxonomy":"category","embeddable":true,"href":"https:\/\/www.manaus.am.gov.br\/implurb\/wp-json\/wp\/v2\/categories?post=5459"},{"taxonomy":"post_tag","embeddable":true,"href":"https:\/\/www.manaus.am.gov.br\/implurb\/wp-json\/wp\/v2\/tags?post=5459"}],"curies":[{"name":"wp","href":"https:\/\/api.w.org\/{rel}","templated":true}]}}