{"id":5448,"date":"2025-01-31T11:30:58","date_gmt":"2025-01-31T15:30:58","guid":{"rendered":"https:\/\/www.manaus.am.gov.br\/implurb\/prefeitura-implurb-telefonia5g\/"},"modified":"2025-01-31T11:30:59","modified_gmt":"2025-01-31T15:30:59","slug":"prefeitura-implurb-telefonia5g","status":"publish","type":"post","link":"https:\/\/www.manaus.am.gov.br\/implurb\/prefeitura-implurb-telefonia5g\/","title":{"rendered":"Com lei premiada, Prefeitura de Manaus\u00a0se re\u00fane com\u00a0operadoras de telefonia para ampliar 5G na capital"},"content":{"rendered":"\n<p>Tendo Manaus premiada como a \u201cCidade Amiga do 5G\u201d, a prefeitura, via Instituto Municipal de Planejamento Urbano (Implurb), segue inovando quando o assunto \u00e9 melhoria para a rede de internet da capital amazonense.<\/p>\n\n\n\n<p>Para dar mais celeridade ao licenciamento de Esta\u00e7\u00f5es R\u00e1dio-Base (ERBs), atendendo \u00e0 Lei Municipal 17\/2022, que disp\u00f5e sobre o procedimento de instala\u00e7\u00e3o de infraestrutura de suporte para ERB autorizada e\/ou homologada pela Ag\u00eancia Nacional de Telecomunica\u00e7\u00f5es (Anatel), o instituto ter\u00e1 um atendimento personalizado exclusivo para as operadoras, al\u00e9m de j\u00e1 dispor de uma das legisla\u00e7\u00f5es mais avan\u00e7adas do Brasil, que facilitam as licen\u00e7as de instala\u00e7\u00e3o de torres e antenas, ampliando a infraestrutura de telecomunica\u00e7\u00f5es.<\/p>\n\n\n\n<p>Durante reuni\u00f5es virtuais realizadas na quinta-feira (30\/1) e quarta (29\/1), o vice-presidente do Implurb, Ant\u00f4nio Peixoto, se reuniu com as empresas e o Conexis Brasil, entidade que representa as companhias de telecomunica\u00e7\u00f5es e conectividade, para debater como melhorar ainda mais o ambiente de neg\u00f3cios na capital.<\/p>\n\n\n\n<p>\u201cFizemos tratativas finais de ajustes para o 5G em Manaus, ap\u00f3s altera\u00e7\u00f5es sugeridas pelas empresas e que foram alinhadas junto ao Supremo Tribunal Federal (STF). Vamos ter um atendimento exclusivo para tratar dos licenciamentos, tanto dos novos quanto dos que ainda tramitam no \u00f3rg\u00e3o. Com isso, esperamos, ainda no primeiro semestre deste ano, chegar a 100% da cobertura do 5G na cidade. O Implurb e a prefeitura somam esfor\u00e7os para que Manaus seja uma cidade mais conectada, acelerando ainda mais o nosso licenciamento de esta\u00e7\u00f5es e torres\u201d, comentou Peixoto.<\/p>\n\n\n\n<p>Em 2022,&nbsp;quando aprovou a lei&nbsp;espec\u00edfica para a tecnologia, Manaus foi premiada como \u201cCidade Amiga do 5G\u201d, ficando em 8\u00ba lugar entre as capitais e 24\u00ba no ranking geral, ganhando ainda como destaque na regi\u00e3o Norte, subindo 77 posi\u00e7\u00f5es, gra\u00e7as \u00e0 lei sancionada pelo prefeito David Almeida.<\/p>\n\n\n\n<p>Em 2021, ainda como vereador na C\u00e2mara Municipal de Manaus (CMM), Peixoto foi autor de um PL que serviu de base para a legisla\u00e7\u00e3o sancionada. O reconhecimento da capital amazonense se deveu a toda estrutura montada para receber a tecnologia, incluindo o uso em projetos nas \u00e1reas de Sa\u00fade, Mobilidade Urbana, Seguran\u00e7a e Neg\u00f3cios.<\/p>\n\n\n\n<p>Facilidades<\/p>\n\n\n\n<p>No&nbsp;<a href=\"https:\/\/implurb.manaus.am.gov.br\/lista-de-documentos\/\" target=\"_blank\" rel=\"noreferrer noopener\">site<\/a>&nbsp;do Implurb se encontra o requerimento padr\u00e3o para abertura de processo de licenciamento para Esta\u00e7\u00f5es R\u00e1dio-Base (ERBs), atendendo a Lei Municipal 17\/2022. O requerente deve acessar a Lista de Documentos, onde vai encontrar, no item 3, \u201cAprova\u00e7\u00e3o, licen\u00e7a de obra, certid\u00f5es, regulariza\u00e7\u00e3o e Habite-se\u201d; o subitem 3.9, para as esta\u00e7\u00f5es, incluindo a nova modalidade de pequeno porte mini, inclu\u00edda para atender a tecnologia&nbsp;5G.<\/p>\n\n\n\n<p>\u201cA lei \u00e9 voltada para o&nbsp;5G, mas acaba por modernizar o licenciamento da telecomunica\u00e7\u00e3o na capital. O processo foi extremamente simplificado, passando a ser autodeclarat\u00f3rio. A Prefeitura de Manaus licencia o uso do solo para instala\u00e7\u00e3o dos equipamentos\u201d, explicou o diretor-presidente do&nbsp;Implurb, engenheiro Carlos Valente.<\/p>\n\n\n\n<p>Junto ao requerimento padr\u00e3o est\u00e3o ainda a lista de documentos necess\u00e1rios para apresenta\u00e7\u00e3o no licenciamento e o Termo de Responsabilidade e Declarat\u00f3rio, uma vez que o procedimento passou a ser autodeclarat\u00f3rio diante da exist\u00eancia de respons\u00e1vel t\u00e9cnico e ou representante legal devidamente documentado.<\/p>\n\n\n\n<p><strong>Licen\u00e7a<\/strong><\/p>\n\n\n\n<p>A prefeitura \u00e9 o \u00f3rg\u00e3o licenciador e apenas aprova as instala\u00e7\u00f5es f\u00edsicas para os equipamentos, mas sua funcionalidade e funcionamento ficam sob total responsabilidade das operadoras do sistema e da Anatel. As empresas concession\u00e1rias s\u00e3o respons\u00e1veis por buscar a ativa\u00e7\u00e3o dos sinais de&nbsp;internet&nbsp;junto \u00e0 ag\u00eancia nacional.<\/p>\n\n\n\n<p>Dentro do novo requerimento padr\u00e3o para abertura de processo para ERBs o requerente tem que observar as informa\u00e7\u00f5es de preenchimento obrigat\u00f3rio, incluindo dados de CPF\/CNPJ e contatos; dados do im\u00f3vel de instala\u00e7\u00e3o, como endere\u00e7o, CEP e IPTU; tipo de esta\u00e7\u00e3o (ERB, ERB m\u00f3vel e\/ou ERB m\u00f3vel de pequeno porte mini); quantidades de torres e de ERBs; al\u00e9m de dados do respons\u00e1vel t\u00e9cnico, com n\u00fameros de Anota\u00e7\u00e3o de Responsabilidade T\u00e9cnica (ART) ou Registro de Responsabilidade T\u00e9cnica (RRT), e outros.<\/p>\n\n\n\n<p>Ap\u00f3s protocolar o processo com a documenta\u00e7\u00e3o exigida e pagar as taxas, a instala\u00e7\u00e3o poder\u00e1 ser executada. As solicita\u00e7\u00f5es de instala\u00e7\u00e3o de ERBs fora das zonas urbanas e das zonas de transi\u00e7\u00e3o est\u00e3o isentas de pagamento de licenciamento, sendo obrigat\u00f3ria a formaliza\u00e7\u00e3o de processo para fins de cadastro.<\/p>\n\n\n\n<p>&#8212; &#8212; &#8212;<\/p>\n\n\n\n<p><strong>Texto\u00a0<\/strong>\u2013 Claudia do Valle \/ Implurb<\/p>\n\n\n\n<p><strong>Fotos<\/strong>\u00a0\u2013 Divulga\u00e7\u00e3o\/ Implurb<\/p>\n","protected":false},"excerpt":{"rendered":"","protected":false},"author":23,"featured_media":5449,"comment_status":"closed","ping_status":"closed","sticky":false,"template":"","format":"standard","meta":{"footnotes":""},"categories":[740],"tags":[1647,11,107,15],"acf":[],"yoast_head":"<!-- This site is optimized with the Yoast SEO plugin v23.0 - https:\/\/yoast.com\/wordpress\/plugins\/seo\/ -->\n<title>Com lei premiada, Prefeitura de Manaus se re\u00fane com operadoras de telefonia para ampliar 5G na capital<\/title>\n<meta name=\"description\" content=\"Tendo Manaus premiada como a \u201cCidade Amiga do 5G\u201d, a prefeitura, via Instituto Municipal de Planejamento Urbano (Implurb), segue inovando quando o assunto \u00e9 melhoria para a rede de internet da capital amazonense.\" \/>\n<meta name=\"robots\" content=\"noindex, follow\" \/>\n<meta property=\"og:locale\" content=\"pt_BR\" \/>\n<meta property=\"og:type\" content=\"article\" \/>\n<meta property=\"og:title\" content=\"Com lei premiada, Prefeitura de Manaus se re\u00fane com operadoras de telefonia para ampliar 5G na capital\" \/>\n<meta property=\"og:description\" content=\"Tendo Manaus premiada como a \u201cCidade Amiga do 5G\u201d, a prefeitura, via Instituto Municipal de Planejamento Urbano (Implurb), segue inovando quando o assunto \u00e9 melhoria para a rede de internet da capital amazonense.\" \/>\n<meta property=\"og:url\" content=\"https:\/\/www.manaus.am.gov.br\/implurb\/prefeitura-implurb-telefonia5g\/\" \/>\n<meta property=\"og:site_name\" content=\"IMPLURB\" \/>\n<meta property=\"article:published_time\" content=\"2025-01-31T15:30:58+00:00\" \/>\n<meta property=\"article:modified_time\" content=\"2025-01-31T15:30:59+00:00\" \/>\n<meta property=\"og:image\" content=\"https:\/\/www.manaus.am.gov.br\/implurb\/wp-content\/uploads\/sites\/13\/2025\/01\/5Gpeixoto2.jpg\" \/>\n\t<meta property=\"og:image:width\" content=\"1600\" \/>\n\t<meta property=\"og:image:height\" content=\"1200\" \/>\n\t<meta property=\"og:image:type\" content=\"image\/jpeg\" \/>\n<meta name=\"author\" content=\"Adriana Costa\" \/>\n<meta name=\"twitter:card\" content=\"summary_large_image\" \/>\n<meta name=\"twitter:label1\" content=\"Written by\" \/>\n\t<meta name=\"twitter:data1\" content=\"Adriana Costa\" \/>\n\t<meta name=\"twitter:label2\" content=\"Est. reading time\" \/>\n\t<meta name=\"twitter:data2\" content=\"4 minutos\" \/>\n<script type=\"application\/ld+json\" class=\"yoast-schema-graph\">{\"@context\":\"https:\/\/schema.org\",\"@graph\":[{\"@type\":\"WebPage\",\"@id\":\"https:\/\/www.manaus.am.gov.br\/implurb\/prefeitura-implurb-telefonia5g\/\",\"url\":\"https:\/\/www.manaus.am.gov.br\/implurb\/prefeitura-implurb-telefonia5g\/\",\"name\":\"Com lei premiada, Prefeitura de Manaus se re\u00fane com operadoras de telefonia para ampliar 5G na capital\",\"isPartOf\":{\"@id\":\"https:\/\/www.manaus.am.gov.br\/implurb\/#website\"},\"primaryImageOfPage\":{\"@id\":\"https:\/\/www.manaus.am.gov.br\/implurb\/prefeitura-implurb-telefonia5g\/#primaryimage\"},\"image\":{\"@id\":\"https:\/\/www.manaus.am.gov.br\/implurb\/prefeitura-implurb-telefonia5g\/#primaryimage\"},\"thumbnailUrl\":\"https:\/\/www.manaus.am.gov.br\/implurb\/wp-content\/uploads\/sites\/13\/2025\/01\/5Gpeixoto2.jpg\",\"datePublished\":\"2025-01-31T15:30:58+00:00\",\"dateModified\":\"2025-01-31T15:30:59+00:00\",\"author\":{\"@id\":\"https:\/\/www.manaus.am.gov.br\/implurb\/#\/schema\/person\/4e49f4e267757a06ca072ec61b2b9968\"},\"description\":\"Tendo Manaus premiada como a \u201cCidade Amiga do 5G\u201d, a prefeitura, via Instituto Municipal de Planejamento Urbano (Implurb), segue inovando quando o assunto \u00e9 melhoria para a rede de internet da capital amazonense.\",\"breadcrumb\":{\"@id\":\"https:\/\/www.manaus.am.gov.br\/implurb\/prefeitura-implurb-telefonia5g\/#breadcrumb\"},\"inLanguage\":\"pt-BR\",\"potentialAction\":[{\"@type\":\"ReadAction\",\"target\":[\"https:\/\/www.manaus.am.gov.br\/implurb\/prefeitura-implurb-telefonia5g\/\"]}]},{\"@type\":\"ImageObject\",\"inLanguage\":\"pt-BR\",\"@id\":\"https:\/\/www.manaus.am.gov.br\/implurb\/prefeitura-implurb-telefonia5g\/#primaryimage\",\"url\":\"https:\/\/www.manaus.am.gov.br\/implurb\/wp-content\/uploads\/sites\/13\/2025\/01\/5Gpeixoto2.jpg\",\"contentUrl\":\"https:\/\/www.manaus.am.gov.br\/implurb\/wp-content\/uploads\/sites\/13\/2025\/01\/5Gpeixoto2.jpg\",\"width\":1600,\"height\":1200},{\"@type\":\"BreadcrumbList\",\"@id\":\"https:\/\/www.manaus.am.gov.br\/implurb\/prefeitura-implurb-telefonia5g\/#breadcrumb\",\"itemListElement\":[{\"@type\":\"ListItem\",\"position\":1,\"name\":\"Home\",\"item\":\"https:\/\/www.manaus.am.gov.br\/implurb\/\"},{\"@type\":\"ListItem\",\"position\":2,\"name\":\"Com lei premiada, Prefeitura de Manaus\u00a0se re\u00fane com\u00a0operadoras de telefonia para ampliar 5G na capital\"}]},{\"@type\":\"WebSite\",\"@id\":\"https:\/\/www.manaus.am.gov.br\/implurb\/#website\",\"url\":\"https:\/\/www.manaus.am.gov.br\/implurb\/\",\"name\":\"IMPLURB\",\"description\":\"Prefeitura de Manaus\",\"potentialAction\":[{\"@type\":\"SearchAction\",\"target\":{\"@type\":\"EntryPoint\",\"urlTemplate\":\"https:\/\/www.manaus.am.gov.br\/implurb\/?s={search_term_string}\"},\"query-input\":\"required name=search_term_string\"}],\"inLanguage\":\"pt-BR\"},{\"@type\":\"Person\",\"@id\":\"https:\/\/www.manaus.am.gov.br\/implurb\/#\/schema\/person\/4e49f4e267757a06ca072ec61b2b9968\",\"name\":\"Adriana Costa\",\"image\":{\"@type\":\"ImageObject\",\"inLanguage\":\"pt-BR\",\"@id\":\"https:\/\/www.manaus.am.gov.br\/implurb\/#\/schema\/person\/image\/\",\"url\":\"https:\/\/secure.gravatar.com\/avatar\/576258617ef7194f718179e766d57bd4?s=96&d=mm&r=g\",\"contentUrl\":\"https:\/\/secure.gravatar.com\/avatar\/576258617ef7194f718179e766d57bd4?s=96&d=mm&r=g\",\"caption\":\"Adriana Costa\"}}]}<\/script>\n<!-- \/ Yoast SEO plugin. -->","yoast_head_json":{"title":"Com lei premiada, Prefeitura de Manaus se re\u00fane com operadoras de telefonia para ampliar 5G na capital","description":"Tendo Manaus premiada como a \u201cCidade Amiga do 5G\u201d, a prefeitura, via Instituto Municipal de Planejamento Urbano (Implurb), segue inovando quando o assunto \u00e9 melhoria para a rede de internet da capital amazonense.","robots":{"index":"noindex","follow":"follow"},"og_locale":"pt_BR","og_type":"article","og_title":"Com lei premiada, Prefeitura de Manaus se re\u00fane com operadoras de telefonia para ampliar 5G na capital","og_description":"Tendo Manaus premiada como a \u201cCidade Amiga do 5G\u201d, a prefeitura, via Instituto Municipal de Planejamento Urbano (Implurb), segue inovando quando o assunto \u00e9 melhoria para a rede de internet da capital amazonense.","og_url":"https:\/\/www.manaus.am.gov.br\/implurb\/prefeitura-implurb-telefonia5g\/","og_site_name":"IMPLURB","article_published_time":"2025-01-31T15:30:58+00:00","article_modified_time":"2025-01-31T15:30:59+00:00","og_image":[{"width":1600,"height":1200,"url":"https:\/\/www.manaus.am.gov.br\/implurb\/wp-content\/uploads\/sites\/13\/2025\/01\/5Gpeixoto2.jpg","type":"image\/jpeg"}],"author":"Adriana Costa","twitter_card":"summary_large_image","twitter_misc":{"Written by":"Adriana Costa","Est. reading time":"4 minutos"},"schema":{"@context":"https:\/\/schema.org","@graph":[{"@type":"WebPage","@id":"https:\/\/www.manaus.am.gov.br\/implurb\/prefeitura-implurb-telefonia5g\/","url":"https:\/\/www.manaus.am.gov.br\/implurb\/prefeitura-implurb-telefonia5g\/","name":"Com lei premiada, Prefeitura de Manaus se re\u00fane com operadoras de telefonia para ampliar 5G na capital","isPartOf":{"@id":"https:\/\/www.manaus.am.gov.br\/implurb\/#website"},"primaryImageOfPage":{"@id":"https:\/\/www.manaus.am.gov.br\/implurb\/prefeitura-implurb-telefonia5g\/#primaryimage"},"image":{"@id":"https:\/\/www.manaus.am.gov.br\/implurb\/prefeitura-implurb-telefonia5g\/#primaryimage"},"thumbnailUrl":"https:\/\/www.manaus.am.gov.br\/implurb\/wp-content\/uploads\/sites\/13\/2025\/01\/5Gpeixoto2.jpg","datePublished":"2025-01-31T15:30:58+00:00","dateModified":"2025-01-31T15:30:59+00:00","author":{"@id":"https:\/\/www.manaus.am.gov.br\/implurb\/#\/schema\/person\/4e49f4e267757a06ca072ec61b2b9968"},"description":"Tendo Manaus premiada como a \u201cCidade Amiga do 5G\u201d, a prefeitura, via Instituto Municipal de Planejamento Urbano (Implurb), segue inovando quando o assunto \u00e9 melhoria para a rede de internet da capital amazonense.","breadcrumb":{"@id":"https:\/\/www.manaus.am.gov.br\/implurb\/prefeitura-implurb-telefonia5g\/#breadcrumb"},"inLanguage":"pt-BR","potentialAction":[{"@type":"ReadAction","target":["https:\/\/www.manaus.am.gov.br\/implurb\/prefeitura-implurb-telefonia5g\/"]}]},{"@type":"ImageObject","inLanguage":"pt-BR","@id":"https:\/\/www.manaus.am.gov.br\/implurb\/prefeitura-implurb-telefonia5g\/#primaryimage","url":"https:\/\/www.manaus.am.gov.br\/implurb\/wp-content\/uploads\/sites\/13\/2025\/01\/5Gpeixoto2.jpg","contentUrl":"https:\/\/www.manaus.am.gov.br\/implurb\/wp-content\/uploads\/sites\/13\/2025\/01\/5Gpeixoto2.jpg","width":1600,"height":1200},{"@type":"BreadcrumbList","@id":"https:\/\/www.manaus.am.gov.br\/implurb\/prefeitura-implurb-telefonia5g\/#breadcrumb","itemListElement":[{"@type":"ListItem","position":1,"name":"Home","item":"https:\/\/www.manaus.am.gov.br\/implurb\/"},{"@type":"ListItem","position":2,"name":"Com lei premiada, Prefeitura de Manaus\u00a0se re\u00fane com\u00a0operadoras de telefonia para ampliar 5G na capital"}]},{"@type":"WebSite","@id":"https:\/\/www.manaus.am.gov.br\/implurb\/#website","url":"https:\/\/www.manaus.am.gov.br\/implurb\/","name":"IMPLURB","description":"Prefeitura de Manaus","potentialAction":[{"@type":"SearchAction","target":{"@type":"EntryPoint","urlTemplate":"https:\/\/www.manaus.am.gov.br\/implurb\/?s={search_term_string}"},"query-input":"required name=search_term_string"}],"inLanguage":"pt-BR"},{"@type":"Person","@id":"https:\/\/www.manaus.am.gov.br\/implurb\/#\/schema\/person\/4e49f4e267757a06ca072ec61b2b9968","name":"Adriana Costa","image":{"@type":"ImageObject","inLanguage":"pt-BR","@id":"https:\/\/www.manaus.am.gov.br\/implurb\/#\/schema\/person\/image\/","url":"https:\/\/secure.gravatar.com\/avatar\/576258617ef7194f718179e766d57bd4?s=96&d=mm&r=g","contentUrl":"https:\/\/secure.gravatar.com\/avatar\/576258617ef7194f718179e766d57bd4?s=96&d=mm&r=g","caption":"Adriana Costa"}}]}},"_links":{"self":[{"href":"https:\/\/www.manaus.am.gov.br\/implurb\/wp-json\/wp\/v2\/posts\/5448"}],"collection":[{"href":"https:\/\/www.manaus.am.gov.br\/implurb\/wp-json\/wp\/v2\/posts"}],"about":[{"href":"https:\/\/www.manaus.am.gov.br\/implurb\/wp-json\/wp\/v2\/types\/post"}],"author":[{"embeddable":true,"href":"https:\/\/www.manaus.am.gov.br\/implurb\/wp-json\/wp\/v2\/users\/23"}],"replies":[{"embeddable":true,"href":"https:\/\/www.manaus.am.gov.br\/implurb\/wp-json\/wp\/v2\/comments?post=5448"}],"version-history":[{"count":0,"href":"https:\/\/www.manaus.am.gov.br\/implurb\/wp-json\/wp\/v2\/posts\/5448\/revisions"}],"wp:featuredmedia":[{"embeddable":true,"href":"https:\/\/www.manaus.am.gov.br\/implurb\/wp-json\/wp\/v2\/media\/5449"}],"wp:attachment":[{"href":"https:\/\/www.manaus.am.gov.br\/implurb\/wp-json\/wp\/v2\/media?parent=5448"}],"wp:term":[{"taxonomy":"category","embeddable":true,"href":"https:\/\/www.manaus.am.gov.br\/implurb\/wp-json\/wp\/v2\/categories?post=5448"},{"taxonomy":"post_tag","embeddable":true,"href":"https:\/\/www.manaus.am.gov.br\/implurb\/wp-json\/wp\/v2\/tags?post=5448"}],"curies":[{"name":"wp","href":"https:\/\/api.w.org\/{rel}","templated":true}]}}