{"id":5155,"date":"2024-11-07T13:15:08","date_gmt":"2024-11-07T17:15:08","guid":{"rendered":"https:\/\/www.manaus.am.gov.br\/implurb\/educacao-patrimonial-parque-encontro-das-aguas-exposicao-colonia-antonio-aleixo\/"},"modified":"2024-11-07T13:15:08","modified_gmt":"2024-11-07T17:15:08","slug":"educacao-patrimonial-parque-encontro-das-aguas-exposicao-colonia-antonio-aleixo","status":"publish","type":"post","link":"https:\/\/www.manaus.am.gov.br\/implurb\/educacao-patrimonial-parque-encontro-das-aguas-exposicao-colonia-antonio-aleixo\/","title":{"rendered":"Moradores e estudantes participam de educa\u00e7\u00e3o patrimonial do parque Encontro das \u00c1guas e de exposi\u00e7\u00e3o in\u00e9dita no Col\u00f4nia Ant\u00f4nio Aleixo"},"content":{"rendered":"\n<p>Uma viagem por refer\u00eancias culturais presentes, herdadas da fam\u00edlia, mem\u00f3rias de todos e sensibiliza\u00e7\u00e3o sobre a coletividade. Estes s\u00e3o alguns dos objetivos da Prefeitura de Manaus, por meio do Instituto Municipal de Planejamento Urbano (Implurb), na promo\u00e7\u00e3o das aulas-oficinas do Programa Integrado de Educa\u00e7\u00e3o Patrimonial (Piep), realizadas na base do Programa de Gest\u00e3o do Patrim\u00f4nio Arqueol\u00f3gico (PGPA) da \u00e1rea das futuras instala\u00e7\u00f5es do parque Encontro das \u00c1guas &#8211; Rosa Almeida.<\/p>\n\n\n\n<p>Nesta sexta, 8\/11, das 8h30 \u00e0s 11h, haver\u00e1 uma nova aula, no audit\u00f3rio do hospital Geraldo da Rocha, com o Movimento de Reintegra\u00e7\u00e3o das Pessoas Atingidas pela Hansen\u00edase (Morhan), na pra\u00e7a Tancredo Neves, s\/n\u00ba, no bairro Col\u00f4nia Ant\u00f4nio Aleixo, zona Leste. As atividades s\u00e3o uma etapa do PGPA no parque, que tem um trecho do s\u00edtio Daisaku Ikeda, promovendo o envolvimento da comunidade com suas pr\u00f3prias refer\u00eancias culturais atuais e herdadas das fam\u00edlias.<\/p>\n\n\n\n<p>Os trabalhos consideram a participa\u00e7\u00e3o social e real\u00e7am o&nbsp;pertencimento, ressignificando a valoriza\u00e7\u00e3o do patrim\u00f4nio cultural do entorno da comunidade. Nesta quarta-feira, 6\/11, durante mais uma atividade, envolvendo estudantes da rede p\u00fablica e idosos, 170 pessoas participaram do encontro, montando, inclusive, o \u201cMapa colaborativo: a mem\u00f3ria de todos n\u00f3s\u201d, contando ainda com a mostra de material do s\u00edtio arqueol\u00f3gico Daisaku Ikeda. O mapa plotado serviu para o apontamento de refer\u00eancias dos comunit\u00e1rios e de suas experi\u00eancias de vida.<\/p>\n\n\n\n<p>Durante a aula-oficina, os participantes t\u00eam acesso a uma exposi\u00e7\u00e3o f\u00edsica contendo fragmentos cer\u00e2micos e l\u00edtico (artefatos em rochas), com as pe\u00e7as montadas em nichos, representando um laborat\u00f3rio de arqueologia. Um microsc\u00f3pio possibilita que os presentes observem com detalhes a composi\u00e7\u00e3o da cer\u00e2mica, desenhos arqueol\u00f3gicos e material para an\u00e1lise. Todo o material selecionado \u00e9 exposto em caixas de madeira revestidas com espuma e com tampo em acr\u00edlico para prote\u00e7\u00e3o dos artefatos.<\/p>\n\n\n\n<figure class=\"wp-block-image size-large\"><img decoding=\"async\" src=\"https:\/\/www.manaus.am.gov.br\/implurb\/wp-content\/uploads\/sites\/13\/2024\/11\/54121369294_b79bd31997_k-1024x683.jpg\" alt=\"\" class=\"wp-image-5157\" \/><\/figure>\n\n\n\n<p>Para a arque\u00f3loga e educadora patrimonial Ang\u00e9lica Moreira, \u00e9 importante pensar em s\u00edtios arqueol\u00f3gicos n\u00e3o apenas como reserva t\u00e9cnica e dentro de museus.<\/p>\n\n\n\n<p>\u201cO museu \u00e9 important\u00edssimo, mas a comunidade precisa ter conhecimento do que \u00e9 que ela tem de bem cultural no local onde vive. A gente n\u00e3o preserva s\u00f3 pelo objeto, se preserva pelo cidad\u00e3o, pelas pessoas que est\u00e3o no lugar. E trazer este material, localizado em escava\u00e7\u00e3o, ajuda a fazer a conex\u00e3o com a hist\u00f3ria dos habitantes atuais e anteriores. E isso sensibiliza, ajuda nos processos de preserva\u00e7\u00e3o e de requerimento do que \u00e9 da gente, do que \u00e9 do lugar\u201d, explicou Ang\u00e9lica.<\/p>\n\n\n\n<p>Antes de ser um patrim\u00f4nio nacional, o material encontrado no s\u00edtio \u00e9 patrim\u00f4nio da comunidade que vive na regi\u00e3o.<\/p>\n\n\n\n<p>Participando da aula-oficina, o professor e historiador Kleber Moura falou sobre a import\u00e2ncia deste trabalho, de trazer \u00e0 luz o conhecimento para os alunos do ensino m\u00e9dio e a riqueza de uma trajet\u00f3ria arqueol\u00f3gica at\u00e9 ent\u00e3o desconhecida. \u201cTendo em vista que moramos numa \u00e1rea cercada de s\u00edtios arqueol\u00f3gicos, trazer este conhecimento para os alunos \u00e9 mostrar a import\u00e2ncia da preserva\u00e7\u00e3o da nossa hist\u00f3ria e da nossa cultura a partir dos achados\u201d, disse.<\/p>\n\n\n\n<p><strong>Comunidade<\/strong><\/p>\n\n\n\n<p>Moradora do bairro, Valdenora da Cruz Rodrigues chegou no Col\u00f4nia Ant\u00f4nio Aleixo nos anos de 1960, aos 6 anos de idade, e traz na mem\u00f3ria imagens das casas, dos pavilh\u00f5es do hospital, das atividades com as freiras e da constante luta de uma popula\u00e7\u00e3o contra o preconceito, at\u00e9 o momento da desativa\u00e7\u00e3o da col\u00f4nia de hansenianos. Ela est\u00e1 \u00e0 frente da causa da Reintegra\u00e7\u00e3o dos Acometidos pela Hansen\u00edase e criadora\/defensora da regulamenta\u00e7\u00e3o da Lei Projeto Filhos Separados (desde 2023).<\/p>\n\n\n\n<p>\u201cO Col\u00f4nia Ant\u00f4nio Aleixo j\u00e1 \u00e9 um bairro hist\u00f3rico e eu sempre digo que com todas as hist\u00f3rias daqui, ainda temos muito a fazer com essa mem\u00f3ria viva, incluindo a preserva\u00e7\u00e3o do antigo hospital Col\u00f4nia. Como moradora, sempre busquei dar visibilidade e import\u00e2ncia deste patrim\u00f4nio para a sociedade. Mas foi a partir dos s\u00edtios arqueol\u00f3gicos que nossos filhos, netos e jovens tomaram conhecimento dessa riqueza. Riqueza que ser\u00e1 ainda mais valorizada com um projeto como o parque Encontro das \u00c1guas e que os comunit\u00e1rios est\u00e3o sendo integrados pelo processo e pelos \u00f3rg\u00e3os competentes, tomando conhecimento dos estudos e impactos\u201d, relatou Valdenora.<\/p>\n\n\n\n<p>Educadora patrimonial e arque\u00f3loga, Carla Pequini comentou sobre a exposi\u00e7\u00e3o in\u00e9dita montada com os materiais arqueol\u00f3gicos encontrados no s\u00edtio, exibida para os estudantes e grupo da terceira idade.<\/p>\n\n\n\n<p>\u201cOs participantes montaram o mapa colaborativo, com fotos, inscri\u00e7\u00f5es de lugares que sempre tiveram como ponto de relev\u00e2ncia, da mem\u00f3ria recebida de pais e familiares, e participaram de atividade de um laborat\u00f3rio arqueol\u00f3gico, simulando atividades como a an\u00e1lise microsc\u00f3pica de cer\u00e2mica. Foi bastante l\u00fadico e interativo, al\u00e9m de manusearem as r\u00e9plicas arqueol\u00f3gicas. Notamos que a atividade teve bastante ades\u00e3o da comunidade, de forma contundente e proveitosa\u201d, destacou Carla.<\/p>\n\n\n\n<figure class=\"wp-block-image size-large\"><img decoding=\"async\" src=\"https:\/\/www.manaus.am.gov.br\/implurb\/wp-content\/uploads\/sites\/13\/2024\/11\/54121303973_2c5ab842b8_k-1024x683.jpg\" alt=\"\" class=\"wp-image-5156\" \/><\/figure>\n\n\n\n<p><strong>Participa\u00e7\u00e3o<\/strong><\/p>\n\n\n\n<p>Comunidade, convidados, estudantes e p\u00fablico em geral interessado podem participar da atividade, gratuita, que faz parte do processo de licenciamento do parque, feito pelo Implurb, consistindo no PGPA, atendendo instru\u00e7\u00e3o normativa do Instituto do Patrim\u00f4nio Hist\u00f3rico e Art\u00edstico Nacional (Iphan) do Amazonas.<\/p>\n\n\n\n<p>O s\u00edtio escavado, ele vem se apresentando como multicomponencial, ou seja, com mais de uma ocupa\u00e7\u00e3o pr\u00e9-colonial, conforme j\u00e1 tinha sido observado na primeira etapa da pesquisa. Apresenta tamb\u00e9m a terra preta ind\u00edgena, que \u00e9 um solo antr\u00f3pico, cuja data\u00e7\u00e3o pode alcan\u00e7ar at\u00e9 dois mil anos atr\u00e1s. Para al\u00e9m da terra preta, h\u00e1 a presen\u00e7a de material cer\u00e2mico que apresenta decora\u00e7\u00e3o que pode ser associada \u00e0 fase A\u00e7utuba.<\/p>\n\n\n\n<p>Isso coloca Manaus com a mesma cronologia identificada na costa do A\u00e7utuba, em Iranduba, pelo Projeto Amaz\u00f4nia Central (PAC), coordenado pelo professor Eduardo Neves. Logo, a cronologia para a referida fase \u00e9 de 300 antes de Cristo at\u00e9 400 anos depois de Cristo. A confirma\u00e7\u00e3o da data\u00e7\u00e3o ser\u00e1 feita em an\u00e1lise de laborat\u00f3rio.<\/p>\n\n\n\n<p><strong>Obra<\/strong><\/p>\n\n\n\n<p>Para o licenciamento do parque Encontro das \u00c1guas \u2013 Rosa Almeida, o Implurb apresentou o projeto arquitet\u00f4nico junto ao Iphan-AM, que exigiu uma primeira etapa de estudos arqueol\u00f3gicos. Nessa fase, o projeto foi deferido e se constatou que se tratava de um s\u00edtio arqueol\u00f3gico, uma extens\u00e3o do Daisaku Ikeda, com terra preta ind\u00edgena, material cer\u00e2mico e material l\u00edtico, que s\u00e3o as ferramentas feitas de pedra. A segunda etapa consiste no PGPA, que inclui o resgate arqueol\u00f3gico.<\/p>\n\n\n\n<p>A obra continua com o acompanhamento de equipe de arqueologia. O Iphan \u00e9 quem expede as anu\u00eancias \u00e0s licen\u00e7as ambientais, de acordo com as pesquisas de arqueologia normatizadas nos documentos legais e infralegais de prote\u00e7\u00e3o do patrim\u00f4nio arqueol\u00f3gico brasileiro.<\/p>\n\n\n\n<p><strong>&#8212; &#8212; &#8212;&nbsp;<\/strong><\/p>\n\n\n\n<p><strong>Texto &#8211;<\/strong>&nbsp;Cl\u00e1udia do Valle\/Implurb<\/p>\n\n\n\n<p><strong>Fotos &#8211;<\/strong>&nbsp;Valdo Le\u00e3o\/Semcom<\/p>\n\n\n\n<p><strong>Dispon\u00edveis em &#8211; <\/strong><a href=\"https:\/\/flic.kr\/s\/aHBqjBQMAR\" target=\"_blank\" rel=\"noreferrer noopener\">https:\/\/flic.kr\/s\/aHBqjBQMAR<\/a><\/p>\n","protected":false},"excerpt":{"rendered":"","protected":false},"author":39,"featured_media":5158,"comment_status":"closed","ping_status":"closed","sticky":false,"template":"","format":"standard","meta":{"footnotes":""},"categories":[1568],"tags":[1569,1570,1571,11,15],"acf":[],"yoast_head":"<!-- This site is optimized with the Yoast SEO plugin v23.0 - https:\/\/yoast.com\/wordpress\/plugins\/seo\/ -->\n<title>Educa\u00e7\u00e3o patrimonial do parque Encontro das \u00c1guas<\/title>\n<meta name=\"description\" content=\"Moradores e estudantes participam de educa\u00e7\u00e3o patrimonial do parque Encontro das \u00c1guas e de exposi\u00e7\u00e3o in\u00e9dita no Col\u00f4nia Ant\u00f4nio Aleixo.\" \/>\n<meta name=\"robots\" content=\"noindex, follow\" \/>\n<meta property=\"og:locale\" content=\"pt_BR\" \/>\n<meta property=\"og:type\" content=\"article\" \/>\n<meta property=\"og:title\" content=\"Educa\u00e7\u00e3o patrimonial do parque Encontro das \u00c1guas\" \/>\n<meta property=\"og:description\" content=\"Moradores e estudantes participam de educa\u00e7\u00e3o patrimonial do parque Encontro das \u00c1guas e de exposi\u00e7\u00e3o in\u00e9dita no Col\u00f4nia Ant\u00f4nio Aleixo.\" \/>\n<meta property=\"og:url\" content=\"https:\/\/www.manaus.am.gov.br\/implurb\/educacao-patrimonial-parque-encontro-das-aguas-exposicao-colonia-antonio-aleixo\/\" \/>\n<meta property=\"og:site_name\" content=\"IMPLURB\" \/>\n<meta property=\"article:published_time\" content=\"2024-11-07T17:15:08+00:00\" \/>\n<meta property=\"og:image\" content=\"https:\/\/www.manaus.am.gov.br\/implurb\/wp-content\/uploads\/sites\/13\/2024\/11\/54121033666_25f05a2f33_k.jpg\" \/>\n\t<meta property=\"og:image:width\" content=\"2048\" \/>\n\t<meta property=\"og:image:height\" content=\"1365\" \/>\n\t<meta property=\"og:image:type\" content=\"image\/jpeg\" \/>\n<meta name=\"author\" content=\"Bruna Greco\" \/>\n<meta name=\"twitter:card\" content=\"summary_large_image\" \/>\n<meta name=\"twitter:label1\" content=\"Written by\" \/>\n\t<meta name=\"twitter:data1\" content=\"Bruna Greco\" \/>\n\t<meta name=\"twitter:label2\" content=\"Est. reading time\" \/>\n\t<meta name=\"twitter:data2\" content=\"7 minutos\" \/>\n<script type=\"application\/ld+json\" class=\"yoast-schema-graph\">{\"@context\":\"https:\/\/schema.org\",\"@graph\":[{\"@type\":\"WebPage\",\"@id\":\"https:\/\/www.manaus.am.gov.br\/implurb\/educacao-patrimonial-parque-encontro-das-aguas-exposicao-colonia-antonio-aleixo\/\",\"url\":\"https:\/\/www.manaus.am.gov.br\/implurb\/educacao-patrimonial-parque-encontro-das-aguas-exposicao-colonia-antonio-aleixo\/\",\"name\":\"Educa\u00e7\u00e3o patrimonial do parque Encontro das \u00c1guas\",\"isPartOf\":{\"@id\":\"https:\/\/www.manaus.am.gov.br\/implurb\/#website\"},\"primaryImageOfPage\":{\"@id\":\"https:\/\/www.manaus.am.gov.br\/implurb\/educacao-patrimonial-parque-encontro-das-aguas-exposicao-colonia-antonio-aleixo\/#primaryimage\"},\"image\":{\"@id\":\"https:\/\/www.manaus.am.gov.br\/implurb\/educacao-patrimonial-parque-encontro-das-aguas-exposicao-colonia-antonio-aleixo\/#primaryimage\"},\"thumbnailUrl\":\"https:\/\/www.manaus.am.gov.br\/implurb\/wp-content\/uploads\/sites\/13\/2024\/11\/54121033666_25f05a2f33_k.jpg\",\"datePublished\":\"2024-11-07T17:15:08+00:00\",\"dateModified\":\"2024-11-07T17:15:08+00:00\",\"author\":{\"@id\":\"https:\/\/www.manaus.am.gov.br\/implurb\/#\/schema\/person\/05d223aea2bf115f9883a6ff3683d81b\"},\"description\":\"Moradores e estudantes participam de educa\u00e7\u00e3o patrimonial do parque Encontro das \u00c1guas e de exposi\u00e7\u00e3o in\u00e9dita no Col\u00f4nia Ant\u00f4nio Aleixo.\",\"breadcrumb\":{\"@id\":\"https:\/\/www.manaus.am.gov.br\/implurb\/educacao-patrimonial-parque-encontro-das-aguas-exposicao-colonia-antonio-aleixo\/#breadcrumb\"},\"inLanguage\":\"pt-BR\",\"potentialAction\":[{\"@type\":\"ReadAction\",\"target\":[\"https:\/\/www.manaus.am.gov.br\/implurb\/educacao-patrimonial-parque-encontro-das-aguas-exposicao-colonia-antonio-aleixo\/\"]}]},{\"@type\":\"ImageObject\",\"inLanguage\":\"pt-BR\",\"@id\":\"https:\/\/www.manaus.am.gov.br\/implurb\/educacao-patrimonial-parque-encontro-das-aguas-exposicao-colonia-antonio-aleixo\/#primaryimage\",\"url\":\"https:\/\/www.manaus.am.gov.br\/implurb\/wp-content\/uploads\/sites\/13\/2024\/11\/54121033666_25f05a2f33_k.jpg\",\"contentUrl\":\"https:\/\/www.manaus.am.gov.br\/implurb\/wp-content\/uploads\/sites\/13\/2024\/11\/54121033666_25f05a2f33_k.jpg\",\"width\":2048,\"height\":1365,\"caption\":\"#paratodosverem - Estudantes e moradores do bairro Col\u00f4nia Ant\u00f4nio Aleixo participando de programa\u00e7\u00e3o de educa\u00e7\u00e3o patrimonial\"},{\"@type\":\"BreadcrumbList\",\"@id\":\"https:\/\/www.manaus.am.gov.br\/implurb\/educacao-patrimonial-parque-encontro-das-aguas-exposicao-colonia-antonio-aleixo\/#breadcrumb\",\"itemListElement\":[{\"@type\":\"ListItem\",\"position\":1,\"name\":\"Home\",\"item\":\"https:\/\/www.manaus.am.gov.br\/implurb\/\"},{\"@type\":\"ListItem\",\"position\":2,\"name\":\"Moradores e estudantes participam de educa\u00e7\u00e3o patrimonial do parque Encontro das \u00c1guas e de exposi\u00e7\u00e3o in\u00e9dita no Col\u00f4nia Ant\u00f4nio Aleixo\"}]},{\"@type\":\"WebSite\",\"@id\":\"https:\/\/www.manaus.am.gov.br\/implurb\/#website\",\"url\":\"https:\/\/www.manaus.am.gov.br\/implurb\/\",\"name\":\"IMPLURB\",\"description\":\"Prefeitura de Manaus\",\"potentialAction\":[{\"@type\":\"SearchAction\",\"target\":{\"@type\":\"EntryPoint\",\"urlTemplate\":\"https:\/\/www.manaus.am.gov.br\/implurb\/?s={search_term_string}\"},\"query-input\":\"required name=search_term_string\"}],\"inLanguage\":\"pt-BR\"},{\"@type\":\"Person\",\"@id\":\"https:\/\/www.manaus.am.gov.br\/implurb\/#\/schema\/person\/05d223aea2bf115f9883a6ff3683d81b\",\"name\":\"Bruna Greco\",\"image\":{\"@type\":\"ImageObject\",\"inLanguage\":\"pt-BR\",\"@id\":\"https:\/\/www.manaus.am.gov.br\/implurb\/#\/schema\/person\/image\/\",\"url\":\"https:\/\/secure.gravatar.com\/avatar\/9c877d1a6adc2a055330e5c09a8653ce?s=96&d=mm&r=g\",\"contentUrl\":\"https:\/\/secure.gravatar.com\/avatar\/9c877d1a6adc2a055330e5c09a8653ce?s=96&d=mm&r=g\",\"caption\":\"Bruna Greco\"}}]}<\/script>\n<!-- \/ Yoast SEO plugin. -->","yoast_head_json":{"title":"Educa\u00e7\u00e3o patrimonial do parque Encontro das \u00c1guas","description":"Moradores e estudantes participam de educa\u00e7\u00e3o patrimonial do parque Encontro das \u00c1guas e de exposi\u00e7\u00e3o in\u00e9dita no Col\u00f4nia Ant\u00f4nio Aleixo.","robots":{"index":"noindex","follow":"follow"},"og_locale":"pt_BR","og_type":"article","og_title":"Educa\u00e7\u00e3o patrimonial do parque Encontro das \u00c1guas","og_description":"Moradores e estudantes participam de educa\u00e7\u00e3o patrimonial do parque Encontro das \u00c1guas e de exposi\u00e7\u00e3o in\u00e9dita no Col\u00f4nia Ant\u00f4nio Aleixo.","og_url":"https:\/\/www.manaus.am.gov.br\/implurb\/educacao-patrimonial-parque-encontro-das-aguas-exposicao-colonia-antonio-aleixo\/","og_site_name":"IMPLURB","article_published_time":"2024-11-07T17:15:08+00:00","og_image":[{"width":2048,"height":1365,"url":"https:\/\/www.manaus.am.gov.br\/implurb\/wp-content\/uploads\/sites\/13\/2024\/11\/54121033666_25f05a2f33_k.jpg","type":"image\/jpeg"}],"author":"Bruna Greco","twitter_card":"summary_large_image","twitter_misc":{"Written by":"Bruna Greco","Est. reading time":"7 minutos"},"schema":{"@context":"https:\/\/schema.org","@graph":[{"@type":"WebPage","@id":"https:\/\/www.manaus.am.gov.br\/implurb\/educacao-patrimonial-parque-encontro-das-aguas-exposicao-colonia-antonio-aleixo\/","url":"https:\/\/www.manaus.am.gov.br\/implurb\/educacao-patrimonial-parque-encontro-das-aguas-exposicao-colonia-antonio-aleixo\/","name":"Educa\u00e7\u00e3o patrimonial do parque Encontro das \u00c1guas","isPartOf":{"@id":"https:\/\/www.manaus.am.gov.br\/implurb\/#website"},"primaryImageOfPage":{"@id":"https:\/\/www.manaus.am.gov.br\/implurb\/educacao-patrimonial-parque-encontro-das-aguas-exposicao-colonia-antonio-aleixo\/#primaryimage"},"image":{"@id":"https:\/\/www.manaus.am.gov.br\/implurb\/educacao-patrimonial-parque-encontro-das-aguas-exposicao-colonia-antonio-aleixo\/#primaryimage"},"thumbnailUrl":"https:\/\/www.manaus.am.gov.br\/implurb\/wp-content\/uploads\/sites\/13\/2024\/11\/54121033666_25f05a2f33_k.jpg","datePublished":"2024-11-07T17:15:08+00:00","dateModified":"2024-11-07T17:15:08+00:00","author":{"@id":"https:\/\/www.manaus.am.gov.br\/implurb\/#\/schema\/person\/05d223aea2bf115f9883a6ff3683d81b"},"description":"Moradores e estudantes participam de educa\u00e7\u00e3o patrimonial do parque Encontro das \u00c1guas e de exposi\u00e7\u00e3o in\u00e9dita no Col\u00f4nia Ant\u00f4nio Aleixo.","breadcrumb":{"@id":"https:\/\/www.manaus.am.gov.br\/implurb\/educacao-patrimonial-parque-encontro-das-aguas-exposicao-colonia-antonio-aleixo\/#breadcrumb"},"inLanguage":"pt-BR","potentialAction":[{"@type":"ReadAction","target":["https:\/\/www.manaus.am.gov.br\/implurb\/educacao-patrimonial-parque-encontro-das-aguas-exposicao-colonia-antonio-aleixo\/"]}]},{"@type":"ImageObject","inLanguage":"pt-BR","@id":"https:\/\/www.manaus.am.gov.br\/implurb\/educacao-patrimonial-parque-encontro-das-aguas-exposicao-colonia-antonio-aleixo\/#primaryimage","url":"https:\/\/www.manaus.am.gov.br\/implurb\/wp-content\/uploads\/sites\/13\/2024\/11\/54121033666_25f05a2f33_k.jpg","contentUrl":"https:\/\/www.manaus.am.gov.br\/implurb\/wp-content\/uploads\/sites\/13\/2024\/11\/54121033666_25f05a2f33_k.jpg","width":2048,"height":1365,"caption":"#paratodosverem - Estudantes e moradores do bairro Col\u00f4nia Ant\u00f4nio Aleixo participando de programa\u00e7\u00e3o de educa\u00e7\u00e3o patrimonial"},{"@type":"BreadcrumbList","@id":"https:\/\/www.manaus.am.gov.br\/implurb\/educacao-patrimonial-parque-encontro-das-aguas-exposicao-colonia-antonio-aleixo\/#breadcrumb","itemListElement":[{"@type":"ListItem","position":1,"name":"Home","item":"https:\/\/www.manaus.am.gov.br\/implurb\/"},{"@type":"ListItem","position":2,"name":"Moradores e estudantes participam de educa\u00e7\u00e3o patrimonial do parque Encontro das \u00c1guas e de exposi\u00e7\u00e3o in\u00e9dita no Col\u00f4nia Ant\u00f4nio Aleixo"}]},{"@type":"WebSite","@id":"https:\/\/www.manaus.am.gov.br\/implurb\/#website","url":"https:\/\/www.manaus.am.gov.br\/implurb\/","name":"IMPLURB","description":"Prefeitura de Manaus","potentialAction":[{"@type":"SearchAction","target":{"@type":"EntryPoint","urlTemplate":"https:\/\/www.manaus.am.gov.br\/implurb\/?s={search_term_string}"},"query-input":"required name=search_term_string"}],"inLanguage":"pt-BR"},{"@type":"Person","@id":"https:\/\/www.manaus.am.gov.br\/implurb\/#\/schema\/person\/05d223aea2bf115f9883a6ff3683d81b","name":"Bruna Greco","image":{"@type":"ImageObject","inLanguage":"pt-BR","@id":"https:\/\/www.manaus.am.gov.br\/implurb\/#\/schema\/person\/image\/","url":"https:\/\/secure.gravatar.com\/avatar\/9c877d1a6adc2a055330e5c09a8653ce?s=96&d=mm&r=g","contentUrl":"https:\/\/secure.gravatar.com\/avatar\/9c877d1a6adc2a055330e5c09a8653ce?s=96&d=mm&r=g","caption":"Bruna Greco"}}]}},"_links":{"self":[{"href":"https:\/\/www.manaus.am.gov.br\/implurb\/wp-json\/wp\/v2\/posts\/5155"}],"collection":[{"href":"https:\/\/www.manaus.am.gov.br\/implurb\/wp-json\/wp\/v2\/posts"}],"about":[{"href":"https:\/\/www.manaus.am.gov.br\/implurb\/wp-json\/wp\/v2\/types\/post"}],"author":[{"embeddable":true,"href":"https:\/\/www.manaus.am.gov.br\/implurb\/wp-json\/wp\/v2\/users\/39"}],"replies":[{"embeddable":true,"href":"https:\/\/www.manaus.am.gov.br\/implurb\/wp-json\/wp\/v2\/comments?post=5155"}],"version-history":[{"count":1,"href":"https:\/\/www.manaus.am.gov.br\/implurb\/wp-json\/wp\/v2\/posts\/5155\/revisions"}],"predecessor-version":[{"id":5159,"href":"https:\/\/www.manaus.am.gov.br\/implurb\/wp-json\/wp\/v2\/posts\/5155\/revisions\/5159"}],"wp:featuredmedia":[{"embeddable":true,"href":"https:\/\/www.manaus.am.gov.br\/implurb\/wp-json\/wp\/v2\/media\/5158"}],"wp:attachment":[{"href":"https:\/\/www.manaus.am.gov.br\/implurb\/wp-json\/wp\/v2\/media?parent=5155"}],"wp:term":[{"taxonomy":"category","embeddable":true,"href":"https:\/\/www.manaus.am.gov.br\/implurb\/wp-json\/wp\/v2\/categories?post=5155"},{"taxonomy":"post_tag","embeddable":true,"href":"https:\/\/www.manaus.am.gov.br\/implurb\/wp-json\/wp\/v2\/tags?post=5155"}],"curies":[{"name":"wp","href":"https:\/\/api.w.org\/{rel}","templated":true}]}}