{"id":4954,"date":"2024-07-04T22:08:27","date_gmt":"2024-07-05T02:08:27","guid":{"rendered":"https:\/\/www.manaus.am.gov.br\/implurb\/parque-gigantes\/"},"modified":"2024-07-05T10:00:04","modified_gmt":"2024-07-05T14:00:04","slug":"parque-gigantes","status":"publish","type":"post","link":"https:\/\/www.manaus.am.gov.br\/implurb\/parque-gigantes\/","title":{"rendered":"Prefeitura de Manaus inaugura parque Gigantes da Floresta para promover a alegria das crian\u00e7as da capital"},"content":{"rendered":"\n<p>Com o objetivo de resgatar a alegria da primeira inf\u00e2ncia das crian\u00e7as manauaras, a Prefeitura de Manaus, por meio do Instituto Municipal de Planejamento Urbano (Implurb), inaugurou, na noite desta quinta-feira, 4\/7, o parque Gigantes da Floresta, localizado entre os bairros Novo Aleixo e Tancredo Neves, nas zonas Leste e Norte. O novo espa\u00e7o, \u00fanico na regi\u00e3o Norte, conta com mais de 18 mil metros quadrados e proporciona um mergulho na fauna e flora amaz\u00f4nica, com mais de 80 animais esculpidos.<\/p>\n\n\n<div class=\"wp-block-image\">\n<figure class=\"aligncenter size-full\"><img loading=\"lazy\" decoding=\"async\" width=\"800\" height=\"450\" src=\"https:\/\/www.manaus.am.gov.br\/implurb\/wp-content\/uploads\/sites\/13\/2024\/07\/Parque-Gigantes-da-Floresta-3.jpg\" alt=\"\" class=\"wp-image-4958\" srcset=\"https:\/\/www.manaus.am.gov.br\/implurb\/wp-content\/uploads\/sites\/13\/2024\/07\/Parque-Gigantes-da-Floresta-3.jpg 800w, https:\/\/www.manaus.am.gov.br\/implurb\/wp-content\/uploads\/sites\/13\/2024\/07\/Parque-Gigantes-da-Floresta-3-300x169.jpg 300w, https:\/\/www.manaus.am.gov.br\/implurb\/wp-content\/uploads\/sites\/13\/2024\/07\/Parque-Gigantes-da-Floresta-3-768x432.jpg 768w\" sizes=\"(max-width: 800px) 100vw, 800px\" \/><figcaption class=\"wp-element-caption\">#paratodosverem &#8211; imagem geral do parque<\/figcaption><\/figure><\/div>\n\n\n<p>Para o prefeito David Almeida, a inaugura\u00e7\u00e3o da primeira etapa do parque Gigantes da Floresta \u00e9 uma a\u00e7\u00e3o que busca resgatar a alegria da primeira inf\u00e2ncia das crian\u00e7as da capital amazonense. No espa\u00e7o, elas ter\u00e3o a oportunidade de vivenciar experi\u00eancias raras no dia a dia, muito pelo contato constante e precoce com a tecnologia.<\/p>\n\n\n\n<p>\u201cAs crian\u00e7as precisam voltar a ser crian\u00e7as. As crian\u00e7as est\u00e3o interagindo muito com as m\u00e1quinas. Hoje, infelizmente, alguns pais est\u00e3o terceirizando a cria\u00e7\u00e3o dos seus filhos para o tablet, para o computador, para o celular. E a inten\u00e7\u00e3o desse parque \u00e9 fazer com que a crian\u00e7a volte a ser crian\u00e7a, ela venha para c\u00e1, possa interagir com outras crian\u00e7as, possa correr, possa ter contato com as pedras, com a \u00e1gua, com a areia, com todos esses animais, que ela possa. Fazer escaladas, escorregar, \u00e9 um parque educativo, contemplativo, informativo, interativo e educacional. Portanto, n\u00f3s estamos com essa concep\u00e7\u00e3o para que n\u00f3s possamos voltar \u00e0 primeira inf\u00e2ncia\u201d, explicou o prefeito de Manaus.&nbsp;<\/p>\n\n\n\n<p>O Gigantes da Floresta foi inaugurado com seis cen\u00e1rios, sendo o dos r\u00e9pteis (cobra, jacar\u00e9, ovos, iguana); anf\u00edbios (sapos); primatas e mam\u00edferos (macacos); on\u00e7as-pardas, pintada e uma pantera-negra; \u00e1rvore central; e peixes, como tucunar\u00e9, pirarucu, arraias e vit\u00f3rias-r\u00e9gias flutuando suspensas.<\/p>\n\n\n<div class=\"wp-block-image\">\n<figure class=\"aligncenter size-full\"><img loading=\"lazy\" decoding=\"async\" width=\"799\" height=\"533\" src=\"https:\/\/www.manaus.am.gov.br\/implurb\/wp-content\/uploads\/sites\/13\/2024\/07\/Parque-Gigantes-da-Floresta-4.jpg\" alt=\"\" class=\"wp-image-4957\" srcset=\"https:\/\/www.manaus.am.gov.br\/implurb\/wp-content\/uploads\/sites\/13\/2024\/07\/Parque-Gigantes-da-Floresta-4.jpg 799w, https:\/\/www.manaus.am.gov.br\/implurb\/wp-content\/uploads\/sites\/13\/2024\/07\/Parque-Gigantes-da-Floresta-4-300x200.jpg 300w, https:\/\/www.manaus.am.gov.br\/implurb\/wp-content\/uploads\/sites\/13\/2024\/07\/Parque-Gigantes-da-Floresta-4-768x512.jpg 768w\" sizes=\"(max-width: 799px) 100vw, 799px\" \/><figcaption class=\"wp-element-caption\">#aratodosverem &#8211; espa\u00e7o dos primatas<\/figcaption><\/figure><\/div>\n\n\n<p>O gigantismo da obra, com projeto arquitet\u00f4nico do Implurb, segue com a maior pra\u00e7a molhada da cidade, com 3,6 mil metros quadrados, que tem ao centro a &#8220;\u00c1rvore da Vida&#8221;, com 15 metros de altura por 15 metros de di\u00e2metros, que funcionar\u00e1 com esguichos de \u00e1gua num labirinto de folhas de a\u00e7o, para ser explorado tridimensionalmente.<\/p>\n\n\n\n<p>Presente na inaugura\u00e7\u00e3o, o vice-governador do Amazonas, Tadeu de Souza, ressaltou a import\u00e2ncia de a obra ter sido realizada entre as duas zonas da cidade, principalmente por levar servi\u00e7os de qualidade para essa \u00e1rea da capital amazonense que por anos foi deixada de lado pelo poder p\u00fablico.<\/p>\n\n\n\n<p>\u201cA gente tinha o h\u00e1bito de passar aqui pela zona Norte e na Leste e via um v\u00e1cuo urbano. A popula\u00e7\u00e3o daqui se instalou nessa regi\u00e3o, no Novo Aleixo, no Mutir\u00e3o, no Tancredo Neves, desde a d\u00e9cada de 90 e cresceu de forma desordenada. Mas poucas foram as gest\u00f5es que tiveram um olhar apurado, atencioso e com interven\u00e7\u00f5es, como est\u00e1 fazendo a Prefeitura de Manaus. Eu acho que \u00e9 um marco importante porque s\u00e3o v\u00e1rios investimentos que est\u00e3o sendo feitos nessa \u00e1rea\u201d, afirmou Tadeu.<\/p>\n\n\n\n<p>Os cen\u00e1rios do parque Gigantes da Floresta foram projetados para atender todos os p\u00fablicos, de crian\u00e7as a adolescentes e adultos, al\u00e9m de ter acessibilidade para Pessoas com Defici\u00eancia (PcD). E ainda h\u00e1 sete conjuntos de playground, cinco de balan\u00e7os e brinquedos inclusivos e exclusivos para PcDs, e um balancinho. O local tamb\u00e9m conta com sinaliza\u00e7\u00e3o e lixeiras padronizadas para lixo recicl\u00e1vel e org\u00e2nico.<\/p>\n\n\n<div class=\"wp-block-image\">\n<figure class=\"aligncenter size-full\"><img loading=\"lazy\" decoding=\"async\" width=\"799\" height=\"533\" src=\"https:\/\/www.manaus.am.gov.br\/implurb\/wp-content\/uploads\/sites\/13\/2024\/07\/Parque-Gigantes-da-Floresta-6.jpg\" alt=\"\" class=\"wp-image-4955\" srcset=\"https:\/\/www.manaus.am.gov.br\/implurb\/wp-content\/uploads\/sites\/13\/2024\/07\/Parque-Gigantes-da-Floresta-6.jpg 799w, https:\/\/www.manaus.am.gov.br\/implurb\/wp-content\/uploads\/sites\/13\/2024\/07\/Parque-Gigantes-da-Floresta-6-300x200.jpg 300w, https:\/\/www.manaus.am.gov.br\/implurb\/wp-content\/uploads\/sites\/13\/2024\/07\/Parque-Gigantes-da-Floresta-6-768x512.jpg 768w\" sizes=\"(max-width: 799px) 100vw, 799px\" \/><figcaption class=\"wp-element-caption\">#paratodosverem &#8211; \u00e1rea de brinquedos inclusiva<\/figcaption><\/figure><\/div>\n\n\n<p>Diretor-presidente do Implurb, Carlos Valente destacou que a entrega do novo espa\u00e7o p\u00fablico vai auxiliar no conv\u00edvio das crian\u00e7as e na intera\u00e7\u00e3o entre elas, desenvolvendo esse sentimento de bem comum.<\/p>\n\n\n\n<p>\u201cEssa \u00e9 uma entrega que simboliza a valoriza\u00e7\u00e3o de uma gera\u00e7\u00e3o que come\u00e7a a se despontar para essa cidade. Eu tenho certeza que todas essas crian\u00e7as que v\u00e3o passar por aqui, v\u00e3o se divertir e v\u00e3o se divertir e pensar em fazer alguma coisa pelo bem das outras crian\u00e7as. Ent\u00e3o esse \u00e9 o sentido dessa obra. \u00c9 um ponto de encontro para a comunidade promovendo sa\u00fade, bem-estar e conex\u00e3o com a natureza\u201d, salientou Valente.<\/p>\n\n\n\n<p>Morador do Mutir\u00e3o, o aposentado Wilton Porto, 55 anos, aproveitou a inaugura\u00e7\u00e3o para tirar um tempo de qualidade com as tr\u00eas netas, que se encantaram com a dimens\u00e3o e a beleza do parque.<\/p>\n\n\n\n<p>\u201cEu estou achando uma maravilha. Eu estou achando que aqui n\u00e3o vai mais ser Mutir\u00e3o, aqui \u00e9 o Vieiralves eu acho, est\u00e1 muito bonito, o prefeito est\u00e1 fazendo \u00f3timo trabalho para a zona Leste. Eu tenho que parabenizar. Quem n\u00e3o trabalha, a gente tem que criticar, mas n\u00f3s estamos vendo aqui no nosso bairro que est\u00e1 sendo muito gratificante e est\u00e1 maravilhoso, est\u00e1 bonito, uma coisa que eu nem esperava de ver essa \u00e1rea aqui do jeito que est\u00e1, uma lindeza\u201d, afirmou Porto.<\/p>\n\n\n\n<p><strong>Gest\u00e3o<\/strong><\/p>\n\n\n\n<p>O Gigantes da Floresta ter\u00e1 uma \u00e1rea administrativa e de monitoramento da seguran\u00e7a num cont\u00eainer, que ficar\u00e1 a cargo da Secretaria Municipal de Seguran\u00e7a P\u00fablica e Defesa Social (Semseg). C\u00e2meras e outros equipamentos modernos v\u00e3o assegurar uma seguran\u00e7a de alto n\u00edvel no parque, incluindo guardas municipais em ronda 24 horas, com motos, quadriciclos e viaturas.<\/p>\n\n\n\n<p>Equipes de monitores v\u00e3o auxiliar, orientar e cuidar do bom uso e entretenimento das crian\u00e7as e jovens nos cen\u00e1rios durante o funcionamento do parque. O espa\u00e7o possui um conjunto de banheiros masculino, feminino, PcDs e para a fam\u00edlia.<\/p>\n\n\n\n<p><strong>O in\u00edcio<\/strong><\/p>\n\n\n\n<p>O Gigantes da Floresta se soma ao parque Amazonino Mendes, numa \u00e1rea total que envolve 134 mil metros quadrados, ampliando a urbanidade, lazer, esporte e entretenimento na capital.<\/p>\n\n\n<div class=\"wp-block-image\">\n<figure class=\"aligncenter size-full\"><img loading=\"lazy\" decoding=\"async\" width=\"799\" height=\"533\" src=\"https:\/\/www.manaus.am.gov.br\/implurb\/wp-content\/uploads\/sites\/13\/2024\/07\/Parque-Gigantes-da-Floresta-5.jpg\" alt=\"\" class=\"wp-image-4956\" srcset=\"https:\/\/www.manaus.am.gov.br\/implurb\/wp-content\/uploads\/sites\/13\/2024\/07\/Parque-Gigantes-da-Floresta-5.jpg 799w, https:\/\/www.manaus.am.gov.br\/implurb\/wp-content\/uploads\/sites\/13\/2024\/07\/Parque-Gigantes-da-Floresta-5-300x200.jpg 300w, https:\/\/www.manaus.am.gov.br\/implurb\/wp-content\/uploads\/sites\/13\/2024\/07\/Parque-Gigantes-da-Floresta-5-768x512.jpg 768w\" sizes=\"(max-width: 799px) 100vw, 799px\" \/><figcaption class=\"wp-element-caption\">#paratodosverem &#8211; detalhe da pra\u00e7a molhada do parque<\/figcaption><\/figure><\/div>\n\n\n<p>Os animais s\u00e3o obras de arte esculpidas em concreto e tela de viveiro, outros em EPS, material mais conhecido como isopor, usando t\u00e9cnicas de constru\u00e7\u00e3o, modelagem, colagem, papel mach\u00ea, fibra de vidro, acabamentos, detalhamento e pintura feitas por artistas e escultores.<\/p>\n\n\n\n<p>A constru\u00e7\u00e3o traz cen\u00e1rios interativos tem\u00e1ticos, com rampas de escalada, escorregadores, \u00e1rea molhada, entre outros. Todas as figuras ligadas \u00e0 floresta ser\u00e3o manuseadas como brinquedos l\u00fadicos para as crian\u00e7as e interativos para os adultos.<\/p>\n\n\n\n<p>&#8212; &#8212; &#8212;<\/p>\n\n\n\n<p><strong>Texto<\/strong> &#8211; Cl\u00e1udia do Valle\/Implurb e Thiago Fernando\/Semcom<\/p>\n\n\n\n<p><strong>Fotos<\/strong> &#8211;&nbsp; Cl\u00f3vis Miranda, Phil Limma, Elton Viana e Ant\u00f4nio Pereira \/ Semcom<\/p>\n\n\n\n<p><strong>Dispon\u00edveis em<\/strong> &#8211; <a href=\"https:\/\/www.flickr.com\/gp\/prefeiturademanaus\/59t4z6v46C\">https:\/\/www.flickr.com\/gp\/prefeiturademanaus\/59t4z6v46C<\/a><\/p>\n","protected":false},"excerpt":{"rendered":"","protected":false},"author":61,"featured_media":4959,"comment_status":"closed","ping_status":"closed","sticky":false,"template":"","format":"standard","meta":{"footnotes":""},"categories":[585],"tags":[31,11,616,1144,15],"acf":[],"yoast_head":"<!-- This site is optimized with the Yoast SEO plugin v23.0 - https:\/\/yoast.com\/wordpress\/plugins\/seo\/ -->\n<title>Prefeitura de Manaus inaugura parque Gigantes da Floresta para promover a alegria das crian\u00e7as da capital<\/title>\n<meta name=\"description\" content=\"A Prefeitura de Manaus, por meio do Implurb, em parceria com o Governo do estado, inaugurou, nesta quinta-feira, 4\/7, o parque Gigantes da Floresta.\" \/>\n<meta name=\"robots\" content=\"noindex, follow\" \/>\n<meta property=\"og:locale\" content=\"pt_BR\" \/>\n<meta property=\"og:type\" content=\"article\" \/>\n<meta property=\"og:title\" content=\"Prefeitura de Manaus inaugura parque Gigantes da Floresta para promover a alegria das crian\u00e7as da capital\" \/>\n<meta property=\"og:description\" content=\"A Prefeitura de Manaus, por meio do Implurb, em parceria com o Governo do estado, inaugurou, nesta quinta-feira, 4\/7, o parque Gigantes da Floresta.\" \/>\n<meta property=\"og:url\" content=\"https:\/\/www.manaus.am.gov.br\/implurb\/parque-gigantes\/\" \/>\n<meta property=\"og:site_name\" content=\"IMPLURB\" \/>\n<meta property=\"article:published_time\" content=\"2024-07-05T02:08:27+00:00\" \/>\n<meta property=\"article:modified_time\" content=\"2024-07-05T14:00:04+00:00\" \/>\n<meta property=\"og:image\" content=\"https:\/\/www.manaus.am.gov.br\/implurb\/wp-content\/uploads\/sites\/13\/2024\/07\/Parque-Gigantes-da-Floresta-1.jpg\" \/>\n\t<meta property=\"og:image:width\" content=\"799\" \/>\n\t<meta property=\"og:image:height\" content=\"533\" \/>\n\t<meta property=\"og:image:type\" content=\"image\/jpeg\" \/>\n<meta name=\"author\" content=\"smonteiro\" \/>\n<meta name=\"twitter:card\" content=\"summary_large_image\" \/>\n<meta name=\"twitter:label1\" content=\"Written by\" \/>\n\t<meta name=\"twitter:data1\" content=\"smonteiro\" \/>\n\t<meta name=\"twitter:label2\" content=\"Est. reading time\" \/>\n\t<meta name=\"twitter:data2\" content=\"7 minutos\" \/>\n<script type=\"application\/ld+json\" class=\"yoast-schema-graph\">{\"@context\":\"https:\/\/schema.org\",\"@graph\":[{\"@type\":\"WebPage\",\"@id\":\"https:\/\/www.manaus.am.gov.br\/implurb\/parque-gigantes\/\",\"url\":\"https:\/\/www.manaus.am.gov.br\/implurb\/parque-gigantes\/\",\"name\":\"Prefeitura de Manaus inaugura parque Gigantes da Floresta para promover a alegria das crian\u00e7as da capital\",\"isPartOf\":{\"@id\":\"https:\/\/www.manaus.am.gov.br\/implurb\/#website\"},\"primaryImageOfPage\":{\"@id\":\"https:\/\/www.manaus.am.gov.br\/implurb\/parque-gigantes\/#primaryimage\"},\"image\":{\"@id\":\"https:\/\/www.manaus.am.gov.br\/implurb\/parque-gigantes\/#primaryimage\"},\"thumbnailUrl\":\"https:\/\/www.manaus.am.gov.br\/implurb\/wp-content\/uploads\/sites\/13\/2024\/07\/Parque-Gigantes-da-Floresta-1.jpg\",\"datePublished\":\"2024-07-05T02:08:27+00:00\",\"dateModified\":\"2024-07-05T14:00:04+00:00\",\"author\":{\"@id\":\"https:\/\/www.manaus.am.gov.br\/implurb\/#\/schema\/person\/ab4dcf766a54dff74e8d267f5c591961\"},\"description\":\"A Prefeitura de Manaus, por meio do Implurb, em parceria com o Governo do estado, inaugurou, nesta quinta-feira, 4\/7, o parque Gigantes da Floresta.\",\"breadcrumb\":{\"@id\":\"https:\/\/www.manaus.am.gov.br\/implurb\/parque-gigantes\/#breadcrumb\"},\"inLanguage\":\"pt-BR\",\"potentialAction\":[{\"@type\":\"ReadAction\",\"target\":[\"https:\/\/www.manaus.am.gov.br\/implurb\/parque-gigantes\/\"]}]},{\"@type\":\"ImageObject\",\"inLanguage\":\"pt-BR\",\"@id\":\"https:\/\/www.manaus.am.gov.br\/implurb\/parque-gigantes\/#primaryimage\",\"url\":\"https:\/\/www.manaus.am.gov.br\/implurb\/wp-content\/uploads\/sites\/13\/2024\/07\/Parque-Gigantes-da-Floresta-1.jpg\",\"contentUrl\":\"https:\/\/www.manaus.am.gov.br\/implurb\/wp-content\/uploads\/sites\/13\/2024\/07\/Parque-Gigantes-da-Floresta-1.jpg\",\"width\":799,\"height\":533,\"caption\":\"#paratodosverem - prefeito David Almeida e vice-governador, Tadeu de Souza apertam as m\u00e3os ap\u00f3s o descerramento da placa de inaugura\u00e7\u00e3o do parque\"},{\"@type\":\"BreadcrumbList\",\"@id\":\"https:\/\/www.manaus.am.gov.br\/implurb\/parque-gigantes\/#breadcrumb\",\"itemListElement\":[{\"@type\":\"ListItem\",\"position\":1,\"name\":\"Home\",\"item\":\"https:\/\/www.manaus.am.gov.br\/implurb\/\"},{\"@type\":\"ListItem\",\"position\":2,\"name\":\"Prefeitura de Manaus inaugura parque Gigantes da Floresta para promover a alegria das crian\u00e7as da capital\"}]},{\"@type\":\"WebSite\",\"@id\":\"https:\/\/www.manaus.am.gov.br\/implurb\/#website\",\"url\":\"https:\/\/www.manaus.am.gov.br\/implurb\/\",\"name\":\"IMPLURB\",\"description\":\"Prefeitura de Manaus\",\"potentialAction\":[{\"@type\":\"SearchAction\",\"target\":{\"@type\":\"EntryPoint\",\"urlTemplate\":\"https:\/\/www.manaus.am.gov.br\/implurb\/?s={search_term_string}\"},\"query-input\":\"required name=search_term_string\"}],\"inLanguage\":\"pt-BR\"},{\"@type\":\"Person\",\"@id\":\"https:\/\/www.manaus.am.gov.br\/implurb\/#\/schema\/person\/ab4dcf766a54dff74e8d267f5c591961\",\"name\":\"smonteiro\",\"image\":{\"@type\":\"ImageObject\",\"inLanguage\":\"pt-BR\",\"@id\":\"https:\/\/www.manaus.am.gov.br\/implurb\/#\/schema\/person\/image\/\",\"url\":\"https:\/\/secure.gravatar.com\/avatar\/21c8776ef61d9272c73322052e042d77?s=96&d=mm&r=g\",\"contentUrl\":\"https:\/\/secure.gravatar.com\/avatar\/21c8776ef61d9272c73322052e042d77?s=96&d=mm&r=g\",\"caption\":\"smonteiro\"}}]}<\/script>\n<!-- \/ Yoast SEO plugin. -->","yoast_head_json":{"title":"Prefeitura de Manaus inaugura parque Gigantes da Floresta para promover a alegria das crian\u00e7as da capital","description":"A Prefeitura de Manaus, por meio do Implurb, em parceria com o Governo do estado, inaugurou, nesta quinta-feira, 4\/7, o parque Gigantes da Floresta.","robots":{"index":"noindex","follow":"follow"},"og_locale":"pt_BR","og_type":"article","og_title":"Prefeitura de Manaus inaugura parque Gigantes da Floresta para promover a alegria das crian\u00e7as da capital","og_description":"A Prefeitura de Manaus, por meio do Implurb, em parceria com o Governo do estado, inaugurou, nesta quinta-feira, 4\/7, o parque Gigantes da Floresta.","og_url":"https:\/\/www.manaus.am.gov.br\/implurb\/parque-gigantes\/","og_site_name":"IMPLURB","article_published_time":"2024-07-05T02:08:27+00:00","article_modified_time":"2024-07-05T14:00:04+00:00","og_image":[{"width":799,"height":533,"url":"https:\/\/www.manaus.am.gov.br\/implurb\/wp-content\/uploads\/sites\/13\/2024\/07\/Parque-Gigantes-da-Floresta-1.jpg","type":"image\/jpeg"}],"author":"smonteiro","twitter_card":"summary_large_image","twitter_misc":{"Written by":"smonteiro","Est. reading time":"7 minutos"},"schema":{"@context":"https:\/\/schema.org","@graph":[{"@type":"WebPage","@id":"https:\/\/www.manaus.am.gov.br\/implurb\/parque-gigantes\/","url":"https:\/\/www.manaus.am.gov.br\/implurb\/parque-gigantes\/","name":"Prefeitura de Manaus inaugura parque Gigantes da Floresta para promover a alegria das crian\u00e7as da capital","isPartOf":{"@id":"https:\/\/www.manaus.am.gov.br\/implurb\/#website"},"primaryImageOfPage":{"@id":"https:\/\/www.manaus.am.gov.br\/implurb\/parque-gigantes\/#primaryimage"},"image":{"@id":"https:\/\/www.manaus.am.gov.br\/implurb\/parque-gigantes\/#primaryimage"},"thumbnailUrl":"https:\/\/www.manaus.am.gov.br\/implurb\/wp-content\/uploads\/sites\/13\/2024\/07\/Parque-Gigantes-da-Floresta-1.jpg","datePublished":"2024-07-05T02:08:27+00:00","dateModified":"2024-07-05T14:00:04+00:00","author":{"@id":"https:\/\/www.manaus.am.gov.br\/implurb\/#\/schema\/person\/ab4dcf766a54dff74e8d267f5c591961"},"description":"A Prefeitura de Manaus, por meio do Implurb, em parceria com o Governo do estado, inaugurou, nesta quinta-feira, 4\/7, o parque Gigantes da Floresta.","breadcrumb":{"@id":"https:\/\/www.manaus.am.gov.br\/implurb\/parque-gigantes\/#breadcrumb"},"inLanguage":"pt-BR","potentialAction":[{"@type":"ReadAction","target":["https:\/\/www.manaus.am.gov.br\/implurb\/parque-gigantes\/"]}]},{"@type":"ImageObject","inLanguage":"pt-BR","@id":"https:\/\/www.manaus.am.gov.br\/implurb\/parque-gigantes\/#primaryimage","url":"https:\/\/www.manaus.am.gov.br\/implurb\/wp-content\/uploads\/sites\/13\/2024\/07\/Parque-Gigantes-da-Floresta-1.jpg","contentUrl":"https:\/\/www.manaus.am.gov.br\/implurb\/wp-content\/uploads\/sites\/13\/2024\/07\/Parque-Gigantes-da-Floresta-1.jpg","width":799,"height":533,"caption":"#paratodosverem - prefeito David Almeida e vice-governador, Tadeu de Souza apertam as m\u00e3os ap\u00f3s o descerramento da placa de inaugura\u00e7\u00e3o do parque"},{"@type":"BreadcrumbList","@id":"https:\/\/www.manaus.am.gov.br\/implurb\/parque-gigantes\/#breadcrumb","itemListElement":[{"@type":"ListItem","position":1,"name":"Home","item":"https:\/\/www.manaus.am.gov.br\/implurb\/"},{"@type":"ListItem","position":2,"name":"Prefeitura de Manaus inaugura parque Gigantes da Floresta para promover a alegria das crian\u00e7as da capital"}]},{"@type":"WebSite","@id":"https:\/\/www.manaus.am.gov.br\/implurb\/#website","url":"https:\/\/www.manaus.am.gov.br\/implurb\/","name":"IMPLURB","description":"Prefeitura de Manaus","potentialAction":[{"@type":"SearchAction","target":{"@type":"EntryPoint","urlTemplate":"https:\/\/www.manaus.am.gov.br\/implurb\/?s={search_term_string}"},"query-input":"required name=search_term_string"}],"inLanguage":"pt-BR"},{"@type":"Person","@id":"https:\/\/www.manaus.am.gov.br\/implurb\/#\/schema\/person\/ab4dcf766a54dff74e8d267f5c591961","name":"smonteiro","image":{"@type":"ImageObject","inLanguage":"pt-BR","@id":"https:\/\/www.manaus.am.gov.br\/implurb\/#\/schema\/person\/image\/","url":"https:\/\/secure.gravatar.com\/avatar\/21c8776ef61d9272c73322052e042d77?s=96&d=mm&r=g","contentUrl":"https:\/\/secure.gravatar.com\/avatar\/21c8776ef61d9272c73322052e042d77?s=96&d=mm&r=g","caption":"smonteiro"}}]}},"_links":{"self":[{"href":"https:\/\/www.manaus.am.gov.br\/implurb\/wp-json\/wp\/v2\/posts\/4954"}],"collection":[{"href":"https:\/\/www.manaus.am.gov.br\/implurb\/wp-json\/wp\/v2\/posts"}],"about":[{"href":"https:\/\/www.manaus.am.gov.br\/implurb\/wp-json\/wp\/v2\/types\/post"}],"author":[{"embeddable":true,"href":"https:\/\/www.manaus.am.gov.br\/implurb\/wp-json\/wp\/v2\/users\/61"}],"replies":[{"embeddable":true,"href":"https:\/\/www.manaus.am.gov.br\/implurb\/wp-json\/wp\/v2\/comments?post=4954"}],"version-history":[{"count":5,"href":"https:\/\/www.manaus.am.gov.br\/implurb\/wp-json\/wp\/v2\/posts\/4954\/revisions"}],"predecessor-version":[{"id":4968,"href":"https:\/\/www.manaus.am.gov.br\/implurb\/wp-json\/wp\/v2\/posts\/4954\/revisions\/4968"}],"wp:featuredmedia":[{"embeddable":true,"href":"https:\/\/www.manaus.am.gov.br\/implurb\/wp-json\/wp\/v2\/media\/4959"}],"wp:attachment":[{"href":"https:\/\/www.manaus.am.gov.br\/implurb\/wp-json\/wp\/v2\/media?parent=4954"}],"wp:term":[{"taxonomy":"category","embeddable":true,"href":"https:\/\/www.manaus.am.gov.br\/implurb\/wp-json\/wp\/v2\/categories?post=4954"},{"taxonomy":"post_tag","embeddable":true,"href":"https:\/\/www.manaus.am.gov.br\/implurb\/wp-json\/wp\/v2\/tags?post=4954"}],"curies":[{"name":"wp","href":"https:\/\/api.w.org\/{rel}","templated":true}]}}