{"id":4945,"date":"2024-07-04T10:27:01","date_gmt":"2024-07-04T14:27:01","guid":{"rendered":"https:\/\/www.manaus.am.gov.br\/implurb\/gigantes-da-floresta-brinquedos-pcds-cadeirantes\/"},"modified":"2024-07-04T10:27:01","modified_gmt":"2024-07-04T14:27:01","slug":"gigantes-da-floresta-brinquedos-pcds-cadeirantes","status":"publish","type":"post","link":"https:\/\/www.manaus.am.gov.br\/implurb\/gigantes-da-floresta-brinquedos-pcds-cadeirantes\/","title":{"rendered":"Parque Gigantes da Floresta conta com brinquedos acess\u00edveis e exclusivos para PcDs e cadeirantes"},"content":{"rendered":"\n<p>Entre o Gigantes da Floresta, parque que a Prefeitura de Manaus vai inaugurar nesta quinta-feira, 4\/7, \u00e0s 17h30,&nbsp;o realismo dos animais, da flora e fauna amaz\u00f4nica provoca um sentimento de lugar m\u00e1gico e de aventuras. Al\u00e9m da divers\u00e3o, a prefeitura vai entregar ainda inclus\u00e3o, j\u00e1 que h\u00e1 espa\u00e7o para todas as crian\u00e7as, com defici\u00eancias e com mobilidade reduzida ou alguma restri\u00e7\u00e3o motora.<\/p>\n\n\n\n<p>Os brinquedos s\u00e3o balan\u00e7os e gangorras para atender, exclusivamente, Pessoas com Defici\u00eancia (PcDs) e cadeirantes, com alto padr\u00e3o de acabamento e de qualidade, e totalmente adaptados, instalados em piso de grama sint\u00e9tica. O material foi adquirido de uma empresa especializada nesse tipo de equipamento. O projeto arquitet\u00f4nico e urban\u00edstico do complexo \u00e9 do Instituto Municipal de Planejamento Urbano (Implurb).<\/p>\n\n\n\n<p>\u201cO playground inclusivo \u00e9 exatamente para proporcionar a qualidade de vida, promover a intera\u00e7\u00e3o junto \u00e0s crian\u00e7as com defici\u00eancia e crian\u00e7as tamb\u00e9m com mobilidade reduzida, seja ela de maneira provis\u00f3ria ou permanente. Isso vai permitir que as crian\u00e7as que n\u00e3o possuem defici\u00eancia possam interagir junto \u00e0s crian\u00e7as com defici\u00eancia, e pela primeira vez estamos adotando esse tipo de equipamento em uma \u00e1rea p\u00fablica. Este \u00e9 o in\u00edcio e, provavelmente, ap\u00f3s este parque, ir\u00e3o surgir outras \u00e1reas p\u00fablicas para serem atendidas\u201d, explicou o diretor de Planejamento Urbano do Implurb, arquiteto e urbanista Pedro Paulo Cordeiro.<\/p>\n\n\n\n<p>No Gigantes da Floresta haver\u00e1 esse ambiente onde todas as crian\u00e7as poder\u00e3o brincar e se divertir sem distin\u00e7\u00e3o. Os equipamentos estar\u00e3o devidamente sinalizados, destinados a cadeirantes, por exemplo, e dever\u00e3o ser usados somente com acompanhante ou respons\u00e1vel. Esses brinquedos v\u00e3o al\u00e9m do fator divers\u00e3o, incluindo desenvolvimento motor, cognitivo e social, sendo mais uma oportunidade para a inclus\u00e3o de pessoas com defici\u00eancia.<\/p>\n\n\n\n<p>\u201cTamb\u00e9m demonstra o acolhimento da gest\u00e3o do prefeito David Almeida, em tratar todos com igualdade, garantindo divers\u00e3o neste parque a todos\u201d, disse Pedro Paulo.<\/p>\n\n\n\n<p><strong>O Gigantes<\/strong><\/p>\n\n\n\n<p>O parque funcionar\u00e1 de quarta a sexta-feira, das 16h \u00e0s 21h, e nos s\u00e1bados, domingos e feriados, das 10h \u00e0s 21h. \u00c0s segundas e ter\u00e7as-feiras, o Gigantes da Floresta estar\u00e1 fechado para manuten\u00e7\u00e3o de brinquedos, das estruturas gigantes e da pra\u00e7a molhada de 3,6 mil metros quadrados. A l\u00e2mina do espelho d\u2019\u00e1gua ter\u00e1 25 cent\u00edmetros.<\/p>\n\n\n\n<p>O complexo ter\u00e1 gest\u00e3o das secretarias municipais de Agricultura, Abastecimento, Centro e Com\u00e9rcio Informal (Semacc), de&nbsp;Seguran\u00e7a P\u00fablica e Defesa Social (Semseg) e de Limpeza Urbana (Semulsp), para garantir seguran\u00e7a patrimonial e dos frequentadores, al\u00e9m de combater o com\u00e9rcio ilegal de ambulantes e manter a \u00e1rea limpa e cuidada. O projeto arquitet\u00f4nico \u00e9 de autoria do Instituto Municipal de Planejamento Urbano (Implurb).<\/p>\n\n\n\n<p>Os seis cen\u00e1rios que ser\u00e3o inaugurados t\u00eam placas indicativas de bom uso, com avisos que informam a necessidade de ter um respons\u00e1vel acompanhando as crian\u00e7as menores de oito anos; e que pets n\u00e3o ser\u00e3o permitidos no local, para evitar contamina\u00e7\u00e3o por fezes e xixi dos animais nas \u00e1reas dos brinquedos, servindo de prote\u00e7\u00e3o \u00e0 sa\u00fade dos pequenos.<\/p>\n\n\n\n<p>Al\u00e9m dos mais de 80 animais de gigantes e grandiosos tamanhos, o parque ainda conta com detalhes da fauna em vers\u00f5es menores, dando mais riqueza e realismo ao local, como macacos e on\u00e7as confeccionados em fibra de vidro. Estes t\u00eam efeito apenas decorativo, ficando em alturas maiores, no topo de alguns bichos da Amaz\u00f4nia.<\/p>\n\n\n\n<figure class=\"wp-block-image size-large\"><img decoding=\"async\" src=\"https:\/\/www.manaus.am.gov.br\/implurb\/wp-content\/uploads\/sites\/13\/2024\/07\/53831366371_ea42e94b83_k-1024x683.jpg\" alt=\"\" class=\"wp-image-4947\" \/><\/figure>\n\n\n\n<p><strong>Gest\u00e3o<\/strong><\/p>\n\n\n\n<p>O Gigantes da Floresta ter\u00e1 uma \u00e1rea administrativa e de monitoramento da seguran\u00e7a num cont\u00eainer, que ficar\u00e1 a cargo da Secretaria Municipal de Seguran\u00e7a P\u00fablica e Defesa Social (Semseg). C\u00e2meras e outros equipamentos modernos v\u00e3o assegurar uma&nbsp;seguran\u00e7a&nbsp;de alto n\u00edvel no&nbsp;parque, incluindo guardas municipais em ronda 24 horas, com motos, quadriciclos e viaturas.<\/p>\n\n\n\n<p>Equipes de monitores v\u00e3o auxiliar, orientar e cuidar do bom uso e entretenimento das crian\u00e7as e jovens nos cen\u00e1rios durante o funcionamento do parque.&nbsp;O espa\u00e7o possui um conjunto de banheiros masculino, feminino, Pessoas com Defici\u00eancia (PcDs) e para a fam\u00edlia.<\/p>\n\n\n\n<p><strong>N\u00e3o \u00e9 permitido<\/strong><\/p>\n\n\n\n<p>Entre as regras b\u00e1sicas do parque, como ocorre em outros espa\u00e7os p\u00fablicos municipais, o com\u00e9rcio ambulante n\u00e3o ser\u00e1 autorizado pela prefeitura. N\u00e3o ser\u00e1 permitido o uso de aparelhos sonoros ou instrumentos por frequentadores.\u00a0<\/p>\n\n\n\n<figure class=\"wp-block-image size-large\"><img decoding=\"async\" src=\"https:\/\/www.manaus.am.gov.br\/implurb\/wp-content\/uploads\/sites\/13\/2024\/07\/inclusivo2-1024x768.jpg\" alt=\"\" class=\"wp-image-4946\" \/><\/figure>\n\n\n\n<p>&#8212; &#8212; &#8212;<\/p>\n\n\n\n<p><strong>Texto<\/strong>&nbsp;\u2013 Claudia do Valle\/Implurb<\/p>\n\n\n\n<p><strong>Fotos &#8211;<\/strong> Elton Viana e Ant\u00f4nio Pereira\/Semcom e Implurb\/Divulga\u00e7\u00e3o<\/p>\n\n\n\n<p><strong>Dispon\u00edveis em &#8211; <\/strong><a href=\"https:\/\/flic.kr\/s\/aHBqjBxLZS\">https:\/\/flic.kr\/s\/aHBqjBxLZS<\/a><\/p>\n","protected":false},"excerpt":{"rendered":"","protected":false},"author":39,"featured_media":4948,"comment_status":"closed","ping_status":"closed","sticky":false,"template":"","format":"standard","meta":{"footnotes":""},"categories":[1540],"tags":[1541,1542,1144,1543,15],"acf":[],"yoast_head":"<!-- This site is optimized with the Yoast SEO plugin v23.0 - https:\/\/yoast.com\/wordpress\/plugins\/seo\/ -->\n<title>Gigantes da Floresta possui brinquedos para PcDs e cadeirantes<\/title>\n<meta name=\"description\" content=\"Parque Gigantes da Floresta, da Prefeitura de Manaus, conta com brinquedos acess\u00edveis e exclusivos para PcDs e cadeirantes.\" \/>\n<meta name=\"robots\" content=\"noindex, follow\" \/>\n<meta property=\"og:locale\" content=\"pt_BR\" \/>\n<meta property=\"og:type\" content=\"article\" \/>\n<meta property=\"og:title\" content=\"Gigantes da Floresta possui brinquedos para PcDs e cadeirantes\" \/>\n<meta property=\"og:description\" content=\"Parque Gigantes da Floresta, da Prefeitura de Manaus, conta com brinquedos acess\u00edveis e exclusivos para PcDs e cadeirantes.\" \/>\n<meta property=\"og:url\" content=\"https:\/\/www.manaus.am.gov.br\/implurb\/gigantes-da-floresta-brinquedos-pcds-cadeirantes\/\" \/>\n<meta property=\"og:site_name\" content=\"IMPLURB\" \/>\n<meta property=\"article:published_time\" content=\"2024-07-04T14:27:01+00:00\" \/>\n<meta property=\"og:image\" content=\"https:\/\/www.manaus.am.gov.br\/implurb\/wp-content\/uploads\/sites\/13\/2024\/07\/inclusivo.jpg\" \/>\n\t<meta property=\"og:image:width\" content=\"4160\" \/>\n\t<meta property=\"og:image:height\" content=\"3120\" \/>\n\t<meta property=\"og:image:type\" content=\"image\/jpeg\" \/>\n<meta name=\"author\" content=\"Bruna Greco\" \/>\n<meta name=\"twitter:card\" content=\"summary_large_image\" \/>\n<meta name=\"twitter:label1\" content=\"Written by\" \/>\n\t<meta name=\"twitter:data1\" content=\"Bruna Greco\" \/>\n\t<meta name=\"twitter:label2\" content=\"Est. reading time\" \/>\n\t<meta name=\"twitter:data2\" content=\"5 minutos\" \/>\n<script type=\"application\/ld+json\" class=\"yoast-schema-graph\">{\"@context\":\"https:\/\/schema.org\",\"@graph\":[{\"@type\":\"WebPage\",\"@id\":\"https:\/\/www.manaus.am.gov.br\/implurb\/gigantes-da-floresta-brinquedos-pcds-cadeirantes\/\",\"url\":\"https:\/\/www.manaus.am.gov.br\/implurb\/gigantes-da-floresta-brinquedos-pcds-cadeirantes\/\",\"name\":\"Gigantes da Floresta possui brinquedos para PcDs e cadeirantes\",\"isPartOf\":{\"@id\":\"https:\/\/www.manaus.am.gov.br\/implurb\/#website\"},\"primaryImageOfPage\":{\"@id\":\"https:\/\/www.manaus.am.gov.br\/implurb\/gigantes-da-floresta-brinquedos-pcds-cadeirantes\/#primaryimage\"},\"image\":{\"@id\":\"https:\/\/www.manaus.am.gov.br\/implurb\/gigantes-da-floresta-brinquedos-pcds-cadeirantes\/#primaryimage\"},\"thumbnailUrl\":\"https:\/\/www.manaus.am.gov.br\/implurb\/wp-content\/uploads\/sites\/13\/2024\/07\/inclusivo.jpg\",\"datePublished\":\"2024-07-04T14:27:01+00:00\",\"dateModified\":\"2024-07-04T14:27:01+00:00\",\"author\":{\"@id\":\"https:\/\/www.manaus.am.gov.br\/implurb\/#\/schema\/person\/05d223aea2bf115f9883a6ff3683d81b\"},\"description\":\"Parque Gigantes da Floresta, da Prefeitura de Manaus, conta com brinquedos acess\u00edveis e exclusivos para PcDs e cadeirantes.\",\"breadcrumb\":{\"@id\":\"https:\/\/www.manaus.am.gov.br\/implurb\/gigantes-da-floresta-brinquedos-pcds-cadeirantes\/#breadcrumb\"},\"inLanguage\":\"pt-BR\",\"potentialAction\":[{\"@type\":\"ReadAction\",\"target\":[\"https:\/\/www.manaus.am.gov.br\/implurb\/gigantes-da-floresta-brinquedos-pcds-cadeirantes\/\"]}]},{\"@type\":\"ImageObject\",\"inLanguage\":\"pt-BR\",\"@id\":\"https:\/\/www.manaus.am.gov.br\/implurb\/gigantes-da-floresta-brinquedos-pcds-cadeirantes\/#primaryimage\",\"url\":\"https:\/\/www.manaus.am.gov.br\/implurb\/wp-content\/uploads\/sites\/13\/2024\/07\/inclusivo.jpg\",\"contentUrl\":\"https:\/\/www.manaus.am.gov.br\/implurb\/wp-content\/uploads\/sites\/13\/2024\/07\/inclusivo.jpg\",\"width\":4160,\"height\":3120,\"caption\":\"#paratodosverem - Balan\u00e7o inclusivo para crian\u00e7as com defici\u00eancias, cadeirantes e mobilidade reduzida ou alguma restri\u00e7\u00e3o motora instalado no parque Gigantes da Floresta\"},{\"@type\":\"BreadcrumbList\",\"@id\":\"https:\/\/www.manaus.am.gov.br\/implurb\/gigantes-da-floresta-brinquedos-pcds-cadeirantes\/#breadcrumb\",\"itemListElement\":[{\"@type\":\"ListItem\",\"position\":1,\"name\":\"Home\",\"item\":\"https:\/\/www.manaus.am.gov.br\/implurb\/\"},{\"@type\":\"ListItem\",\"position\":2,\"name\":\"Parque Gigantes da Floresta conta com brinquedos acess\u00edveis e exclusivos para PcDs e cadeirantes\"}]},{\"@type\":\"WebSite\",\"@id\":\"https:\/\/www.manaus.am.gov.br\/implurb\/#website\",\"url\":\"https:\/\/www.manaus.am.gov.br\/implurb\/\",\"name\":\"IMPLURB\",\"description\":\"Prefeitura de Manaus\",\"potentialAction\":[{\"@type\":\"SearchAction\",\"target\":{\"@type\":\"EntryPoint\",\"urlTemplate\":\"https:\/\/www.manaus.am.gov.br\/implurb\/?s={search_term_string}\"},\"query-input\":\"required name=search_term_string\"}],\"inLanguage\":\"pt-BR\"},{\"@type\":\"Person\",\"@id\":\"https:\/\/www.manaus.am.gov.br\/implurb\/#\/schema\/person\/05d223aea2bf115f9883a6ff3683d81b\",\"name\":\"Bruna Greco\",\"image\":{\"@type\":\"ImageObject\",\"inLanguage\":\"pt-BR\",\"@id\":\"https:\/\/www.manaus.am.gov.br\/implurb\/#\/schema\/person\/image\/\",\"url\":\"https:\/\/secure.gravatar.com\/avatar\/9c877d1a6adc2a055330e5c09a8653ce?s=96&d=mm&r=g\",\"contentUrl\":\"https:\/\/secure.gravatar.com\/avatar\/9c877d1a6adc2a055330e5c09a8653ce?s=96&d=mm&r=g\",\"caption\":\"Bruna Greco\"}}]}<\/script>\n<!-- \/ Yoast SEO plugin. -->","yoast_head_json":{"title":"Gigantes da Floresta possui brinquedos para PcDs e cadeirantes","description":"Parque Gigantes da Floresta, da Prefeitura de Manaus, conta com brinquedos acess\u00edveis e exclusivos para PcDs e cadeirantes.","robots":{"index":"noindex","follow":"follow"},"og_locale":"pt_BR","og_type":"article","og_title":"Gigantes da Floresta possui brinquedos para PcDs e cadeirantes","og_description":"Parque Gigantes da Floresta, da Prefeitura de Manaus, conta com brinquedos acess\u00edveis e exclusivos para PcDs e cadeirantes.","og_url":"https:\/\/www.manaus.am.gov.br\/implurb\/gigantes-da-floresta-brinquedos-pcds-cadeirantes\/","og_site_name":"IMPLURB","article_published_time":"2024-07-04T14:27:01+00:00","og_image":[{"width":4160,"height":3120,"url":"https:\/\/www.manaus.am.gov.br\/implurb\/wp-content\/uploads\/sites\/13\/2024\/07\/inclusivo.jpg","type":"image\/jpeg"}],"author":"Bruna Greco","twitter_card":"summary_large_image","twitter_misc":{"Written by":"Bruna Greco","Est. reading time":"5 minutos"},"schema":{"@context":"https:\/\/schema.org","@graph":[{"@type":"WebPage","@id":"https:\/\/www.manaus.am.gov.br\/implurb\/gigantes-da-floresta-brinquedos-pcds-cadeirantes\/","url":"https:\/\/www.manaus.am.gov.br\/implurb\/gigantes-da-floresta-brinquedos-pcds-cadeirantes\/","name":"Gigantes da Floresta possui brinquedos para PcDs e cadeirantes","isPartOf":{"@id":"https:\/\/www.manaus.am.gov.br\/implurb\/#website"},"primaryImageOfPage":{"@id":"https:\/\/www.manaus.am.gov.br\/implurb\/gigantes-da-floresta-brinquedos-pcds-cadeirantes\/#primaryimage"},"image":{"@id":"https:\/\/www.manaus.am.gov.br\/implurb\/gigantes-da-floresta-brinquedos-pcds-cadeirantes\/#primaryimage"},"thumbnailUrl":"https:\/\/www.manaus.am.gov.br\/implurb\/wp-content\/uploads\/sites\/13\/2024\/07\/inclusivo.jpg","datePublished":"2024-07-04T14:27:01+00:00","dateModified":"2024-07-04T14:27:01+00:00","author":{"@id":"https:\/\/www.manaus.am.gov.br\/implurb\/#\/schema\/person\/05d223aea2bf115f9883a6ff3683d81b"},"description":"Parque Gigantes da Floresta, da Prefeitura de Manaus, conta com brinquedos acess\u00edveis e exclusivos para PcDs e cadeirantes.","breadcrumb":{"@id":"https:\/\/www.manaus.am.gov.br\/implurb\/gigantes-da-floresta-brinquedos-pcds-cadeirantes\/#breadcrumb"},"inLanguage":"pt-BR","potentialAction":[{"@type":"ReadAction","target":["https:\/\/www.manaus.am.gov.br\/implurb\/gigantes-da-floresta-brinquedos-pcds-cadeirantes\/"]}]},{"@type":"ImageObject","inLanguage":"pt-BR","@id":"https:\/\/www.manaus.am.gov.br\/implurb\/gigantes-da-floresta-brinquedos-pcds-cadeirantes\/#primaryimage","url":"https:\/\/www.manaus.am.gov.br\/implurb\/wp-content\/uploads\/sites\/13\/2024\/07\/inclusivo.jpg","contentUrl":"https:\/\/www.manaus.am.gov.br\/implurb\/wp-content\/uploads\/sites\/13\/2024\/07\/inclusivo.jpg","width":4160,"height":3120,"caption":"#paratodosverem - Balan\u00e7o inclusivo para crian\u00e7as com defici\u00eancias, cadeirantes e mobilidade reduzida ou alguma restri\u00e7\u00e3o motora instalado no parque Gigantes da Floresta"},{"@type":"BreadcrumbList","@id":"https:\/\/www.manaus.am.gov.br\/implurb\/gigantes-da-floresta-brinquedos-pcds-cadeirantes\/#breadcrumb","itemListElement":[{"@type":"ListItem","position":1,"name":"Home","item":"https:\/\/www.manaus.am.gov.br\/implurb\/"},{"@type":"ListItem","position":2,"name":"Parque Gigantes da Floresta conta com brinquedos acess\u00edveis e exclusivos para PcDs e cadeirantes"}]},{"@type":"WebSite","@id":"https:\/\/www.manaus.am.gov.br\/implurb\/#website","url":"https:\/\/www.manaus.am.gov.br\/implurb\/","name":"IMPLURB","description":"Prefeitura de Manaus","potentialAction":[{"@type":"SearchAction","target":{"@type":"EntryPoint","urlTemplate":"https:\/\/www.manaus.am.gov.br\/implurb\/?s={search_term_string}"},"query-input":"required name=search_term_string"}],"inLanguage":"pt-BR"},{"@type":"Person","@id":"https:\/\/www.manaus.am.gov.br\/implurb\/#\/schema\/person\/05d223aea2bf115f9883a6ff3683d81b","name":"Bruna Greco","image":{"@type":"ImageObject","inLanguage":"pt-BR","@id":"https:\/\/www.manaus.am.gov.br\/implurb\/#\/schema\/person\/image\/","url":"https:\/\/secure.gravatar.com\/avatar\/9c877d1a6adc2a055330e5c09a8653ce?s=96&d=mm&r=g","contentUrl":"https:\/\/secure.gravatar.com\/avatar\/9c877d1a6adc2a055330e5c09a8653ce?s=96&d=mm&r=g","caption":"Bruna Greco"}}]}},"_links":{"self":[{"href":"https:\/\/www.manaus.am.gov.br\/implurb\/wp-json\/wp\/v2\/posts\/4945"}],"collection":[{"href":"https:\/\/www.manaus.am.gov.br\/implurb\/wp-json\/wp\/v2\/posts"}],"about":[{"href":"https:\/\/www.manaus.am.gov.br\/implurb\/wp-json\/wp\/v2\/types\/post"}],"author":[{"embeddable":true,"href":"https:\/\/www.manaus.am.gov.br\/implurb\/wp-json\/wp\/v2\/users\/39"}],"replies":[{"embeddable":true,"href":"https:\/\/www.manaus.am.gov.br\/implurb\/wp-json\/wp\/v2\/comments?post=4945"}],"version-history":[{"count":1,"href":"https:\/\/www.manaus.am.gov.br\/implurb\/wp-json\/wp\/v2\/posts\/4945\/revisions"}],"predecessor-version":[{"id":4949,"href":"https:\/\/www.manaus.am.gov.br\/implurb\/wp-json\/wp\/v2\/posts\/4945\/revisions\/4949"}],"wp:featuredmedia":[{"embeddable":true,"href":"https:\/\/www.manaus.am.gov.br\/implurb\/wp-json\/wp\/v2\/media\/4948"}],"wp:attachment":[{"href":"https:\/\/www.manaus.am.gov.br\/implurb\/wp-json\/wp\/v2\/media?parent=4945"}],"wp:term":[{"taxonomy":"category","embeddable":true,"href":"https:\/\/www.manaus.am.gov.br\/implurb\/wp-json\/wp\/v2\/categories?post=4945"},{"taxonomy":"post_tag","embeddable":true,"href":"https:\/\/www.manaus.am.gov.br\/implurb\/wp-json\/wp\/v2\/tags?post=4945"}],"curies":[{"name":"wp","href":"https:\/\/api.w.org\/{rel}","templated":true}]}}