{"id":4920,"date":"2024-07-03T12:51:32","date_gmt":"2024-07-03T16:51:32","guid":{"rendered":"https:\/\/www.manaus.am.gov.br\/implurb\/orientacao-sobre-bom-uso-proibicoes-parque-gigantes-da-floresta\/"},"modified":"2024-07-03T12:51:50","modified_gmt":"2024-07-03T16:51:50","slug":"orientacao-sobre-bom-uso-proibicoes-parque-gigantes-da-floresta","status":"publish","type":"post","link":"https:\/\/www.manaus.am.gov.br\/implurb\/orientacao-sobre-bom-uso-proibicoes-parque-gigantes-da-floresta\/","title":{"rendered":"Prefeitura orienta sobre bom uso e proibi\u00e7\u00f5es no parque Gigantes da Floresta"},"content":{"rendered":"\n<p>Com a inaugura\u00e7\u00e3o do parque Gigantes da Floresta, nesta quinta-feira, 4\/7, \u00e0s 17h30, entre os bairros Novo Aleixo e Tancredo Neves, nas zonas Leste e Norte, a Prefeitura de Manaus refor\u00e7a a aten\u00e7\u00e3o \u00e0s normas b\u00e1sicas, de funcionamento e de conv\u00edvio social saud\u00e1vel para que todos possam aproveitar a mais nova \u00e1rea p\u00fablica e \u00fanica da capital e regi\u00e3o Norte, com alto padr\u00e3o de qualidade, acabamento e beleza.&nbsp;Os animais do parque s\u00e3o gigantes, l\u00fadicos, fofos, instragram\u00e1veis e inspiram muita imagina\u00e7\u00e3o sobre a Amaz\u00f4nia.<\/p>\n\n\n\n<p>O parque funcionar\u00e1 de quarta a sexta-feira, das 16h \u00e0s 21h, e nos s\u00e1bados, domingos e feriados, das 10h \u00e0s 21h. \u00c0s segundas e ter\u00e7as-feiras, o Gigantes da Floresta estar\u00e1 fechado para manuten\u00e7\u00e3o de brinquedos, das estruturas gigantes e da pra\u00e7a molhada de 3,6 mil metros quadrados. A l\u00e2mina do espelho d\u2019\u00e1gua ter\u00e1 25 cent\u00edmetros.<\/p>\n\n\n\n<p>O complexo ter\u00e1 gest\u00e3o das secretarias municipais de Agricultura, Abastecimento, Centro e Com\u00e9rcio Informal (Semacc), de&nbsp;Seguran\u00e7a P\u00fablica e Defesa Social (Semseg) e de Limpeza Urbana (Semulsp), para garantir seguran\u00e7a patrimonial e dos frequentadores, al\u00e9m de combater o com\u00e9rcio ilegal de ambulantes e manter a \u00e1rea limpa e cuidada. O projeto arquitet\u00f4nico \u00e9 de autoria do Instituto Municipal de Planejamento Urbano (Implurb).<\/p>\n\n\n\n<p>\u201c\u00c9 fundamental que se respeite o espa\u00e7o, o bem p\u00fablico e os equipamentos instalados, assim como o uso de cada lugar, tendo aten\u00e7\u00e3o com as placas informativas da utiliza\u00e7\u00e3o dos gigantes e animais, dos playgrounds, balan\u00e7os e de toda a estrutura como um todo\u201d, explicou o diretor de Planejamento do Implurb, o arquiteto e urbanista Pedro Paulo Cordeiro.<\/p>\n\n\n\n<p>Os seis cen\u00e1rios que ser\u00e3o inaugurados t\u00eam placas indicativas de bom uso, com avisos que informam a necessidade de ter um respons\u00e1vel acompanhando as crian\u00e7as menores de oito anos; e que pets n\u00e3o ser\u00e3o permitidos no local, para evitar contamina\u00e7\u00e3o por fezes e xixi dos animais nas \u00e1reas dos brinquedos, servindo de prote\u00e7\u00e3o \u00e0 sa\u00fade dos pequenos.<\/p>\n\n\n\n<p>Al\u00e9m dos mais de 80 animais de gigantes e grandiosos tamanhos, o parque ainda conta com detalhes da fauna em vers\u00f5es menores, dando mais riqueza e realismo ao local, como macacos e on\u00e7as confeccionados em fibra de vidro. Estes t\u00eam efeito apenas decorativo, ficando em alturas maiores, no topo de alguns bichos da Amaz\u00f4nia.<\/p>\n\n\n\n<p>\u201cBem-vindo ao parque Gigantes da Floresta. Prepare-se para uma aventura inesquec\u00edvel no cora\u00e7\u00e3o da natureza, onde voc\u00ea ter\u00e1 a oportunidade de conhecer de perto algumas das criaturas mais fascinantes do reino animal. Aqui, voc\u00ea encontrar\u00e1 uma mistura incr\u00edvel de divers\u00e3o, aprendizado e respeito com nossos amigos de pelos, penas e escamas\u201d, esta mensagem ser\u00e1 divulgada pelo sistema de som do Gigantes ao p\u00fablico, assim como dicas e orienta\u00e7\u00f5es, como de uso da \u00e1gua de forma consciente, e informa\u00e7\u00f5es sobre a fauna e flora amaz\u00f4nicas.<\/p>\n\n\n\n<p><strong>Gest\u00e3o<\/strong><\/p>\n\n\n\n<p>O Gigantes da Floresta ter\u00e1 uma \u00e1rea administrativa e de monitoramento da seguran\u00e7a num cont\u00eainer, que ficar\u00e1 a cargo da Secretaria Municipal de Seguran\u00e7a P\u00fablica e Defesa Social (Semseg). C\u00e2meras e outros equipamentos modernos v\u00e3o assegurar uma&nbsp;seguran\u00e7a&nbsp;de alto n\u00edvel no&nbsp;parque, incluindo guardas municipais em ronda 24 horas, com motos, quadriciclos e viaturas.<\/p>\n\n\n\n<p>Equipes de monitores v\u00e3o auxiliar, orientar e cuidar do bom uso e entretenimento das crian\u00e7as e jovens nos cen\u00e1rios durante o funcionamento do parque.&nbsp;O espa\u00e7o possui um conjunto de banheiros masculino, feminino, Pessoas com Defici\u00eancia (PcDs) e para a fam\u00edlia.<\/p>\n\n\n\n<p><strong>N\u00e3o \u00e9 permitido<\/strong><\/p>\n\n\n\n<p>Entre as regras b\u00e1sicas do parque, como ocorre em outros espa\u00e7os p\u00fablicos municipais, o com\u00e9rcio ambulante n\u00e3o ser\u00e1 autorizado pela prefeitura. N\u00e3o ser\u00e1 permitido o uso de aparelhos sonoros ou instrumentos por frequentadores.<\/p>\n\n\n\n<p><strong>Regras de bom uso e conv\u00edvio<\/strong><\/p>\n\n\n\n<p>&#8211; \u00c9 responsabilidade individual de cada visitante o descarte correto do lixo, h\u00e1 lixeiras espalhadas em todo o espa\u00e7o;<\/p>\n\n\n\n<p>&#8211; Crian\u00e7as devem estar acompanhadas de seus pais ou respons\u00e1veis;<\/p>\n\n\n\n<p>&#8211; \u00c9 proibida a retirada de pe\u00e7as dos brinquedos e animais;<\/p>\n\n\n\n<p>&#8211; \u00c9 proibido executar qualquer tipo de depreda\u00e7\u00e3o aos ambientes do parque e \u00e0s suas estruturas de apoio. Por depreda\u00e7\u00e3o entende-se: destrui\u00e7\u00e3o de estruturas, picha\u00e7\u00e3o, rabiscos, cortes com faca, marca\u00e7\u00f5es de todos os tipos;<\/p>\n\n\n\n<p>&#8211; N\u00e3o \u00e9 permitido o uso de aparelhos sonoros ou instrumentos.<\/p>\n\n\n\n<p><strong>Playground<\/strong><\/p>\n\n\n\n<p>&#8211; O playground destina-se \u00e0 recrea\u00e7\u00e3o infantil;<\/p>\n\n\n\n<p>&#8211; Doze anos \u00e9 a idade m\u00e1xima permitida, verifique a informa\u00e7\u00e3o no pr\u00f3prio equipamento, brinquedo ou cen\u00e1rio;<\/p>\n\n\n\n<p>&#8211; Crian\u00e7as devem estar sempre acompanhadas por seus pais ou respons\u00e1veis.<\/p>\n\n\n\n<p>&#8212; &#8212; &#8212;<\/p>\n\n\n\n<p><strong>Texto<\/strong>&nbsp;\u2013 Claudia do Valle\/Implurb<\/p>\n\n\n\n<p><strong>Fotos &#8211;<\/strong> Elton Viana e Ant\u00f4nio Pereira\/Semcom<\/p>\n\n\n\n<p><strong>Dispon\u00edveis em &#8211; <\/strong><a href=\"https:\/\/flic.kr\/s\/aHBqjBxLZS\">https:\/\/flic.kr\/s\/aHBqjBxLZS<\/a><\/p>\n","protected":false},"excerpt":{"rendered":"","protected":false},"author":39,"featured_media":4921,"comment_status":"closed","ping_status":"closed","sticky":false,"template":"","format":"standard","meta":{"footnotes":""},"categories":[1534],"tags":[1535,11,1536,1144,15],"acf":[],"yoast_head":"<!-- This site is optimized with the Yoast SEO plugin v23.0 - https:\/\/yoast.com\/wordpress\/plugins\/seo\/ -->\n<title>Orienta\u00e7\u00e3o sobre bom uso e proibi\u00e7\u00f5es no Gigantes da Floresta<\/title>\n<meta name=\"robots\" content=\"noindex, follow\" \/>\n<meta property=\"og:locale\" content=\"pt_BR\" \/>\n<meta property=\"og:type\" content=\"article\" \/>\n<meta property=\"og:title\" content=\"Orienta\u00e7\u00e3o sobre bom uso e proibi\u00e7\u00f5es no Gigantes da Floresta\" \/>\n<meta property=\"og:url\" content=\"https:\/\/www.manaus.am.gov.br\/implurb\/orientacao-sobre-bom-uso-proibicoes-parque-gigantes-da-floresta\/\" \/>\n<meta property=\"og:site_name\" content=\"IMPLURB\" \/>\n<meta property=\"article:published_time\" content=\"2024-07-03T16:51:32+00:00\" \/>\n<meta property=\"article:modified_time\" content=\"2024-07-03T16:51:50+00:00\" \/>\n<meta property=\"og:image\" content=\"https:\/\/www.manaus.am.gov.br\/implurb\/wp-content\/uploads\/sites\/13\/2024\/07\/53830440237_4c48f7edf5_b.jpg\" \/>\n\t<meta property=\"og:image:width\" content=\"1024\" \/>\n\t<meta property=\"og:image:height\" content=\"576\" \/>\n\t<meta property=\"og:image:type\" content=\"image\/jpeg\" \/>\n<meta name=\"author\" content=\"Bruna Greco\" \/>\n<meta name=\"twitter:card\" content=\"summary_large_image\" \/>\n<meta name=\"twitter:label1\" content=\"Written by\" \/>\n\t<meta name=\"twitter:data1\" content=\"Bruna Greco\" \/>\n\t<meta name=\"twitter:label2\" content=\"Est. reading time\" \/>\n\t<meta name=\"twitter:data2\" content=\"5 minutos\" \/>\n<script type=\"application\/ld+json\" class=\"yoast-schema-graph\">{\"@context\":\"https:\/\/schema.org\",\"@graph\":[{\"@type\":\"WebPage\",\"@id\":\"https:\/\/www.manaus.am.gov.br\/implurb\/orientacao-sobre-bom-uso-proibicoes-parque-gigantes-da-floresta\/\",\"url\":\"https:\/\/www.manaus.am.gov.br\/implurb\/orientacao-sobre-bom-uso-proibicoes-parque-gigantes-da-floresta\/\",\"name\":\"Orienta\u00e7\u00e3o sobre bom uso e proibi\u00e7\u00f5es no Gigantes da Floresta\",\"isPartOf\":{\"@id\":\"https:\/\/www.manaus.am.gov.br\/implurb\/#website\"},\"primaryImageOfPage\":{\"@id\":\"https:\/\/www.manaus.am.gov.br\/implurb\/orientacao-sobre-bom-uso-proibicoes-parque-gigantes-da-floresta\/#primaryimage\"},\"image\":{\"@id\":\"https:\/\/www.manaus.am.gov.br\/implurb\/orientacao-sobre-bom-uso-proibicoes-parque-gigantes-da-floresta\/#primaryimage\"},\"thumbnailUrl\":\"https:\/\/www.manaus.am.gov.br\/implurb\/wp-content\/uploads\/sites\/13\/2024\/07\/53830440237_4c48f7edf5_b.jpg\",\"datePublished\":\"2024-07-03T16:51:32+00:00\",\"dateModified\":\"2024-07-03T16:51:50+00:00\",\"author\":{\"@id\":\"https:\/\/www.manaus.am.gov.br\/implurb\/#\/schema\/person\/05d223aea2bf115f9883a6ff3683d81b\"},\"breadcrumb\":{\"@id\":\"https:\/\/www.manaus.am.gov.br\/implurb\/orientacao-sobre-bom-uso-proibicoes-parque-gigantes-da-floresta\/#breadcrumb\"},\"inLanguage\":\"pt-BR\",\"potentialAction\":[{\"@type\":\"ReadAction\",\"target\":[\"https:\/\/www.manaus.am.gov.br\/implurb\/orientacao-sobre-bom-uso-proibicoes-parque-gigantes-da-floresta\/\"]}]},{\"@type\":\"ImageObject\",\"inLanguage\":\"pt-BR\",\"@id\":\"https:\/\/www.manaus.am.gov.br\/implurb\/orientacao-sobre-bom-uso-proibicoes-parque-gigantes-da-floresta\/#primaryimage\",\"url\":\"https:\/\/www.manaus.am.gov.br\/implurb\/wp-content\/uploads\/sites\/13\/2024\/07\/53830440237_4c48f7edf5_b.jpg\",\"contentUrl\":\"https:\/\/www.manaus.am.gov.br\/implurb\/wp-content\/uploads\/sites\/13\/2024\/07\/53830440237_4c48f7edf5_b.jpg\",\"width\":1024,\"height\":576,\"caption\":\"#paratodosverem - Imagem a\u00e9rea de toda extens\u00e3o do novo parque Gigantes da Floresta\"},{\"@type\":\"BreadcrumbList\",\"@id\":\"https:\/\/www.manaus.am.gov.br\/implurb\/orientacao-sobre-bom-uso-proibicoes-parque-gigantes-da-floresta\/#breadcrumb\",\"itemListElement\":[{\"@type\":\"ListItem\",\"position\":1,\"name\":\"Home\",\"item\":\"https:\/\/www.manaus.am.gov.br\/implurb\/\"},{\"@type\":\"ListItem\",\"position\":2,\"name\":\"Prefeitura orienta sobre bom uso e proibi\u00e7\u00f5es no parque Gigantes da Floresta\"}]},{\"@type\":\"WebSite\",\"@id\":\"https:\/\/www.manaus.am.gov.br\/implurb\/#website\",\"url\":\"https:\/\/www.manaus.am.gov.br\/implurb\/\",\"name\":\"IMPLURB\",\"description\":\"Prefeitura de Manaus\",\"potentialAction\":[{\"@type\":\"SearchAction\",\"target\":{\"@type\":\"EntryPoint\",\"urlTemplate\":\"https:\/\/www.manaus.am.gov.br\/implurb\/?s={search_term_string}\"},\"query-input\":\"required name=search_term_string\"}],\"inLanguage\":\"pt-BR\"},{\"@type\":\"Person\",\"@id\":\"https:\/\/www.manaus.am.gov.br\/implurb\/#\/schema\/person\/05d223aea2bf115f9883a6ff3683d81b\",\"name\":\"Bruna Greco\",\"image\":{\"@type\":\"ImageObject\",\"inLanguage\":\"pt-BR\",\"@id\":\"https:\/\/www.manaus.am.gov.br\/implurb\/#\/schema\/person\/image\/\",\"url\":\"https:\/\/secure.gravatar.com\/avatar\/9c877d1a6adc2a055330e5c09a8653ce?s=96&d=mm&r=g\",\"contentUrl\":\"https:\/\/secure.gravatar.com\/avatar\/9c877d1a6adc2a055330e5c09a8653ce?s=96&d=mm&r=g\",\"caption\":\"Bruna Greco\"}}]}<\/script>\n<!-- \/ Yoast SEO plugin. -->","yoast_head_json":{"title":"Orienta\u00e7\u00e3o sobre bom uso e proibi\u00e7\u00f5es no Gigantes da Floresta","robots":{"index":"noindex","follow":"follow"},"og_locale":"pt_BR","og_type":"article","og_title":"Orienta\u00e7\u00e3o sobre bom uso e proibi\u00e7\u00f5es no Gigantes da Floresta","og_url":"https:\/\/www.manaus.am.gov.br\/implurb\/orientacao-sobre-bom-uso-proibicoes-parque-gigantes-da-floresta\/","og_site_name":"IMPLURB","article_published_time":"2024-07-03T16:51:32+00:00","article_modified_time":"2024-07-03T16:51:50+00:00","og_image":[{"width":1024,"height":576,"url":"https:\/\/www.manaus.am.gov.br\/implurb\/wp-content\/uploads\/sites\/13\/2024\/07\/53830440237_4c48f7edf5_b.jpg","type":"image\/jpeg"}],"author":"Bruna Greco","twitter_card":"summary_large_image","twitter_misc":{"Written by":"Bruna Greco","Est. reading time":"5 minutos"},"schema":{"@context":"https:\/\/schema.org","@graph":[{"@type":"WebPage","@id":"https:\/\/www.manaus.am.gov.br\/implurb\/orientacao-sobre-bom-uso-proibicoes-parque-gigantes-da-floresta\/","url":"https:\/\/www.manaus.am.gov.br\/implurb\/orientacao-sobre-bom-uso-proibicoes-parque-gigantes-da-floresta\/","name":"Orienta\u00e7\u00e3o sobre bom uso e proibi\u00e7\u00f5es no Gigantes da Floresta","isPartOf":{"@id":"https:\/\/www.manaus.am.gov.br\/implurb\/#website"},"primaryImageOfPage":{"@id":"https:\/\/www.manaus.am.gov.br\/implurb\/orientacao-sobre-bom-uso-proibicoes-parque-gigantes-da-floresta\/#primaryimage"},"image":{"@id":"https:\/\/www.manaus.am.gov.br\/implurb\/orientacao-sobre-bom-uso-proibicoes-parque-gigantes-da-floresta\/#primaryimage"},"thumbnailUrl":"https:\/\/www.manaus.am.gov.br\/implurb\/wp-content\/uploads\/sites\/13\/2024\/07\/53830440237_4c48f7edf5_b.jpg","datePublished":"2024-07-03T16:51:32+00:00","dateModified":"2024-07-03T16:51:50+00:00","author":{"@id":"https:\/\/www.manaus.am.gov.br\/implurb\/#\/schema\/person\/05d223aea2bf115f9883a6ff3683d81b"},"breadcrumb":{"@id":"https:\/\/www.manaus.am.gov.br\/implurb\/orientacao-sobre-bom-uso-proibicoes-parque-gigantes-da-floresta\/#breadcrumb"},"inLanguage":"pt-BR","potentialAction":[{"@type":"ReadAction","target":["https:\/\/www.manaus.am.gov.br\/implurb\/orientacao-sobre-bom-uso-proibicoes-parque-gigantes-da-floresta\/"]}]},{"@type":"ImageObject","inLanguage":"pt-BR","@id":"https:\/\/www.manaus.am.gov.br\/implurb\/orientacao-sobre-bom-uso-proibicoes-parque-gigantes-da-floresta\/#primaryimage","url":"https:\/\/www.manaus.am.gov.br\/implurb\/wp-content\/uploads\/sites\/13\/2024\/07\/53830440237_4c48f7edf5_b.jpg","contentUrl":"https:\/\/www.manaus.am.gov.br\/implurb\/wp-content\/uploads\/sites\/13\/2024\/07\/53830440237_4c48f7edf5_b.jpg","width":1024,"height":576,"caption":"#paratodosverem - Imagem a\u00e9rea de toda extens\u00e3o do novo parque Gigantes da Floresta"},{"@type":"BreadcrumbList","@id":"https:\/\/www.manaus.am.gov.br\/implurb\/orientacao-sobre-bom-uso-proibicoes-parque-gigantes-da-floresta\/#breadcrumb","itemListElement":[{"@type":"ListItem","position":1,"name":"Home","item":"https:\/\/www.manaus.am.gov.br\/implurb\/"},{"@type":"ListItem","position":2,"name":"Prefeitura orienta sobre bom uso e proibi\u00e7\u00f5es no parque Gigantes da Floresta"}]},{"@type":"WebSite","@id":"https:\/\/www.manaus.am.gov.br\/implurb\/#website","url":"https:\/\/www.manaus.am.gov.br\/implurb\/","name":"IMPLURB","description":"Prefeitura de Manaus","potentialAction":[{"@type":"SearchAction","target":{"@type":"EntryPoint","urlTemplate":"https:\/\/www.manaus.am.gov.br\/implurb\/?s={search_term_string}"},"query-input":"required name=search_term_string"}],"inLanguage":"pt-BR"},{"@type":"Person","@id":"https:\/\/www.manaus.am.gov.br\/implurb\/#\/schema\/person\/05d223aea2bf115f9883a6ff3683d81b","name":"Bruna Greco","image":{"@type":"ImageObject","inLanguage":"pt-BR","@id":"https:\/\/www.manaus.am.gov.br\/implurb\/#\/schema\/person\/image\/","url":"https:\/\/secure.gravatar.com\/avatar\/9c877d1a6adc2a055330e5c09a8653ce?s=96&d=mm&r=g","contentUrl":"https:\/\/secure.gravatar.com\/avatar\/9c877d1a6adc2a055330e5c09a8653ce?s=96&d=mm&r=g","caption":"Bruna Greco"}}]}},"_links":{"self":[{"href":"https:\/\/www.manaus.am.gov.br\/implurb\/wp-json\/wp\/v2\/posts\/4920"}],"collection":[{"href":"https:\/\/www.manaus.am.gov.br\/implurb\/wp-json\/wp\/v2\/posts"}],"about":[{"href":"https:\/\/www.manaus.am.gov.br\/implurb\/wp-json\/wp\/v2\/types\/post"}],"author":[{"embeddable":true,"href":"https:\/\/www.manaus.am.gov.br\/implurb\/wp-json\/wp\/v2\/users\/39"}],"replies":[{"embeddable":true,"href":"https:\/\/www.manaus.am.gov.br\/implurb\/wp-json\/wp\/v2\/comments?post=4920"}],"version-history":[{"count":0,"href":"https:\/\/www.manaus.am.gov.br\/implurb\/wp-json\/wp\/v2\/posts\/4920\/revisions"}],"wp:featuredmedia":[{"embeddable":true,"href":"https:\/\/www.manaus.am.gov.br\/implurb\/wp-json\/wp\/v2\/media\/4921"}],"wp:attachment":[{"href":"https:\/\/www.manaus.am.gov.br\/implurb\/wp-json\/wp\/v2\/media?parent=4920"}],"wp:term":[{"taxonomy":"category","embeddable":true,"href":"https:\/\/www.manaus.am.gov.br\/implurb\/wp-json\/wp\/v2\/categories?post=4920"},{"taxonomy":"post_tag","embeddable":true,"href":"https:\/\/www.manaus.am.gov.br\/implurb\/wp-json\/wp\/v2\/tags?post=4920"}],"curies":[{"name":"wp","href":"https:\/\/api.w.org\/{rel}","templated":true}]}}