{"id":4830,"date":"2024-06-25T20:12:11","date_gmt":"2024-06-26T00:12:11","guid":{"rendered":"https:\/\/www.manaus.am.gov.br\/implurb\/inaugura-segunda-parque\/"},"modified":"2024-06-25T20:12:11","modified_gmt":"2024-06-26T00:12:11","slug":"inaugura-segunda-parque","status":"publish","type":"post","link":"https:\/\/www.manaus.am.gov.br\/implurb\/inaugura-segunda-parque\/","title":{"rendered":"Prefeitura de Manaus inaugura segunda etapa do parque linear Amazonino Mendes"},"content":{"rendered":"\n<p>A Prefeitura de Manaus, por meio do Instituto Municipal de Planejamento Urbano (Implurb), inaugurou, nesta ter\u00e7a-feira, 25\/6, a segunda etapa do parque linear Amazonino Mendes, localizado entre as zonas Norte e Leste da capital. O prefeito David Almeida, acompanhado do titular do Implurb, Carlos Valente, e demais autoridades, realizaram a entrega da nova \u00e1rea do parque, que \u00e9 resultado de conv\u00eanio firmado com o governo do Estado.<\/p>\n\n\n\n<p>Essa etapa do parque fica em uma \u00e1rea urbana de aproximadamente 5,1 mil metros quadrados, contando com mais dois quiosques, uma quadra poliesportiva, uma quadra de areia, uma academia ao ar livre, um playground, um playground inclusivo, dois paraciclos, estacionamento e \u00e1rea administrativa, al\u00e9m da ciclovia, passeio e pista de caminhada.<\/p>\n\n\n\n<p>O prefeito David Almeida agradeceu a parceria com o governo, que garantiu entregar a segunda etapa do maior parque linear da cidade atendendo duas zonas da cidade que necessitavam de um espa\u00e7o como esse.<\/p>\n\n\n<div class=\"wp-block-image\">\n<figure class=\"aligncenter size-full\"><img loading=\"lazy\" decoding=\"async\" width=\"799\" height=\"533\" src=\"https:\/\/www.manaus.am.gov.br\/implurb\/wp-content\/uploads\/sites\/13\/2024\/06\/Inaugura-Segunda-Etapa-Parque-Amazonino-Mendes-6.jpg\" alt=\"\" class=\"wp-image-4831\" srcset=\"https:\/\/www.manaus.am.gov.br\/implurb\/wp-content\/uploads\/sites\/13\/2024\/06\/Inaugura-Segunda-Etapa-Parque-Amazonino-Mendes-6.jpg 799w, https:\/\/www.manaus.am.gov.br\/implurb\/wp-content\/uploads\/sites\/13\/2024\/06\/Inaugura-Segunda-Etapa-Parque-Amazonino-Mendes-6-300x200.jpg 300w, https:\/\/www.manaus.am.gov.br\/implurb\/wp-content\/uploads\/sites\/13\/2024\/06\/Inaugura-Segunda-Etapa-Parque-Amazonino-Mendes-6-768x512.jpg 768w\" sizes=\"(max-width: 799px) 100vw, 799px\" \/><figcaption class=\"wp-element-caption\">Vis\u00e3o do playground<\/figcaption><\/figure><\/div>\n\n\n<p>\u201cDessa forma, com a gente entregando mobili\u00e1rios dessa magnitude, estamos melhorando a qualidade de vida da popula\u00e7\u00e3o. N\u00f3s estamos nas duas maiores zonas da cidade, que careciam de maiores investimentos em entretenimento, esporte, lazer e na quest\u00e3o social. Com essa entrega estamos fazendo justi\u00e7a com a popula\u00e7\u00e3o das duas zonas e de toda a cidade, que com certeza vai vir, passear, frequentar e visitar esse parque\u201d, sugeriu o prefeito, que tamb\u00e9m convidou a popula\u00e7\u00e3o para a entrega do parque Gigantes da Floresta, na pr\u00f3xima quinta-feira, 4\/7.<\/p>\n\n\n\n<p>O primeiro parque linear da capital tem projeto arquitet\u00f4nico do Implurb e est\u00e1 situado em uma \u00e1rea de mais de 134 mil metros quadrados, tendo tr\u00eas etapas de constru\u00e7\u00e3o. O diretor-presidente do instituto, Carlos Valente, destacou a presen\u00e7a de fam\u00edlias e crian\u00e7as j\u00e1 se apoderando do parque, demonstrando que a gest\u00e3o municipal atingiu seu objetivo, de proporcionar um espa\u00e7o p\u00fablico para as pessoas poderem socializar e se divertir ao ar livre.<\/p>\n\n\n<div class=\"wp-block-image\">\n<figure class=\"aligncenter size-full\"><img loading=\"lazy\" decoding=\"async\" width=\"799\" height=\"533\" src=\"https:\/\/www.manaus.am.gov.br\/implurb\/wp-content\/uploads\/sites\/13\/2024\/06\/Inaugura-Segunda-Etapa-Parque-Amazonino-Mendes-4.jpg\" alt=\"\" class=\"wp-image-4832\" srcset=\"https:\/\/www.manaus.am.gov.br\/implurb\/wp-content\/uploads\/sites\/13\/2024\/06\/Inaugura-Segunda-Etapa-Parque-Amazonino-Mendes-4.jpg 799w, https:\/\/www.manaus.am.gov.br\/implurb\/wp-content\/uploads\/sites\/13\/2024\/06\/Inaugura-Segunda-Etapa-Parque-Amazonino-Mendes-4-300x200.jpg 300w, https:\/\/www.manaus.am.gov.br\/implurb\/wp-content\/uploads\/sites\/13\/2024\/06\/Inaugura-Segunda-Etapa-Parque-Amazonino-Mendes-4-768x512.jpg 768w\" sizes=\"(max-width: 799px) 100vw, 799px\" \/><figcaption class=\"wp-element-caption\">Vis\u00e3o geral do parque<\/figcaption><\/figure><\/div>\n\n\n<p>\u201cA gente v\u00ea aqui crian\u00e7as brincando, garotos de 8, 9 anos brincando com seus pais na quadra de basquete. \u00c9 muito bacana a gente ver a popula\u00e7\u00e3o do entorno das zonas Norte e Leste, vindo para esse parque, curtindo, se apoderando e se empoderando desse parque. \u00c9 por isso que a gente fica muito feliz de o prefeito David Almeida ter aceitado esse desafio. Isso, que antes era uma \u00e1rea que a gente olhava e n\u00e3o tinha nada, nenhuma perspectiva. As pessoas apenas passavam e nem olhavam para c\u00e1. Hoje, as pessoas passam, v\u00eam se divertir, se reunir com a fam\u00edlia, trazer os filhos e as crian\u00e7as\u201d, destacou.<\/p>\n\n\n\n<p>O playground inclusivo do parque foi muito celebrado por Maria Fernanda Mota, de 9 anos. \u201cAchei muito legal, brinquedos pr\u00f3prios para cadeirantes. Eu gostei muito mesmo. Agrade\u00e7o a cada um que fez essa parque para n\u00f3s, cadeirantes\u201d, disse Maria Fernanda, que estava acompanhada do irm\u00e3o, que aprovou a entrega da prefeitura. \u201cEu achei muito bom, porque ela brinca, se diverte. Eu fico muito feliz\u201d, contou Rafael Ribeiro.<\/p>\n\n\n\n<p>O vigilante Armando Mendon\u00e7a aproveitou a inaugura\u00e7\u00e3o e levou o neto para passear na nova etapa do parque Amazonino Mendes. \u201cIsso \u00e9 muito bom para a gente, tanto \u00e9 que j\u00e1 trouxe o meu neto para dar uma volta com ele. Estamos muito felizes com esse investimento realizado na nossa regi\u00e3o\u201d, afirmou.<\/p>\n\n\n\n<p>&#8212; &#8212; &#8212;<\/p>\n\n\n\n<p><strong>Texto<\/strong> \u2013 Geraldo Farias \/ Semcom<\/p>\n\n\n\n<p><strong>Fotos <\/strong>\u2013 Dhyeizo Lemos e Cl\u00f3vis Miranda \/ Semcom<\/p>\n\n\n\n<p><strong>Dispon\u00edveis em<\/strong> \u2013 <a href=\"https:\/\/www.flickr.com\/gp\/prefeiturademanaus\/2f3vBLT8N7\">https:\/\/www.flickr.com\/gp\/prefeiturademanaus\/2f3vBLT8N7<\/a><\/p>\n","protected":false},"excerpt":{"rendered":"","protected":false},"author":61,"featured_media":4834,"comment_status":"closed","ping_status":"closed","sticky":false,"template":"","format":"standard","meta":{"footnotes":""},"categories":[585],"tags":[11,616,15,663],"acf":[],"yoast_head":"<!-- This site is optimized with the Yoast SEO plugin v23.0 - https:\/\/yoast.com\/wordpress\/plugins\/seo\/ -->\n<title>Prefeitura de Manaus inaugura segunda etapa do parque linear Amazonino Mendes<\/title>\n<meta name=\"description\" content=\"A Prefeitura de Manaus, por meio do Implurb, inaugurou, nesta ter\u00e7a-feira, 25\/6, a segunda etapa do parque linear Amazonino Mendes.\" \/>\n<meta name=\"robots\" content=\"noindex, follow\" \/>\n<meta property=\"og:locale\" content=\"pt_BR\" \/>\n<meta property=\"og:type\" content=\"article\" \/>\n<meta property=\"og:title\" content=\"Prefeitura de Manaus inaugura segunda etapa do parque linear Amazonino Mendes\" \/>\n<meta property=\"og:description\" content=\"A Prefeitura de Manaus, por meio do Implurb, inaugurou, nesta ter\u00e7a-feira, 25\/6, a segunda etapa do parque linear Amazonino Mendes.\" \/>\n<meta property=\"og:url\" content=\"https:\/\/www.manaus.am.gov.br\/implurb\/inaugura-segunda-parque\/\" \/>\n<meta property=\"og:site_name\" content=\"IMPLURB\" \/>\n<meta property=\"article:published_time\" content=\"2024-06-26T00:12:11+00:00\" \/>\n<meta property=\"og:image\" content=\"https:\/\/www.manaus.am.gov.br\/implurb\/wp-content\/uploads\/sites\/13\/2024\/06\/Inaugura-Segunda-Etapa-Parque-Amazonino-Mendes-5.jpg\" \/>\n\t<meta property=\"og:image:width\" content=\"799\" \/>\n\t<meta property=\"og:image:height\" content=\"533\" \/>\n\t<meta property=\"og:image:type\" content=\"image\/jpeg\" \/>\n<meta name=\"author\" content=\"smonteiro\" \/>\n<meta name=\"twitter:card\" content=\"summary_large_image\" \/>\n<meta name=\"twitter:label1\" content=\"Written by\" \/>\n\t<meta name=\"twitter:data1\" content=\"smonteiro\" \/>\n\t<meta name=\"twitter:label2\" content=\"Est. reading time\" \/>\n\t<meta name=\"twitter:data2\" content=\"4 minutos\" \/>\n<script type=\"application\/ld+json\" class=\"yoast-schema-graph\">{\"@context\":\"https:\/\/schema.org\",\"@graph\":[{\"@type\":\"WebPage\",\"@id\":\"https:\/\/www.manaus.am.gov.br\/implurb\/inaugura-segunda-parque\/\",\"url\":\"https:\/\/www.manaus.am.gov.br\/implurb\/inaugura-segunda-parque\/\",\"name\":\"Prefeitura de Manaus inaugura segunda etapa do parque linear Amazonino Mendes\",\"isPartOf\":{\"@id\":\"https:\/\/www.manaus.am.gov.br\/implurb\/#website\"},\"primaryImageOfPage\":{\"@id\":\"https:\/\/www.manaus.am.gov.br\/implurb\/inaugura-segunda-parque\/#primaryimage\"},\"image\":{\"@id\":\"https:\/\/www.manaus.am.gov.br\/implurb\/inaugura-segunda-parque\/#primaryimage\"},\"thumbnailUrl\":\"https:\/\/www.manaus.am.gov.br\/implurb\/wp-content\/uploads\/sites\/13\/2024\/06\/Inaugura-Segunda-Etapa-Parque-Amazonino-Mendes-5.jpg\",\"datePublished\":\"2024-06-26T00:12:11+00:00\",\"dateModified\":\"2024-06-26T00:12:11+00:00\",\"author\":{\"@id\":\"https:\/\/www.manaus.am.gov.br\/implurb\/#\/schema\/person\/ab4dcf766a54dff74e8d267f5c591961\"},\"description\":\"A Prefeitura de Manaus, por meio do Implurb, inaugurou, nesta ter\u00e7a-feira, 25\/6, a segunda etapa do parque linear Amazonino Mendes.\",\"breadcrumb\":{\"@id\":\"https:\/\/www.manaus.am.gov.br\/implurb\/inaugura-segunda-parque\/#breadcrumb\"},\"inLanguage\":\"pt-BR\",\"potentialAction\":[{\"@type\":\"ReadAction\",\"target\":[\"https:\/\/www.manaus.am.gov.br\/implurb\/inaugura-segunda-parque\/\"]}]},{\"@type\":\"ImageObject\",\"inLanguage\":\"pt-BR\",\"@id\":\"https:\/\/www.manaus.am.gov.br\/implurb\/inaugura-segunda-parque\/#primaryimage\",\"url\":\"https:\/\/www.manaus.am.gov.br\/implurb\/wp-content\/uploads\/sites\/13\/2024\/06\/Inaugura-Segunda-Etapa-Parque-Amazonino-Mendes-5.jpg\",\"contentUrl\":\"https:\/\/www.manaus.am.gov.br\/implurb\/wp-content\/uploads\/sites\/13\/2024\/06\/Inaugura-Segunda-Etapa-Parque-Amazonino-Mendes-5.jpg\",\"width\":799,\"height\":533,\"caption\":\"#paratodosverem - prefeito David Almeida e presidente do Implurb, Carlos Valente, na inaugura\u00e7\u00e3o\"},{\"@type\":\"BreadcrumbList\",\"@id\":\"https:\/\/www.manaus.am.gov.br\/implurb\/inaugura-segunda-parque\/#breadcrumb\",\"itemListElement\":[{\"@type\":\"ListItem\",\"position\":1,\"name\":\"Home\",\"item\":\"https:\/\/www.manaus.am.gov.br\/implurb\/\"},{\"@type\":\"ListItem\",\"position\":2,\"name\":\"Prefeitura de Manaus inaugura segunda etapa do parque linear Amazonino Mendes\"}]},{\"@type\":\"WebSite\",\"@id\":\"https:\/\/www.manaus.am.gov.br\/implurb\/#website\",\"url\":\"https:\/\/www.manaus.am.gov.br\/implurb\/\",\"name\":\"IMPLURB\",\"description\":\"Prefeitura de Manaus\",\"potentialAction\":[{\"@type\":\"SearchAction\",\"target\":{\"@type\":\"EntryPoint\",\"urlTemplate\":\"https:\/\/www.manaus.am.gov.br\/implurb\/?s={search_term_string}\"},\"query-input\":\"required name=search_term_string\"}],\"inLanguage\":\"pt-BR\"},{\"@type\":\"Person\",\"@id\":\"https:\/\/www.manaus.am.gov.br\/implurb\/#\/schema\/person\/ab4dcf766a54dff74e8d267f5c591961\",\"name\":\"smonteiro\",\"image\":{\"@type\":\"ImageObject\",\"inLanguage\":\"pt-BR\",\"@id\":\"https:\/\/www.manaus.am.gov.br\/implurb\/#\/schema\/person\/image\/\",\"url\":\"https:\/\/secure.gravatar.com\/avatar\/21c8776ef61d9272c73322052e042d77?s=96&d=mm&r=g\",\"contentUrl\":\"https:\/\/secure.gravatar.com\/avatar\/21c8776ef61d9272c73322052e042d77?s=96&d=mm&r=g\",\"caption\":\"smonteiro\"}}]}<\/script>\n<!-- \/ Yoast SEO plugin. -->","yoast_head_json":{"title":"Prefeitura de Manaus inaugura segunda etapa do parque linear Amazonino Mendes","description":"A Prefeitura de Manaus, por meio do Implurb, inaugurou, nesta ter\u00e7a-feira, 25\/6, a segunda etapa do parque linear Amazonino Mendes.","robots":{"index":"noindex","follow":"follow"},"og_locale":"pt_BR","og_type":"article","og_title":"Prefeitura de Manaus inaugura segunda etapa do parque linear Amazonino Mendes","og_description":"A Prefeitura de Manaus, por meio do Implurb, inaugurou, nesta ter\u00e7a-feira, 25\/6, a segunda etapa do parque linear Amazonino Mendes.","og_url":"https:\/\/www.manaus.am.gov.br\/implurb\/inaugura-segunda-parque\/","og_site_name":"IMPLURB","article_published_time":"2024-06-26T00:12:11+00:00","og_image":[{"width":799,"height":533,"url":"https:\/\/www.manaus.am.gov.br\/implurb\/wp-content\/uploads\/sites\/13\/2024\/06\/Inaugura-Segunda-Etapa-Parque-Amazonino-Mendes-5.jpg","type":"image\/jpeg"}],"author":"smonteiro","twitter_card":"summary_large_image","twitter_misc":{"Written by":"smonteiro","Est. reading time":"4 minutos"},"schema":{"@context":"https:\/\/schema.org","@graph":[{"@type":"WebPage","@id":"https:\/\/www.manaus.am.gov.br\/implurb\/inaugura-segunda-parque\/","url":"https:\/\/www.manaus.am.gov.br\/implurb\/inaugura-segunda-parque\/","name":"Prefeitura de Manaus inaugura segunda etapa do parque linear Amazonino Mendes","isPartOf":{"@id":"https:\/\/www.manaus.am.gov.br\/implurb\/#website"},"primaryImageOfPage":{"@id":"https:\/\/www.manaus.am.gov.br\/implurb\/inaugura-segunda-parque\/#primaryimage"},"image":{"@id":"https:\/\/www.manaus.am.gov.br\/implurb\/inaugura-segunda-parque\/#primaryimage"},"thumbnailUrl":"https:\/\/www.manaus.am.gov.br\/implurb\/wp-content\/uploads\/sites\/13\/2024\/06\/Inaugura-Segunda-Etapa-Parque-Amazonino-Mendes-5.jpg","datePublished":"2024-06-26T00:12:11+00:00","dateModified":"2024-06-26T00:12:11+00:00","author":{"@id":"https:\/\/www.manaus.am.gov.br\/implurb\/#\/schema\/person\/ab4dcf766a54dff74e8d267f5c591961"},"description":"A Prefeitura de Manaus, por meio do Implurb, inaugurou, nesta ter\u00e7a-feira, 25\/6, a segunda etapa do parque linear Amazonino Mendes.","breadcrumb":{"@id":"https:\/\/www.manaus.am.gov.br\/implurb\/inaugura-segunda-parque\/#breadcrumb"},"inLanguage":"pt-BR","potentialAction":[{"@type":"ReadAction","target":["https:\/\/www.manaus.am.gov.br\/implurb\/inaugura-segunda-parque\/"]}]},{"@type":"ImageObject","inLanguage":"pt-BR","@id":"https:\/\/www.manaus.am.gov.br\/implurb\/inaugura-segunda-parque\/#primaryimage","url":"https:\/\/www.manaus.am.gov.br\/implurb\/wp-content\/uploads\/sites\/13\/2024\/06\/Inaugura-Segunda-Etapa-Parque-Amazonino-Mendes-5.jpg","contentUrl":"https:\/\/www.manaus.am.gov.br\/implurb\/wp-content\/uploads\/sites\/13\/2024\/06\/Inaugura-Segunda-Etapa-Parque-Amazonino-Mendes-5.jpg","width":799,"height":533,"caption":"#paratodosverem - prefeito David Almeida e presidente do Implurb, Carlos Valente, na inaugura\u00e7\u00e3o"},{"@type":"BreadcrumbList","@id":"https:\/\/www.manaus.am.gov.br\/implurb\/inaugura-segunda-parque\/#breadcrumb","itemListElement":[{"@type":"ListItem","position":1,"name":"Home","item":"https:\/\/www.manaus.am.gov.br\/implurb\/"},{"@type":"ListItem","position":2,"name":"Prefeitura de Manaus inaugura segunda etapa do parque linear Amazonino Mendes"}]},{"@type":"WebSite","@id":"https:\/\/www.manaus.am.gov.br\/implurb\/#website","url":"https:\/\/www.manaus.am.gov.br\/implurb\/","name":"IMPLURB","description":"Prefeitura de Manaus","potentialAction":[{"@type":"SearchAction","target":{"@type":"EntryPoint","urlTemplate":"https:\/\/www.manaus.am.gov.br\/implurb\/?s={search_term_string}"},"query-input":"required name=search_term_string"}],"inLanguage":"pt-BR"},{"@type":"Person","@id":"https:\/\/www.manaus.am.gov.br\/implurb\/#\/schema\/person\/ab4dcf766a54dff74e8d267f5c591961","name":"smonteiro","image":{"@type":"ImageObject","inLanguage":"pt-BR","@id":"https:\/\/www.manaus.am.gov.br\/implurb\/#\/schema\/person\/image\/","url":"https:\/\/secure.gravatar.com\/avatar\/21c8776ef61d9272c73322052e042d77?s=96&d=mm&r=g","contentUrl":"https:\/\/secure.gravatar.com\/avatar\/21c8776ef61d9272c73322052e042d77?s=96&d=mm&r=g","caption":"smonteiro"}}]}},"_links":{"self":[{"href":"https:\/\/www.manaus.am.gov.br\/implurb\/wp-json\/wp\/v2\/posts\/4830"}],"collection":[{"href":"https:\/\/www.manaus.am.gov.br\/implurb\/wp-json\/wp\/v2\/posts"}],"about":[{"href":"https:\/\/www.manaus.am.gov.br\/implurb\/wp-json\/wp\/v2\/types\/post"}],"author":[{"embeddable":true,"href":"https:\/\/www.manaus.am.gov.br\/implurb\/wp-json\/wp\/v2\/users\/61"}],"replies":[{"embeddable":true,"href":"https:\/\/www.manaus.am.gov.br\/implurb\/wp-json\/wp\/v2\/comments?post=4830"}],"version-history":[{"count":1,"href":"https:\/\/www.manaus.am.gov.br\/implurb\/wp-json\/wp\/v2\/posts\/4830\/revisions"}],"predecessor-version":[{"id":4835,"href":"https:\/\/www.manaus.am.gov.br\/implurb\/wp-json\/wp\/v2\/posts\/4830\/revisions\/4835"}],"wp:featuredmedia":[{"embeddable":true,"href":"https:\/\/www.manaus.am.gov.br\/implurb\/wp-json\/wp\/v2\/media\/4834"}],"wp:attachment":[{"href":"https:\/\/www.manaus.am.gov.br\/implurb\/wp-json\/wp\/v2\/media?parent=4830"}],"wp:term":[{"taxonomy":"category","embeddable":true,"href":"https:\/\/www.manaus.am.gov.br\/implurb\/wp-json\/wp\/v2\/categories?post=4830"},{"taxonomy":"post_tag","embeddable":true,"href":"https:\/\/www.manaus.am.gov.br\/implurb\/wp-json\/wp\/v2\/tags?post=4830"}],"curies":[{"name":"wp","href":"https:\/\/api.w.org\/{rel}","templated":true}]}}