{"id":4745,"date":"2024-06-09T12:44:52","date_gmt":"2024-06-09T16:44:52","guid":{"rendered":"https:\/\/www.manaus.am.gov.br\/implurb\/inauguracao-inedito-pier-turistico-manaus-355\/"},"modified":"2024-06-09T12:44:52","modified_gmt":"2024-06-09T16:44:52","slug":"inauguracao-inedito-pier-turistico-manaus-355","status":"publish","type":"post","link":"https:\/\/www.manaus.am.gov.br\/implurb\/inauguracao-inedito-pier-turistico-manaus-355\/","title":{"rendered":"Prefeitura inaugura in\u00e9dito p\u00eder tur\u00edstico conectado ao mirante L\u00facia Almeida"},"content":{"rendered":"\n<p>Pela primeira vez, Manaus conta com um p\u00eder tur\u00edstico para movimentar toda a rede de atra\u00e7\u00f5es, embarques, desembarques, neg\u00f3cios, lazer e turismo no centro da capital amazonense. A inaugura\u00e7\u00e3o do novo espa\u00e7o foi realizada, na manh\u00e3 deste domingo, 9\/6, pelo prefeito David Almeida, com ampla programa\u00e7\u00e3o para o p\u00fablico.<\/p>\n\n\n\n<p>Localizado no in\u00edcio da avenida 7 de Setembro, saindo do mirante L\u00facia Almeida, o p\u00eder tur\u00edstico \u201cManaus 355\u201d \u00e9 mais uma obra arquitet\u00f4nica projetada pelo Instituto Municipal de Planejamento Urbano (Implurb) e que faz parte do programa \u201cNosso Centro\u201d. Para o chefe do Executivo municipal, a estrutura visa atrair diversas atividades e incentivar o turismo, aproveitando o potencial da paisagem natural e de cidade tur\u00edstica.<\/p>\n\n\n\n<p>\u201cN\u00f3s estamos entregando o p\u00eder \u2018Manaus 355\u2019, em alus\u00e3o aos 355 anos da cidade de Manaus, 117 anos depois do primeiro porto p\u00fablico entregue por uma administra\u00e7\u00e3o. Por isso, estamos consolidando a nossa promessa de campanha de colocar Manaus de frente para o rio. Al\u00e9m dessa op\u00e7\u00e3o, n\u00f3s temos a segunda concep\u00e7\u00e3o na Ponta Negra e estamos trabalhando para que, cada vez mais, n\u00f3s possamos atrair mais turistas, dando assim uma oportunidade de emprego e renda para os operadores de turismo como uma op\u00e7\u00e3o de desenvolvimento da nossa cidade\u201d, disse Almeida.<\/p>\n\n\n\n<p>O p\u00eder \u00e9 uma estrutura de atraca\u00e7\u00e3o de embarca\u00e7\u00f5es de pequeno e m\u00e9dio portes, voltado para o trade tur\u00edstico e para atender pacotes fluviais no Centro e entorno. A constru\u00e7\u00e3o da estrutura foi feita em um estaleiro na zona Oeste e envolveu um total de tr\u00eas frentes de obras, incluindo o porto, as pontes e as poitas. A estrutura tamb\u00e9m conta com 14 poitas para ancoragem.<\/p>\n\n\n\n<p>\u201cIsso \u00e9 muito importante, porque, quando a gente fala de potencial tur\u00edstico de Manaus, se n\u00f3s n\u00e3o tivermos a infraestrutura adequada, fica tudo no improviso. E \u00e9 isso que a gente est\u00e1 hoje oferecendo, inaugurando para a cidade de Manaus. Isso \u00e9 hist\u00f3rico\u201d, refor\u00e7ou o diretor-presidente do Implurb, Carlos Valente.<\/p>\n\n\n\n<p>Uma programa\u00e7\u00e3o especial foi organizada pela Funda\u00e7\u00e3o Municipal de Cultura, Turismo e Eventos (Manauscult), com a apresenta\u00e7\u00e3o de DJs e bandas locais, al\u00e9m de atra\u00e7\u00f5es esportivas como a pr\u00e1tica da canoagem ind\u00edgena, apresenta\u00e7\u00e3o de paraquedismo, Stand Up Paddle (SUP) e remo.<\/p>\n\n\n\n<p>\u201cHoje, n\u00f3s temos uma vasta programa\u00e7\u00e3o, v\u00e1rias atividades. Isso tudo vai fazer com que a gente movimente essa \u00e1rea central hoje e durante o decorrer da semana e nos pr\u00f3ximos finais de semana a gente vai pensar em algo novo para trazer \u00e0 popula\u00e7\u00e3o e fazer com que eles participem, principalmente as crian\u00e7as, que gostam de ver esse espa\u00e7o maravilhoso\u201d, complementou o diretor-presidente da Manauscult, Jender Lobato, que lembrou tamb\u00e9m que o local poder\u00e1 ser palco de grandes eventos. \u201cCom certeza a gente vai utilizar da melhor forma poss\u00edvel na promo\u00e7\u00e3o de grandes eventos culturais e trazer a popula\u00e7\u00e3o para c\u00e1. A popula\u00e7\u00e3o precisa conhecer cada vez mais isso\u201d, finalizou.<\/p>\n\n\n\n<figure class=\"wp-block-image size-large\"><img decoding=\"async\" src=\"https:\/\/www.manaus.am.gov.br\/implurb\/wp-content\/uploads\/sites\/13\/2024\/06\/53779689928_7e7995c9cb_k-1024x576.jpg\" alt=\"\" class=\"wp-image-4748\" \/><\/figure>\n\n\n\n<p><strong>Constru\u00e7\u00e3o<\/strong><\/p>\n\n\n\n<p>O p\u00eder tur\u00edstico foi levado at\u00e9 o mirante pelas \u00e1guas do rio Negro, tendo um atracadouro principal e tr\u00eas pontes. O atracadouro flutuante mede 12 metros por 80 metros, pesando quase 300 toneladas. A maior ponte tem 75 metros e 160 toneladas, e os outros dois flutuantes de apoio para a liga\u00e7\u00e3o do atracadouro t\u00eam as medidas de 18 metros por 12 metros, pesando 62 toneladas cada.<\/p>\n\n\n\n<p>Toda a opera\u00e7\u00e3o tur\u00edstica que envolve a hidrografia da Amaz\u00f4nia chegar\u00e1 e partir\u00e1 deste p\u00eder tur\u00edstico. Ele ter\u00e1 a fun\u00e7\u00e3o de dar um suporte adequado, com seguran\u00e7a e com conforto para as opera\u00e7\u00f5es do turismo em Manaus, al\u00e9m da integra\u00e7\u00e3o imediata ao mirante L\u00facia Almeida e todas as atividades no largo de S\u00e3o Vicente.<\/p>\n\n\n\n<p>O \u201cManaus 355\u201d passa a ser uma refer\u00eancia para o trade tur\u00edstico voltado ao movimento da orla e todo o entorno da capital.<\/p>\n\n\n\n<figure class=\"wp-block-image size-large\"><img decoding=\"async\" src=\"https:\/\/www.manaus.am.gov.br\/implurb\/wp-content\/uploads\/sites\/13\/2024\/06\/53779669711_fe5917abf1_k-1024x683.jpg\" alt=\"\" class=\"wp-image-4747\" \/><\/figure>\n\n\n\n<p>&#8212; &#8212; &#8212;<\/p>\n\n\n\n<p><strong>Texto \u2013<\/strong>&nbsp;Beathriz Torres\/Semcom e Claudia do Valle\/Implurb<\/p>\n\n\n\n<p><strong>Fotos \u2013<\/strong>&nbsp;Cl\u00f3vis Miranda e Dhyeizo Lemos\/Semcom<\/p>\n\n\n\n<p><strong>Dispon\u00edveis em &#8211; <\/strong><a href=\"https:\/\/flic.kr\/s\/aHBqjBuium\">https:\/\/flic.kr\/s\/aHBqjBuium<\/a><\/p>\n","protected":false},"excerpt":{"rendered":"","protected":false},"author":39,"featured_media":4746,"comment_status":"closed","ping_status":"closed","sticky":false,"template":"","format":"standard","meta":{"footnotes":""},"categories":[247],"tags":[1511,31,11,120,1495,15],"acf":[],"yoast_head":"<!-- This site is optimized with the Yoast SEO plugin v23.0 - https:\/\/yoast.com\/wordpress\/plugins\/seo\/ -->\n<title>Inaugura\u00e7\u00e3o do p\u00eder tur\u00edstico conectado ao mirante L\u00facia Almeida<\/title>\n<meta name=\"description\" content=\"Prefeitura de Manaus inaugura o in\u00e9dito p\u00eder tur\u00edstico &quot;Manaus 355&quot; conectado ao mirante L\u00facia Almeida, no Centro da cidade.\" \/>\n<meta name=\"robots\" content=\"noindex, follow\" \/>\n<meta property=\"og:locale\" content=\"pt_BR\" \/>\n<meta property=\"og:type\" content=\"article\" \/>\n<meta property=\"og:title\" content=\"Inaugura\u00e7\u00e3o do p\u00eder tur\u00edstico conectado ao mirante L\u00facia Almeida\" \/>\n<meta property=\"og:description\" content=\"Prefeitura de Manaus inaugura o in\u00e9dito p\u00eder tur\u00edstico &quot;Manaus 355&quot; conectado ao mirante L\u00facia Almeida, no Centro da cidade.\" \/>\n<meta property=\"og:url\" content=\"https:\/\/www.manaus.am.gov.br\/implurb\/inauguracao-inedito-pier-turistico-manaus-355\/\" \/>\n<meta property=\"og:site_name\" content=\"IMPLURB\" \/>\n<meta property=\"article:published_time\" content=\"2024-06-09T16:44:52+00:00\" \/>\n<meta property=\"og:image\" content=\"https:\/\/www.manaus.am.gov.br\/implurb\/wp-content\/uploads\/sites\/13\/2024\/06\/53779725913_7962e136bf_k.jpg\" \/>\n\t<meta property=\"og:image:width\" content=\"2048\" \/>\n\t<meta property=\"og:image:height\" content=\"1365\" \/>\n\t<meta property=\"og:image:type\" content=\"image\/jpeg\" \/>\n<meta name=\"author\" content=\"Bruna Greco\" \/>\n<meta name=\"twitter:card\" content=\"summary_large_image\" \/>\n<meta name=\"twitter:label1\" content=\"Written by\" \/>\n\t<meta name=\"twitter:data1\" content=\"Bruna Greco\" \/>\n\t<meta name=\"twitter:label2\" content=\"Est. reading time\" \/>\n\t<meta name=\"twitter:data2\" content=\"5 minutos\" \/>\n<script type=\"application\/ld+json\" class=\"yoast-schema-graph\">{\"@context\":\"https:\/\/schema.org\",\"@graph\":[{\"@type\":\"WebPage\",\"@id\":\"https:\/\/www.manaus.am.gov.br\/implurb\/inauguracao-inedito-pier-turistico-manaus-355\/\",\"url\":\"https:\/\/www.manaus.am.gov.br\/implurb\/inauguracao-inedito-pier-turistico-manaus-355\/\",\"name\":\"Inaugura\u00e7\u00e3o do p\u00eder tur\u00edstico conectado ao mirante L\u00facia Almeida\",\"isPartOf\":{\"@id\":\"https:\/\/www.manaus.am.gov.br\/implurb\/#website\"},\"primaryImageOfPage\":{\"@id\":\"https:\/\/www.manaus.am.gov.br\/implurb\/inauguracao-inedito-pier-turistico-manaus-355\/#primaryimage\"},\"image\":{\"@id\":\"https:\/\/www.manaus.am.gov.br\/implurb\/inauguracao-inedito-pier-turistico-manaus-355\/#primaryimage\"},\"thumbnailUrl\":\"https:\/\/www.manaus.am.gov.br\/implurb\/wp-content\/uploads\/sites\/13\/2024\/06\/53779725913_7962e136bf_k.jpg\",\"datePublished\":\"2024-06-09T16:44:52+00:00\",\"dateModified\":\"2024-06-09T16:44:52+00:00\",\"author\":{\"@id\":\"https:\/\/www.manaus.am.gov.br\/implurb\/#\/schema\/person\/05d223aea2bf115f9883a6ff3683d81b\"},\"description\":\"Prefeitura de Manaus inaugura o in\u00e9dito p\u00eder tur\u00edstico \\\"Manaus 355\\\" conectado ao mirante L\u00facia Almeida, no Centro da cidade.\",\"breadcrumb\":{\"@id\":\"https:\/\/www.manaus.am.gov.br\/implurb\/inauguracao-inedito-pier-turistico-manaus-355\/#breadcrumb\"},\"inLanguage\":\"pt-BR\",\"potentialAction\":[{\"@type\":\"ReadAction\",\"target\":[\"https:\/\/www.manaus.am.gov.br\/implurb\/inauguracao-inedito-pier-turistico-manaus-355\/\"]}]},{\"@type\":\"ImageObject\",\"inLanguage\":\"pt-BR\",\"@id\":\"https:\/\/www.manaus.am.gov.br\/implurb\/inauguracao-inedito-pier-turistico-manaus-355\/#primaryimage\",\"url\":\"https:\/\/www.manaus.am.gov.br\/implurb\/wp-content\/uploads\/sites\/13\/2024\/06\/53779725913_7962e136bf_k.jpg\",\"contentUrl\":\"https:\/\/www.manaus.am.gov.br\/implurb\/wp-content\/uploads\/sites\/13\/2024\/06\/53779725913_7962e136bf_k.jpg\",\"width\":2048,\"height\":1365,\"caption\":\"#paratodosverem - Prefeito de Manaus, David Almeida, acompanhado do vice-prefeito, Marcos Rotta, e do diretor-presidente do Implurb, Carlos Valente, durante o descerramento da placa de inaugura\u00e7\u00e3o do p\u00eder tur\u00edstico \\\"Manaus 355\\\"\"},{\"@type\":\"BreadcrumbList\",\"@id\":\"https:\/\/www.manaus.am.gov.br\/implurb\/inauguracao-inedito-pier-turistico-manaus-355\/#breadcrumb\",\"itemListElement\":[{\"@type\":\"ListItem\",\"position\":1,\"name\":\"Home\",\"item\":\"https:\/\/www.manaus.am.gov.br\/implurb\/\"},{\"@type\":\"ListItem\",\"position\":2,\"name\":\"Prefeitura inaugura in\u00e9dito p\u00eder tur\u00edstico conectado ao mirante L\u00facia Almeida\"}]},{\"@type\":\"WebSite\",\"@id\":\"https:\/\/www.manaus.am.gov.br\/implurb\/#website\",\"url\":\"https:\/\/www.manaus.am.gov.br\/implurb\/\",\"name\":\"IMPLURB\",\"description\":\"Prefeitura de Manaus\",\"potentialAction\":[{\"@type\":\"SearchAction\",\"target\":{\"@type\":\"EntryPoint\",\"urlTemplate\":\"https:\/\/www.manaus.am.gov.br\/implurb\/?s={search_term_string}\"},\"query-input\":\"required name=search_term_string\"}],\"inLanguage\":\"pt-BR\"},{\"@type\":\"Person\",\"@id\":\"https:\/\/www.manaus.am.gov.br\/implurb\/#\/schema\/person\/05d223aea2bf115f9883a6ff3683d81b\",\"name\":\"Bruna Greco\",\"image\":{\"@type\":\"ImageObject\",\"inLanguage\":\"pt-BR\",\"@id\":\"https:\/\/www.manaus.am.gov.br\/implurb\/#\/schema\/person\/image\/\",\"url\":\"https:\/\/secure.gravatar.com\/avatar\/9c877d1a6adc2a055330e5c09a8653ce?s=96&d=mm&r=g\",\"contentUrl\":\"https:\/\/secure.gravatar.com\/avatar\/9c877d1a6adc2a055330e5c09a8653ce?s=96&d=mm&r=g\",\"caption\":\"Bruna Greco\"}}]}<\/script>\n<!-- \/ Yoast SEO plugin. -->","yoast_head_json":{"title":"Inaugura\u00e7\u00e3o do p\u00eder tur\u00edstico conectado ao mirante L\u00facia Almeida","description":"Prefeitura de Manaus inaugura o in\u00e9dito p\u00eder tur\u00edstico \"Manaus 355\" conectado ao mirante L\u00facia Almeida, no Centro da cidade.","robots":{"index":"noindex","follow":"follow"},"og_locale":"pt_BR","og_type":"article","og_title":"Inaugura\u00e7\u00e3o do p\u00eder tur\u00edstico conectado ao mirante L\u00facia Almeida","og_description":"Prefeitura de Manaus inaugura o in\u00e9dito p\u00eder tur\u00edstico \"Manaus 355\" conectado ao mirante L\u00facia Almeida, no Centro da cidade.","og_url":"https:\/\/www.manaus.am.gov.br\/implurb\/inauguracao-inedito-pier-turistico-manaus-355\/","og_site_name":"IMPLURB","article_published_time":"2024-06-09T16:44:52+00:00","og_image":[{"width":2048,"height":1365,"url":"https:\/\/www.manaus.am.gov.br\/implurb\/wp-content\/uploads\/sites\/13\/2024\/06\/53779725913_7962e136bf_k.jpg","type":"image\/jpeg"}],"author":"Bruna Greco","twitter_card":"summary_large_image","twitter_misc":{"Written by":"Bruna Greco","Est. reading time":"5 minutos"},"schema":{"@context":"https:\/\/schema.org","@graph":[{"@type":"WebPage","@id":"https:\/\/www.manaus.am.gov.br\/implurb\/inauguracao-inedito-pier-turistico-manaus-355\/","url":"https:\/\/www.manaus.am.gov.br\/implurb\/inauguracao-inedito-pier-turistico-manaus-355\/","name":"Inaugura\u00e7\u00e3o do p\u00eder tur\u00edstico conectado ao mirante L\u00facia Almeida","isPartOf":{"@id":"https:\/\/www.manaus.am.gov.br\/implurb\/#website"},"primaryImageOfPage":{"@id":"https:\/\/www.manaus.am.gov.br\/implurb\/inauguracao-inedito-pier-turistico-manaus-355\/#primaryimage"},"image":{"@id":"https:\/\/www.manaus.am.gov.br\/implurb\/inauguracao-inedito-pier-turistico-manaus-355\/#primaryimage"},"thumbnailUrl":"https:\/\/www.manaus.am.gov.br\/implurb\/wp-content\/uploads\/sites\/13\/2024\/06\/53779725913_7962e136bf_k.jpg","datePublished":"2024-06-09T16:44:52+00:00","dateModified":"2024-06-09T16:44:52+00:00","author":{"@id":"https:\/\/www.manaus.am.gov.br\/implurb\/#\/schema\/person\/05d223aea2bf115f9883a6ff3683d81b"},"description":"Prefeitura de Manaus inaugura o in\u00e9dito p\u00eder tur\u00edstico \"Manaus 355\" conectado ao mirante L\u00facia Almeida, no Centro da cidade.","breadcrumb":{"@id":"https:\/\/www.manaus.am.gov.br\/implurb\/inauguracao-inedito-pier-turistico-manaus-355\/#breadcrumb"},"inLanguage":"pt-BR","potentialAction":[{"@type":"ReadAction","target":["https:\/\/www.manaus.am.gov.br\/implurb\/inauguracao-inedito-pier-turistico-manaus-355\/"]}]},{"@type":"ImageObject","inLanguage":"pt-BR","@id":"https:\/\/www.manaus.am.gov.br\/implurb\/inauguracao-inedito-pier-turistico-manaus-355\/#primaryimage","url":"https:\/\/www.manaus.am.gov.br\/implurb\/wp-content\/uploads\/sites\/13\/2024\/06\/53779725913_7962e136bf_k.jpg","contentUrl":"https:\/\/www.manaus.am.gov.br\/implurb\/wp-content\/uploads\/sites\/13\/2024\/06\/53779725913_7962e136bf_k.jpg","width":2048,"height":1365,"caption":"#paratodosverem - Prefeito de Manaus, David Almeida, acompanhado do vice-prefeito, Marcos Rotta, e do diretor-presidente do Implurb, Carlos Valente, durante o descerramento da placa de inaugura\u00e7\u00e3o do p\u00eder tur\u00edstico \"Manaus 355\""},{"@type":"BreadcrumbList","@id":"https:\/\/www.manaus.am.gov.br\/implurb\/inauguracao-inedito-pier-turistico-manaus-355\/#breadcrumb","itemListElement":[{"@type":"ListItem","position":1,"name":"Home","item":"https:\/\/www.manaus.am.gov.br\/implurb\/"},{"@type":"ListItem","position":2,"name":"Prefeitura inaugura in\u00e9dito p\u00eder tur\u00edstico conectado ao mirante L\u00facia Almeida"}]},{"@type":"WebSite","@id":"https:\/\/www.manaus.am.gov.br\/implurb\/#website","url":"https:\/\/www.manaus.am.gov.br\/implurb\/","name":"IMPLURB","description":"Prefeitura de Manaus","potentialAction":[{"@type":"SearchAction","target":{"@type":"EntryPoint","urlTemplate":"https:\/\/www.manaus.am.gov.br\/implurb\/?s={search_term_string}"},"query-input":"required name=search_term_string"}],"inLanguage":"pt-BR"},{"@type":"Person","@id":"https:\/\/www.manaus.am.gov.br\/implurb\/#\/schema\/person\/05d223aea2bf115f9883a6ff3683d81b","name":"Bruna Greco","image":{"@type":"ImageObject","inLanguage":"pt-BR","@id":"https:\/\/www.manaus.am.gov.br\/implurb\/#\/schema\/person\/image\/","url":"https:\/\/secure.gravatar.com\/avatar\/9c877d1a6adc2a055330e5c09a8653ce?s=96&d=mm&r=g","contentUrl":"https:\/\/secure.gravatar.com\/avatar\/9c877d1a6adc2a055330e5c09a8653ce?s=96&d=mm&r=g","caption":"Bruna Greco"}}]}},"_links":{"self":[{"href":"https:\/\/www.manaus.am.gov.br\/implurb\/wp-json\/wp\/v2\/posts\/4745"}],"collection":[{"href":"https:\/\/www.manaus.am.gov.br\/implurb\/wp-json\/wp\/v2\/posts"}],"about":[{"href":"https:\/\/www.manaus.am.gov.br\/implurb\/wp-json\/wp\/v2\/types\/post"}],"author":[{"embeddable":true,"href":"https:\/\/www.manaus.am.gov.br\/implurb\/wp-json\/wp\/v2\/users\/39"}],"replies":[{"embeddable":true,"href":"https:\/\/www.manaus.am.gov.br\/implurb\/wp-json\/wp\/v2\/comments?post=4745"}],"version-history":[{"count":1,"href":"https:\/\/www.manaus.am.gov.br\/implurb\/wp-json\/wp\/v2\/posts\/4745\/revisions"}],"predecessor-version":[{"id":4749,"href":"https:\/\/www.manaus.am.gov.br\/implurb\/wp-json\/wp\/v2\/posts\/4745\/revisions\/4749"}],"wp:featuredmedia":[{"embeddable":true,"href":"https:\/\/www.manaus.am.gov.br\/implurb\/wp-json\/wp\/v2\/media\/4746"}],"wp:attachment":[{"href":"https:\/\/www.manaus.am.gov.br\/implurb\/wp-json\/wp\/v2\/media?parent=4745"}],"wp:term":[{"taxonomy":"category","embeddable":true,"href":"https:\/\/www.manaus.am.gov.br\/implurb\/wp-json\/wp\/v2\/categories?post=4745"},{"taxonomy":"post_tag","embeddable":true,"href":"https:\/\/www.manaus.am.gov.br\/implurb\/wp-json\/wp\/v2\/tags?post=4745"}],"curies":[{"name":"wp","href":"https:\/\/api.w.org\/{rel}","templated":true}]}}