{"id":4476,"date":"2024-05-17T11:35:42","date_gmt":"2024-05-17T15:35:42","guid":{"rendered":"https:\/\/www.manaus.am.gov.br\/implurb\/pier-turistico-segunda-ponte\/"},"modified":"2024-05-17T11:35:42","modified_gmt":"2024-05-17T15:35:42","slug":"pier-turistico-segunda-ponte","status":"publish","type":"post","link":"https:\/\/www.manaus.am.gov.br\/implurb\/pier-turistico-segunda-ponte\/","title":{"rendered":"Prefeitura de Manaus leva segunda ponte do p\u00eder tur\u00edstico para o mirante L\u00facia Almeida nesta sexta"},"content":{"rendered":"\n<p>A segunda ponte do&nbsp;p\u00eder tur\u00edstico Manaus&nbsp;355,&nbsp;constru\u00eddo pela Prefeitura de Manaus, dentro do programa de reabilita\u00e7\u00e3o \u201cNosso Centro\u201d, chegou, nas primeiras horas desta sexta-feira, 17\/5, ao complexo mirante L\u00facia Almeida. O p\u00eder tem tr\u00eas pontes e a segunda foi transportada at\u00e9 o mirante entre a madrugada e a manh\u00e3 de hoje. Ela tem as medidas de 60 metros e 115 toneladas.<\/p>\n\n\n\n<p>Na \u00faltima sexta, a primeira ponte foi levada at\u00e9 o entorno do mirante, sendo a maior das tr\u00eas, com 75 metros e 160 toneladas de peso. Outros dois flutuantes de apoio para a liga\u00e7\u00e3o das pontes medem 18 metros por 12 metros e pesam 62 toneladas, cada. Os flutuantes ainda est\u00e3o no estaleiro, onde toda a estrutura foi montada.<\/p>\n\n\n\n<p>O&nbsp;prefeito de Manaus, David Almeida, anunciou que o p\u00eder tur\u00edstico ser\u00e1 inaugurado no dia 9 de junho.&nbsp;No \u00faltimo dia 18 de abril, foi colocada nas \u00e1guas do rio Negro a estrutura principal, que est\u00e1 ancorada na \u00e1rea do estaleiro. Outras duas boias de apoio j\u00e1 est\u00e3o nas \u00e1guas do rio Negro para testes.<\/p>\n\n\n\n<p>O p\u00eder tur\u00edstico faz parte das obras do \u201cNosso Centro\u201d, e vai se integrar \u00e0 estrutura do Mirante L\u00facia Almeida. O Instituto Municipal de Planejamento Urbano (Implurb) \u00e9 autor dos projetos arquitet\u00f4nicos do programa.<\/p>\n\n\n\n<p>\u201cA ponte chegou por volta das 7h, j\u00e1 est\u00e1 no seu local e os profissionais est\u00e3o fazendo as amarra\u00e7\u00f5es e os apoios, a interconex\u00e3o com a primeira parte. Na pr\u00f3xima semana, continuamos os trabalhos de coloca\u00e7\u00e3o e seguimos com os servi\u00e7os de montagem para a inaugura\u00e7\u00e3o, no dia 9 de junho. E j\u00e1 na inaugura\u00e7\u00e3o iniciam os trabalhos no p\u00eder, especialmente em rela\u00e7\u00e3o ao turismo. A vice-presid\u00eancia de turismo da Manauscult est\u00e1 instalada na sede do mirante coordenando essas a\u00e7\u00f5es para mostrar todo o potencial do&nbsp;<em>trade<\/em>\u201d, disse o diretor-presidente do Implurb, Carlos Valente.<\/p>\n\n\n\n<p>\u201cNa pr\u00f3xima semana, vamos manejar a terceira ponte e o p\u00eder principal, que tem 80 metros. Estamos pedindo que as pessoas que frequentam o espa\u00e7o possam tirar suas fotos, s\u00f3 n\u00e3o podem subir na estrutura, que vai ficar interditada, por enquanto\u201d, alertou o&nbsp;engenheiro naval Eden Paraense Sarmento.<\/p>\n\n\n\n<p><strong>Atividades<\/strong><\/p>\n\n\n\n<p>O diretor de Planejamento Urbano do Implurb, arquiteto e urbanista Pedro Paulo Cordeiro, lembrou que o p\u00eder faz parte do complexo para poder atrair todas as atividades e incentivar o turismo, aproveitando o potencial da paisagem natural. \u201c\u00c9 exatamente isso que n\u00f3s queremos para Manaus. N\u00f3s estamos criando todo esse atrativo, assim como o que n\u00f3s j\u00e1 temos, como a pr\u00f3pria Ponta Negra, e futuramente o parque Encontro das \u00c1guas. Ou seja, isso faz parte de um grande projeto onde se pretende transformar Manaus realmente em uma cidade tur\u00edstica\u201d, comentou Pedro Paulo.<\/p>\n\n\n\n<p><strong>Constru\u00e7\u00e3o<\/strong><\/p>\n\n\n\n<p>A constru\u00e7\u00e3o do p\u00eder foi feita em um estaleiro na zona Oeste e envolveu um total de tr\u00eas frentes de obras, incluindo o porto, as pontes e as poitas. Tamb\u00e9m j\u00e1 est\u00e3o na \u00e1rea do mirante as 14 poitas que v\u00e3o ancorar as estruturas do p\u00eder.<\/p>\n\n\n\n<p><strong>Medidas<\/strong><\/p>\n\n\n\n<p>A primeira estrutura, a do maior atracadouro (flutuante), mede 12 metros por 80 metros, pesando quase 300 toneladas. Esse atracadouro j\u00e1 est\u00e1 nas \u00e1guas e ficar\u00e1 ancorado no pr\u00f3prio estaleiro esperando as pontes serem levadas.<\/p>\n\n\n\n<p>A prefeitura avan\u00e7a na conclus\u00e3o do primeiro&nbsp;p\u00eder&nbsp;tur\u00edstico&nbsp;da capital amazonense, que ser\u00e1 instalado no complexo de S\u00e3o Vicente, no in\u00edcio da avenida 7 de Setembro, Centro, zona Sul. O&nbsp;p\u00eder&nbsp;faz parte da primeira etapa das interven\u00e7\u00f5es do &#8220;Nosso Centro&#8221;, lan\u00e7ado pela gest\u00e3o do prefeito David Almeida, em 2021, e em fase de finaliza\u00e7\u00e3o para entrega.<\/p>\n\n\n\n<p>Toda a opera\u00e7\u00e3o tur\u00edstica que envolve a hidrografia da Amaz\u00f4nia chegar\u00e1 e partir\u00e1 desse&nbsp;p\u00eder&nbsp;tur\u00edstico. Ele ter\u00e1 essa fun\u00e7\u00e3o de dar um suporte adequado, com seguran\u00e7a e com conforto para as opera\u00e7\u00f5es do turismo em Manaus. Ter\u00e1 integra\u00e7\u00e3o imediata ao mirante L\u00facia Almeida e todas as atividades no largo de S\u00e3o Vicente. Ele passa a ser uma refer\u00eancia para o&nbsp;<em>trade<\/em>&nbsp;tur\u00edstico&nbsp;voltado ao movimento da orla de Manaus e todo o entorno da capital.<\/p>\n\n\n\n<p>O&nbsp;p\u00eder&nbsp;ser\u00e1 uma estrutura de atraca\u00e7\u00e3o de embarca\u00e7\u00f5es de pequeno e m\u00e9dio portes, voltado para o&nbsp;<em>trade<\/em>&nbsp;tur\u00edstico e de pacotes fluviais no Centro e entorno.<\/p>\n\n\n\n<p>&#8212; &#8212; &#8212;<\/p>\n\n\n\n<p><strong>Texto \u2013<\/strong>&nbsp;Claudia do Valle \/ Implurb<\/p>\n\n\n\n<p><strong>Fotos \u2013&nbsp;<\/strong>Valdo Le\u00e3o\/Semcom<\/p>\n\n\n\n<p><strong>Dispon\u00edveis em<\/strong> &#8211; <a href=\"https:\/\/flic.kr\/s\/aHBqjBqFoa\">https:\/\/flic.kr\/s\/aHBqjBqFoa<\/a><\/p>\n\n\n\n<p><\/p>\n","protected":false},"excerpt":{"rendered":"","protected":false},"author":23,"featured_media":4477,"comment_status":"closed","ping_status":"closed","sticky":false,"template":"","format":"standard","meta":{"footnotes":""},"categories":[1474],"tags":[11,1497,13,14,933,15],"acf":[],"yoast_head":"<!-- This site is optimized with the Yoast SEO plugin v23.0 - https:\/\/yoast.com\/wordpress\/plugins\/seo\/ -->\n<title>Prefeitura de Manaus leva segunda ponte do p\u00eder tur\u00edstico para o mirante L\u00facia Almeida nesta sexta<\/title>\n<meta name=\"description\" content=\"A segunda ponte do p\u00eder tur\u00edstico Manaus 355, constru\u00eddo pela Prefeitura de Manaus, dentro do programa de reabilita\u00e7\u00e3o \u201cNosso Centro\u201d, chegou, nas primeiras horas desta sexta-feira, 17\/5, ao complexo mirante L\u00facia Almeida. O p\u00eder tem tr\u00eas pontes e a segunda foi transportada at\u00e9 o mirante entre a madrugada e a manh\u00e3 de hoje. Ela tem as medidas de 60 metros e 115 toneladas.\" \/>\n<meta name=\"robots\" content=\"noindex, follow\" \/>\n<meta property=\"og:locale\" content=\"pt_BR\" \/>\n<meta property=\"og:type\" content=\"article\" \/>\n<meta property=\"og:title\" content=\"Prefeitura de Manaus leva segunda ponte do p\u00eder tur\u00edstico para o mirante L\u00facia Almeida nesta sexta\" \/>\n<meta property=\"og:description\" content=\"A segunda ponte do p\u00eder tur\u00edstico Manaus 355, constru\u00eddo pela Prefeitura de Manaus, dentro do programa de reabilita\u00e7\u00e3o \u201cNosso Centro\u201d, chegou, nas primeiras horas desta sexta-feira, 17\/5, ao complexo mirante L\u00facia Almeida. O p\u00eder tem tr\u00eas pontes e a segunda foi transportada at\u00e9 o mirante entre a madrugada e a manh\u00e3 de hoje. Ela tem as medidas de 60 metros e 115 toneladas.\" \/>\n<meta property=\"og:url\" content=\"https:\/\/www.manaus.am.gov.br\/implurb\/pier-turistico-segunda-ponte\/\" \/>\n<meta property=\"og:site_name\" content=\"IMPLURB\" \/>\n<meta property=\"article:published_time\" content=\"2024-05-17T15:35:42+00:00\" \/>\n<meta property=\"og:image\" content=\"https:\/\/www.manaus.am.gov.br\/implurb\/wp-content\/uploads\/sites\/13\/2024\/05\/53727876789_16352709a8_c.jpg\" \/>\n\t<meta property=\"og:image:width\" content=\"799\" \/>\n\t<meta property=\"og:image:height\" content=\"533\" \/>\n\t<meta property=\"og:image:type\" content=\"image\/jpeg\" \/>\n<meta name=\"author\" content=\"Adriana Costa\" \/>\n<meta name=\"twitter:card\" content=\"summary_large_image\" \/>\n<meta name=\"twitter:label1\" content=\"Written by\" \/>\n\t<meta name=\"twitter:data1\" content=\"Adriana Costa\" \/>\n\t<meta name=\"twitter:label2\" content=\"Est. reading time\" \/>\n\t<meta name=\"twitter:data2\" content=\"4 minutos\" \/>\n<script type=\"application\/ld+json\" class=\"yoast-schema-graph\">{\"@context\":\"https:\/\/schema.org\",\"@graph\":[{\"@type\":\"WebPage\",\"@id\":\"https:\/\/www.manaus.am.gov.br\/implurb\/pier-turistico-segunda-ponte\/\",\"url\":\"https:\/\/www.manaus.am.gov.br\/implurb\/pier-turistico-segunda-ponte\/\",\"name\":\"Prefeitura de Manaus leva segunda ponte do p\u00eder tur\u00edstico para o mirante L\u00facia Almeida nesta sexta\",\"isPartOf\":{\"@id\":\"https:\/\/www.manaus.am.gov.br\/implurb\/#website\"},\"primaryImageOfPage\":{\"@id\":\"https:\/\/www.manaus.am.gov.br\/implurb\/pier-turistico-segunda-ponte\/#primaryimage\"},\"image\":{\"@id\":\"https:\/\/www.manaus.am.gov.br\/implurb\/pier-turistico-segunda-ponte\/#primaryimage\"},\"thumbnailUrl\":\"https:\/\/www.manaus.am.gov.br\/implurb\/wp-content\/uploads\/sites\/13\/2024\/05\/53727876789_16352709a8_c.jpg\",\"datePublished\":\"2024-05-17T15:35:42+00:00\",\"dateModified\":\"2024-05-17T15:35:42+00:00\",\"author\":{\"@id\":\"https:\/\/www.manaus.am.gov.br\/implurb\/#\/schema\/person\/4e49f4e267757a06ca072ec61b2b9968\"},\"description\":\"A segunda ponte do p\u00eder tur\u00edstico Manaus 355, constru\u00eddo pela Prefeitura de Manaus, dentro do programa de reabilita\u00e7\u00e3o \u201cNosso Centro\u201d, chegou, nas primeiras horas desta sexta-feira, 17\/5, ao complexo mirante L\u00facia Almeida. O p\u00eder tem tr\u00eas pontes e a segunda foi transportada at\u00e9 o mirante entre a madrugada e a manh\u00e3 de hoje. Ela tem as medidas de 60 metros e 115 toneladas.\",\"breadcrumb\":{\"@id\":\"https:\/\/www.manaus.am.gov.br\/implurb\/pier-turistico-segunda-ponte\/#breadcrumb\"},\"inLanguage\":\"pt-BR\",\"potentialAction\":[{\"@type\":\"ReadAction\",\"target\":[\"https:\/\/www.manaus.am.gov.br\/implurb\/pier-turistico-segunda-ponte\/\"]}]},{\"@type\":\"ImageObject\",\"inLanguage\":\"pt-BR\",\"@id\":\"https:\/\/www.manaus.am.gov.br\/implurb\/pier-turistico-segunda-ponte\/#primaryimage\",\"url\":\"https:\/\/www.manaus.am.gov.br\/implurb\/wp-content\/uploads\/sites\/13\/2024\/05\/53727876789_16352709a8_c.jpg\",\"contentUrl\":\"https:\/\/www.manaus.am.gov.br\/implurb\/wp-content\/uploads\/sites\/13\/2024\/05\/53727876789_16352709a8_c.jpg\",\"width\":799,\"height\":533},{\"@type\":\"BreadcrumbList\",\"@id\":\"https:\/\/www.manaus.am.gov.br\/implurb\/pier-turistico-segunda-ponte\/#breadcrumb\",\"itemListElement\":[{\"@type\":\"ListItem\",\"position\":1,\"name\":\"Home\",\"item\":\"https:\/\/www.manaus.am.gov.br\/implurb\/\"},{\"@type\":\"ListItem\",\"position\":2,\"name\":\"Prefeitura de Manaus leva segunda ponte do p\u00eder tur\u00edstico para o mirante L\u00facia Almeida nesta sexta\"}]},{\"@type\":\"WebSite\",\"@id\":\"https:\/\/www.manaus.am.gov.br\/implurb\/#website\",\"url\":\"https:\/\/www.manaus.am.gov.br\/implurb\/\",\"name\":\"IMPLURB\",\"description\":\"Prefeitura de Manaus\",\"potentialAction\":[{\"@type\":\"SearchAction\",\"target\":{\"@type\":\"EntryPoint\",\"urlTemplate\":\"https:\/\/www.manaus.am.gov.br\/implurb\/?s={search_term_string}\"},\"query-input\":\"required name=search_term_string\"}],\"inLanguage\":\"pt-BR\"},{\"@type\":\"Person\",\"@id\":\"https:\/\/www.manaus.am.gov.br\/implurb\/#\/schema\/person\/4e49f4e267757a06ca072ec61b2b9968\",\"name\":\"Adriana Costa\",\"image\":{\"@type\":\"ImageObject\",\"inLanguage\":\"pt-BR\",\"@id\":\"https:\/\/www.manaus.am.gov.br\/implurb\/#\/schema\/person\/image\/\",\"url\":\"https:\/\/secure.gravatar.com\/avatar\/576258617ef7194f718179e766d57bd4?s=96&d=mm&r=g\",\"contentUrl\":\"https:\/\/secure.gravatar.com\/avatar\/576258617ef7194f718179e766d57bd4?s=96&d=mm&r=g\",\"caption\":\"Adriana Costa\"}}]}<\/script>\n<!-- \/ Yoast SEO plugin. -->","yoast_head_json":{"title":"Prefeitura de Manaus leva segunda ponte do p\u00eder tur\u00edstico para o mirante L\u00facia Almeida nesta sexta","description":"A segunda ponte do p\u00eder tur\u00edstico Manaus 355, constru\u00eddo pela Prefeitura de Manaus, dentro do programa de reabilita\u00e7\u00e3o \u201cNosso Centro\u201d, chegou, nas primeiras horas desta sexta-feira, 17\/5, ao complexo mirante L\u00facia Almeida. O p\u00eder tem tr\u00eas pontes e a segunda foi transportada at\u00e9 o mirante entre a madrugada e a manh\u00e3 de hoje. Ela tem as medidas de 60 metros e 115 toneladas.","robots":{"index":"noindex","follow":"follow"},"og_locale":"pt_BR","og_type":"article","og_title":"Prefeitura de Manaus leva segunda ponte do p\u00eder tur\u00edstico para o mirante L\u00facia Almeida nesta sexta","og_description":"A segunda ponte do p\u00eder tur\u00edstico Manaus 355, constru\u00eddo pela Prefeitura de Manaus, dentro do programa de reabilita\u00e7\u00e3o \u201cNosso Centro\u201d, chegou, nas primeiras horas desta sexta-feira, 17\/5, ao complexo mirante L\u00facia Almeida. O p\u00eder tem tr\u00eas pontes e a segunda foi transportada at\u00e9 o mirante entre a madrugada e a manh\u00e3 de hoje. Ela tem as medidas de 60 metros e 115 toneladas.","og_url":"https:\/\/www.manaus.am.gov.br\/implurb\/pier-turistico-segunda-ponte\/","og_site_name":"IMPLURB","article_published_time":"2024-05-17T15:35:42+00:00","og_image":[{"width":799,"height":533,"url":"https:\/\/www.manaus.am.gov.br\/implurb\/wp-content\/uploads\/sites\/13\/2024\/05\/53727876789_16352709a8_c.jpg","type":"image\/jpeg"}],"author":"Adriana Costa","twitter_card":"summary_large_image","twitter_misc":{"Written by":"Adriana Costa","Est. reading time":"4 minutos"},"schema":{"@context":"https:\/\/schema.org","@graph":[{"@type":"WebPage","@id":"https:\/\/www.manaus.am.gov.br\/implurb\/pier-turistico-segunda-ponte\/","url":"https:\/\/www.manaus.am.gov.br\/implurb\/pier-turistico-segunda-ponte\/","name":"Prefeitura de Manaus leva segunda ponte do p\u00eder tur\u00edstico para o mirante L\u00facia Almeida nesta sexta","isPartOf":{"@id":"https:\/\/www.manaus.am.gov.br\/implurb\/#website"},"primaryImageOfPage":{"@id":"https:\/\/www.manaus.am.gov.br\/implurb\/pier-turistico-segunda-ponte\/#primaryimage"},"image":{"@id":"https:\/\/www.manaus.am.gov.br\/implurb\/pier-turistico-segunda-ponte\/#primaryimage"},"thumbnailUrl":"https:\/\/www.manaus.am.gov.br\/implurb\/wp-content\/uploads\/sites\/13\/2024\/05\/53727876789_16352709a8_c.jpg","datePublished":"2024-05-17T15:35:42+00:00","dateModified":"2024-05-17T15:35:42+00:00","author":{"@id":"https:\/\/www.manaus.am.gov.br\/implurb\/#\/schema\/person\/4e49f4e267757a06ca072ec61b2b9968"},"description":"A segunda ponte do p\u00eder tur\u00edstico Manaus 355, constru\u00eddo pela Prefeitura de Manaus, dentro do programa de reabilita\u00e7\u00e3o \u201cNosso Centro\u201d, chegou, nas primeiras horas desta sexta-feira, 17\/5, ao complexo mirante L\u00facia Almeida. O p\u00eder tem tr\u00eas pontes e a segunda foi transportada at\u00e9 o mirante entre a madrugada e a manh\u00e3 de hoje. Ela tem as medidas de 60 metros e 115 toneladas.","breadcrumb":{"@id":"https:\/\/www.manaus.am.gov.br\/implurb\/pier-turistico-segunda-ponte\/#breadcrumb"},"inLanguage":"pt-BR","potentialAction":[{"@type":"ReadAction","target":["https:\/\/www.manaus.am.gov.br\/implurb\/pier-turistico-segunda-ponte\/"]}]},{"@type":"ImageObject","inLanguage":"pt-BR","@id":"https:\/\/www.manaus.am.gov.br\/implurb\/pier-turistico-segunda-ponte\/#primaryimage","url":"https:\/\/www.manaus.am.gov.br\/implurb\/wp-content\/uploads\/sites\/13\/2024\/05\/53727876789_16352709a8_c.jpg","contentUrl":"https:\/\/www.manaus.am.gov.br\/implurb\/wp-content\/uploads\/sites\/13\/2024\/05\/53727876789_16352709a8_c.jpg","width":799,"height":533},{"@type":"BreadcrumbList","@id":"https:\/\/www.manaus.am.gov.br\/implurb\/pier-turistico-segunda-ponte\/#breadcrumb","itemListElement":[{"@type":"ListItem","position":1,"name":"Home","item":"https:\/\/www.manaus.am.gov.br\/implurb\/"},{"@type":"ListItem","position":2,"name":"Prefeitura de Manaus leva segunda ponte do p\u00eder tur\u00edstico para o mirante L\u00facia Almeida nesta sexta"}]},{"@type":"WebSite","@id":"https:\/\/www.manaus.am.gov.br\/implurb\/#website","url":"https:\/\/www.manaus.am.gov.br\/implurb\/","name":"IMPLURB","description":"Prefeitura de Manaus","potentialAction":[{"@type":"SearchAction","target":{"@type":"EntryPoint","urlTemplate":"https:\/\/www.manaus.am.gov.br\/implurb\/?s={search_term_string}"},"query-input":"required name=search_term_string"}],"inLanguage":"pt-BR"},{"@type":"Person","@id":"https:\/\/www.manaus.am.gov.br\/implurb\/#\/schema\/person\/4e49f4e267757a06ca072ec61b2b9968","name":"Adriana Costa","image":{"@type":"ImageObject","inLanguage":"pt-BR","@id":"https:\/\/www.manaus.am.gov.br\/implurb\/#\/schema\/person\/image\/","url":"https:\/\/secure.gravatar.com\/avatar\/576258617ef7194f718179e766d57bd4?s=96&d=mm&r=g","contentUrl":"https:\/\/secure.gravatar.com\/avatar\/576258617ef7194f718179e766d57bd4?s=96&d=mm&r=g","caption":"Adriana Costa"}}]}},"_links":{"self":[{"href":"https:\/\/www.manaus.am.gov.br\/implurb\/wp-json\/wp\/v2\/posts\/4476"}],"collection":[{"href":"https:\/\/www.manaus.am.gov.br\/implurb\/wp-json\/wp\/v2\/posts"}],"about":[{"href":"https:\/\/www.manaus.am.gov.br\/implurb\/wp-json\/wp\/v2\/types\/post"}],"author":[{"embeddable":true,"href":"https:\/\/www.manaus.am.gov.br\/implurb\/wp-json\/wp\/v2\/users\/23"}],"replies":[{"embeddable":true,"href":"https:\/\/www.manaus.am.gov.br\/implurb\/wp-json\/wp\/v2\/comments?post=4476"}],"version-history":[{"count":0,"href":"https:\/\/www.manaus.am.gov.br\/implurb\/wp-json\/wp\/v2\/posts\/4476\/revisions"}],"wp:featuredmedia":[{"embeddable":true,"href":"https:\/\/www.manaus.am.gov.br\/implurb\/wp-json\/wp\/v2\/media\/4477"}],"wp:attachment":[{"href":"https:\/\/www.manaus.am.gov.br\/implurb\/wp-json\/wp\/v2\/media?parent=4476"}],"wp:term":[{"taxonomy":"category","embeddable":true,"href":"https:\/\/www.manaus.am.gov.br\/implurb\/wp-json\/wp\/v2\/categories?post=4476"},{"taxonomy":"post_tag","embeddable":true,"href":"https:\/\/www.manaus.am.gov.br\/implurb\/wp-json\/wp\/v2\/tags?post=4476"}],"curies":[{"name":"wp","href":"https:\/\/api.w.org\/{rel}","templated":true}]}}