{"id":4307,"date":"2024-04-19T12:45:38","date_gmt":"2024-04-19T16:45:38","guid":{"rendered":"https:\/\/www.manaus.am.gov.br\/implurb\/lancamento-principal-estrutura-pier-turistico\/"},"modified":"2024-04-19T12:51:18","modified_gmt":"2024-04-19T16:51:18","slug":"lancamento-principal-estrutura-pier-turistico","status":"publish","type":"post","link":"https:\/\/www.manaus.am.gov.br\/implurb\/lancamento-principal-estrutura-pier-turistico\/","title":{"rendered":"Prefeito de Manaus lan\u00e7a principal estrutura do p\u00eder tur\u00edstico nas \u00e1guas do rio Negro"},"content":{"rendered":"\n<p>O prefeito de Manaus, David Almeida, lan\u00e7ou, nesta sexta-feira, 19\/4, a estrutura principal do p\u00eder tur\u00edstico no rio Negro, que integra o mirante L\u00facia Almeida, localizado no centro hist\u00f3rico da cidade. O projeto faz parte do programa \u201cNosso Centro\u201d, que tem como autor o Instituto Municipal de Planejamento Urbano (Implurb).<\/p>\n\n\n\n<p>\u201cFizemos o lan\u00e7amento da balsa principal do p\u00eder \u2018Manaus 355\u2019 que ser\u00e1 acoplada no mirante L\u00facia Almeida. Essa estrutura faz parte da segunda etapa daquela magn\u00edfica constru\u00e7\u00e3o que marca uma nova fase do turismo da nossa cidade. A expectativa \u00e9 que at\u00e9 o final de junho, toda a estrutura esteja pronta para come\u00e7ar a receber as embarca\u00e7\u00f5es tur\u00edsticas\u201d, explicou Almeida.<\/p>\n\n\n\n<p>A constru\u00e7\u00e3o do p\u00eder est\u00e1 sendo feita em um estaleiro no bairro Compensa, zona Oeste, e envolve um total de tr\u00eas frentes de obras, incluindo o porto, as pontes e as poitas. As 14 poitas que v\u00e3o ancorar as estruturas do p\u00eder j\u00e1 est\u00e3o ao redor do mirante.<\/p>\n\n\n\n<p>A primeira estrutura, a do maior atracadouro (flutuante), mede 12 metros por 80 metros, pesando quase 300 toneladas. Ser\u00e1 esse atracadouro que vai ser lan\u00e7ado nas \u00e1guas e ficar\u00e1 ancorado no pr\u00f3prio estaleiro, esperando a conclus\u00e3o da pintura das pontes flutuantes.<\/p>\n\n\n\n<p>A prefeitura avan\u00e7a na conclus\u00e3o do primeiro p\u00eder tur\u00edstico da capital amazonense, que ser\u00e1 instalado no complexo de S\u00e3o Vicente, no in\u00edcio da avenida 7 de Setembro, Centro, zona Sul. O p\u00eder faz parte da primeira etapa das interven\u00e7\u00f5es do &#8220;Nosso Centro&#8221;, lan\u00e7ado pela gest\u00e3o do prefeito David Almeida, em 2021, e em fase de finaliza\u00e7\u00e3o para entrega.<\/p>\n\n\n\n<figure class=\"wp-block-image size-large\"><img decoding=\"async\" src=\"https:\/\/www.manaus.am.gov.br\/implurb\/wp-content\/uploads\/sites\/13\/2024\/04\/53664360441_171a9784bc_k-1024x576.jpg\" alt=\"\" class=\"wp-image-4308\" \/><\/figure>\n\n\n\n<p><strong>Poitas<\/strong><\/p>\n\n\n\n<p>A poita \u00e9 um objeto usado como peso submerso, para ancorar embarca\u00e7\u00f5es, boias, plataformas e outros. Neste caso, as 14 poitas v\u00e3o ancorar as estruturas do p\u00eder, permitindo sua flutuabilidade com a subida e descida das cotas do rio Negro. Posteriormente, as poitas ser\u00e3o lan\u00e7adas no rio Negro em suas posi\u00e7\u00f5es definitivas.<\/p>\n\n\n\n<p>As poitas funcionam como as \u00e2ncoras onde o porto ficar\u00e1 amarrado, ficando no meio do rio. Al\u00e9m do atracadouro principal, o p\u00eder tem mais tr\u00eas pontes de liga\u00e7\u00e3o, sendo uma de 75 metros (160 toneladas) e outras duas de 60 metros (115 toneladas, cada). Outros dois flutuantes de apoio para a liga\u00e7\u00e3o das pontes medem 18 metros x 12 metros e pesam 62 toneladas, cada.<\/p>\n\n\n\n<p>Toda a opera\u00e7\u00e3o tur\u00edstica que envolve a hidrografia da Amaz\u00f4nia chegar\u00e1 e partir\u00e1 desse p\u00eder tur\u00edstico. Ele ter\u00e1 essa fun\u00e7\u00e3o de dar um suporte adequado, com seguran\u00e7a e com conforto para as opera\u00e7\u00f5es do turismo em Manaus. Ter\u00e1 integra\u00e7\u00e3o imediata ao mirante L\u00facia Almeida e todas as atividades no largo de S\u00e3o Vicente. Ele passa a ser uma refer\u00eancia para o&nbsp;<em>trade<\/em>&nbsp;tur\u00edstico voltado ao movimento da orla de Manaus e todo o entorno da capital.<\/p>\n\n\n\n<p><strong>Dimens\u00e3o<\/strong><\/p>\n\n\n\n<p>Com dimens\u00f5es surpreendentes, a capital amazonense vai ganhar seu primeiro p\u00eder tur\u00edstico. A estrutura met\u00e1lica vai compor o mirante L\u00facia Almeida, inaugurado no \u00faltimo dia 4 de abril. O p\u00eder ser\u00e1 uma estrutura de atraca\u00e7\u00e3o de embarca\u00e7\u00f5es de pequeno e m\u00e9dio portes, voltado para o&nbsp;<em>trade<\/em>&nbsp;tur\u00edstico e de pacotes fluviais no Centro e entorno.<\/p>\n\n\n\n<p><strong>Projetos<\/strong><\/p>\n\n\n\n<p>O p\u00eder tur\u00edstico ser\u00e1 montado no mirante no primeiro semestre deste ano, quando o rio Negro estiver com uma cota mais alta, e a estrutura vai permitir que o turista, visitante e morador da cidade desembarquem na ilha de S\u00e3o Vicente e j\u00e1 passem a vivenciar uma parte da hist\u00f3ria de Manaus.<\/p>\n\n\n\n<p>&#8212; &#8212; &#8212;<\/p>\n\n\n\n<p><strong>Texto \u2013<\/strong> Claudia do Valle \/ Implurb<\/p>\n\n\n\n<p><strong>Fotos<\/strong> \u2013 Jo\u00e3o Viana \/ Semcom<\/p>\n\n\n\n<p><strong>Dispon\u00edveis em &#8211; <\/strong><a href=\"https:\/\/flic.kr\/s\/aHBqjBmYfh\">https:\/\/flic.kr\/s\/aHBqjBmYfh<\/a><\/p>\n","protected":false},"excerpt":{"rendered":"","protected":false},"author":39,"featured_media":4309,"comment_status":"closed","ping_status":"closed","sticky":false,"template":"","format":"standard","meta":{"footnotes":""},"categories":[37],"tags":[1467,31,11,13,933,59,15,1468,514],"acf":[],"yoast_head":"<!-- This site is optimized with the Yoast SEO plugin v23.0 - https:\/\/yoast.com\/wordpress\/plugins\/seo\/ -->\n<title>Lan\u00e7amento da principal estrutura do p\u00eder tur\u00edstico no rio Negro<\/title>\n<meta name=\"description\" content=\"O prefeito de Manaus, David Almeida, lan\u00e7a a estrutura principal do p\u00eder tur\u00edstico no rio Negro, que integra o mirante L\u00facia Almeida.\" \/>\n<meta name=\"robots\" content=\"noindex, follow\" \/>\n<meta property=\"og:locale\" content=\"pt_BR\" \/>\n<meta property=\"og:type\" content=\"article\" \/>\n<meta property=\"og:title\" content=\"Lan\u00e7amento da principal estrutura do p\u00eder tur\u00edstico no rio Negro\" \/>\n<meta property=\"og:description\" content=\"O prefeito de Manaus, David Almeida, lan\u00e7a a estrutura principal do p\u00eder tur\u00edstico no rio Negro, que integra o mirante L\u00facia Almeida.\" \/>\n<meta property=\"og:url\" content=\"https:\/\/www.manaus.am.gov.br\/implurb\/lancamento-principal-estrutura-pier-turistico\/\" \/>\n<meta property=\"og:site_name\" content=\"IMPLURB\" \/>\n<meta property=\"article:published_time\" content=\"2024-04-19T16:45:38+00:00\" \/>\n<meta property=\"article:modified_time\" content=\"2024-04-19T16:51:18+00:00\" \/>\n<meta property=\"og:image\" content=\"https:\/\/www.manaus.am.gov.br\/implurb\/wp-content\/uploads\/sites\/13\/2024\/04\/53664713724_b01fcbebfe_k.jpg\" \/>\n\t<meta property=\"og:image:width\" content=\"2048\" \/>\n\t<meta property=\"og:image:height\" content=\"1152\" \/>\n\t<meta property=\"og:image:type\" content=\"image\/jpeg\" \/>\n<meta name=\"author\" content=\"Bruna Greco\" \/>\n<meta name=\"twitter:card\" content=\"summary_large_image\" \/>\n<meta name=\"twitter:label1\" content=\"Written by\" \/>\n\t<meta name=\"twitter:data1\" content=\"Bruna Greco\" \/>\n\t<meta name=\"twitter:label2\" content=\"Est. reading time\" \/>\n\t<meta name=\"twitter:data2\" content=\"4 minutos\" \/>\n<script type=\"application\/ld+json\" class=\"yoast-schema-graph\">{\"@context\":\"https:\/\/schema.org\",\"@graph\":[{\"@type\":\"WebPage\",\"@id\":\"https:\/\/www.manaus.am.gov.br\/implurb\/lancamento-principal-estrutura-pier-turistico\/\",\"url\":\"https:\/\/www.manaus.am.gov.br\/implurb\/lancamento-principal-estrutura-pier-turistico\/\",\"name\":\"Lan\u00e7amento da principal estrutura do p\u00eder tur\u00edstico no rio Negro\",\"isPartOf\":{\"@id\":\"https:\/\/www.manaus.am.gov.br\/implurb\/#website\"},\"primaryImageOfPage\":{\"@id\":\"https:\/\/www.manaus.am.gov.br\/implurb\/lancamento-principal-estrutura-pier-turistico\/#primaryimage\"},\"image\":{\"@id\":\"https:\/\/www.manaus.am.gov.br\/implurb\/lancamento-principal-estrutura-pier-turistico\/#primaryimage\"},\"thumbnailUrl\":\"https:\/\/www.manaus.am.gov.br\/implurb\/wp-content\/uploads\/sites\/13\/2024\/04\/53664713724_b01fcbebfe_k.jpg\",\"datePublished\":\"2024-04-19T16:45:38+00:00\",\"dateModified\":\"2024-04-19T16:51:18+00:00\",\"author\":{\"@id\":\"https:\/\/www.manaus.am.gov.br\/implurb\/#\/schema\/person\/05d223aea2bf115f9883a6ff3683d81b\"},\"description\":\"O prefeito de Manaus, David Almeida, lan\u00e7a a estrutura principal do p\u00eder tur\u00edstico no rio Negro, que integra o mirante L\u00facia Almeida.\",\"breadcrumb\":{\"@id\":\"https:\/\/www.manaus.am.gov.br\/implurb\/lancamento-principal-estrutura-pier-turistico\/#breadcrumb\"},\"inLanguage\":\"pt-BR\",\"potentialAction\":[{\"@type\":\"ReadAction\",\"target\":[\"https:\/\/www.manaus.am.gov.br\/implurb\/lancamento-principal-estrutura-pier-turistico\/\"]}]},{\"@type\":\"ImageObject\",\"inLanguage\":\"pt-BR\",\"@id\":\"https:\/\/www.manaus.am.gov.br\/implurb\/lancamento-principal-estrutura-pier-turistico\/#primaryimage\",\"url\":\"https:\/\/www.manaus.am.gov.br\/implurb\/wp-content\/uploads\/sites\/13\/2024\/04\/53664713724_b01fcbebfe_k.jpg\",\"contentUrl\":\"https:\/\/www.manaus.am.gov.br\/implurb\/wp-content\/uploads\/sites\/13\/2024\/04\/53664713724_b01fcbebfe_k.jpg\",\"width\":2048,\"height\":1152,\"caption\":\"#paratodosverem - Imagem a\u00e9rea da balsa principal do p\u00eder tur\u00edstico nas \u00e1guas do rio Negro\"},{\"@type\":\"BreadcrumbList\",\"@id\":\"https:\/\/www.manaus.am.gov.br\/implurb\/lancamento-principal-estrutura-pier-turistico\/#breadcrumb\",\"itemListElement\":[{\"@type\":\"ListItem\",\"position\":1,\"name\":\"Home\",\"item\":\"https:\/\/www.manaus.am.gov.br\/implurb\/\"},{\"@type\":\"ListItem\",\"position\":2,\"name\":\"Prefeito de Manaus lan\u00e7a principal estrutura do p\u00eder tur\u00edstico nas \u00e1guas do rio Negro\"}]},{\"@type\":\"WebSite\",\"@id\":\"https:\/\/www.manaus.am.gov.br\/implurb\/#website\",\"url\":\"https:\/\/www.manaus.am.gov.br\/implurb\/\",\"name\":\"IMPLURB\",\"description\":\"Prefeitura de Manaus\",\"potentialAction\":[{\"@type\":\"SearchAction\",\"target\":{\"@type\":\"EntryPoint\",\"urlTemplate\":\"https:\/\/www.manaus.am.gov.br\/implurb\/?s={search_term_string}\"},\"query-input\":\"required name=search_term_string\"}],\"inLanguage\":\"pt-BR\"},{\"@type\":\"Person\",\"@id\":\"https:\/\/www.manaus.am.gov.br\/implurb\/#\/schema\/person\/05d223aea2bf115f9883a6ff3683d81b\",\"name\":\"Bruna Greco\",\"image\":{\"@type\":\"ImageObject\",\"inLanguage\":\"pt-BR\",\"@id\":\"https:\/\/www.manaus.am.gov.br\/implurb\/#\/schema\/person\/image\/\",\"url\":\"https:\/\/secure.gravatar.com\/avatar\/9c877d1a6adc2a055330e5c09a8653ce?s=96&d=mm&r=g\",\"contentUrl\":\"https:\/\/secure.gravatar.com\/avatar\/9c877d1a6adc2a055330e5c09a8653ce?s=96&d=mm&r=g\",\"caption\":\"Bruna Greco\"}}]}<\/script>\n<!-- \/ Yoast SEO plugin. -->","yoast_head_json":{"title":"Lan\u00e7amento da principal estrutura do p\u00eder tur\u00edstico no rio Negro","description":"O prefeito de Manaus, David Almeida, lan\u00e7a a estrutura principal do p\u00eder tur\u00edstico no rio Negro, que integra o mirante L\u00facia Almeida.","robots":{"index":"noindex","follow":"follow"},"og_locale":"pt_BR","og_type":"article","og_title":"Lan\u00e7amento da principal estrutura do p\u00eder tur\u00edstico no rio Negro","og_description":"O prefeito de Manaus, David Almeida, lan\u00e7a a estrutura principal do p\u00eder tur\u00edstico no rio Negro, que integra o mirante L\u00facia Almeida.","og_url":"https:\/\/www.manaus.am.gov.br\/implurb\/lancamento-principal-estrutura-pier-turistico\/","og_site_name":"IMPLURB","article_published_time":"2024-04-19T16:45:38+00:00","article_modified_time":"2024-04-19T16:51:18+00:00","og_image":[{"width":2048,"height":1152,"url":"https:\/\/www.manaus.am.gov.br\/implurb\/wp-content\/uploads\/sites\/13\/2024\/04\/53664713724_b01fcbebfe_k.jpg","type":"image\/jpeg"}],"author":"Bruna Greco","twitter_card":"summary_large_image","twitter_misc":{"Written by":"Bruna Greco","Est. reading time":"4 minutos"},"schema":{"@context":"https:\/\/schema.org","@graph":[{"@type":"WebPage","@id":"https:\/\/www.manaus.am.gov.br\/implurb\/lancamento-principal-estrutura-pier-turistico\/","url":"https:\/\/www.manaus.am.gov.br\/implurb\/lancamento-principal-estrutura-pier-turistico\/","name":"Lan\u00e7amento da principal estrutura do p\u00eder tur\u00edstico no rio Negro","isPartOf":{"@id":"https:\/\/www.manaus.am.gov.br\/implurb\/#website"},"primaryImageOfPage":{"@id":"https:\/\/www.manaus.am.gov.br\/implurb\/lancamento-principal-estrutura-pier-turistico\/#primaryimage"},"image":{"@id":"https:\/\/www.manaus.am.gov.br\/implurb\/lancamento-principal-estrutura-pier-turistico\/#primaryimage"},"thumbnailUrl":"https:\/\/www.manaus.am.gov.br\/implurb\/wp-content\/uploads\/sites\/13\/2024\/04\/53664713724_b01fcbebfe_k.jpg","datePublished":"2024-04-19T16:45:38+00:00","dateModified":"2024-04-19T16:51:18+00:00","author":{"@id":"https:\/\/www.manaus.am.gov.br\/implurb\/#\/schema\/person\/05d223aea2bf115f9883a6ff3683d81b"},"description":"O prefeito de Manaus, David Almeida, lan\u00e7a a estrutura principal do p\u00eder tur\u00edstico no rio Negro, que integra o mirante L\u00facia Almeida.","breadcrumb":{"@id":"https:\/\/www.manaus.am.gov.br\/implurb\/lancamento-principal-estrutura-pier-turistico\/#breadcrumb"},"inLanguage":"pt-BR","potentialAction":[{"@type":"ReadAction","target":["https:\/\/www.manaus.am.gov.br\/implurb\/lancamento-principal-estrutura-pier-turistico\/"]}]},{"@type":"ImageObject","inLanguage":"pt-BR","@id":"https:\/\/www.manaus.am.gov.br\/implurb\/lancamento-principal-estrutura-pier-turistico\/#primaryimage","url":"https:\/\/www.manaus.am.gov.br\/implurb\/wp-content\/uploads\/sites\/13\/2024\/04\/53664713724_b01fcbebfe_k.jpg","contentUrl":"https:\/\/www.manaus.am.gov.br\/implurb\/wp-content\/uploads\/sites\/13\/2024\/04\/53664713724_b01fcbebfe_k.jpg","width":2048,"height":1152,"caption":"#paratodosverem - Imagem a\u00e9rea da balsa principal do p\u00eder tur\u00edstico nas \u00e1guas do rio Negro"},{"@type":"BreadcrumbList","@id":"https:\/\/www.manaus.am.gov.br\/implurb\/lancamento-principal-estrutura-pier-turistico\/#breadcrumb","itemListElement":[{"@type":"ListItem","position":1,"name":"Home","item":"https:\/\/www.manaus.am.gov.br\/implurb\/"},{"@type":"ListItem","position":2,"name":"Prefeito de Manaus lan\u00e7a principal estrutura do p\u00eder tur\u00edstico nas \u00e1guas do rio Negro"}]},{"@type":"WebSite","@id":"https:\/\/www.manaus.am.gov.br\/implurb\/#website","url":"https:\/\/www.manaus.am.gov.br\/implurb\/","name":"IMPLURB","description":"Prefeitura de Manaus","potentialAction":[{"@type":"SearchAction","target":{"@type":"EntryPoint","urlTemplate":"https:\/\/www.manaus.am.gov.br\/implurb\/?s={search_term_string}"},"query-input":"required name=search_term_string"}],"inLanguage":"pt-BR"},{"@type":"Person","@id":"https:\/\/www.manaus.am.gov.br\/implurb\/#\/schema\/person\/05d223aea2bf115f9883a6ff3683d81b","name":"Bruna Greco","image":{"@type":"ImageObject","inLanguage":"pt-BR","@id":"https:\/\/www.manaus.am.gov.br\/implurb\/#\/schema\/person\/image\/","url":"https:\/\/secure.gravatar.com\/avatar\/9c877d1a6adc2a055330e5c09a8653ce?s=96&d=mm&r=g","contentUrl":"https:\/\/secure.gravatar.com\/avatar\/9c877d1a6adc2a055330e5c09a8653ce?s=96&d=mm&r=g","caption":"Bruna Greco"}}]}},"_links":{"self":[{"href":"https:\/\/www.manaus.am.gov.br\/implurb\/wp-json\/wp\/v2\/posts\/4307"}],"collection":[{"href":"https:\/\/www.manaus.am.gov.br\/implurb\/wp-json\/wp\/v2\/posts"}],"about":[{"href":"https:\/\/www.manaus.am.gov.br\/implurb\/wp-json\/wp\/v2\/types\/post"}],"author":[{"embeddable":true,"href":"https:\/\/www.manaus.am.gov.br\/implurb\/wp-json\/wp\/v2\/users\/39"}],"replies":[{"embeddable":true,"href":"https:\/\/www.manaus.am.gov.br\/implurb\/wp-json\/wp\/v2\/comments?post=4307"}],"version-history":[{"count":5,"href":"https:\/\/www.manaus.am.gov.br\/implurb\/wp-json\/wp\/v2\/posts\/4307\/revisions"}],"predecessor-version":[{"id":4314,"href":"https:\/\/www.manaus.am.gov.br\/implurb\/wp-json\/wp\/v2\/posts\/4307\/revisions\/4314"}],"wp:featuredmedia":[{"embeddable":true,"href":"https:\/\/www.manaus.am.gov.br\/implurb\/wp-json\/wp\/v2\/media\/4309"}],"wp:attachment":[{"href":"https:\/\/www.manaus.am.gov.br\/implurb\/wp-json\/wp\/v2\/media?parent=4307"}],"wp:term":[{"taxonomy":"category","embeddable":true,"href":"https:\/\/www.manaus.am.gov.br\/implurb\/wp-json\/wp\/v2\/categories?post=4307"},{"taxonomy":"post_tag","embeddable":true,"href":"https:\/\/www.manaus.am.gov.br\/implurb\/wp-json\/wp\/v2\/tags?post=4307"}],"curies":[{"name":"wp","href":"https:\/\/api.w.org\/{rel}","templated":true}]}}