{"id":4232,"date":"2024-04-04T18:49:02","date_gmt":"2024-04-04T22:49:02","guid":{"rendered":"https:\/\/www.manaus.am.gov.br\/implurb\/inaugura-mirante-largo\/"},"modified":"2024-04-04T18:49:02","modified_gmt":"2024-04-04T22:49:02","slug":"inaugura-mirante-largo","status":"publish","type":"post","link":"https:\/\/www.manaus.am.gov.br\/implurb\/inaugura-mirante-largo\/","title":{"rendered":"Prefeito inaugura mirante L\u00facia Almeida e largo de S\u00e3o Vicente, primeiras obras de reabilita\u00e7\u00e3o do centro hist\u00f3rico de Manaus"},"content":{"rendered":"\n<p>O prefeito de Manaus, David Almeida, inaugurou, nesta quinta-feira, 4\/4, duas grandes obras de reabilita\u00e7\u00e3o do centro hist\u00f3rico, que comp\u00f5em a primeira fase do programa \u201cNosso Centro\u201d: o mirante L\u00facia Almeida e o largo de S\u00e3o Vicente, localizados no in\u00edcio da avenida 7 de Setembro, como espa\u00e7os fundamentais para o desenvolvimento da capital.<\/p>\n\n\n\n<p>O que antes era uma \u00e1rea degradada e em situa\u00e7\u00e3o de abandono, com im\u00f3veis vazios, ap\u00f3s a obra se transformou em \u00e1rea que ter\u00e1 impacto na vivacidade do Centro, com quatro estruturas: o mirante L\u00facia Almeida, largo de S\u00e3o Vicente, casar\u00e3o Thiago de Mello e P\u00eder Tur\u00edstico, com investimento total superior a R$ 60 milh\u00f5es, com recursos da prefeitura.<\/p>\n\n\n<div class=\"wp-block-image\">\n<figure class=\"aligncenter size-full is-resized\"><img loading=\"lazy\" decoding=\"async\" width=\"860\" height=\"573\" src=\"https:\/\/www.manaus.am.gov.br\/implurb\/wp-content\/uploads\/sites\/13\/2024\/04\/Inaugura-Mirante.jpeg\" alt=\"\" class=\"wp-image-4239\" style=\"width:590px;height:auto\" srcset=\"https:\/\/www.manaus.am.gov.br\/implurb\/wp-content\/uploads\/sites\/13\/2024\/04\/Inaugura-Mirante.jpeg 860w, https:\/\/www.manaus.am.gov.br\/implurb\/wp-content\/uploads\/sites\/13\/2024\/04\/Inaugura-Mirante-300x200.jpeg 300w, https:\/\/www.manaus.am.gov.br\/implurb\/wp-content\/uploads\/sites\/13\/2024\/04\/Inaugura-Mirante-768x512.jpeg 768w\" sizes=\"(max-width: 860px) 100vw, 860px\" \/><\/figure><\/div>\n\n\n<p>Um grande show de inaugura\u00e7\u00e3o foi montado pela prefeitura, com apresenta\u00e7\u00f5es da cantora Vanessa da Mata, atra\u00e7\u00e3o nacional, e dos cantores David Assayag e Arlindo Neto, atra\u00e7\u00f5es regionais.<\/p>\n\n\n\n<p>O prefeito David Almeida afirmou que Manaus ganhou um novo cart\u00e3o postal, que resgata o centro hist\u00f3rico e, principalmente, a autoestima da popula\u00e7\u00e3o que vive no ber\u00e7o da capital amazonense.<\/p>\n\n\n\n<p>&#8220;\u00c9 o novo cart\u00e3o postal da cidade, o novo point da capital. Com isso a gente resgata a autoestima dos moradores do Centro e da cidade, no local onde ela iniciou. Este \u00e9 um resgate que n\u00f3s estamos dando para a cidade de Manaus. Estamos devolvendo um belo cart\u00e3o postal para Manaus com esse investimento&#8221;, enfatizou o prefeito que destacou o potencial econ\u00f4mico e tur\u00edstico do mirante L\u00facia Almeida.<\/p>\n\n\n\n<p>N\u00f3s vamos dar uma op\u00e7\u00e3o a mais para o turista e para o manauara, para que possa contemplar a nossa natureza. Aqui temos restaurantes, peixaria, sorveteria, bares, quiosques, vamos ter artesanato, culin\u00e1ria, tudo isso \u00e0 disposi\u00e7\u00e3o da popula\u00e7\u00e3o&#8221;, informou.<\/p>\n\n\n\n<p>O diretor-presidente do Instituto Municipal de Planejamento Urbano (Implurb), Carlos Valente, disse que muitas cidades do Brasil est\u00e3o com objetivo de recuperar centros urbanos e que o projeto de Manaus, com todo o complexo da ilha de S\u00e3o Vicente, tem sido reverenciado.<\/p>\n\n\n\n<p>&#8220;Muitas pessoas falaram e falam de reabilitar os centros urbanos no Brasil todo, e eu te digo que ontem a gente apresentou esse projeto num f\u00f3rum nacional e ele foi aplaudido de p\u00e9. Ent\u00e3o, essa \u00e9 uma alegria, uma felicidade de comandar uma equipe, como a equipe do Implurb, que desenvolveu esse projeto e de participar, ser comandado pelo prefeito David Almeida, que bancou essa ideia. Essa ideia poderia ser mais uma de muitas ideias boas que n\u00f3s temos na cidade de Manaus, mas sem a decis\u00e3o pol\u00edtica de faz\u00ea-la, concretiz\u00e1-la, ela n\u00e3o passaria de um projeto&#8221;, salientou Valente valorizando o m\u00e9rito do prefeito em tornar o projeto em realidade.\u00a0<\/p>\n\n\n<div class=\"wp-block-image\">\n<figure class=\"aligncenter size-full is-resized\"><img loading=\"lazy\" decoding=\"async\" width=\"800\" height=\"450\" src=\"https:\/\/www.manaus.am.gov.br\/implurb\/wp-content\/uploads\/sites\/13\/2024\/04\/Inaugura-Mirante-2.jpg\" alt=\"\" class=\"wp-image-4235\" style=\"width:574px;height:auto\" srcset=\"https:\/\/www.manaus.am.gov.br\/implurb\/wp-content\/uploads\/sites\/13\/2024\/04\/Inaugura-Mirante-2.jpg 800w, https:\/\/www.manaus.am.gov.br\/implurb\/wp-content\/uploads\/sites\/13\/2024\/04\/Inaugura-Mirante-2-300x169.jpg 300w, https:\/\/www.manaus.am.gov.br\/implurb\/wp-content\/uploads\/sites\/13\/2024\/04\/Inaugura-Mirante-2-768x432.jpg 768w\" sizes=\"(max-width: 800px) 100vw, 800px\" \/><\/figure><\/div>\n\n\n<p>O diretor-presidente do Funda\u00e7\u00e3o Municipal de Cultura Eventos e Turismo (Manauscult), Reginei Rodrigues, disse que o mirante significa um marco para a cidade. &#8220;Para n\u00f3s que vivemos da cultura, eventos e turismo, \u00e9 um marco para a gente, porque a gente est\u00e1 aqui no Centro Hist\u00f3rico de Manaus. Aqui nasceu Manaus, aqui na Pra\u00e7a Dom Pedro, a 100 metros, foi o marco zero da cidade. Ent\u00e3o, valorizar essa parte do Centro que, estava abandonada \u00e9 um marco&#8221;.<\/p>\n\n\n\n<p><strong>Primeiras Impress\u00f5es<\/strong><\/p>\n\n\n\n<p>Os primeiros visitantes destacaram os potenciais do mirante L\u00facia Almeida, como poder admirar o Rio Negro e valorizar o Centro Hist\u00f3rico de Manaus.<\/p>\n\n\n<div class=\"wp-block-image\">\n<figure class=\"aligncenter size-full is-resized\"><img loading=\"lazy\" decoding=\"async\" width=\"799\" height=\"533\" src=\"https:\/\/www.manaus.am.gov.br\/implurb\/wp-content\/uploads\/sites\/13\/2024\/04\/Inaugura-Mirante-5.jpg\" alt=\"\" class=\"wp-image-4236\" style=\"width:585px;height:auto\" srcset=\"https:\/\/www.manaus.am.gov.br\/implurb\/wp-content\/uploads\/sites\/13\/2024\/04\/Inaugura-Mirante-5.jpg 799w, https:\/\/www.manaus.am.gov.br\/implurb\/wp-content\/uploads\/sites\/13\/2024\/04\/Inaugura-Mirante-5-300x200.jpg 300w, https:\/\/www.manaus.am.gov.br\/implurb\/wp-content\/uploads\/sites\/13\/2024\/04\/Inaugura-Mirante-5-768x512.jpg 768w\" sizes=\"(max-width: 799px) 100vw, 799px\" \/><\/figure><\/div>\n\n\n<p>&#8220;O centro \u00e9 o meu lugar favorito da vida. Sempre quando posso eu venho para festas, shows, festivais, sempre estou por aqui, pois eu acho o centro muito importante. E eu espero com esse novo ambiente que as pessoas consigam visitar o centro&#8221;, destacou o estudante Gustavo Fernandes.<\/p>\n\n\n\n<p>Morando em Manaus h\u00e1 cinco anos, a advogada Luana Godoi, natural de Campo Grande\/MT, levou m\u00e3e e tia para conhecer a nov\u00edssima atra\u00e7\u00e3o de Manaus e ressaltou a beleza natural da cidade.<\/p>\n\n\n\n<p>&#8220;\u00c9 muito importante um espa\u00e7o como esse, porque Manaus foi constru\u00edda de costas para o rio, n\u00e9? Ter uma vista como essa aqui, n\u00e3o \u00e9 qualquer lugar que a gente conseguiria&#8221;, ressaltou. A tia de Luana, que visita a cidade pela primeira vez, tamb\u00e9m valorizou o mirante. &#8220;Nossa, estou encantada. Tamanha beleza. Muito lindo mesmo. \u00c9 de emocionar ter um espa\u00e7o onde podemos contemplar a natureza&#8221;, disse Telma Godoi.<\/p>\n\n\n\n<p><strong>Opera\u00e7\u00f5es Mirante<\/strong><\/p>\n\n\n\n<p>Com projeto arquitet\u00f4nico do Instituto Municipal de Planejamento Urbano (Implurb), o mirante L\u00facia Almeida \u00e9 o primeiro espa\u00e7o p\u00fablico vertical da cidade. O pr\u00e9dio tem mais de cinco mil metros de \u00e1rea constru\u00edda, 58 metros de comprimento e quatro andares (t\u00e9rreo e mais tr\u00eas pavimentos).<\/p>\n\n\n\n<p>A prefeitura promove a ocupa\u00e7\u00e3o n\u00e3o s\u00f3 art\u00edstica, cultural e p\u00fablica do mirante, mas tamb\u00e9m comercial, tendo licitado diversas opera\u00e7\u00f5es para a diversifica\u00e7\u00e3o do novo espa\u00e7o. A partir de concorr\u00eancia p\u00fablica, o mirante ter\u00e1 permission\u00e1rios, empres\u00e1rios, empreendedores e comerciantes, que v\u00e3o atuar em lojas, quiosques, lanches e restaurantes.<\/p>\n\n\n\n<p><strong>Funcionamento<\/strong><\/p>\n\n\n<div class=\"wp-block-image\">\n<figure class=\"aligncenter size-full is-resized\"><img loading=\"lazy\" decoding=\"async\" width=\"400\" height=\"267\" src=\"https:\/\/www.manaus.am.gov.br\/implurb\/wp-content\/uploads\/sites\/13\/2024\/04\/Inaugura-Mirante-4.jpg\" alt=\"\" class=\"wp-image-4237\" style=\"width:536px;height:auto\" srcset=\"https:\/\/www.manaus.am.gov.br\/implurb\/wp-content\/uploads\/sites\/13\/2024\/04\/Inaugura-Mirante-4.jpg 400w, https:\/\/www.manaus.am.gov.br\/implurb\/wp-content\/uploads\/sites\/13\/2024\/04\/Inaugura-Mirante-4-300x200.jpg 300w\" sizes=\"(max-width: 400px) 100vw, 400px\" \/><\/figure><\/div>\n\n\n<p>O mirante conta com 11 opera\u00e7\u00f5es comerciais, desde caf\u00e9 da manh\u00e3 at\u00e9 lanches, restaurantes, sorveteria e drinks, com hor\u00e1rios durante todo o dia e \u00e0 noite.<\/p>\n\n\n\n<p>De segunda a quinta-feira, das 10h \u00e0s 23h, v\u00e3o funcionar os dois restaurantes do espa\u00e7o (segundo pavimento), os quiosques de petisco, boteco e hamburgueria (todos no terceiro pavimento), sorveteria (t\u00e9rreo), e uma loja estilo pub (t\u00e9rreo). J\u00e1 na sexta e s\u00e1bado, o hor\u00e1rio ser\u00e1 das 10h \u00e0 meia-noite. No domingo, o mirante estar\u00e1 funcionando das 10h \u00e0s 22h.<\/p>\n\n\n\n<p>A \u00fanica exce\u00e7\u00e3o nos hor\u00e1rios \u00e9 para o quiosque de caf\u00e9, que fica no terceiro pavimento, abrindo de segunda a sexta-feira, das 8h \u00e0s 12h e das 15h \u00e0s 20h. Aos s\u00e1bados e domingos atender\u00e1 das 7h \u00e0s 12h e das 15h \u00e0s 21h.<\/p>\n\n\n\n<p><strong>Largo de S\u00e3o Vicente<\/strong><\/p>\n\n\n\n<p>Com uma \u00e1rea totalmente criada onde antes existiam lotes abandonados e sem uso, o largo de S\u00e3o Vicente tem passagem apenas para pedestres, somando mais 3,5 mil metros quadrados de um ambiente para ser utilizado por todos. O espa\u00e7o \u00e9 acess\u00edvel e conecta as obras do \u201cNosso Centro\u201d, tendo estacionamento exclusivo para portadores de necessidades especiais, idosos, gr\u00e1vidas e afins.<\/p>\n\n\n\n<p>&#8212; &#8212; &#8212;<\/p>\n\n\n\n<p><strong>Texto<\/strong> \u2013 Geraldo Farias \/ Semcom e Claudia do Valle \/ Implurb<\/p>\n\n\n\n<p><strong>Fotos <\/strong>\u2013 Cl\u00f3vis Miranda \/ Semcom<\/p>\n\n\n\n<p>&nbsp;&nbsp;&nbsp;&nbsp;&nbsp;&nbsp;&nbsp;&nbsp;&nbsp;&nbsp; &nbsp;Jo\u00e3o Viana \/ Semcom<\/p>\n\n\n\n<p>&nbsp;&nbsp;&nbsp;&nbsp;&nbsp;&nbsp;&nbsp;&nbsp;&nbsp;&nbsp; &nbsp;Gildo Smith \/ Semacc&nbsp;&nbsp;&nbsp;&nbsp;&nbsp;&nbsp;&nbsp;<\/p>\n","protected":false},"excerpt":{"rendered":"","protected":false},"author":61,"featured_media":4233,"comment_status":"closed","ping_status":"closed","sticky":false,"template":"","format":"standard","meta":{"footnotes":""},"categories":[9],"tags":[142,11,1172,15],"acf":[],"yoast_head":"<!-- This site is optimized with the Yoast SEO plugin v23.0 - https:\/\/yoast.com\/wordpress\/plugins\/seo\/ -->\n<title>Prefeito inaugura mirante L\u00facia Almeida e largo de S\u00e3o Vicente<\/title>\n<meta name=\"description\" content=\"O prefeito de Manaus, David Almeida, inaugurou, nesta quinta-feira, 4\/4, duas grandes obras de reabilita\u00e7\u00e3o do centro hist\u00f3rico.\" \/>\n<meta name=\"robots\" content=\"noindex, follow\" \/>\n<meta property=\"og:locale\" content=\"pt_BR\" \/>\n<meta property=\"og:type\" content=\"article\" \/>\n<meta property=\"og:title\" content=\"Prefeito inaugura mirante L\u00facia Almeida e largo de S\u00e3o Vicente\" \/>\n<meta property=\"og:description\" content=\"O prefeito de Manaus, David Almeida, inaugurou, nesta quinta-feira, 4\/4, duas grandes obras de reabilita\u00e7\u00e3o do centro hist\u00f3rico.\" \/>\n<meta property=\"og:url\" content=\"https:\/\/www.manaus.am.gov.br\/implurb\/inaugura-mirante-largo\/\" \/>\n<meta property=\"og:site_name\" content=\"IMPLURB\" \/>\n<meta property=\"article:published_time\" content=\"2024-04-04T22:49:02+00:00\" \/>\n<meta property=\"og:image\" content=\"https:\/\/www.manaus.am.gov.br\/implurb\/wp-content\/uploads\/sites\/13\/2024\/04\/Inaugura-Mirante-1.jpg\" \/>\n\t<meta property=\"og:image:width\" content=\"799\" \/>\n\t<meta property=\"og:image:height\" content=\"533\" \/>\n\t<meta property=\"og:image:type\" content=\"image\/jpeg\" \/>\n<meta name=\"author\" content=\"smonteiro\" \/>\n<meta name=\"twitter:card\" content=\"summary_large_image\" \/>\n<meta name=\"twitter:label1\" content=\"Written by\" \/>\n\t<meta name=\"twitter:data1\" content=\"smonteiro\" \/>\n\t<meta name=\"twitter:label2\" content=\"Est. reading time\" \/>\n\t<meta name=\"twitter:data2\" content=\"7 minutos\" \/>\n<script type=\"application\/ld+json\" class=\"yoast-schema-graph\">{\"@context\":\"https:\/\/schema.org\",\"@graph\":[{\"@type\":\"WebPage\",\"@id\":\"https:\/\/www.manaus.am.gov.br\/implurb\/inaugura-mirante-largo\/\",\"url\":\"https:\/\/www.manaus.am.gov.br\/implurb\/inaugura-mirante-largo\/\",\"name\":\"Prefeito inaugura mirante L\u00facia Almeida e largo de S\u00e3o Vicente\",\"isPartOf\":{\"@id\":\"https:\/\/www.manaus.am.gov.br\/implurb\/#website\"},\"primaryImageOfPage\":{\"@id\":\"https:\/\/www.manaus.am.gov.br\/implurb\/inaugura-mirante-largo\/#primaryimage\"},\"image\":{\"@id\":\"https:\/\/www.manaus.am.gov.br\/implurb\/inaugura-mirante-largo\/#primaryimage\"},\"thumbnailUrl\":\"https:\/\/www.manaus.am.gov.br\/implurb\/wp-content\/uploads\/sites\/13\/2024\/04\/Inaugura-Mirante-1.jpg\",\"datePublished\":\"2024-04-04T22:49:02+00:00\",\"dateModified\":\"2024-04-04T22:49:02+00:00\",\"author\":{\"@id\":\"https:\/\/www.manaus.am.gov.br\/implurb\/#\/schema\/person\/ab4dcf766a54dff74e8d267f5c591961\"},\"description\":\"O prefeito de Manaus, David Almeida, inaugurou, nesta quinta-feira, 4\/4, duas grandes obras de reabilita\u00e7\u00e3o do centro hist\u00f3rico.\",\"breadcrumb\":{\"@id\":\"https:\/\/www.manaus.am.gov.br\/implurb\/inaugura-mirante-largo\/#breadcrumb\"},\"inLanguage\":\"pt-BR\",\"potentialAction\":[{\"@type\":\"ReadAction\",\"target\":[\"https:\/\/www.manaus.am.gov.br\/implurb\/inaugura-mirante-largo\/\"]}]},{\"@type\":\"ImageObject\",\"inLanguage\":\"pt-BR\",\"@id\":\"https:\/\/www.manaus.am.gov.br\/implurb\/inaugura-mirante-largo\/#primaryimage\",\"url\":\"https:\/\/www.manaus.am.gov.br\/implurb\/wp-content\/uploads\/sites\/13\/2024\/04\/Inaugura-Mirante-1.jpg\",\"contentUrl\":\"https:\/\/www.manaus.am.gov.br\/implurb\/wp-content\/uploads\/sites\/13\/2024\/04\/Inaugura-Mirante-1.jpg\",\"width\":799,\"height\":533,\"caption\":\"#paratodoverem - prefeito David Almeida cumprimenta a m\u00e3e de L\u00facia Almeida na inaugura\u00e7\u00e3o\"},{\"@type\":\"BreadcrumbList\",\"@id\":\"https:\/\/www.manaus.am.gov.br\/implurb\/inaugura-mirante-largo\/#breadcrumb\",\"itemListElement\":[{\"@type\":\"ListItem\",\"position\":1,\"name\":\"Home\",\"item\":\"https:\/\/www.manaus.am.gov.br\/implurb\/\"},{\"@type\":\"ListItem\",\"position\":2,\"name\":\"Prefeito inaugura mirante L\u00facia Almeida e largo de S\u00e3o Vicente, primeiras obras de reabilita\u00e7\u00e3o do centro hist\u00f3rico de Manaus\"}]},{\"@type\":\"WebSite\",\"@id\":\"https:\/\/www.manaus.am.gov.br\/implurb\/#website\",\"url\":\"https:\/\/www.manaus.am.gov.br\/implurb\/\",\"name\":\"IMPLURB\",\"description\":\"Prefeitura de Manaus\",\"potentialAction\":[{\"@type\":\"SearchAction\",\"target\":{\"@type\":\"EntryPoint\",\"urlTemplate\":\"https:\/\/www.manaus.am.gov.br\/implurb\/?s={search_term_string}\"},\"query-input\":\"required name=search_term_string\"}],\"inLanguage\":\"pt-BR\"},{\"@type\":\"Person\",\"@id\":\"https:\/\/www.manaus.am.gov.br\/implurb\/#\/schema\/person\/ab4dcf766a54dff74e8d267f5c591961\",\"name\":\"smonteiro\",\"image\":{\"@type\":\"ImageObject\",\"inLanguage\":\"pt-BR\",\"@id\":\"https:\/\/www.manaus.am.gov.br\/implurb\/#\/schema\/person\/image\/\",\"url\":\"https:\/\/secure.gravatar.com\/avatar\/21c8776ef61d9272c73322052e042d77?s=96&d=mm&r=g\",\"contentUrl\":\"https:\/\/secure.gravatar.com\/avatar\/21c8776ef61d9272c73322052e042d77?s=96&d=mm&r=g\",\"caption\":\"smonteiro\"}}]}<\/script>\n<!-- \/ Yoast SEO plugin. -->","yoast_head_json":{"title":"Prefeito inaugura mirante L\u00facia Almeida e largo de S\u00e3o Vicente","description":"O prefeito de Manaus, David Almeida, inaugurou, nesta quinta-feira, 4\/4, duas grandes obras de reabilita\u00e7\u00e3o do centro hist\u00f3rico.","robots":{"index":"noindex","follow":"follow"},"og_locale":"pt_BR","og_type":"article","og_title":"Prefeito inaugura mirante L\u00facia Almeida e largo de S\u00e3o Vicente","og_description":"O prefeito de Manaus, David Almeida, inaugurou, nesta quinta-feira, 4\/4, duas grandes obras de reabilita\u00e7\u00e3o do centro hist\u00f3rico.","og_url":"https:\/\/www.manaus.am.gov.br\/implurb\/inaugura-mirante-largo\/","og_site_name":"IMPLURB","article_published_time":"2024-04-04T22:49:02+00:00","og_image":[{"width":799,"height":533,"url":"https:\/\/www.manaus.am.gov.br\/implurb\/wp-content\/uploads\/sites\/13\/2024\/04\/Inaugura-Mirante-1.jpg","type":"image\/jpeg"}],"author":"smonteiro","twitter_card":"summary_large_image","twitter_misc":{"Written by":"smonteiro","Est. reading time":"7 minutos"},"schema":{"@context":"https:\/\/schema.org","@graph":[{"@type":"WebPage","@id":"https:\/\/www.manaus.am.gov.br\/implurb\/inaugura-mirante-largo\/","url":"https:\/\/www.manaus.am.gov.br\/implurb\/inaugura-mirante-largo\/","name":"Prefeito inaugura mirante L\u00facia Almeida e largo de S\u00e3o Vicente","isPartOf":{"@id":"https:\/\/www.manaus.am.gov.br\/implurb\/#website"},"primaryImageOfPage":{"@id":"https:\/\/www.manaus.am.gov.br\/implurb\/inaugura-mirante-largo\/#primaryimage"},"image":{"@id":"https:\/\/www.manaus.am.gov.br\/implurb\/inaugura-mirante-largo\/#primaryimage"},"thumbnailUrl":"https:\/\/www.manaus.am.gov.br\/implurb\/wp-content\/uploads\/sites\/13\/2024\/04\/Inaugura-Mirante-1.jpg","datePublished":"2024-04-04T22:49:02+00:00","dateModified":"2024-04-04T22:49:02+00:00","author":{"@id":"https:\/\/www.manaus.am.gov.br\/implurb\/#\/schema\/person\/ab4dcf766a54dff74e8d267f5c591961"},"description":"O prefeito de Manaus, David Almeida, inaugurou, nesta quinta-feira, 4\/4, duas grandes obras de reabilita\u00e7\u00e3o do centro hist\u00f3rico.","breadcrumb":{"@id":"https:\/\/www.manaus.am.gov.br\/implurb\/inaugura-mirante-largo\/#breadcrumb"},"inLanguage":"pt-BR","potentialAction":[{"@type":"ReadAction","target":["https:\/\/www.manaus.am.gov.br\/implurb\/inaugura-mirante-largo\/"]}]},{"@type":"ImageObject","inLanguage":"pt-BR","@id":"https:\/\/www.manaus.am.gov.br\/implurb\/inaugura-mirante-largo\/#primaryimage","url":"https:\/\/www.manaus.am.gov.br\/implurb\/wp-content\/uploads\/sites\/13\/2024\/04\/Inaugura-Mirante-1.jpg","contentUrl":"https:\/\/www.manaus.am.gov.br\/implurb\/wp-content\/uploads\/sites\/13\/2024\/04\/Inaugura-Mirante-1.jpg","width":799,"height":533,"caption":"#paratodoverem - prefeito David Almeida cumprimenta a m\u00e3e de L\u00facia Almeida na inaugura\u00e7\u00e3o"},{"@type":"BreadcrumbList","@id":"https:\/\/www.manaus.am.gov.br\/implurb\/inaugura-mirante-largo\/#breadcrumb","itemListElement":[{"@type":"ListItem","position":1,"name":"Home","item":"https:\/\/www.manaus.am.gov.br\/implurb\/"},{"@type":"ListItem","position":2,"name":"Prefeito inaugura mirante L\u00facia Almeida e largo de S\u00e3o Vicente, primeiras obras de reabilita\u00e7\u00e3o do centro hist\u00f3rico de Manaus"}]},{"@type":"WebSite","@id":"https:\/\/www.manaus.am.gov.br\/implurb\/#website","url":"https:\/\/www.manaus.am.gov.br\/implurb\/","name":"IMPLURB","description":"Prefeitura de Manaus","potentialAction":[{"@type":"SearchAction","target":{"@type":"EntryPoint","urlTemplate":"https:\/\/www.manaus.am.gov.br\/implurb\/?s={search_term_string}"},"query-input":"required name=search_term_string"}],"inLanguage":"pt-BR"},{"@type":"Person","@id":"https:\/\/www.manaus.am.gov.br\/implurb\/#\/schema\/person\/ab4dcf766a54dff74e8d267f5c591961","name":"smonteiro","image":{"@type":"ImageObject","inLanguage":"pt-BR","@id":"https:\/\/www.manaus.am.gov.br\/implurb\/#\/schema\/person\/image\/","url":"https:\/\/secure.gravatar.com\/avatar\/21c8776ef61d9272c73322052e042d77?s=96&d=mm&r=g","contentUrl":"https:\/\/secure.gravatar.com\/avatar\/21c8776ef61d9272c73322052e042d77?s=96&d=mm&r=g","caption":"smonteiro"}}]}},"_links":{"self":[{"href":"https:\/\/www.manaus.am.gov.br\/implurb\/wp-json\/wp\/v2\/posts\/4232"}],"collection":[{"href":"https:\/\/www.manaus.am.gov.br\/implurb\/wp-json\/wp\/v2\/posts"}],"about":[{"href":"https:\/\/www.manaus.am.gov.br\/implurb\/wp-json\/wp\/v2\/types\/post"}],"author":[{"embeddable":true,"href":"https:\/\/www.manaus.am.gov.br\/implurb\/wp-json\/wp\/v2\/users\/61"}],"replies":[{"embeddable":true,"href":"https:\/\/www.manaus.am.gov.br\/implurb\/wp-json\/wp\/v2\/comments?post=4232"}],"version-history":[{"count":1,"href":"https:\/\/www.manaus.am.gov.br\/implurb\/wp-json\/wp\/v2\/posts\/4232\/revisions"}],"predecessor-version":[{"id":4240,"href":"https:\/\/www.manaus.am.gov.br\/implurb\/wp-json\/wp\/v2\/posts\/4232\/revisions\/4240"}],"wp:featuredmedia":[{"embeddable":true,"href":"https:\/\/www.manaus.am.gov.br\/implurb\/wp-json\/wp\/v2\/media\/4233"}],"wp:attachment":[{"href":"https:\/\/www.manaus.am.gov.br\/implurb\/wp-json\/wp\/v2\/media?parent=4232"}],"wp:term":[{"taxonomy":"category","embeddable":true,"href":"https:\/\/www.manaus.am.gov.br\/implurb\/wp-json\/wp\/v2\/categories?post=4232"},{"taxonomy":"post_tag","embeddable":true,"href":"https:\/\/www.manaus.am.gov.br\/implurb\/wp-json\/wp\/v2\/tags?post=4232"}],"curies":[{"name":"wp","href":"https:\/\/api.w.org\/{rel}","templated":true}]}}