{"id":4107,"date":"2024-03-18T16:59:50","date_gmt":"2024-03-18T20:59:50","guid":{"rendered":"https:\/\/www.manaus.am.gov.br\/implurb\/obras-nosso-centro-tem-acessibilidade-integrada\/"},"modified":"2024-03-18T17:03:30","modified_gmt":"2024-03-18T21:03:30","slug":"obras-nosso-centro-tem-acessibilidade-integrada","status":"publish","type":"post","link":"https:\/\/www.manaus.am.gov.br\/implurb\/obras-nosso-centro-tem-acessibilidade-integrada\/","title":{"rendered":"Obras da prefeitura do \u2018Nosso Centro\u2019 t\u00eam acessibilidade integrada desde rampas at\u00e9 elevadores"},"content":{"rendered":"\n<p>As obras da primeira fase do programa \u201cNosso Centro\u201d, da Prefeitura de Manaus, foram projetadas para atender uma ampla variedade de p\u00fablicos, visitantes e residentes de todas as faixas et\u00e1rias, al\u00e9m de turistas.&nbsp;Flexibilidade e acessibilidade s\u00e3o dois outros destaques pensados para o novo espa\u00e7o p\u00fablico criado pela prefeitura, no in\u00edcio da avenida 7 de Setembro, promovendo a democratiza\u00e7\u00e3o tanto da arquitetura&nbsp;quanto do acesso a Pessoas com Defici\u00eancia (PcDs).<\/p>\n\n\n\n<p>As obras somam 11 rampas de acessibilidade, sendo tr\u00eas distribu\u00eddas no acesso ao mirante L\u00facia Almeida, sete no largo de S\u00e3o Vicente e uma no casar\u00e3o Thiago de Mello. O mirante conta, ainda, com dois elevadores, que podem ser usados pelos PcDs e Pessoas com Mobilidade Reduzida (PMRs) e o casar\u00e3o tem uma plataforma exclusiva para PcDs.<\/p>\n\n\n\n<p>O projeto arquitet\u00f4nico \u00e9 do Instituto Municipal de Planejamento Urbano (Implurb) e os&nbsp;recursos investidos s\u00e3o do Tesouro municipal.<\/p>\n\n\n\n<p>No Brasil, de acordo com o IBGE (2022), 18,6 milh\u00f5es de pessoas ou 8,9% da popula\u00e7\u00e3o \u00e9 composta por pessoas que possuem algum tipo de defici\u00eancia. E, nas obras da prefeitura, o projeto contemplou a cria\u00e7\u00e3o de espa\u00e7os p\u00fablicos e ruas que sejam amplas, acess\u00edveis e\u00a0com foco na mobilidade a p\u00e9 e por bicicleta, oferecendo mais seguran\u00e7a e conforto para todas as pessoas.<\/p>\n\n\n\n<figure class=\"wp-block-image size-large\"><img decoding=\"async\" src=\"https:\/\/www.manaus.am.gov.br\/implurb\/wp-content\/uploads\/sites\/13\/2024\/03\/53596173416_58e38eebd5_k-1024x683.jpg\" alt=\"\" class=\"wp-image-4109\" \/><\/figure>\n\n\n\n<p>\u201cO projeto e a obra foram pensados para serem espa\u00e7os inclusivos, desde o estacionamento, com vagas exclusivas para PcDs e idosos. Na mobilidade, estamos atendendo pessoas com mobilidade reduzida, os idosos, gr\u00e1vidas, obesos, os que est\u00e3o com a mobilidade reduzida temporariamente. Tem um conjunto de dispositivos, que v\u00e3o desde as rampas at\u00e9 o piso podot\u00e1til, para atender as pessoas com defici\u00eancia visual, para facilitar o acesso a todos os espa\u00e7os, internos ou externos, e em todos os pavimentos. A ideia \u00e9 ampliar ao m\u00e1ximo a circula\u00e7\u00e3o de todas as pessoas\u201d, explicou o diretor de Planejamento Urbano do Implurb, arquiteto e urbanista Pedro Paulo Cordeiro.<\/p>\n\n\n\n<p>Os conjuntos de banheiros do complexo tamb\u00e9m foram pensados para atender a todos com conforto e acessibilidade, tendo espec\u00edficos para PcDs e para fam\u00edlias, incluindo servi\u00e7o para pessoas com crian\u00e7as pequenas, em todos os andares do mirante. \u201cEstamos falando da circula\u00e7\u00e3o vertical, do piso podot\u00e1til, das rampas, as vagas exclusivas. O pr\u00f3prio casar\u00e3o Thiago de Mello tamb\u00e9m tem tanto um uma plataforma exclusiva para PcDs e PMRs quanto os pr\u00f3prios banheiros s\u00e3o acess\u00edveis. Ent\u00e3o, isso torna o espa\u00e7o muito mais interessante e muito mais inclusivo. E logicamente todos est\u00e3o conforme a NBR 9050, que rege dispositivos e equipamentos referente a acessibilidade\u201d, explicou o arquiteto.<\/p>\n\n\n\n<p>O piso podot\u00e1til na \u00e1rea externa \u00e9 feito de concreto, sendo um material bastante resistente, e na \u00e1rea interna \u00e9 de borracha. O piso tem os tipos direcional e de alerta, sendo o primeiro respons\u00e1vel por direcionar as pessoas e, o segundo, por alert\u00e1-las sobre poss\u00edveis obst\u00e1culos presentes no trajeto.<\/p>\n\n\n\n<figure class=\"wp-block-image size-large\"><img decoding=\"async\" src=\"https:\/\/www.manaus.am.gov.br\/implurb\/wp-content\/uploads\/sites\/13\/2024\/03\/53596625380_ffc5beaa9c_k-1024x778.jpg\" alt=\"\" class=\"wp-image-4108\" \/><\/figure>\n\n\n\n<p><strong>Constru\u00e7\u00e3o<\/strong><\/p>\n\n\n\n<p>O mirante tem quase 5 mil metros quadrados de \u00e1rea constru\u00edda e 58 metros de comprimento,&nbsp;fazendo parte de um conjunto de mais tr\u00eas interven\u00e7\u00f5es: largo de S\u00e3o Vicente, casar\u00e3o Thiago de Mello e p\u00eder tur\u00edstico.<\/p>\n\n\n\n<p>\u201cToda essa estrutura que estamos construindo vai oferecer vistas panor\u00e2micas do rio e da floresta, um ponto, no centro da cidade, para contemplar o p\u00f4r do sol, entre outros atrativos\u201d, disse o prefeito David Almeida. O complexo de obras que ser\u00e3o inauguradas, a partir de abril, est\u00e3o no conjunto de grandes entregas que a prefeitura far\u00e1 para a cidade.<\/p>\n\n\n\n<p>E s\u00e3o obras que os moradores e visitantes poder\u00e3o apreciar e incluir na agenda, al\u00e9m de somarem ao resgate econ\u00f4mico da \u00e1rea, envolvendo a\u00e7\u00f5es de economia, turismo, hist\u00f3ria, empreendedorismo, cultura, arte e habita\u00e7\u00e3o.<\/p>\n\n\n\n<p>\u201cO prefeito David Almeida tem muito orgulho de estar aportando recursos nesta grande mudan\u00e7a sobre a import\u00e2ncia do Centro de Manaus\u201d, completou o diretor-presidente do Implurb, Carlos Valente.<\/p>\n\n\n\n<p><strong>\u201cNosso Centro\u201d<\/strong><\/p>\n\n\n\n<p>Com mais de 95% de obras conclu\u00eddas, o pr\u00e9dio est\u00e1 na fase de finaliza\u00e7\u00e3o de servi\u00e7os, acabamentos e ajustes t\u00e9cnicos, al\u00e9m de testes de ilumina\u00e7\u00e3o. O pr\u00e9dio j\u00e1 recebe pintura art\u00edstica em grandes murais centrais e tamb\u00e9m vai ganhar paisagismo. No entorno, oper\u00e1rios trabalham na coloca\u00e7\u00e3o de paver na rua e de pedra S\u00e3o Thom\u00e9, no t\u00e9rreo.<\/p>\n\n\n\n<p>Essa \u00e9 a primeira etapa de obras do programa \u201cNosso Centro\u201d, lan\u00e7ado pela gest\u00e3o David Almeida em 2021 e que, desde ent\u00e3o, vem reabilitando o centro hist\u00f3rico da capital em v\u00e1rias frentes e integrando diversas secretarias e \u00f3rg\u00e3os.<\/p>\n\n\n\n<p><strong>&#8212; &#8212; &#8212;<\/strong><\/p>\n\n\n\n<p><strong>Texto \u2013&nbsp;<\/strong>Claudia do Valle \/ Implurb<\/p>\n\n\n\n<p><strong>Fotos \u2013&nbsp;<\/strong>Phil Limma \/ Semcom<\/p>\n\n\n\n<p><strong>Dispon\u00edveis em &#8211; <\/strong><a href=\"https:\/\/flic.kr\/s\/aHBqjBhXto\">https:\/\/flic.kr\/s\/aHBqjBhXto<\/a><\/p>\n","protected":false},"excerpt":{"rendered":"","protected":false},"author":39,"featured_media":4110,"comment_status":"closed","ping_status":"closed","sticky":false,"template":"","format":"standard","meta":{"footnotes":""},"categories":[1425],"tags":[1426,11,1427,15,1428],"acf":[],"yoast_head":"<!-- This site is optimized with the Yoast SEO plugin v23.0 - https:\/\/yoast.com\/wordpress\/plugins\/seo\/ -->\n<title>Obras da prefeitura do \u2018Nosso Centro\u2019 t\u00eam acessibilidade integrada<\/title>\n<meta name=\"description\" content=\"Obras da Prefeitura de Manaus do \u2018Nosso Centro\u2019 t\u00eam acessibilidade integrada desde rampas at\u00e9 elevadores projetadas para atender o p\u00fablico.\" \/>\n<meta name=\"robots\" content=\"noindex, follow\" \/>\n<meta property=\"og:locale\" content=\"pt_BR\" \/>\n<meta property=\"og:type\" content=\"article\" \/>\n<meta property=\"og:title\" content=\"Obras da prefeitura do \u2018Nosso Centro\u2019 t\u00eam acessibilidade integrada\" \/>\n<meta property=\"og:description\" content=\"Obras da Prefeitura de Manaus do \u2018Nosso Centro\u2019 t\u00eam acessibilidade integrada desde rampas at\u00e9 elevadores projetadas para atender o p\u00fablico.\" \/>\n<meta property=\"og:url\" content=\"https:\/\/www.manaus.am.gov.br\/implurb\/obras-nosso-centro-tem-acessibilidade-integrada\/\" \/>\n<meta property=\"og:site_name\" content=\"IMPLURB\" \/>\n<meta property=\"article:published_time\" content=\"2024-03-18T20:59:50+00:00\" \/>\n<meta property=\"article:modified_time\" content=\"2024-03-18T21:03:30+00:00\" \/>\n<meta property=\"og:image\" content=\"https:\/\/www.manaus.am.gov.br\/implurb\/wp-content\/uploads\/sites\/13\/2024\/03\/53596494069_b533b8abc2_k.jpg\" \/>\n\t<meta property=\"og:image:width\" content=\"2047\" \/>\n\t<meta property=\"og:image:height\" content=\"1365\" \/>\n\t<meta property=\"og:image:type\" content=\"image\/jpeg\" \/>\n<meta name=\"author\" content=\"Bruna Greco\" \/>\n<meta name=\"twitter:card\" content=\"summary_large_image\" \/>\n<meta name=\"twitter:label1\" content=\"Written by\" \/>\n\t<meta name=\"twitter:data1\" content=\"Bruna Greco\" \/>\n\t<meta name=\"twitter:label2\" content=\"Est. reading time\" \/>\n\t<meta name=\"twitter:data2\" content=\"5 minutos\" \/>\n<script type=\"application\/ld+json\" class=\"yoast-schema-graph\">{\"@context\":\"https:\/\/schema.org\",\"@graph\":[{\"@type\":\"WebPage\",\"@id\":\"https:\/\/www.manaus.am.gov.br\/implurb\/obras-nosso-centro-tem-acessibilidade-integrada\/\",\"url\":\"https:\/\/www.manaus.am.gov.br\/implurb\/obras-nosso-centro-tem-acessibilidade-integrada\/\",\"name\":\"Obras da prefeitura do \u2018Nosso Centro\u2019 t\u00eam acessibilidade integrada\",\"isPartOf\":{\"@id\":\"https:\/\/www.manaus.am.gov.br\/implurb\/#website\"},\"primaryImageOfPage\":{\"@id\":\"https:\/\/www.manaus.am.gov.br\/implurb\/obras-nosso-centro-tem-acessibilidade-integrada\/#primaryimage\"},\"image\":{\"@id\":\"https:\/\/www.manaus.am.gov.br\/implurb\/obras-nosso-centro-tem-acessibilidade-integrada\/#primaryimage\"},\"thumbnailUrl\":\"https:\/\/www.manaus.am.gov.br\/implurb\/wp-content\/uploads\/sites\/13\/2024\/03\/53596494069_b533b8abc2_k.jpg\",\"datePublished\":\"2024-03-18T20:59:50+00:00\",\"dateModified\":\"2024-03-18T21:03:30+00:00\",\"author\":{\"@id\":\"https:\/\/www.manaus.am.gov.br\/implurb\/#\/schema\/person\/05d223aea2bf115f9883a6ff3683d81b\"},\"description\":\"Obras da Prefeitura de Manaus do \u2018Nosso Centro\u2019 t\u00eam acessibilidade integrada desde rampas at\u00e9 elevadores projetadas para atender o p\u00fablico.\",\"breadcrumb\":{\"@id\":\"https:\/\/www.manaus.am.gov.br\/implurb\/obras-nosso-centro-tem-acessibilidade-integrada\/#breadcrumb\"},\"inLanguage\":\"pt-BR\",\"potentialAction\":[{\"@type\":\"ReadAction\",\"target\":[\"https:\/\/www.manaus.am.gov.br\/implurb\/obras-nosso-centro-tem-acessibilidade-integrada\/\"]}]},{\"@type\":\"ImageObject\",\"inLanguage\":\"pt-BR\",\"@id\":\"https:\/\/www.manaus.am.gov.br\/implurb\/obras-nosso-centro-tem-acessibilidade-integrada\/#primaryimage\",\"url\":\"https:\/\/www.manaus.am.gov.br\/implurb\/wp-content\/uploads\/sites\/13\/2024\/03\/53596494069_b533b8abc2_k.jpg\",\"contentUrl\":\"https:\/\/www.manaus.am.gov.br\/implurb\/wp-content\/uploads\/sites\/13\/2024\/03\/53596494069_b533b8abc2_k.jpg\",\"width\":2047,\"height\":1365,\"caption\":\"#paratodosverem - Faixa de pedestre implantada no novo espa\u00e7o p\u00fablico da prefeitura, o mirante L\u00facia Almeida\"},{\"@type\":\"BreadcrumbList\",\"@id\":\"https:\/\/www.manaus.am.gov.br\/implurb\/obras-nosso-centro-tem-acessibilidade-integrada\/#breadcrumb\",\"itemListElement\":[{\"@type\":\"ListItem\",\"position\":1,\"name\":\"Home\",\"item\":\"https:\/\/www.manaus.am.gov.br\/implurb\/\"},{\"@type\":\"ListItem\",\"position\":2,\"name\":\"Obras da prefeitura do \u2018Nosso Centro\u2019 t\u00eam acessibilidade integrada desde rampas at\u00e9 elevadores\"}]},{\"@type\":\"WebSite\",\"@id\":\"https:\/\/www.manaus.am.gov.br\/implurb\/#website\",\"url\":\"https:\/\/www.manaus.am.gov.br\/implurb\/\",\"name\":\"IMPLURB\",\"description\":\"Prefeitura de Manaus\",\"potentialAction\":[{\"@type\":\"SearchAction\",\"target\":{\"@type\":\"EntryPoint\",\"urlTemplate\":\"https:\/\/www.manaus.am.gov.br\/implurb\/?s={search_term_string}\"},\"query-input\":\"required name=search_term_string\"}],\"inLanguage\":\"pt-BR\"},{\"@type\":\"Person\",\"@id\":\"https:\/\/www.manaus.am.gov.br\/implurb\/#\/schema\/person\/05d223aea2bf115f9883a6ff3683d81b\",\"name\":\"Bruna Greco\",\"image\":{\"@type\":\"ImageObject\",\"inLanguage\":\"pt-BR\",\"@id\":\"https:\/\/www.manaus.am.gov.br\/implurb\/#\/schema\/person\/image\/\",\"url\":\"https:\/\/secure.gravatar.com\/avatar\/9c877d1a6adc2a055330e5c09a8653ce?s=96&d=mm&r=g\",\"contentUrl\":\"https:\/\/secure.gravatar.com\/avatar\/9c877d1a6adc2a055330e5c09a8653ce?s=96&d=mm&r=g\",\"caption\":\"Bruna Greco\"}}]}<\/script>\n<!-- \/ Yoast SEO plugin. -->","yoast_head_json":{"title":"Obras da prefeitura do \u2018Nosso Centro\u2019 t\u00eam acessibilidade integrada","description":"Obras da Prefeitura de Manaus do \u2018Nosso Centro\u2019 t\u00eam acessibilidade integrada desde rampas at\u00e9 elevadores projetadas para atender o p\u00fablico.","robots":{"index":"noindex","follow":"follow"},"og_locale":"pt_BR","og_type":"article","og_title":"Obras da prefeitura do \u2018Nosso Centro\u2019 t\u00eam acessibilidade integrada","og_description":"Obras da Prefeitura de Manaus do \u2018Nosso Centro\u2019 t\u00eam acessibilidade integrada desde rampas at\u00e9 elevadores projetadas para atender o p\u00fablico.","og_url":"https:\/\/www.manaus.am.gov.br\/implurb\/obras-nosso-centro-tem-acessibilidade-integrada\/","og_site_name":"IMPLURB","article_published_time":"2024-03-18T20:59:50+00:00","article_modified_time":"2024-03-18T21:03:30+00:00","og_image":[{"width":2047,"height":1365,"url":"https:\/\/www.manaus.am.gov.br\/implurb\/wp-content\/uploads\/sites\/13\/2024\/03\/53596494069_b533b8abc2_k.jpg","type":"image\/jpeg"}],"author":"Bruna Greco","twitter_card":"summary_large_image","twitter_misc":{"Written by":"Bruna Greco","Est. reading time":"5 minutos"},"schema":{"@context":"https:\/\/schema.org","@graph":[{"@type":"WebPage","@id":"https:\/\/www.manaus.am.gov.br\/implurb\/obras-nosso-centro-tem-acessibilidade-integrada\/","url":"https:\/\/www.manaus.am.gov.br\/implurb\/obras-nosso-centro-tem-acessibilidade-integrada\/","name":"Obras da prefeitura do \u2018Nosso Centro\u2019 t\u00eam acessibilidade integrada","isPartOf":{"@id":"https:\/\/www.manaus.am.gov.br\/implurb\/#website"},"primaryImageOfPage":{"@id":"https:\/\/www.manaus.am.gov.br\/implurb\/obras-nosso-centro-tem-acessibilidade-integrada\/#primaryimage"},"image":{"@id":"https:\/\/www.manaus.am.gov.br\/implurb\/obras-nosso-centro-tem-acessibilidade-integrada\/#primaryimage"},"thumbnailUrl":"https:\/\/www.manaus.am.gov.br\/implurb\/wp-content\/uploads\/sites\/13\/2024\/03\/53596494069_b533b8abc2_k.jpg","datePublished":"2024-03-18T20:59:50+00:00","dateModified":"2024-03-18T21:03:30+00:00","author":{"@id":"https:\/\/www.manaus.am.gov.br\/implurb\/#\/schema\/person\/05d223aea2bf115f9883a6ff3683d81b"},"description":"Obras da Prefeitura de Manaus do \u2018Nosso Centro\u2019 t\u00eam acessibilidade integrada desde rampas at\u00e9 elevadores projetadas para atender o p\u00fablico.","breadcrumb":{"@id":"https:\/\/www.manaus.am.gov.br\/implurb\/obras-nosso-centro-tem-acessibilidade-integrada\/#breadcrumb"},"inLanguage":"pt-BR","potentialAction":[{"@type":"ReadAction","target":["https:\/\/www.manaus.am.gov.br\/implurb\/obras-nosso-centro-tem-acessibilidade-integrada\/"]}]},{"@type":"ImageObject","inLanguage":"pt-BR","@id":"https:\/\/www.manaus.am.gov.br\/implurb\/obras-nosso-centro-tem-acessibilidade-integrada\/#primaryimage","url":"https:\/\/www.manaus.am.gov.br\/implurb\/wp-content\/uploads\/sites\/13\/2024\/03\/53596494069_b533b8abc2_k.jpg","contentUrl":"https:\/\/www.manaus.am.gov.br\/implurb\/wp-content\/uploads\/sites\/13\/2024\/03\/53596494069_b533b8abc2_k.jpg","width":2047,"height":1365,"caption":"#paratodosverem - Faixa de pedestre implantada no novo espa\u00e7o p\u00fablico da prefeitura, o mirante L\u00facia Almeida"},{"@type":"BreadcrumbList","@id":"https:\/\/www.manaus.am.gov.br\/implurb\/obras-nosso-centro-tem-acessibilidade-integrada\/#breadcrumb","itemListElement":[{"@type":"ListItem","position":1,"name":"Home","item":"https:\/\/www.manaus.am.gov.br\/implurb\/"},{"@type":"ListItem","position":2,"name":"Obras da prefeitura do \u2018Nosso Centro\u2019 t\u00eam acessibilidade integrada desde rampas at\u00e9 elevadores"}]},{"@type":"WebSite","@id":"https:\/\/www.manaus.am.gov.br\/implurb\/#website","url":"https:\/\/www.manaus.am.gov.br\/implurb\/","name":"IMPLURB","description":"Prefeitura de Manaus","potentialAction":[{"@type":"SearchAction","target":{"@type":"EntryPoint","urlTemplate":"https:\/\/www.manaus.am.gov.br\/implurb\/?s={search_term_string}"},"query-input":"required name=search_term_string"}],"inLanguage":"pt-BR"},{"@type":"Person","@id":"https:\/\/www.manaus.am.gov.br\/implurb\/#\/schema\/person\/05d223aea2bf115f9883a6ff3683d81b","name":"Bruna Greco","image":{"@type":"ImageObject","inLanguage":"pt-BR","@id":"https:\/\/www.manaus.am.gov.br\/implurb\/#\/schema\/person\/image\/","url":"https:\/\/secure.gravatar.com\/avatar\/9c877d1a6adc2a055330e5c09a8653ce?s=96&d=mm&r=g","contentUrl":"https:\/\/secure.gravatar.com\/avatar\/9c877d1a6adc2a055330e5c09a8653ce?s=96&d=mm&r=g","caption":"Bruna Greco"}}]}},"_links":{"self":[{"href":"https:\/\/www.manaus.am.gov.br\/implurb\/wp-json\/wp\/v2\/posts\/4107"}],"collection":[{"href":"https:\/\/www.manaus.am.gov.br\/implurb\/wp-json\/wp\/v2\/posts"}],"about":[{"href":"https:\/\/www.manaus.am.gov.br\/implurb\/wp-json\/wp\/v2\/types\/post"}],"author":[{"embeddable":true,"href":"https:\/\/www.manaus.am.gov.br\/implurb\/wp-json\/wp\/v2\/users\/39"}],"replies":[{"embeddable":true,"href":"https:\/\/www.manaus.am.gov.br\/implurb\/wp-json\/wp\/v2\/comments?post=4107"}],"version-history":[{"count":3,"href":"https:\/\/www.manaus.am.gov.br\/implurb\/wp-json\/wp\/v2\/posts\/4107\/revisions"}],"predecessor-version":[{"id":4113,"href":"https:\/\/www.manaus.am.gov.br\/implurb\/wp-json\/wp\/v2\/posts\/4107\/revisions\/4113"}],"wp:featuredmedia":[{"embeddable":true,"href":"https:\/\/www.manaus.am.gov.br\/implurb\/wp-json\/wp\/v2\/media\/4110"}],"wp:attachment":[{"href":"https:\/\/www.manaus.am.gov.br\/implurb\/wp-json\/wp\/v2\/media?parent=4107"}],"wp:term":[{"taxonomy":"category","embeddable":true,"href":"https:\/\/www.manaus.am.gov.br\/implurb\/wp-json\/wp\/v2\/categories?post=4107"},{"taxonomy":"post_tag","embeddable":true,"href":"https:\/\/www.manaus.am.gov.br\/implurb\/wp-json\/wp\/v2\/tags?post=4107"}],"curies":[{"name":"wp","href":"https:\/\/api.w.org\/{rel}","templated":true}]}}