{"id":4101,"date":"2024-03-17T11:49:20","date_gmt":"2024-03-17T15:49:20","guid":{"rendered":"https:\/\/www.manaus.am.gov.br\/implurb\/distanciamento-embarcacoes-ponta-negra\/"},"modified":"2024-03-17T11:49:20","modified_gmt":"2024-03-17T15:49:20","slug":"distanciamento-embarcacoes-ponta-negra","status":"publish","type":"post","link":"https:\/\/www.manaus.am.gov.br\/implurb\/distanciamento-embarcacoes-ponta-negra\/","title":{"rendered":"Prefeitura alerta para seguran\u00e7a no distanciamento de embarca\u00e7\u00f5es na praia da\u00a0Ponta\u00a0Negra"},"content":{"rendered":"\n<p>A Prefeitura de Manaus, por meio do Instituto Municipal de Planejamento Urbano (Implirb), refor\u00e7a os alertas de seguran\u00e7a \u00e0 popula\u00e7\u00e3o e \u00e0 salvaguarda da vida, reafirmando os protocolos e medidas do uso correto da praia do complexo tur\u00edstico Ponta Negra, zona Oeste, com o distanciamento de embarca\u00e7\u00f5es, como barcos, lanchas e jet ski, que deve ser de 200 metros.<\/p>\n\n\n\n<p>A Capitania dos Portos foi acionada, na manh\u00e3 deste domingo, 17\/3, em raz\u00e3o de uma embarca\u00e7\u00e3o do tipo recreio ter sido localizada atracada na praia, nas proximidades de um hotel \u00e0s margens do rio.<\/p>\n\n\n\n<p>Situa\u00e7\u00f5es de risco s\u00e3o verificadas e acompanhadas pela comiss\u00e3o que atua na gest\u00e3o do parque, fazendo inclusive o acionamento da Marinha do Brasil. N\u00e3o \u00e9 permitido fazer atraca\u00e7\u00e3o de embarca\u00e7\u00f5es na faixa de areia do balne\u00e1rio.<\/p>\n\n\n\n<p>&#8220;Todos que usam barcos e jet ski nas proximidades da Ponta Negra devem manter uma dist\u00e2ncia determinada e evitar colocar os banhistas e a si pr\u00f3prios em qualquer situa\u00e7\u00e3o de risco. Nossa maior preocupa\u00e7\u00e3o \u00e9 a seguran\u00e7a de todos que frequentam o complexo e a praia. E quando necess\u00e1rio sempre acionamos a capitania e a Marinha&#8221;, disse o subcoordenador da comiss\u00e3o do parque, Alberto Maciel.<\/p>\n\n\n<div class=\"wp-block-image\">\n<figure class=\"aligncenter size-large\"><img decoding=\"async\" src=\"https:\/\/www.manaus.am.gov.br\/implurb\/wp-content\/uploads\/sites\/13\/2024\/03\/barcos-1024x683.jpg\" alt=\"\" class=\"wp-image-4102\" \/><figcaption class=\"wp-element-caption\">#paratodosverem embarca\u00e7\u00f5es devem permanecer a 200 metros da praia<\/figcaption><\/figure><\/div>\n\n\n<p><strong>Den\u00fancias<\/strong><\/p>\n\n\n\n<p>Para informa\u00e7\u00f5es, den\u00fancias ou orienta\u00e7\u00f5es, a Capitania Fluvial da Amaz\u00f4nia Ocidental coloca \u00e0 disposi\u00e7\u00e3o da popula\u00e7\u00e3o os n\u00fameros (92) 99302-5040, que tamb\u00e9m funciona como WhatsApp, e 185 (Marinha &#8211; Emerg\u00eancias Mar\u00edtimas\/Fluviais).<\/p>\n\n\n\n<p>As inspe\u00e7\u00f5es ocorrem, principalmente, na regi\u00e3o do Tarum\u00e3 e nos principais pontos tur\u00edsticos como Ponta Negra, praia da Lua, praia do Tup\u00e9, praia Dourada e Prainha.<\/p>\n\n\n\n<p>Al\u00e9m das atividades de fiscaliza\u00e7\u00e3o, os militares conscientizam e orientam os motonautas e embarca\u00e7\u00f5es quanto ao cuidado com os banhistas, mantendo a dist\u00e2ncia de 200 metros das praias, conforme as Normas da Autoridade Mar\u00edtima (Normam 03 e 07 \/DPC) e a obrigatoriedade do uso do colete salva-vidas (Normam 03 e 05\/DPC).<\/p>\n\n\n\n<p>Durante as fiscaliza\u00e7\u00f5es, s\u00e3o verificados aspectos como documenta\u00e7\u00e3o da embarca\u00e7\u00e3o, dos condutores e da tripula\u00e7\u00e3o, material de salvatagem (coletes, b\u00f3ias, extintores de inc\u00eandio, entre outros), al\u00e9m do limite da lota\u00e7\u00e3o da embarca\u00e7\u00e3o. Nas abordagens, rotineiramente os inspetores navais ressaltam a import\u00e2ncia do uso de equipamentos de seguran\u00e7a necess\u00e1rios para uma navega\u00e7\u00e3o segura, como o colete salva-vidas.<\/p>\n\n\n\n<p><strong>Proibi\u00e7\u00f5es<\/strong><\/p>\n\n\n\n<p>A coordena\u00e7\u00e3o do complexo tur\u00edstico Ponta Negra alerta para a seguran\u00e7a e o bom uso do espa\u00e7o, lembrando os itens proibidos no parque para os frequentadores atenderem as normas de conviv\u00eancia no espa\u00e7o p\u00fablico.<\/p>\n\n\n\n<p>Garrafas de vidro s\u00e3o proibidas na praia por quest\u00f5es de seguran\u00e7a, por serem perfurocortantes. Em m\u00e9dia, a comiss\u00e3o que atua na gest\u00e3o do complexo tem feito a apreens\u00e3o e recolhido entre 150 e 180 garrafas por semana. Os permission\u00e1rios que trabalham no complexo s\u00e3o proibidos, por contrato, de vender bebidas engarrafadas em vidro.<\/p>\n\n\n\n<p>A orienta\u00e7\u00e3o \u00e9 que o p\u00fablico frequentador n\u00e3o leve para o espa\u00e7o, garrafas e objetos de vidro, perfurocortantes ou similares, sob pena de apreens\u00e3o dos mesmos.<\/p>\n\n\n\n<p>A indica\u00e7\u00e3o \u00e9 que fa\u00e7am uso de garrafas pl\u00e1sticas para transportar bebidas. A comiss\u00e3o que coordena a gest\u00e3o do parque faz diversas abordagens orientando e apreendendo os objetos proibidos. O trabalho \u00e9 feito como orienta\u00e7\u00e3o e informa\u00e7\u00e3o, e as medidas de preven\u00e7\u00e3o devem ser individuais, com a colabora\u00e7\u00e3o da popula\u00e7\u00e3o.<\/p>\n\n\n\n<p>Na praia e no balne\u00e1rio tamb\u00e9m n\u00e3o \u00e9 permitido fazer churrasco ou fogueiras. \u201cSolicitamos ainda que pessoas com seus c\u00e3es de estima\u00e7\u00e3o n\u00e3o entrem no rio com os animais. O espa\u00e7o \u00e9 p\u00fablico e muitos frequentadores ficam incomodados em tomar banho com cachorros ao lado. A seguran\u00e7a e o bem-estar de todos s\u00e3o nossas maiores preocupa\u00e7\u00f5es\u201d, afirmou o coordenador da comiss\u00e3o do parque, Alberto Maciel.<\/p>\n\n\n\n<p><strong>Acesso<\/strong><\/p>\n\n\n\n<p>O acesso \u00e0 praia do complexo \u00e9 permitido de segunda a domingo, at\u00e9 as 17h. A Prefeitura de Manaus ressalta que \u00e9 importante respeitar as normas de uso do espa\u00e7o e n\u00e3o ultrapassar o cord\u00e3o de isolamento na \u00e1gua, colocado pela equipe de salva-vidas do Corpo de Bombeiros, que indica a \u00e1rea de seguran\u00e7a dos banhistas no rio. N\u00e3o apenas os frequentadores devem respeitar as marca\u00e7\u00f5es, mantendo sua seguran\u00e7a, mas tamb\u00e9m os propriet\u00e1rios de embarca\u00e7\u00f5es.<\/p>\n\n\n\n<p>Agentes de seguran\u00e7a, como Guarda Municipal e Pol\u00edcia Militar, atuam para retirada de quem insiste em desrespeitar o uso correto no balne\u00e1rio.<\/p>\n\n\n\n<p>Al\u00e9m do hor\u00e1rio indicado para banho, at\u00e9 as 17h, e a preocupa\u00e7\u00e3o com as crian\u00e7as dentro do rio, a recomenda\u00e7\u00e3o principal \u00e9 o cuidado no consumo de bebidas alco\u00f3licas. O hor\u00e1rio visa o bom uso da praia, uma vez que a visibilidade no rio Negro, de \u00e1guas escuras, fica prejudicada com o anoitecer. Os salva-vidas est\u00e3o no local at\u00e9 as 17h.<\/p>\n\n\n\n<p>Os corpos permanentes de seguran\u00e7a, incluindo Guarda Municipal, com ciclopatrulha, a Pol\u00edcia Militar e bombeiros atuam no monitoramento da praia e na seguran\u00e7a dos banhistas, bem como na seguran\u00e7a e manuten\u00e7\u00e3o do patrim\u00f4nio de todo o complexo. Equipes da Secretaria Municipal de Limpeza Urbana (Semulsp) tamb\u00e9m refor\u00e7am a higiene do cal\u00e7ad\u00e3o e da praia perene.<\/p>\n\n\n\n<p>&#8212; &#8212; &#8212;<\/p>\n\n\n\n<p><strong>Texto \u2013&nbsp;<\/strong>Cl\u00e1udia do Valle \/ Implurb<\/p>\n\n\n\n<p><strong>Fotos \u2013<\/strong>&nbsp;Arquivo \/Semcom e Divulga\u00e7\u00e3o&nbsp;<\/p>\n","protected":false},"excerpt":{"rendered":"","protected":false},"author":25,"featured_media":4103,"comment_status":"closed","ping_status":"closed","sticky":false,"template":"","format":"standard","meta":{"footnotes":""},"categories":[99],"tags":[],"acf":[],"yoast_head":"<!-- This site is optimized with the Yoast SEO plugin v23.0 - https:\/\/yoast.com\/wordpress\/plugins\/seo\/ -->\n<title>Prefeitura alerta distanciamento de embarca\u00e7\u00f5es na Ponta\u00a0Negra<\/title>\n<meta name=\"description\" content=\"A Prefeitura de Manaus, por meio do Implurb, refor\u00e7a os alertas de seguran\u00e7a \u00e0 popula\u00e7\u00e3o e \u00e0 salvaguarda da vida\" \/>\n<meta name=\"robots\" content=\"noindex, follow\" \/>\n<meta property=\"og:locale\" content=\"pt_BR\" \/>\n<meta property=\"og:type\" content=\"article\" \/>\n<meta property=\"og:title\" content=\"Prefeitura alerta distanciamento de embarca\u00e7\u00f5es na Ponta\u00a0Negra\" \/>\n<meta property=\"og:description\" content=\"A Prefeitura de Manaus, por meio do Implurb, refor\u00e7a os alertas de seguran\u00e7a \u00e0 popula\u00e7\u00e3o e \u00e0 salvaguarda da vida\" \/>\n<meta property=\"og:url\" content=\"https:\/\/www.manaus.am.gov.br\/implurb\/distanciamento-embarcacoes-ponta-negra\/\" \/>\n<meta property=\"og:site_name\" content=\"IMPLURB\" \/>\n<meta property=\"article:published_time\" content=\"2024-03-17T15:49:20+00:00\" \/>\n<meta property=\"og:image\" content=\"https:\/\/www.manaus.am.gov.br\/implurb\/wp-content\/uploads\/sites\/13\/2024\/03\/barco2.jpg\" \/>\n\t<meta property=\"og:image:width\" content=\"1280\" \/>\n\t<meta property=\"og:image:height\" content=\"720\" \/>\n\t<meta property=\"og:image:type\" content=\"image\/jpeg\" \/>\n<meta name=\"author\" content=\"Maur\u00edcio Freire\" \/>\n<meta name=\"twitter:card\" content=\"summary_large_image\" \/>\n<meta name=\"twitter:label1\" content=\"Written by\" \/>\n\t<meta name=\"twitter:data1\" content=\"Maur\u00edcio Freire\" \/>\n\t<meta name=\"twitter:label2\" content=\"Est. reading time\" \/>\n\t<meta name=\"twitter:data2\" content=\"5 minutos\" \/>\n<script type=\"application\/ld+json\" class=\"yoast-schema-graph\">{\"@context\":\"https:\/\/schema.org\",\"@graph\":[{\"@type\":\"WebPage\",\"@id\":\"https:\/\/www.manaus.am.gov.br\/implurb\/distanciamento-embarcacoes-ponta-negra\/\",\"url\":\"https:\/\/www.manaus.am.gov.br\/implurb\/distanciamento-embarcacoes-ponta-negra\/\",\"name\":\"Prefeitura alerta distanciamento de embarca\u00e7\u00f5es na Ponta\u00a0Negra\",\"isPartOf\":{\"@id\":\"https:\/\/www.manaus.am.gov.br\/implurb\/#website\"},\"primaryImageOfPage\":{\"@id\":\"https:\/\/www.manaus.am.gov.br\/implurb\/distanciamento-embarcacoes-ponta-negra\/#primaryimage\"},\"image\":{\"@id\":\"https:\/\/www.manaus.am.gov.br\/implurb\/distanciamento-embarcacoes-ponta-negra\/#primaryimage\"},\"thumbnailUrl\":\"https:\/\/www.manaus.am.gov.br\/implurb\/wp-content\/uploads\/sites\/13\/2024\/03\/barco2.jpg\",\"datePublished\":\"2024-03-17T15:49:20+00:00\",\"dateModified\":\"2024-03-17T15:49:20+00:00\",\"author\":{\"@id\":\"https:\/\/www.manaus.am.gov.br\/implurb\/#\/schema\/person\/587989a23a463cde5618e6a028977a9a\"},\"description\":\"A Prefeitura de Manaus, por meio do Implurb, refor\u00e7a os alertas de seguran\u00e7a \u00e0 popula\u00e7\u00e3o e \u00e0 salvaguarda da vida\",\"breadcrumb\":{\"@id\":\"https:\/\/www.manaus.am.gov.br\/implurb\/distanciamento-embarcacoes-ponta-negra\/#breadcrumb\"},\"inLanguage\":\"pt-BR\",\"potentialAction\":[{\"@type\":\"ReadAction\",\"target\":[\"https:\/\/www.manaus.am.gov.br\/implurb\/distanciamento-embarcacoes-ponta-negra\/\"]}]},{\"@type\":\"ImageObject\",\"inLanguage\":\"pt-BR\",\"@id\":\"https:\/\/www.manaus.am.gov.br\/implurb\/distanciamento-embarcacoes-ponta-negra\/#primaryimage\",\"url\":\"https:\/\/www.manaus.am.gov.br\/implurb\/wp-content\/uploads\/sites\/13\/2024\/03\/barco2.jpg\",\"contentUrl\":\"https:\/\/www.manaus.am.gov.br\/implurb\/wp-content\/uploads\/sites\/13\/2024\/03\/barco2.jpg\",\"width\":1280,\"height\":720,\"caption\":\"#paratodosverem barco atracado de forma irregular na Ponta Negra\"},{\"@type\":\"BreadcrumbList\",\"@id\":\"https:\/\/www.manaus.am.gov.br\/implurb\/distanciamento-embarcacoes-ponta-negra\/#breadcrumb\",\"itemListElement\":[{\"@type\":\"ListItem\",\"position\":1,\"name\":\"Home\",\"item\":\"https:\/\/www.manaus.am.gov.br\/implurb\/\"},{\"@type\":\"ListItem\",\"position\":2,\"name\":\"Prefeitura alerta para seguran\u00e7a no distanciamento de embarca\u00e7\u00f5es na praia da\u00a0Ponta\u00a0Negra\"}]},{\"@type\":\"WebSite\",\"@id\":\"https:\/\/www.manaus.am.gov.br\/implurb\/#website\",\"url\":\"https:\/\/www.manaus.am.gov.br\/implurb\/\",\"name\":\"IMPLURB\",\"description\":\"Prefeitura de Manaus\",\"potentialAction\":[{\"@type\":\"SearchAction\",\"target\":{\"@type\":\"EntryPoint\",\"urlTemplate\":\"https:\/\/www.manaus.am.gov.br\/implurb\/?s={search_term_string}\"},\"query-input\":\"required name=search_term_string\"}],\"inLanguage\":\"pt-BR\"},{\"@type\":\"Person\",\"@id\":\"https:\/\/www.manaus.am.gov.br\/implurb\/#\/schema\/person\/587989a23a463cde5618e6a028977a9a\",\"name\":\"Maur\u00edcio Freire\",\"image\":{\"@type\":\"ImageObject\",\"inLanguage\":\"pt-BR\",\"@id\":\"https:\/\/www.manaus.am.gov.br\/implurb\/#\/schema\/person\/image\/\",\"url\":\"https:\/\/secure.gravatar.com\/avatar\/dc1481799a1f75c733ac3b2634cd6749?s=96&d=mm&r=g\",\"contentUrl\":\"https:\/\/secure.gravatar.com\/avatar\/dc1481799a1f75c733ac3b2634cd6749?s=96&d=mm&r=g\",\"caption\":\"Maur\u00edcio Freire\"}}]}<\/script>\n<!-- \/ Yoast SEO plugin. -->","yoast_head_json":{"title":"Prefeitura alerta distanciamento de embarca\u00e7\u00f5es na Ponta\u00a0Negra","description":"A Prefeitura de Manaus, por meio do Implurb, refor\u00e7a os alertas de seguran\u00e7a \u00e0 popula\u00e7\u00e3o e \u00e0 salvaguarda da vida","robots":{"index":"noindex","follow":"follow"},"og_locale":"pt_BR","og_type":"article","og_title":"Prefeitura alerta distanciamento de embarca\u00e7\u00f5es na Ponta\u00a0Negra","og_description":"A Prefeitura de Manaus, por meio do Implurb, refor\u00e7a os alertas de seguran\u00e7a \u00e0 popula\u00e7\u00e3o e \u00e0 salvaguarda da vida","og_url":"https:\/\/www.manaus.am.gov.br\/implurb\/distanciamento-embarcacoes-ponta-negra\/","og_site_name":"IMPLURB","article_published_time":"2024-03-17T15:49:20+00:00","og_image":[{"width":1280,"height":720,"url":"https:\/\/www.manaus.am.gov.br\/implurb\/wp-content\/uploads\/sites\/13\/2024\/03\/barco2.jpg","type":"image\/jpeg"}],"author":"Maur\u00edcio Freire","twitter_card":"summary_large_image","twitter_misc":{"Written by":"Maur\u00edcio Freire","Est. reading time":"5 minutos"},"schema":{"@context":"https:\/\/schema.org","@graph":[{"@type":"WebPage","@id":"https:\/\/www.manaus.am.gov.br\/implurb\/distanciamento-embarcacoes-ponta-negra\/","url":"https:\/\/www.manaus.am.gov.br\/implurb\/distanciamento-embarcacoes-ponta-negra\/","name":"Prefeitura alerta distanciamento de embarca\u00e7\u00f5es na Ponta\u00a0Negra","isPartOf":{"@id":"https:\/\/www.manaus.am.gov.br\/implurb\/#website"},"primaryImageOfPage":{"@id":"https:\/\/www.manaus.am.gov.br\/implurb\/distanciamento-embarcacoes-ponta-negra\/#primaryimage"},"image":{"@id":"https:\/\/www.manaus.am.gov.br\/implurb\/distanciamento-embarcacoes-ponta-negra\/#primaryimage"},"thumbnailUrl":"https:\/\/www.manaus.am.gov.br\/implurb\/wp-content\/uploads\/sites\/13\/2024\/03\/barco2.jpg","datePublished":"2024-03-17T15:49:20+00:00","dateModified":"2024-03-17T15:49:20+00:00","author":{"@id":"https:\/\/www.manaus.am.gov.br\/implurb\/#\/schema\/person\/587989a23a463cde5618e6a028977a9a"},"description":"A Prefeitura de Manaus, por meio do Implurb, refor\u00e7a os alertas de seguran\u00e7a \u00e0 popula\u00e7\u00e3o e \u00e0 salvaguarda da vida","breadcrumb":{"@id":"https:\/\/www.manaus.am.gov.br\/implurb\/distanciamento-embarcacoes-ponta-negra\/#breadcrumb"},"inLanguage":"pt-BR","potentialAction":[{"@type":"ReadAction","target":["https:\/\/www.manaus.am.gov.br\/implurb\/distanciamento-embarcacoes-ponta-negra\/"]}]},{"@type":"ImageObject","inLanguage":"pt-BR","@id":"https:\/\/www.manaus.am.gov.br\/implurb\/distanciamento-embarcacoes-ponta-negra\/#primaryimage","url":"https:\/\/www.manaus.am.gov.br\/implurb\/wp-content\/uploads\/sites\/13\/2024\/03\/barco2.jpg","contentUrl":"https:\/\/www.manaus.am.gov.br\/implurb\/wp-content\/uploads\/sites\/13\/2024\/03\/barco2.jpg","width":1280,"height":720,"caption":"#paratodosverem barco atracado de forma irregular na Ponta Negra"},{"@type":"BreadcrumbList","@id":"https:\/\/www.manaus.am.gov.br\/implurb\/distanciamento-embarcacoes-ponta-negra\/#breadcrumb","itemListElement":[{"@type":"ListItem","position":1,"name":"Home","item":"https:\/\/www.manaus.am.gov.br\/implurb\/"},{"@type":"ListItem","position":2,"name":"Prefeitura alerta para seguran\u00e7a no distanciamento de embarca\u00e7\u00f5es na praia da\u00a0Ponta\u00a0Negra"}]},{"@type":"WebSite","@id":"https:\/\/www.manaus.am.gov.br\/implurb\/#website","url":"https:\/\/www.manaus.am.gov.br\/implurb\/","name":"IMPLURB","description":"Prefeitura de Manaus","potentialAction":[{"@type":"SearchAction","target":{"@type":"EntryPoint","urlTemplate":"https:\/\/www.manaus.am.gov.br\/implurb\/?s={search_term_string}"},"query-input":"required name=search_term_string"}],"inLanguage":"pt-BR"},{"@type":"Person","@id":"https:\/\/www.manaus.am.gov.br\/implurb\/#\/schema\/person\/587989a23a463cde5618e6a028977a9a","name":"Maur\u00edcio Freire","image":{"@type":"ImageObject","inLanguage":"pt-BR","@id":"https:\/\/www.manaus.am.gov.br\/implurb\/#\/schema\/person\/image\/","url":"https:\/\/secure.gravatar.com\/avatar\/dc1481799a1f75c733ac3b2634cd6749?s=96&d=mm&r=g","contentUrl":"https:\/\/secure.gravatar.com\/avatar\/dc1481799a1f75c733ac3b2634cd6749?s=96&d=mm&r=g","caption":"Maur\u00edcio Freire"}}]}},"_links":{"self":[{"href":"https:\/\/www.manaus.am.gov.br\/implurb\/wp-json\/wp\/v2\/posts\/4101"}],"collection":[{"href":"https:\/\/www.manaus.am.gov.br\/implurb\/wp-json\/wp\/v2\/posts"}],"about":[{"href":"https:\/\/www.manaus.am.gov.br\/implurb\/wp-json\/wp\/v2\/types\/post"}],"author":[{"embeddable":true,"href":"https:\/\/www.manaus.am.gov.br\/implurb\/wp-json\/wp\/v2\/users\/25"}],"replies":[{"embeddable":true,"href":"https:\/\/www.manaus.am.gov.br\/implurb\/wp-json\/wp\/v2\/comments?post=4101"}],"version-history":[{"count":1,"href":"https:\/\/www.manaus.am.gov.br\/implurb\/wp-json\/wp\/v2\/posts\/4101\/revisions"}],"predecessor-version":[{"id":4104,"href":"https:\/\/www.manaus.am.gov.br\/implurb\/wp-json\/wp\/v2\/posts\/4101\/revisions\/4104"}],"wp:featuredmedia":[{"embeddable":true,"href":"https:\/\/www.manaus.am.gov.br\/implurb\/wp-json\/wp\/v2\/media\/4103"}],"wp:attachment":[{"href":"https:\/\/www.manaus.am.gov.br\/implurb\/wp-json\/wp\/v2\/media?parent=4101"}],"wp:term":[{"taxonomy":"category","embeddable":true,"href":"https:\/\/www.manaus.am.gov.br\/implurb\/wp-json\/wp\/v2\/categories?post=4101"},{"taxonomy":"post_tag","embeddable":true,"href":"https:\/\/www.manaus.am.gov.br\/implurb\/wp-json\/wp\/v2\/tags?post=4101"}],"curies":[{"name":"wp","href":"https:\/\/api.w.org\/{rel}","templated":true}]}}