{"id":4034,"date":"2024-03-07T11:37:41","date_gmt":"2024-03-07T15:37:41","guid":{"rendered":"https:\/\/www.manaus.am.gov.br\/implurb\/dia-da-mulher-implurb\/"},"modified":"2024-03-07T11:44:28","modified_gmt":"2024-03-07T15:44:28","slug":"dia-da-mulher-implurb","status":"publish","type":"post","link":"https:\/\/www.manaus.am.gov.br\/implurb\/dia-da-mulher-implurb\/","title":{"rendered":"Do pulso firme na engenharia \u00e0 mobilidade urbana, mulheres s\u00e3o maioria entre servidores no Implurb"},"content":{"rendered":"\n<p>Participar da constru\u00e7\u00e3o efetiva de projetos que mudam a din\u00e2mica da cidade, lidando desde fiscaliza\u00e7\u00f5es at\u00e9 licenciamentos e das diretrizes que d\u00e3o contorno a uma Manaus metr\u00f3pole, traz felicidade e extrema import\u00e2ncia para a vida pessoal e profissional de mulheres \u00e0 frente na Prefeitura de Manaus.<\/p>\n\n\n\n<p>Celebrado em todo o mundo desde a sua oficializa\u00e7\u00e3o pela Organiza\u00e7\u00e3o das Na\u00e7\u00f5es Unidas (ONU), na d\u00e9cada de 70, o Dia Internacional da Mulher, comemorado em 8 de mar\u00e7o, \u00e9 uma data simb\u00f3lica da luta hist\u00f3rica feminina para ter condi\u00e7\u00f5es equiparadas ao masculino.<\/p>\n\n\n\n<p>E o olhar feminino impera, em maioria, no Instituto Municipal de Planejamento Urbano (Implurb), onde elas ocupam 58,1% dos postos \u2013 s\u00e3o 147 mulheres e 106 homens \u2013, estando ainda \u00e0 frente em 17, das 33 chefias (51,5%). E ainda s\u00e3o em maior n\u00famero em 15 setores (54,5%) do total da autarquia.<\/p>\n\n\n\n<p>\u201cO Implurb n\u00e3o para nunca e \u00e9 muito bom trabalhar aqui, com uma maioria de mulheres. E as pessoas est\u00e3o sempre preocupadas umas com as outras e com o que desenvolvem para o planejamento urbano, para a constru\u00e7\u00e3o da cidade\u201d. A frase \u00e9 da advogada Artemiza Souza e Souza Raphael, lotada hoje no gabinete da presid\u00eancia e que est\u00e1 no \u00f3rg\u00e3o desde 2015, tendo entrado na \u00e1rea administrativa financeira.<\/p>\n\n\n\n<p>Hoje, Artemiza, chamada carinhosamente de Miza, est\u00e1 gr\u00e1vida de 8 meses e vive todas as emo\u00e7\u00f5es de uma gesta\u00e7\u00e3o, mantendo o foco na produ\u00e7\u00e3o, contando os dias para o nascimento do seu maior presente, a pequena Serena. \u201cPassei por algumas secretarias antes, como a de Mercados e Feiras e a de Limpeza, mas o Implurb \u00e9 um \u00f3rg\u00e3o muito bom de trabalhar. E tem sido um per\u00edodo de muito aprendizado, algo novo, em um \u00f3rg\u00e3o de intensa produ\u00e7\u00e3o. E o diretor-presidente Carlos Valente procura dar um bom ambiente de trabalho, profissional, de bem-estar, de equipamentos a sistemas, e se preocupa com as pessoas, al\u00e9m do que elas podem desenvolver na empresa p\u00fablica\u201d, disse Miza.<\/p>\n\n\n\n<p>Para a mais nova futura mam\u00e3e do instituto, a resposta na gest\u00e3o de pessoas \u00e9 evidente nos resultados positivos, assertivos e em benef\u00edcio da cidade. \u201cE tem sido assim, junto com os \u2018implurbianos\u2019, uma experi\u00eancia de vida rica. E al\u00e9m das compet\u00eancias no gabinete da presid\u00eancia, tamb\u00e9m trabalho no secretariado do Conselho Municipal de Desenvolvimento Urbano (CMDU), um colegiado que resolve assuntos urban\u00edsticos mais sens\u00edveis e complexos da cidade. No conselho, h\u00e1 18 membros e uma varia\u00e7\u00e3o de profissionais e forma\u00e7\u00f5es, pessoas muito capacitadas e com conhecimento\u201d, completou.<\/p>\n\n\n\n<p><strong>Engenharia<\/strong><\/p>\n\n\n\n<p>Tradicionalmente ocupada mais pelo universo masculino, a \u00e1rea da engenharia vem, ao longo das d\u00e9cadas, ganhando mais adeptas mulheres. Segundo dados do Conselho Federal de Engenharia e Arquitetura (Confea), o percentual de mulheres registradas como engenheiras no Brasil era de 19,3% (199 mil engenheiras), do total de mais de 1 milh\u00e3o no pa\u00eds.<\/p>\n\n\n\n<p>E nestes 19,3% est\u00e1 a gerente de engenharia do Implurb, Marcil\u00e9a Costa, no cargo desde 2021. Depois de um per\u00edodo no setor privado, Marcil\u00e9ia trabalhou na Secretaria Municipal de Infraestrutura (Seminf), onde adquiriu parte do conhecimento para desenvolvimento de projetos b\u00e1sicos. Mas foi no Implurb que ela al\u00e7ou um voo maior desde as medi\u00e7\u00f5es de obras at\u00e9 fiscaliza\u00e7\u00e3o na engenharia de grandes empreitadas assinadas pela autarquia, seus arquitetos e engenheiros.<\/p>\n\n\n\n<p>\u201cTudo o que est\u00e1 no projeto b\u00e1sico se coloca na pr\u00e1tica. Ent\u00e3o, \u00e0 frente da ger\u00eancia, \u00e9 preciso ter muito conhecimento, capacidade t\u00e9cnica e poder de decis\u00e3o, al\u00e9m de ser firme na postura e manter sempre o respeito. A engenharia te proporciona enfrentar desafios todos os dias e \u00e9 necess\u00e1rio ter sagacidade e rapidez para resolver as equa\u00e7\u00f5es e dificuldades\u201d, afirmou a profissional.<\/p>\n\n\n\n<p>Para ela, ser mulher e engenheira, estando na dianteira de grandes projetos para a capital, \u00e9 seu momento de mostrar que \u00e9 capaz para enfrentar os desafios \u00e0 frente da ger\u00eancia. \u201cTrabalhamos com um mundo de homens e \u00e9 importante ter a capacidade de se impor no ambiente, de forma firme, mostrar o conhecimento t\u00e9cnico, a habilidade, a compet\u00eancia, o resultado e a confian\u00e7a de que nasceu para ser gestora, sem fraquejar\u201d, acrescentou Marcil\u00e9a, completando que o \u201clugar da mulher \u00e9 onde \u00e9 onde ela quiser, tendo respeito e sendo respeitada\u201d: \u201cE para a justi\u00e7a de g\u00eanero, \u00e9 uma supera\u00e7\u00e3o di\u00e1ria sempre ter mais mulheres nas chefias, ger\u00eancias, no poder. A vida \u00e9 uma boa combina\u00e7\u00e3o do feminino e do masculino, na justa propor\u00e7\u00e3o\u201d.<\/p>\n\n\n\n<p><strong>Patrim\u00f4nio<\/strong><\/p>\n\n\n\n<p>Zamar Baima de Melo est\u00e1 no \u00f3rg\u00e3o desde 1981, entrando como estagi\u00e1ria e depois sendo contratada como auxiliar de engenharia. Formada em administra\u00e7\u00e3o, ela tem 43 anos de servi\u00e7o p\u00fablico, tendo passado por diversos setores dentro do Implurb, fazendo de vistoria a atendimento t\u00e9cnico, atuando no setor de c\u00e1lculo e no arquivo. E nos \u00faltimos 25 anos ela est\u00e1 lotada na Ger\u00eancia de Mobilidade Urbana (GMU), setor onde, digamos, \u201cnascem\u201d os logradouros p\u00fablicos da capital. Ela atua na atualiza\u00e7\u00e3o constante da base cartogr\u00e1fica da capital, incluindo e excluindo vias, ruas, alamedas, avenidas, becos e similares, al\u00e9m de realizar diversas an\u00e1lises do sistema vi\u00e1rio. Lembrando que Manaus tem mais de 12 mil vias.<\/p>\n\n\n\n<p>\u201cFiz a op\u00e7\u00e3o, durante uma reforma administrativa, de atuar na \u00e1rea t\u00e9cnica at\u00e9 porque sou administradora formada pela Ufam (Universidade Federal do Amazonas), mas sempre voltada para o planejamento urbano e nos projetos desenvolvidos pela prefeitura. Hoje, eu alimento, de forma sistem\u00e1tica, a base com os logradouros criados e os alterados a partir das interven\u00e7\u00f5es na cidade\u201d, explicou Zamar.<\/p>\n\n\n\n<p>Ela se sente privilegiada e grata por ter a oportunidade de se dedicar diretamente, junto aos gestores, na constru\u00e7\u00e3o de uma Manaus melhor, todos os dias.<\/p>\n\n\n\n<p><strong>Urbanismo<\/strong><\/p>\n\n\n\n<p>Criado h\u00e1 21 anos, substituindo a antiga Empresa Municipal de Urbaniza\u00e7\u00e3o (Urbam), o&nbsp;Implurb&nbsp;\u00e9 uma autarquia de car\u00e1ter t\u00e9cnico, respons\u00e1vel pela defini\u00e7\u00e3o das diretrizes do crescimento da cidade, sua ordena\u00e7\u00e3o e ocupa\u00e7\u00e3o do solo, o uso dos espa\u00e7os p\u00fablicos e do controle da legisla\u00e7\u00e3o em vigor, como o Plano Diretor de Manaus.<\/p>\n\n\n\n<p>Com a ajuda do sexo feminino, o&nbsp;Implurb&nbsp;ganha poder para o desafio de executar resili\u00eancia em projetos para o uso coletivo, com sustentabilidade e funcionalidade, ao mesmo tempo que atua no controle e gest\u00e3o urbana. E tudo com o apoio delas.<\/p>\n\n\n\n<p>&#8212; &#8212; &#8212;<\/p>\n\n\n\n<p><strong>Texto<\/strong>&nbsp;\u2013 Claudia do Valle \/ Implurb<\/p>\n\n\n\n<p><strong>Fotos<\/strong>&nbsp;\u2013 Phil Limma\/Semcom e Divulga\u00e7\u00e3o<\/p>\n\n\n\n<p><strong>Dispon\u00edveis em &#8211;<\/strong> <a href=\"https:\/\/flic.kr\/s\/aHBqjBgENi\">https:\/\/flic.kr\/s\/aHBqjBgENi<\/a><\/p>\n\n\n\n<p><\/p>\n","protected":false},"excerpt":{"rendered":"","protected":false},"author":23,"featured_media":4035,"comment_status":"closed","ping_status":"closed","sticky":false,"template":"","format":"standard","meta":{"footnotes":""},"categories":[1388],"tags":[203,1389,11,15,1390],"acf":[],"yoast_head":"<!-- This site is optimized with the Yoast SEO plugin v23.0 - https:\/\/yoast.com\/wordpress\/plugins\/seo\/ -->\n<title>Do pulso firme na engenharia \u00e0 mobilidade urbana, mulheres s\u00e3o maioria entre servidores no Implurb<\/title>\n<meta name=\"description\" content=\"Participar da constru\u00e7\u00e3o efetiva de projetos que mudam a din\u00e2mica da cidade, lidando desde fiscaliza\u00e7\u00f5es at\u00e9 licenciamentos e das diretrizes que d\u00e3o contorno a uma Manaus metr\u00f3pole, traz felicidade e extrema import\u00e2ncia para a vida pessoal e profissional de mulheres \u00e0 frente na Prefeitura de Manaus.\" \/>\n<meta name=\"robots\" content=\"noindex, follow\" \/>\n<meta property=\"og:locale\" content=\"pt_BR\" \/>\n<meta property=\"og:type\" content=\"article\" \/>\n<meta property=\"og:title\" content=\"Do pulso firme na engenharia \u00e0 mobilidade urbana, mulheres s\u00e3o maioria entre servidores no Implurb\" \/>\n<meta property=\"og:description\" content=\"Participar da constru\u00e7\u00e3o efetiva de projetos que mudam a din\u00e2mica da cidade, lidando desde fiscaliza\u00e7\u00f5es at\u00e9 licenciamentos e das diretrizes que d\u00e3o contorno a uma Manaus metr\u00f3pole, traz felicidade e extrema import\u00e2ncia para a vida pessoal e profissional de mulheres \u00e0 frente na Prefeitura de Manaus.\" \/>\n<meta property=\"og:url\" content=\"https:\/\/www.manaus.am.gov.br\/implurb\/dia-da-mulher-implurb\/\" \/>\n<meta property=\"og:site_name\" content=\"IMPLURB\" \/>\n<meta property=\"article:published_time\" content=\"2024-03-07T15:37:41+00:00\" \/>\n<meta property=\"article:modified_time\" content=\"2024-03-07T15:44:28+00:00\" \/>\n<meta property=\"og:image\" content=\"https:\/\/www.manaus.am.gov.br\/implurb\/wp-content\/uploads\/sites\/13\/2024\/03\/53573251726_ee321fba5c_c.jpg\" \/>\n\t<meta property=\"og:image:width\" content=\"799\" \/>\n\t<meta property=\"og:image:height\" content=\"533\" \/>\n\t<meta property=\"og:image:type\" content=\"image\/jpeg\" \/>\n<meta name=\"author\" content=\"Adriana Costa\" \/>\n<meta name=\"twitter:card\" content=\"summary_large_image\" \/>\n<meta name=\"twitter:label1\" content=\"Written by\" \/>\n\t<meta name=\"twitter:data1\" content=\"Adriana Costa\" \/>\n\t<meta name=\"twitter:label2\" content=\"Est. reading time\" \/>\n\t<meta name=\"twitter:data2\" content=\"6 minutos\" \/>\n<script type=\"application\/ld+json\" class=\"yoast-schema-graph\">{\"@context\":\"https:\/\/schema.org\",\"@graph\":[{\"@type\":\"WebPage\",\"@id\":\"https:\/\/www.manaus.am.gov.br\/implurb\/dia-da-mulher-implurb\/\",\"url\":\"https:\/\/www.manaus.am.gov.br\/implurb\/dia-da-mulher-implurb\/\",\"name\":\"Do pulso firme na engenharia \u00e0 mobilidade urbana, mulheres s\u00e3o maioria entre servidores no Implurb\",\"isPartOf\":{\"@id\":\"https:\/\/www.manaus.am.gov.br\/implurb\/#website\"},\"primaryImageOfPage\":{\"@id\":\"https:\/\/www.manaus.am.gov.br\/implurb\/dia-da-mulher-implurb\/#primaryimage\"},\"image\":{\"@id\":\"https:\/\/www.manaus.am.gov.br\/implurb\/dia-da-mulher-implurb\/#primaryimage\"},\"thumbnailUrl\":\"https:\/\/www.manaus.am.gov.br\/implurb\/wp-content\/uploads\/sites\/13\/2024\/03\/53573251726_ee321fba5c_c.jpg\",\"datePublished\":\"2024-03-07T15:37:41+00:00\",\"dateModified\":\"2024-03-07T15:44:28+00:00\",\"author\":{\"@id\":\"https:\/\/www.manaus.am.gov.br\/implurb\/#\/schema\/person\/4e49f4e267757a06ca072ec61b2b9968\"},\"description\":\"Participar da constru\u00e7\u00e3o efetiva de projetos que mudam a din\u00e2mica da cidade, lidando desde fiscaliza\u00e7\u00f5es at\u00e9 licenciamentos e das diretrizes que d\u00e3o contorno a uma Manaus metr\u00f3pole, traz felicidade e extrema import\u00e2ncia para a vida pessoal e profissional de mulheres \u00e0 frente na Prefeitura de Manaus.\",\"breadcrumb\":{\"@id\":\"https:\/\/www.manaus.am.gov.br\/implurb\/dia-da-mulher-implurb\/#breadcrumb\"},\"inLanguage\":\"pt-BR\",\"potentialAction\":[{\"@type\":\"ReadAction\",\"target\":[\"https:\/\/www.manaus.am.gov.br\/implurb\/dia-da-mulher-implurb\/\"]}]},{\"@type\":\"ImageObject\",\"inLanguage\":\"pt-BR\",\"@id\":\"https:\/\/www.manaus.am.gov.br\/implurb\/dia-da-mulher-implurb\/#primaryimage\",\"url\":\"https:\/\/www.manaus.am.gov.br\/implurb\/wp-content\/uploads\/sites\/13\/2024\/03\/53573251726_ee321fba5c_c.jpg\",\"contentUrl\":\"https:\/\/www.manaus.am.gov.br\/implurb\/wp-content\/uploads\/sites\/13\/2024\/03\/53573251726_ee321fba5c_c.jpg\",\"width\":799,\"height\":533},{\"@type\":\"BreadcrumbList\",\"@id\":\"https:\/\/www.manaus.am.gov.br\/implurb\/dia-da-mulher-implurb\/#breadcrumb\",\"itemListElement\":[{\"@type\":\"ListItem\",\"position\":1,\"name\":\"Home\",\"item\":\"https:\/\/www.manaus.am.gov.br\/implurb\/\"},{\"@type\":\"ListItem\",\"position\":2,\"name\":\"Do pulso firme na engenharia \u00e0 mobilidade urbana, mulheres s\u00e3o maioria entre servidores no Implurb\"}]},{\"@type\":\"WebSite\",\"@id\":\"https:\/\/www.manaus.am.gov.br\/implurb\/#website\",\"url\":\"https:\/\/www.manaus.am.gov.br\/implurb\/\",\"name\":\"IMPLURB\",\"description\":\"Prefeitura de Manaus\",\"potentialAction\":[{\"@type\":\"SearchAction\",\"target\":{\"@type\":\"EntryPoint\",\"urlTemplate\":\"https:\/\/www.manaus.am.gov.br\/implurb\/?s={search_term_string}\"},\"query-input\":\"required name=search_term_string\"}],\"inLanguage\":\"pt-BR\"},{\"@type\":\"Person\",\"@id\":\"https:\/\/www.manaus.am.gov.br\/implurb\/#\/schema\/person\/4e49f4e267757a06ca072ec61b2b9968\",\"name\":\"Adriana Costa\",\"image\":{\"@type\":\"ImageObject\",\"inLanguage\":\"pt-BR\",\"@id\":\"https:\/\/www.manaus.am.gov.br\/implurb\/#\/schema\/person\/image\/\",\"url\":\"https:\/\/secure.gravatar.com\/avatar\/576258617ef7194f718179e766d57bd4?s=96&d=mm&r=g\",\"contentUrl\":\"https:\/\/secure.gravatar.com\/avatar\/576258617ef7194f718179e766d57bd4?s=96&d=mm&r=g\",\"caption\":\"Adriana Costa\"}}]}<\/script>\n<!-- \/ Yoast SEO plugin. -->","yoast_head_json":{"title":"Do pulso firme na engenharia \u00e0 mobilidade urbana, mulheres s\u00e3o maioria entre servidores no Implurb","description":"Participar da constru\u00e7\u00e3o efetiva de projetos que mudam a din\u00e2mica da cidade, lidando desde fiscaliza\u00e7\u00f5es at\u00e9 licenciamentos e das diretrizes que d\u00e3o contorno a uma Manaus metr\u00f3pole, traz felicidade e extrema import\u00e2ncia para a vida pessoal e profissional de mulheres \u00e0 frente na Prefeitura de Manaus.","robots":{"index":"noindex","follow":"follow"},"og_locale":"pt_BR","og_type":"article","og_title":"Do pulso firme na engenharia \u00e0 mobilidade urbana, mulheres s\u00e3o maioria entre servidores no Implurb","og_description":"Participar da constru\u00e7\u00e3o efetiva de projetos que mudam a din\u00e2mica da cidade, lidando desde fiscaliza\u00e7\u00f5es at\u00e9 licenciamentos e das diretrizes que d\u00e3o contorno a uma Manaus metr\u00f3pole, traz felicidade e extrema import\u00e2ncia para a vida pessoal e profissional de mulheres \u00e0 frente na Prefeitura de Manaus.","og_url":"https:\/\/www.manaus.am.gov.br\/implurb\/dia-da-mulher-implurb\/","og_site_name":"IMPLURB","article_published_time":"2024-03-07T15:37:41+00:00","article_modified_time":"2024-03-07T15:44:28+00:00","og_image":[{"width":799,"height":533,"url":"https:\/\/www.manaus.am.gov.br\/implurb\/wp-content\/uploads\/sites\/13\/2024\/03\/53573251726_ee321fba5c_c.jpg","type":"image\/jpeg"}],"author":"Adriana Costa","twitter_card":"summary_large_image","twitter_misc":{"Written by":"Adriana Costa","Est. reading time":"6 minutos"},"schema":{"@context":"https:\/\/schema.org","@graph":[{"@type":"WebPage","@id":"https:\/\/www.manaus.am.gov.br\/implurb\/dia-da-mulher-implurb\/","url":"https:\/\/www.manaus.am.gov.br\/implurb\/dia-da-mulher-implurb\/","name":"Do pulso firme na engenharia \u00e0 mobilidade urbana, mulheres s\u00e3o maioria entre servidores no Implurb","isPartOf":{"@id":"https:\/\/www.manaus.am.gov.br\/implurb\/#website"},"primaryImageOfPage":{"@id":"https:\/\/www.manaus.am.gov.br\/implurb\/dia-da-mulher-implurb\/#primaryimage"},"image":{"@id":"https:\/\/www.manaus.am.gov.br\/implurb\/dia-da-mulher-implurb\/#primaryimage"},"thumbnailUrl":"https:\/\/www.manaus.am.gov.br\/implurb\/wp-content\/uploads\/sites\/13\/2024\/03\/53573251726_ee321fba5c_c.jpg","datePublished":"2024-03-07T15:37:41+00:00","dateModified":"2024-03-07T15:44:28+00:00","author":{"@id":"https:\/\/www.manaus.am.gov.br\/implurb\/#\/schema\/person\/4e49f4e267757a06ca072ec61b2b9968"},"description":"Participar da constru\u00e7\u00e3o efetiva de projetos que mudam a din\u00e2mica da cidade, lidando desde fiscaliza\u00e7\u00f5es at\u00e9 licenciamentos e das diretrizes que d\u00e3o contorno a uma Manaus metr\u00f3pole, traz felicidade e extrema import\u00e2ncia para a vida pessoal e profissional de mulheres \u00e0 frente na Prefeitura de Manaus.","breadcrumb":{"@id":"https:\/\/www.manaus.am.gov.br\/implurb\/dia-da-mulher-implurb\/#breadcrumb"},"inLanguage":"pt-BR","potentialAction":[{"@type":"ReadAction","target":["https:\/\/www.manaus.am.gov.br\/implurb\/dia-da-mulher-implurb\/"]}]},{"@type":"ImageObject","inLanguage":"pt-BR","@id":"https:\/\/www.manaus.am.gov.br\/implurb\/dia-da-mulher-implurb\/#primaryimage","url":"https:\/\/www.manaus.am.gov.br\/implurb\/wp-content\/uploads\/sites\/13\/2024\/03\/53573251726_ee321fba5c_c.jpg","contentUrl":"https:\/\/www.manaus.am.gov.br\/implurb\/wp-content\/uploads\/sites\/13\/2024\/03\/53573251726_ee321fba5c_c.jpg","width":799,"height":533},{"@type":"BreadcrumbList","@id":"https:\/\/www.manaus.am.gov.br\/implurb\/dia-da-mulher-implurb\/#breadcrumb","itemListElement":[{"@type":"ListItem","position":1,"name":"Home","item":"https:\/\/www.manaus.am.gov.br\/implurb\/"},{"@type":"ListItem","position":2,"name":"Do pulso firme na engenharia \u00e0 mobilidade urbana, mulheres s\u00e3o maioria entre servidores no Implurb"}]},{"@type":"WebSite","@id":"https:\/\/www.manaus.am.gov.br\/implurb\/#website","url":"https:\/\/www.manaus.am.gov.br\/implurb\/","name":"IMPLURB","description":"Prefeitura de Manaus","potentialAction":[{"@type":"SearchAction","target":{"@type":"EntryPoint","urlTemplate":"https:\/\/www.manaus.am.gov.br\/implurb\/?s={search_term_string}"},"query-input":"required name=search_term_string"}],"inLanguage":"pt-BR"},{"@type":"Person","@id":"https:\/\/www.manaus.am.gov.br\/implurb\/#\/schema\/person\/4e49f4e267757a06ca072ec61b2b9968","name":"Adriana Costa","image":{"@type":"ImageObject","inLanguage":"pt-BR","@id":"https:\/\/www.manaus.am.gov.br\/implurb\/#\/schema\/person\/image\/","url":"https:\/\/secure.gravatar.com\/avatar\/576258617ef7194f718179e766d57bd4?s=96&d=mm&r=g","contentUrl":"https:\/\/secure.gravatar.com\/avatar\/576258617ef7194f718179e766d57bd4?s=96&d=mm&r=g","caption":"Adriana Costa"}}]}},"_links":{"self":[{"href":"https:\/\/www.manaus.am.gov.br\/implurb\/wp-json\/wp\/v2\/posts\/4034"}],"collection":[{"href":"https:\/\/www.manaus.am.gov.br\/implurb\/wp-json\/wp\/v2\/posts"}],"about":[{"href":"https:\/\/www.manaus.am.gov.br\/implurb\/wp-json\/wp\/v2\/types\/post"}],"author":[{"embeddable":true,"href":"https:\/\/www.manaus.am.gov.br\/implurb\/wp-json\/wp\/v2\/users\/23"}],"replies":[{"embeddable":true,"href":"https:\/\/www.manaus.am.gov.br\/implurb\/wp-json\/wp\/v2\/comments?post=4034"}],"version-history":[{"count":1,"href":"https:\/\/www.manaus.am.gov.br\/implurb\/wp-json\/wp\/v2\/posts\/4034\/revisions"}],"predecessor-version":[{"id":4036,"href":"https:\/\/www.manaus.am.gov.br\/implurb\/wp-json\/wp\/v2\/posts\/4034\/revisions\/4036"}],"wp:featuredmedia":[{"embeddable":true,"href":"https:\/\/www.manaus.am.gov.br\/implurb\/wp-json\/wp\/v2\/media\/4035"}],"wp:attachment":[{"href":"https:\/\/www.manaus.am.gov.br\/implurb\/wp-json\/wp\/v2\/media?parent=4034"}],"wp:term":[{"taxonomy":"category","embeddable":true,"href":"https:\/\/www.manaus.am.gov.br\/implurb\/wp-json\/wp\/v2\/categories?post=4034"},{"taxonomy":"post_tag","embeddable":true,"href":"https:\/\/www.manaus.am.gov.br\/implurb\/wp-json\/wp\/v2\/tags?post=4034"}],"curies":[{"name":"wp","href":"https:\/\/api.w.org\/{rel}","templated":true}]}}