{"id":3991,"date":"2024-02-28T17:37:34","date_gmt":"2024-02-28T21:37:34","guid":{"rendered":"https:\/\/www.manaus.am.gov.br\/implurb\/david-almeida-gigantes\/"},"modified":"2024-02-28T17:37:36","modified_gmt":"2024-02-28T21:37:36","slug":"david-almeida-gigantes","status":"publish","type":"post","link":"https:\/\/www.manaus.am.gov.br\/implurb\/david-almeida-gigantes\/","title":{"rendered":"Prefeito vistoria obras da segunda etapa do parque Amazonino Mendes"},"content":{"rendered":"\n<p>O prefeito de Manaus, David Almeida, realizou, nesta quarta-feira, 28\/2, mais uma visita t\u00e9cnica para acompanhar de perto o andamento das obras da segunda etapa do parque Amazonino Mendes, localizado entre os bairros Novo Aleixo e Tancredo Neves, nas zonas Leste e Norte da cidade.<\/p>\n\n\n\n<p>Durante a visita, o prefeito foi acompanhado pelo diretor-presidente do Instituto Municipal de Planejamento Urbano (Implurb), Carlos Valente, para inspe\u00e7\u00e3o minuciosa do progresso da obra. Este espa\u00e7o de lazer pioneiro ser\u00e1 o primeiro parque linear urbano e tem\u00e1tico do Amazonas, um marco significativo na capital.<\/p>\n\n\n\n<p>\u201cA obra est\u00e1 a todo vapor. As equipes est\u00e3o a postos. A nossa estimativa de entrega \u00e9 no m\u00eas de maio. Acredito que, dentro do cronograma que fizemos, em maio possamos entregar esse parque. Venho aqui pelo menos duas vezes durante o m\u00eas e assim vejo o andamento das obras, fa\u00e7o as cobran\u00e7as, e a gente consegue cumprir os cronogramas\u201d, disse o prefeito.<\/p>\n\n\n\n<p>As obras est\u00e3o avan\u00e7ando em ritmo acelerado, com equipes dedicadas e prontas para sua execu\u00e7\u00e3o. A presen\u00e7a ativa do prefeito vistoriando as obras \u00e9 crucial para alinhar o cronograma e ajustar os planejamentos conforme necess\u00e1rio, garantindo que o projeto seja entregue dentro dos prazos estabelecidos.<\/p>\n\n\n\n<p>O prefeito e o diretor-presidente do Implurb observaram o progresso das obras da pra\u00e7a molhada, que abrange uma \u00e1rea de 3.500 metros quadrados. Ele tamb\u00e9m explorou as \u00e1reas dedicadas aos primatas, r\u00e9pteis, aves e orqu\u00eddeas, em uma jornada pelos diversos ecossistemas que comp\u00f5em a Amaz\u00f4nia.<\/p>\n\n\n\n<p>\u201cEssas visita\u00e7\u00f5es s\u00e3o muito importantes, porque a gente interage com os trabalhadores da obra, a gente percebe a empolga\u00e7\u00e3o deles, o comprometimento deles, faz alguns ajustes necess\u00e1rios de cronograma, de planejamento. O prefeito \u00e9 uma pessoa muito presente nessas obras e a gente j\u00e1 tem como um ponto final, maio, entregar isso para a popula\u00e7\u00e3o de Manaus, que como carinhosamente o pessoal j\u00e1 est\u00e1 chamando, \u00e9 a Disney Leste\u201d, comentou o diretor-presidente do Implurb.<\/p>\n\n\n\n<p>O parque Amazonino Mendes n\u00e3o \u00e9 apenas um espa\u00e7o de lazer, mas uma express\u00e3o do compromisso da gest\u00e3o do prefeito David Almeida com o desenvolvimento urbano sustent\u00e1vel e a preserva\u00e7\u00e3o ambiental.<\/p>\n\n\n\n<p>Com suas diversas \u00e1reas tem\u00e1ticas, o parque linear ser\u00e1 um ref\u00fagio para a biodiversidade e um ponto de encontro para a comunidade, promovendo sa\u00fade, bem-estar e conex\u00e3o com a natureza.<\/p>\n\n\n\n<p>&#8212; &#8212; &#8212;<\/p>\n\n\n\n<p><strong>Texto \u2013&nbsp;<\/strong>Geraldo Farias \/ Semcom<\/p>\n\n\n\n<p><strong>Fotos \u2013<\/strong>&nbsp;Dhyeizo Lemos \/ Semcom<\/p>\n\n\n\n<p><strong>Dispon\u00edveis em<\/strong>&nbsp;&#8211;&nbsp;<a href=\"https:\/\/flic.kr\/s\/aHBqjBfS1m\" target=\"_blank\" rel=\"noreferrer noopener\">https:\/\/flic.kr\/s\/aHBqjBfS1m<\/a><\/p>\n","protected":false},"excerpt":{"rendered":"","protected":false},"author":57,"featured_media":3992,"comment_status":"closed","ping_status":"closed","sticky":false,"template":"","format":"standard","meta":{"footnotes":""},"categories":[33],"tags":[31,11,156,47,15,763],"acf":[],"yoast_head":"<!-- This site is optimized with the Yoast SEO plugin v23.0 - https:\/\/yoast.com\/wordpress\/plugins\/seo\/ -->\n<title>Prefeito vistoria obras do parque Amazonino Mendes<\/title>\n<meta name=\"description\" content=\"O prefeito de Manaus, David Almeida, realizou mais uma visita t\u00e9cnica para acompanhar as obras da segunda etapa do parque Amazonino Mendes\" \/>\n<meta name=\"robots\" content=\"noindex, follow\" \/>\n<meta property=\"og:locale\" content=\"pt_BR\" \/>\n<meta property=\"og:type\" content=\"article\" \/>\n<meta property=\"og:title\" content=\"Prefeito vistoria obras do parque Amazonino Mendes\" \/>\n<meta property=\"og:description\" content=\"O prefeito de Manaus, David Almeida, realizou mais uma visita t\u00e9cnica para acompanhar as obras da segunda etapa do parque Amazonino Mendes\" \/>\n<meta property=\"og:url\" content=\"https:\/\/www.manaus.am.gov.br\/implurb\/david-almeida-gigantes\/\" \/>\n<meta property=\"og:site_name\" content=\"IMPLURB\" \/>\n<meta property=\"article:published_time\" content=\"2024-02-28T21:37:34+00:00\" \/>\n<meta property=\"article:modified_time\" content=\"2024-02-28T21:37:36+00:00\" \/>\n<meta property=\"og:image\" content=\"https:\/\/www.manaus.am.gov.br\/implurb\/wp-content\/uploads\/sites\/13\/2024\/02\/Prefeito_Parque_Amazonino_Mendes-2.jpg\" \/>\n\t<meta property=\"og:image:width\" content=\"799\" \/>\n\t<meta property=\"og:image:height\" content=\"533\" \/>\n\t<meta property=\"og:image:type\" content=\"image\/jpeg\" \/>\n<meta name=\"author\" content=\"Thiago Fernando\" \/>\n<meta name=\"twitter:card\" content=\"summary_large_image\" \/>\n<meta name=\"twitter:label1\" content=\"Written by\" \/>\n\t<meta name=\"twitter:data1\" content=\"Thiago Fernando\" \/>\n\t<meta name=\"twitter:label2\" content=\"Est. reading time\" \/>\n\t<meta name=\"twitter:data2\" content=\"3 minutos\" \/>\n<script type=\"application\/ld+json\" class=\"yoast-schema-graph\">{\"@context\":\"https:\/\/schema.org\",\"@graph\":[{\"@type\":\"WebPage\",\"@id\":\"https:\/\/www.manaus.am.gov.br\/implurb\/david-almeida-gigantes\/\",\"url\":\"https:\/\/www.manaus.am.gov.br\/implurb\/david-almeida-gigantes\/\",\"name\":\"Prefeito vistoria obras do parque Amazonino Mendes\",\"isPartOf\":{\"@id\":\"https:\/\/www.manaus.am.gov.br\/implurb\/#website\"},\"primaryImageOfPage\":{\"@id\":\"https:\/\/www.manaus.am.gov.br\/implurb\/david-almeida-gigantes\/#primaryimage\"},\"image\":{\"@id\":\"https:\/\/www.manaus.am.gov.br\/implurb\/david-almeida-gigantes\/#primaryimage\"},\"thumbnailUrl\":\"https:\/\/www.manaus.am.gov.br\/implurb\/wp-content\/uploads\/sites\/13\/2024\/02\/Prefeito_Parque_Amazonino_Mendes-2.jpg\",\"datePublished\":\"2024-02-28T21:37:34+00:00\",\"dateModified\":\"2024-02-28T21:37:36+00:00\",\"author\":{\"@id\":\"https:\/\/www.manaus.am.gov.br\/implurb\/#\/schema\/person\/a5ee5376db6e21af026374b369f30882\"},\"description\":\"O prefeito de Manaus, David Almeida, realizou mais uma visita t\u00e9cnica para acompanhar as obras da segunda etapa do parque Amazonino Mendes\",\"breadcrumb\":{\"@id\":\"https:\/\/www.manaus.am.gov.br\/implurb\/david-almeida-gigantes\/#breadcrumb\"},\"inLanguage\":\"pt-BR\",\"potentialAction\":[{\"@type\":\"ReadAction\",\"target\":[\"https:\/\/www.manaus.am.gov.br\/implurb\/david-almeida-gigantes\/\"]}]},{\"@type\":\"ImageObject\",\"inLanguage\":\"pt-BR\",\"@id\":\"https:\/\/www.manaus.am.gov.br\/implurb\/david-almeida-gigantes\/#primaryimage\",\"url\":\"https:\/\/www.manaus.am.gov.br\/implurb\/wp-content\/uploads\/sites\/13\/2024\/02\/Prefeito_Parque_Amazonino_Mendes-2.jpg\",\"contentUrl\":\"https:\/\/www.manaus.am.gov.br\/implurb\/wp-content\/uploads\/sites\/13\/2024\/02\/Prefeito_Parque_Amazonino_Mendes-2.jpg\",\"width\":799,\"height\":533,\"caption\":\"#paratodosverem - Prefeito David Almeida realiza vistoria no Parque Amazonino Mendes\"},{\"@type\":\"BreadcrumbList\",\"@id\":\"https:\/\/www.manaus.am.gov.br\/implurb\/david-almeida-gigantes\/#breadcrumb\",\"itemListElement\":[{\"@type\":\"ListItem\",\"position\":1,\"name\":\"Home\",\"item\":\"https:\/\/www.manaus.am.gov.br\/implurb\/\"},{\"@type\":\"ListItem\",\"position\":2,\"name\":\"Prefeito vistoria obras da segunda etapa do parque Amazonino Mendes\"}]},{\"@type\":\"WebSite\",\"@id\":\"https:\/\/www.manaus.am.gov.br\/implurb\/#website\",\"url\":\"https:\/\/www.manaus.am.gov.br\/implurb\/\",\"name\":\"IMPLURB\",\"description\":\"Prefeitura de Manaus\",\"potentialAction\":[{\"@type\":\"SearchAction\",\"target\":{\"@type\":\"EntryPoint\",\"urlTemplate\":\"https:\/\/www.manaus.am.gov.br\/implurb\/?s={search_term_string}\"},\"query-input\":\"required name=search_term_string\"}],\"inLanguage\":\"pt-BR\"},{\"@type\":\"Person\",\"@id\":\"https:\/\/www.manaus.am.gov.br\/implurb\/#\/schema\/person\/a5ee5376db6e21af026374b369f30882\",\"name\":\"Thiago Fernando\",\"image\":{\"@type\":\"ImageObject\",\"inLanguage\":\"pt-BR\",\"@id\":\"https:\/\/www.manaus.am.gov.br\/implurb\/#\/schema\/person\/image\/\",\"url\":\"https:\/\/secure.gravatar.com\/avatar\/f5aab8722444041451501c077052ac07?s=96&d=mm&r=g\",\"contentUrl\":\"https:\/\/secure.gravatar.com\/avatar\/f5aab8722444041451501c077052ac07?s=96&d=mm&r=g\",\"caption\":\"Thiago Fernando\"}}]}<\/script>\n<!-- \/ Yoast SEO plugin. -->","yoast_head_json":{"title":"Prefeito vistoria obras do parque Amazonino Mendes","description":"O prefeito de Manaus, David Almeida, realizou mais uma visita t\u00e9cnica para acompanhar as obras da segunda etapa do parque Amazonino Mendes","robots":{"index":"noindex","follow":"follow"},"og_locale":"pt_BR","og_type":"article","og_title":"Prefeito vistoria obras do parque Amazonino Mendes","og_description":"O prefeito de Manaus, David Almeida, realizou mais uma visita t\u00e9cnica para acompanhar as obras da segunda etapa do parque Amazonino Mendes","og_url":"https:\/\/www.manaus.am.gov.br\/implurb\/david-almeida-gigantes\/","og_site_name":"IMPLURB","article_published_time":"2024-02-28T21:37:34+00:00","article_modified_time":"2024-02-28T21:37:36+00:00","og_image":[{"width":799,"height":533,"url":"https:\/\/www.manaus.am.gov.br\/implurb\/wp-content\/uploads\/sites\/13\/2024\/02\/Prefeito_Parque_Amazonino_Mendes-2.jpg","type":"image\/jpeg"}],"author":"Thiago Fernando","twitter_card":"summary_large_image","twitter_misc":{"Written by":"Thiago Fernando","Est. reading time":"3 minutos"},"schema":{"@context":"https:\/\/schema.org","@graph":[{"@type":"WebPage","@id":"https:\/\/www.manaus.am.gov.br\/implurb\/david-almeida-gigantes\/","url":"https:\/\/www.manaus.am.gov.br\/implurb\/david-almeida-gigantes\/","name":"Prefeito vistoria obras do parque Amazonino Mendes","isPartOf":{"@id":"https:\/\/www.manaus.am.gov.br\/implurb\/#website"},"primaryImageOfPage":{"@id":"https:\/\/www.manaus.am.gov.br\/implurb\/david-almeida-gigantes\/#primaryimage"},"image":{"@id":"https:\/\/www.manaus.am.gov.br\/implurb\/david-almeida-gigantes\/#primaryimage"},"thumbnailUrl":"https:\/\/www.manaus.am.gov.br\/implurb\/wp-content\/uploads\/sites\/13\/2024\/02\/Prefeito_Parque_Amazonino_Mendes-2.jpg","datePublished":"2024-02-28T21:37:34+00:00","dateModified":"2024-02-28T21:37:36+00:00","author":{"@id":"https:\/\/www.manaus.am.gov.br\/implurb\/#\/schema\/person\/a5ee5376db6e21af026374b369f30882"},"description":"O prefeito de Manaus, David Almeida, realizou mais uma visita t\u00e9cnica para acompanhar as obras da segunda etapa do parque Amazonino Mendes","breadcrumb":{"@id":"https:\/\/www.manaus.am.gov.br\/implurb\/david-almeida-gigantes\/#breadcrumb"},"inLanguage":"pt-BR","potentialAction":[{"@type":"ReadAction","target":["https:\/\/www.manaus.am.gov.br\/implurb\/david-almeida-gigantes\/"]}]},{"@type":"ImageObject","inLanguage":"pt-BR","@id":"https:\/\/www.manaus.am.gov.br\/implurb\/david-almeida-gigantes\/#primaryimage","url":"https:\/\/www.manaus.am.gov.br\/implurb\/wp-content\/uploads\/sites\/13\/2024\/02\/Prefeito_Parque_Amazonino_Mendes-2.jpg","contentUrl":"https:\/\/www.manaus.am.gov.br\/implurb\/wp-content\/uploads\/sites\/13\/2024\/02\/Prefeito_Parque_Amazonino_Mendes-2.jpg","width":799,"height":533,"caption":"#paratodosverem - Prefeito David Almeida realiza vistoria no Parque Amazonino Mendes"},{"@type":"BreadcrumbList","@id":"https:\/\/www.manaus.am.gov.br\/implurb\/david-almeida-gigantes\/#breadcrumb","itemListElement":[{"@type":"ListItem","position":1,"name":"Home","item":"https:\/\/www.manaus.am.gov.br\/implurb\/"},{"@type":"ListItem","position":2,"name":"Prefeito vistoria obras da segunda etapa do parque Amazonino Mendes"}]},{"@type":"WebSite","@id":"https:\/\/www.manaus.am.gov.br\/implurb\/#website","url":"https:\/\/www.manaus.am.gov.br\/implurb\/","name":"IMPLURB","description":"Prefeitura de Manaus","potentialAction":[{"@type":"SearchAction","target":{"@type":"EntryPoint","urlTemplate":"https:\/\/www.manaus.am.gov.br\/implurb\/?s={search_term_string}"},"query-input":"required name=search_term_string"}],"inLanguage":"pt-BR"},{"@type":"Person","@id":"https:\/\/www.manaus.am.gov.br\/implurb\/#\/schema\/person\/a5ee5376db6e21af026374b369f30882","name":"Thiago Fernando","image":{"@type":"ImageObject","inLanguage":"pt-BR","@id":"https:\/\/www.manaus.am.gov.br\/implurb\/#\/schema\/person\/image\/","url":"https:\/\/secure.gravatar.com\/avatar\/f5aab8722444041451501c077052ac07?s=96&d=mm&r=g","contentUrl":"https:\/\/secure.gravatar.com\/avatar\/f5aab8722444041451501c077052ac07?s=96&d=mm&r=g","caption":"Thiago Fernando"}}]}},"_links":{"self":[{"href":"https:\/\/www.manaus.am.gov.br\/implurb\/wp-json\/wp\/v2\/posts\/3991"}],"collection":[{"href":"https:\/\/www.manaus.am.gov.br\/implurb\/wp-json\/wp\/v2\/posts"}],"about":[{"href":"https:\/\/www.manaus.am.gov.br\/implurb\/wp-json\/wp\/v2\/types\/post"}],"author":[{"embeddable":true,"href":"https:\/\/www.manaus.am.gov.br\/implurb\/wp-json\/wp\/v2\/users\/57"}],"replies":[{"embeddable":true,"href":"https:\/\/www.manaus.am.gov.br\/implurb\/wp-json\/wp\/v2\/comments?post=3991"}],"version-history":[{"count":0,"href":"https:\/\/www.manaus.am.gov.br\/implurb\/wp-json\/wp\/v2\/posts\/3991\/revisions"}],"wp:featuredmedia":[{"embeddable":true,"href":"https:\/\/www.manaus.am.gov.br\/implurb\/wp-json\/wp\/v2\/media\/3992"}],"wp:attachment":[{"href":"https:\/\/www.manaus.am.gov.br\/implurb\/wp-json\/wp\/v2\/media?parent=3991"}],"wp:term":[{"taxonomy":"category","embeddable":true,"href":"https:\/\/www.manaus.am.gov.br\/implurb\/wp-json\/wp\/v2\/categories?post=3991"},{"taxonomy":"post_tag","embeddable":true,"href":"https:\/\/www.manaus.am.gov.br\/implurb\/wp-json\/wp\/v2\/tags?post=3991"}],"curies":[{"name":"wp","href":"https:\/\/api.w.org\/{rel}","templated":true}]}}