{"id":3986,"date":"2024-02-28T10:07:00","date_gmt":"2024-02-28T14:07:00","guid":{"rendered":"https:\/\/www.manaus.am.gov.br\/implurb\/implurb-vistoria-imoveis\/"},"modified":"2024-02-28T10:07:00","modified_gmt":"2024-02-28T14:07:00","slug":"implurb-vistoria-imoveis","status":"publish","type":"post","link":"https:\/\/www.manaus.am.gov.br\/implurb\/implurb-vistoria-imoveis\/","title":{"rendered":"Prefeitura finaliza monitoramento de im\u00f3veis na avenida 7 de Setembro para atualizar decreto municipal"},"content":{"rendered":"\n<p>Equipe da Prefeitura de Manaus finalizou o primeiro trecho de trabalhos de monitoramento, vistoria e atualiza\u00e7\u00e3o de fichas cadastrais de im\u00f3veis hist\u00f3ricos e de interesse de preserva\u00e7\u00e3o na avenida 7 de Setembro, no Centro, zona Sul. Os trabalhos nessa via foram finalizados na ter\u00e7a-feira (27\/2), totalizando 106 edifica\u00e7\u00f5es monitoradas, o que representa em torno de 6% em rela\u00e7\u00e3o a todo o Centro.<\/p>\n\n\n\n<p>Os servi\u00e7os s\u00e3o para atualizar o Decreto Municipal 7.176\/2004, com trabalhos de vistoria t\u00e9cnica e monitoramento de unidades hist\u00f3ricas do centro da capital, incluindo 1.656 im\u00f3veis e terrenos, dez pra\u00e7as e 11 armaz\u00e9ns de porto. As a\u00e7\u00f5es s\u00e3o realizadas todas as ter\u00e7as e quintas-feiras, no per\u00edodo da tarde.<\/p>\n\n\n\n<p>O conjunto est\u00e1 listado no decreto que&nbsp;estabelece o setor especial das unidades de interesse de preserva\u00e7\u00e3o no centro hist\u00f3rico, e as edifica\u00e7\u00f5es e lotes passam por invent\u00e1rio realizado pela equipe da Ger\u00eancia de Patrim\u00f4nio Hist\u00f3rico (GPH), do Instituto Municipal de Planejamento Urbano (Implurb).<\/p>\n\n\n\n<p>\u201cO monitoramento \u00e9 um trabalho de acompanhamento das unidades e atualiza\u00e7\u00e3o dos cadastros para saber as condi\u00e7\u00f5es em que elas se encontram. A finalidade do monitoramento \u00e9 saber como os im\u00f3veis est\u00e3o sendo usados, se est\u00e1 tendo alguma degrada\u00e7\u00e3o, se est\u00e1 abandonado, se ainda continua com o mesmo uso. E a popula\u00e7\u00e3o pode ajudar dando informa\u00e7\u00f5es, especialmente, sobre im\u00f3veis no centro antigo que est\u00e3o abandonados ou em degrada\u00e7\u00e3o, ou sendo alvo de vandalismo e depreda\u00e7\u00e3o, ligando para o 3625-6577, do GPH\u201d, explicou a gerente do setor, arquiteta e urbanista Landa Bernardo.<\/p>\n\n\n\n<p>O monitoramento envolve as edifica\u00e7\u00f5es da lista com&nbsp;verifica\u00e7\u00e3o&nbsp;<em>in loco<\/em>&nbsp;dos im\u00f3veis; situa\u00e7\u00e3o e condi\u00e7\u00e3o do bem, se est\u00e1 em uso, abandonado ou em depreda\u00e7\u00e3o; adequa\u00e7\u00e3o de publicidade; e atualiza\u00e7\u00e3o da ficha de cadastro. Tamb\u00e9m em campo, os arquitetos e t\u00e9cnicos do Implurb v\u00e3o verificar poss\u00edveis danos aos pr\u00e9dios, casar\u00f5es e similares, assim como se ocorreram altera\u00e7\u00f5es no patrim\u00f4nio ou obras irregulares.<\/p>\n\n\n\n<p>A ficha de cadastro serve para identifica\u00e7\u00e3o, cataloga\u00e7\u00e3o e prote\u00e7\u00e3o dos bens de valor significativo, apresentando informa\u00e7\u00f5es como condi\u00e7\u00f5es estruturais; n\u00edveis de umidade e condi\u00e7\u00f5es ambientais; seguran\u00e7a contra inc\u00eandios; mudan\u00e7as de uso e riscos de vandalismo; manuten\u00e7\u00e3o e reparos, com registro de obras e interven\u00e7\u00f5es realizadas; e acessibilidade. Durante a vistoria e monitoramento ainda s\u00e3o feitas novas fotos.<\/p>\n\n\n\n<p>\u201cO monitoramento ainda \u00e9 importante para confirmar o est\u00e1gio de abandono, quando ocorrer, se vem sofrendo invas\u00e3o para serem usados de forma inadequada, como moradia insalubre, por exemplo\u201d, disse Landa Bernardo.<\/p>\n\n\n\n<p>A arquiteta ressalta a import\u00e2ncia dos moradores do Centro de manterem&nbsp;seus im\u00f3veis bem conservados&nbsp;e com manuten\u00e7\u00e3o, especialmente os que fazem parte da listagem do centro antigo. \u201cAs unidades particulares s\u00e3o de responsabilidade de seus propriet\u00e1rios. A salvaguarda e a manuten\u00e7\u00e3o desses im\u00f3veis s\u00e3o de responsabilidade dos seus donos e os propriet\u00e1rios precisam come\u00e7ar, realmente, a conservar, manter, proteger, evitando o abandono, o vandalismo e a ocupa\u00e7\u00e3o indevida, garantindo a preserva\u00e7\u00e3o da edifica\u00e7\u00e3o e a seguran\u00e7a do entorno\u201d, comentou Landa.<\/p>\n\n\n\n<p>\u00c9 na vistoria que se realiza o registro fotogr\u00e1fico do local e seu entorno imediato, o qual passa a integrar o hist\u00f3rico do estoque de bens protegidos. Nas vistorias, os dados e imagens das unidades de interesse de preserva\u00e7\u00e3o servem para abastecer o banco de dados no Implurb, no sistema ArcGis.<\/p>\n\n\n\n<p>A GPH tem atendimento presencial \u00e0s segundas, quartas e sextas, das 8h \u00e0s 11h, mas den\u00fancias e informa\u00e7\u00f5es podem ser encaminhadas pelo telefone (92) 3625-6577, de segunda a sexta, no mesmo hor\u00e1rio.<\/p>\n\n\n\n<p><strong>Territ\u00f3rio<\/strong><\/p>\n\n\n\n<p>A revitaliza\u00e7\u00e3o, requalifica\u00e7\u00e3o e regenera\u00e7\u00e3o do Centro Hist\u00f3rico de Manaus tem como foco o melhor aproveitamento da regi\u00e3o central, local que guarda valorosa riqueza cultural e patrimonial. A Prefeitura de Manaus lan\u00e7ou, em 2021, o programa \u201cNosso Centro\u201d, que visa o resgate econ\u00f4mico da \u00e1rea, envolvendo a\u00e7\u00f5es de economia, turismo, hist\u00f3ria, empreendedorismo, cultura, arte e habita\u00e7\u00e3o.<\/p>\n\n\n\n<p>&#8212; &#8212; &#8212;<\/p>\n\n\n\n<p><strong>Texto<\/strong>&nbsp;\u2013 Claudia do Valle\/Implurb<\/p>\n\n\n\n<p><strong>Fotos<\/strong>&nbsp;\u2013 Valdo Le\u00e3o\/Semcom<\/p>\n\n\n\n<p><strong>Dispon\u00edveis em &#8211;&nbsp;<\/strong><a href=\"https:\/\/flic.kr\/s\/aHBqjBePhJ\" target=\"_blank\" rel=\"noreferrer noopener\">https:\/\/flic.kr\/s\/aHBqjBePhJ<\/a><\/p>\n","protected":false},"excerpt":{"rendered":"","protected":false},"author":23,"featured_media":3987,"comment_status":"closed","ping_status":"closed","sticky":false,"template":"","format":"standard","meta":{"footnotes":""},"categories":[37],"tags":[79,313,260,11,1329,15,1381],"acf":[],"yoast_head":"<!-- This site is optimized with the Yoast SEO plugin v23.0 - https:\/\/yoast.com\/wordpress\/plugins\/seo\/ -->\n<title>Prefeitura finaliza monitoramento de im\u00f3veis na avenida 7 de Setembro para atualizar decreto municipal<\/title>\n<meta name=\"description\" content=\"Equipe da Prefeitura de Manaus finalizou o primeiro trecho de trabalhos de monitoramento, vistoria e atualiza\u00e7\u00e3o de fichas cadastrais de im\u00f3veis hist\u00f3ricos e de interesse de preserva\u00e7\u00e3o na avenida 7 de Setembro, no Centro, zona Sul. Os trabalhos nessa via foram finalizados na ter\u00e7a-feira (27\/2), totalizando 106 edifica\u00e7\u00f5es monitoradas, o que representa em torno de 6% em rela\u00e7\u00e3o a todo o Centro.\" \/>\n<meta name=\"robots\" content=\"noindex, follow\" \/>\n<meta property=\"og:locale\" content=\"pt_BR\" \/>\n<meta property=\"og:type\" content=\"article\" \/>\n<meta property=\"og:title\" content=\"Prefeitura finaliza monitoramento de im\u00f3veis na avenida 7 de Setembro para atualizar decreto municipal\" \/>\n<meta property=\"og:description\" content=\"Equipe da Prefeitura de Manaus finalizou o primeiro trecho de trabalhos de monitoramento, vistoria e atualiza\u00e7\u00e3o de fichas cadastrais de im\u00f3veis hist\u00f3ricos e de interesse de preserva\u00e7\u00e3o na avenida 7 de Setembro, no Centro, zona Sul. Os trabalhos nessa via foram finalizados na ter\u00e7a-feira (27\/2), totalizando 106 edifica\u00e7\u00f5es monitoradas, o que representa em torno de 6% em rela\u00e7\u00e3o a todo o Centro.\" \/>\n<meta property=\"og:url\" content=\"https:\/\/www.manaus.am.gov.br\/implurb\/implurb-vistoria-imoveis\/\" \/>\n<meta property=\"og:site_name\" content=\"IMPLURB\" \/>\n<meta property=\"article:published_time\" content=\"2024-02-28T14:07:00+00:00\" \/>\n<meta property=\"og:image\" content=\"https:\/\/www.manaus.am.gov.br\/implurb\/wp-content\/uploads\/sites\/13\/2024\/02\/53541857636_e9b674ccab_c.jpg\" \/>\n\t<meta property=\"og:image:width\" content=\"799\" \/>\n\t<meta property=\"og:image:height\" content=\"533\" \/>\n\t<meta property=\"og:image:type\" content=\"image\/jpeg\" \/>\n<meta name=\"author\" content=\"Adriana Costa\" \/>\n<meta name=\"twitter:card\" content=\"summary_large_image\" \/>\n<meta name=\"twitter:label1\" content=\"Written by\" \/>\n\t<meta name=\"twitter:data1\" content=\"Adriana Costa\" \/>\n\t<meta name=\"twitter:label2\" content=\"Est. reading time\" \/>\n\t<meta name=\"twitter:data2\" content=\"4 minutos\" \/>\n<script type=\"application\/ld+json\" class=\"yoast-schema-graph\">{\"@context\":\"https:\/\/schema.org\",\"@graph\":[{\"@type\":\"WebPage\",\"@id\":\"https:\/\/www.manaus.am.gov.br\/implurb\/implurb-vistoria-imoveis\/\",\"url\":\"https:\/\/www.manaus.am.gov.br\/implurb\/implurb-vistoria-imoveis\/\",\"name\":\"Prefeitura finaliza monitoramento de im\u00f3veis na avenida 7 de Setembro para atualizar decreto municipal\",\"isPartOf\":{\"@id\":\"https:\/\/www.manaus.am.gov.br\/implurb\/#website\"},\"primaryImageOfPage\":{\"@id\":\"https:\/\/www.manaus.am.gov.br\/implurb\/implurb-vistoria-imoveis\/#primaryimage\"},\"image\":{\"@id\":\"https:\/\/www.manaus.am.gov.br\/implurb\/implurb-vistoria-imoveis\/#primaryimage\"},\"thumbnailUrl\":\"https:\/\/www.manaus.am.gov.br\/implurb\/wp-content\/uploads\/sites\/13\/2024\/02\/53541857636_e9b674ccab_c.jpg\",\"datePublished\":\"2024-02-28T14:07:00+00:00\",\"dateModified\":\"2024-02-28T14:07:00+00:00\",\"author\":{\"@id\":\"https:\/\/www.manaus.am.gov.br\/implurb\/#\/schema\/person\/4e49f4e267757a06ca072ec61b2b9968\"},\"description\":\"Equipe da Prefeitura de Manaus finalizou o primeiro trecho de trabalhos de monitoramento, vistoria e atualiza\u00e7\u00e3o de fichas cadastrais de im\u00f3veis hist\u00f3ricos e de interesse de preserva\u00e7\u00e3o na avenida 7 de Setembro, no Centro, zona Sul. Os trabalhos nessa via foram finalizados na ter\u00e7a-feira (27\/2), totalizando 106 edifica\u00e7\u00f5es monitoradas, o que representa em torno de 6% em rela\u00e7\u00e3o a todo o Centro.\",\"breadcrumb\":{\"@id\":\"https:\/\/www.manaus.am.gov.br\/implurb\/implurb-vistoria-imoveis\/#breadcrumb\"},\"inLanguage\":\"pt-BR\",\"potentialAction\":[{\"@type\":\"ReadAction\",\"target\":[\"https:\/\/www.manaus.am.gov.br\/implurb\/implurb-vistoria-imoveis\/\"]}]},{\"@type\":\"ImageObject\",\"inLanguage\":\"pt-BR\",\"@id\":\"https:\/\/www.manaus.am.gov.br\/implurb\/implurb-vistoria-imoveis\/#primaryimage\",\"url\":\"https:\/\/www.manaus.am.gov.br\/implurb\/wp-content\/uploads\/sites\/13\/2024\/02\/53541857636_e9b674ccab_c.jpg\",\"contentUrl\":\"https:\/\/www.manaus.am.gov.br\/implurb\/wp-content\/uploads\/sites\/13\/2024\/02\/53541857636_e9b674ccab_c.jpg\",\"width\":799,\"height\":533},{\"@type\":\"BreadcrumbList\",\"@id\":\"https:\/\/www.manaus.am.gov.br\/implurb\/implurb-vistoria-imoveis\/#breadcrumb\",\"itemListElement\":[{\"@type\":\"ListItem\",\"position\":1,\"name\":\"Home\",\"item\":\"https:\/\/www.manaus.am.gov.br\/implurb\/\"},{\"@type\":\"ListItem\",\"position\":2,\"name\":\"Prefeitura finaliza monitoramento de im\u00f3veis na avenida 7 de Setembro para atualizar decreto municipal\"}]},{\"@type\":\"WebSite\",\"@id\":\"https:\/\/www.manaus.am.gov.br\/implurb\/#website\",\"url\":\"https:\/\/www.manaus.am.gov.br\/implurb\/\",\"name\":\"IMPLURB\",\"description\":\"Prefeitura de Manaus\",\"potentialAction\":[{\"@type\":\"SearchAction\",\"target\":{\"@type\":\"EntryPoint\",\"urlTemplate\":\"https:\/\/www.manaus.am.gov.br\/implurb\/?s={search_term_string}\"},\"query-input\":\"required name=search_term_string\"}],\"inLanguage\":\"pt-BR\"},{\"@type\":\"Person\",\"@id\":\"https:\/\/www.manaus.am.gov.br\/implurb\/#\/schema\/person\/4e49f4e267757a06ca072ec61b2b9968\",\"name\":\"Adriana Costa\",\"image\":{\"@type\":\"ImageObject\",\"inLanguage\":\"pt-BR\",\"@id\":\"https:\/\/www.manaus.am.gov.br\/implurb\/#\/schema\/person\/image\/\",\"url\":\"https:\/\/secure.gravatar.com\/avatar\/576258617ef7194f718179e766d57bd4?s=96&d=mm&r=g\",\"contentUrl\":\"https:\/\/secure.gravatar.com\/avatar\/576258617ef7194f718179e766d57bd4?s=96&d=mm&r=g\",\"caption\":\"Adriana Costa\"}}]}<\/script>\n<!-- \/ Yoast SEO plugin. -->","yoast_head_json":{"title":"Prefeitura finaliza monitoramento de im\u00f3veis na avenida 7 de Setembro para atualizar decreto municipal","description":"Equipe da Prefeitura de Manaus finalizou o primeiro trecho de trabalhos de monitoramento, vistoria e atualiza\u00e7\u00e3o de fichas cadastrais de im\u00f3veis hist\u00f3ricos e de interesse de preserva\u00e7\u00e3o na avenida 7 de Setembro, no Centro, zona Sul. Os trabalhos nessa via foram finalizados na ter\u00e7a-feira (27\/2), totalizando 106 edifica\u00e7\u00f5es monitoradas, o que representa em torno de 6% em rela\u00e7\u00e3o a todo o Centro.","robots":{"index":"noindex","follow":"follow"},"og_locale":"pt_BR","og_type":"article","og_title":"Prefeitura finaliza monitoramento de im\u00f3veis na avenida 7 de Setembro para atualizar decreto municipal","og_description":"Equipe da Prefeitura de Manaus finalizou o primeiro trecho de trabalhos de monitoramento, vistoria e atualiza\u00e7\u00e3o de fichas cadastrais de im\u00f3veis hist\u00f3ricos e de interesse de preserva\u00e7\u00e3o na avenida 7 de Setembro, no Centro, zona Sul. Os trabalhos nessa via foram finalizados na ter\u00e7a-feira (27\/2), totalizando 106 edifica\u00e7\u00f5es monitoradas, o que representa em torno de 6% em rela\u00e7\u00e3o a todo o Centro.","og_url":"https:\/\/www.manaus.am.gov.br\/implurb\/implurb-vistoria-imoveis\/","og_site_name":"IMPLURB","article_published_time":"2024-02-28T14:07:00+00:00","og_image":[{"width":799,"height":533,"url":"https:\/\/www.manaus.am.gov.br\/implurb\/wp-content\/uploads\/sites\/13\/2024\/02\/53541857636_e9b674ccab_c.jpg","type":"image\/jpeg"}],"author":"Adriana Costa","twitter_card":"summary_large_image","twitter_misc":{"Written by":"Adriana Costa","Est. reading time":"4 minutos"},"schema":{"@context":"https:\/\/schema.org","@graph":[{"@type":"WebPage","@id":"https:\/\/www.manaus.am.gov.br\/implurb\/implurb-vistoria-imoveis\/","url":"https:\/\/www.manaus.am.gov.br\/implurb\/implurb-vistoria-imoveis\/","name":"Prefeitura finaliza monitoramento de im\u00f3veis na avenida 7 de Setembro para atualizar decreto municipal","isPartOf":{"@id":"https:\/\/www.manaus.am.gov.br\/implurb\/#website"},"primaryImageOfPage":{"@id":"https:\/\/www.manaus.am.gov.br\/implurb\/implurb-vistoria-imoveis\/#primaryimage"},"image":{"@id":"https:\/\/www.manaus.am.gov.br\/implurb\/implurb-vistoria-imoveis\/#primaryimage"},"thumbnailUrl":"https:\/\/www.manaus.am.gov.br\/implurb\/wp-content\/uploads\/sites\/13\/2024\/02\/53541857636_e9b674ccab_c.jpg","datePublished":"2024-02-28T14:07:00+00:00","dateModified":"2024-02-28T14:07:00+00:00","author":{"@id":"https:\/\/www.manaus.am.gov.br\/implurb\/#\/schema\/person\/4e49f4e267757a06ca072ec61b2b9968"},"description":"Equipe da Prefeitura de Manaus finalizou o primeiro trecho de trabalhos de monitoramento, vistoria e atualiza\u00e7\u00e3o de fichas cadastrais de im\u00f3veis hist\u00f3ricos e de interesse de preserva\u00e7\u00e3o na avenida 7 de Setembro, no Centro, zona Sul. Os trabalhos nessa via foram finalizados na ter\u00e7a-feira (27\/2), totalizando 106 edifica\u00e7\u00f5es monitoradas, o que representa em torno de 6% em rela\u00e7\u00e3o a todo o Centro.","breadcrumb":{"@id":"https:\/\/www.manaus.am.gov.br\/implurb\/implurb-vistoria-imoveis\/#breadcrumb"},"inLanguage":"pt-BR","potentialAction":[{"@type":"ReadAction","target":["https:\/\/www.manaus.am.gov.br\/implurb\/implurb-vistoria-imoveis\/"]}]},{"@type":"ImageObject","inLanguage":"pt-BR","@id":"https:\/\/www.manaus.am.gov.br\/implurb\/implurb-vistoria-imoveis\/#primaryimage","url":"https:\/\/www.manaus.am.gov.br\/implurb\/wp-content\/uploads\/sites\/13\/2024\/02\/53541857636_e9b674ccab_c.jpg","contentUrl":"https:\/\/www.manaus.am.gov.br\/implurb\/wp-content\/uploads\/sites\/13\/2024\/02\/53541857636_e9b674ccab_c.jpg","width":799,"height":533},{"@type":"BreadcrumbList","@id":"https:\/\/www.manaus.am.gov.br\/implurb\/implurb-vistoria-imoveis\/#breadcrumb","itemListElement":[{"@type":"ListItem","position":1,"name":"Home","item":"https:\/\/www.manaus.am.gov.br\/implurb\/"},{"@type":"ListItem","position":2,"name":"Prefeitura finaliza monitoramento de im\u00f3veis na avenida 7 de Setembro para atualizar decreto municipal"}]},{"@type":"WebSite","@id":"https:\/\/www.manaus.am.gov.br\/implurb\/#website","url":"https:\/\/www.manaus.am.gov.br\/implurb\/","name":"IMPLURB","description":"Prefeitura de Manaus","potentialAction":[{"@type":"SearchAction","target":{"@type":"EntryPoint","urlTemplate":"https:\/\/www.manaus.am.gov.br\/implurb\/?s={search_term_string}"},"query-input":"required name=search_term_string"}],"inLanguage":"pt-BR"},{"@type":"Person","@id":"https:\/\/www.manaus.am.gov.br\/implurb\/#\/schema\/person\/4e49f4e267757a06ca072ec61b2b9968","name":"Adriana Costa","image":{"@type":"ImageObject","inLanguage":"pt-BR","@id":"https:\/\/www.manaus.am.gov.br\/implurb\/#\/schema\/person\/image\/","url":"https:\/\/secure.gravatar.com\/avatar\/576258617ef7194f718179e766d57bd4?s=96&d=mm&r=g","contentUrl":"https:\/\/secure.gravatar.com\/avatar\/576258617ef7194f718179e766d57bd4?s=96&d=mm&r=g","caption":"Adriana Costa"}}]}},"_links":{"self":[{"href":"https:\/\/www.manaus.am.gov.br\/implurb\/wp-json\/wp\/v2\/posts\/3986"}],"collection":[{"href":"https:\/\/www.manaus.am.gov.br\/implurb\/wp-json\/wp\/v2\/posts"}],"about":[{"href":"https:\/\/www.manaus.am.gov.br\/implurb\/wp-json\/wp\/v2\/types\/post"}],"author":[{"embeddable":true,"href":"https:\/\/www.manaus.am.gov.br\/implurb\/wp-json\/wp\/v2\/users\/23"}],"replies":[{"embeddable":true,"href":"https:\/\/www.manaus.am.gov.br\/implurb\/wp-json\/wp\/v2\/comments?post=3986"}],"version-history":[{"count":0,"href":"https:\/\/www.manaus.am.gov.br\/implurb\/wp-json\/wp\/v2\/posts\/3986\/revisions"}],"wp:featuredmedia":[{"embeddable":true,"href":"https:\/\/www.manaus.am.gov.br\/implurb\/wp-json\/wp\/v2\/media\/3987"}],"wp:attachment":[{"href":"https:\/\/www.manaus.am.gov.br\/implurb\/wp-json\/wp\/v2\/media?parent=3986"}],"wp:term":[{"taxonomy":"category","embeddable":true,"href":"https:\/\/www.manaus.am.gov.br\/implurb\/wp-json\/wp\/v2\/categories?post=3986"},{"taxonomy":"post_tag","embeddable":true,"href":"https:\/\/www.manaus.am.gov.br\/implurb\/wp-json\/wp\/v2\/tags?post=3986"}],"curies":[{"name":"wp","href":"https:\/\/api.w.org\/{rel}","templated":true}]}}