{"id":3919,"date":"2024-02-16T12:10:57","date_gmt":"2024-02-16T16:10:57","guid":{"rendered":"https:\/\/www.manaus.am.gov.br\/implurb\/prefeitura-participa-de-seminario-sobre-reabilitacao-de-areas-centrais-com-bndes-e-porto-digital\/"},"modified":"2024-02-16T12:11:36","modified_gmt":"2024-02-16T16:11:36","slug":"seminario-sobre-reabilitacao-de-areas-centrais","status":"publish","type":"post","link":"https:\/\/www.manaus.am.gov.br\/implurb\/seminario-sobre-reabilitacao-de-areas-centrais\/","title":{"rendered":"Prefeitura participa de semin\u00e1rio sobre Reabilita\u00e7\u00e3o de \u00c1reas Centrais com BNDES e Porto Digital"},"content":{"rendered":"\n<p>Nos dias 26 e 27 de fevereiro, em Recife (PE), a Prefeitura de Manaus participa do 2\u00ba Semin\u00e1rio de Reabilita\u00e7\u00e3o de \u00c1reas Centrais promovido pelo Banco Nacional de Desenvolvimento Econ\u00f4mico e Social (BNDES) e o N\u00facleo de Gest\u00e3o do Porto Digital (NGPD), que visa compartilhar experi\u00eancias, conquistas, aprendizados e impactos alcan\u00e7ados por meio do projeto, promovendo debate e reflex\u00e3o sobre melhores pr\u00e1ticas e caminhos para a reabilita\u00e7\u00e3o urbana.<\/p>\n\n\n\n<p>Desde 2021, a Prefeitura de Manaus trilha esse caminho com o lan\u00e7amento, com recursos de fonte pr\u00f3pria, do programa \u201cNosso Centro\u201d, com o objetivo de requalificar \u00e1reas centrais da capital, tendo hoje quatro obras em conclus\u00e3o no territ\u00f3rio: mirante L\u00facia Almeida, casar\u00e3o Thiago de Mello, largo de S\u00e3o Vicente e p\u00eder tur\u00edstico.<\/p>\n\n\n\n<p>\u201cExiste um grupo de cidades com projetos de reabilita\u00e7\u00e3o de \u00e1reas centrais e Manaus \u00e9 uma dessas capitais. Nesse semin\u00e1rio, em Recife, ser\u00e3o apresentadas experi\u00eancias do Maranh\u00e3o e de Pernambuco, al\u00e9m dos&nbsp;<em>cases<\/em>&nbsp;sobre reabilita\u00e7\u00e3o, diretrizes urban\u00edsticas, preserva\u00e7\u00e3o e normas. O BNDES, que est\u00e1 patrocinando o semin\u00e1rio, pode formatar um programa de investimentos em projetos de reabilita\u00e7\u00e3o para \u00e1reas centrais e Manaus \u00e9 uma candidata a receber investimentos\u201d, explicou o diretor-presidente do Instituto Municipal de Planejamento Urbano (Implurb), Carlos Valente.<\/p>\n\n\n\n<p>O evento&nbsp;trar\u00e1 \u00e0 exposi\u00e7\u00e3o e ao debate as melhores pr\u00e1ticas, nacionais e internacionais, voltadas \u00e0 reabilita\u00e7\u00e3o de territ\u00f3rios e tecidos hist\u00f3ricos, apresentando modelagens inovadoras, casos de sucesso e ainda temas paralelos relacionados \u00e0 cidade, como legisla\u00e7\u00f5es de indu\u00e7\u00e3o urban\u00edstica.<\/p>\n\n\n\n<p>O objetivo \u00e9 que o projeto-piloto de Recife, do Porto Digital, possa ser replicado em outras cidades brasileiras com as devidas adequa\u00e7\u00f5es \u00e0s realidades urbanas, culturais, sociais e econ\u00f4micas. A&nbsp;Organiza\u00e7\u00e3o das Cidades Brasileiras Patrim\u00f4nio Mundial (OCBPM) tamb\u00e9m participa da programa\u00e7\u00e3o.<\/p>\n\n\n\n<p>\u201c\u00c9 um semin\u00e1rio com p\u00fablico restrito e Manaus vai apresentar seus pleitos, para que possa ser contemplada em eventuais programas do BNDES\u201d, completou Valente.<\/p>\n\n\n\n<p>O projeto-piloto do banco desenvolveu, com base na realidade de din\u00e2micas, caracter\u00edsticas, riscos e oportunidades do centro da cidade de Recife, modelos e mecanismos econ\u00f4mico-financeiros, legal-jur\u00eddicos e urban\u00edsticos-estrat\u00e9gicos, para mobilizar interesses e investimentos, p\u00fablicos e privados, em torno de processos de reabilita\u00e7\u00e3o de \u00e1reas centrais.<\/p>\n\n\n\n<p><strong>\u201cNosso Centro\u201d<\/strong><\/p>\n\n\n\n<p>Em Manaus, a prefeitura trabalha com o programa \u201cNosso Centro\u201d, que visa o resgate do centro hist\u00f3rico da capital amazonense,&nbsp;envolvendo a\u00e7\u00f5es de economia, turismo, hist\u00f3ria, empreendedorismo, cultura, arte e habita\u00e7\u00e3o. S\u00e3o&nbsp;tr\u00eas&nbsp;eixos&nbsp;de atua\u00e7\u00e3o \u2013 \u201cMais Vida\u201d, \u201cMais Neg\u00f3cios\u201d e \u201cMais Hist\u00f3ria\u201d \u2013; quatro obras em execu\u00e7\u00e3o; e ao menos tr\u00eas etapas de implanta\u00e7\u00e3o e matriz de responsabilidade, envolvendo atua\u00e7\u00e3o em&nbsp;governan\u00e7a, incentivos fiscais, inova\u00e7\u00e3o e investimentos p\u00fablicos.<\/p>\n\n\n\n<p>A iniciativa tem previs\u00e3o de planos de manuten\u00e7\u00e3o, de cuidado, desenvolvimento das potencialidades econ\u00f4micas, arquitet\u00f4nicas, hist\u00f3ricas e culturais de forma integrada na regi\u00e3o, com a\u00e7\u00f5es de curto, m\u00e9dio e longo prazos.<\/p>\n\n\n\n<p>\u201cQuando o prefeito David Almeida montou seu plano de governo, ele deu destaque ao&nbsp;Centro&nbsp;e teve in\u00edcio o \u2018Nosso&nbsp;Centro\u2019, com seus eixos. Estamos na fase de finaliza\u00e7\u00e3o das primeiras obras, oferecendo novas instala\u00e7\u00f5es, atra\u00e7\u00e3o para o turismo, opera\u00e7\u00f5es de gastronomia, lazer e cultura naquele ponto. Outro eixo \u00e9 o de desenvolver programas habitacionais e contamos com a Secretaria Municipal de Habita\u00e7\u00e3o e Regulariza\u00e7\u00e3o Fundi\u00e1ria (Semhaf); e um terceiro tem foco na melhoria do potencial construtivo para a \u00e1rea\u201d, explicou Carlos Valente.<\/p>\n\n\n\n<p>De acordo com o&nbsp;Instituto Nacional de Patrim\u00f4nio Hist\u00f3rico e Art\u00edstico (Iphan), o Brasil possui 88 conjuntos urbanos protegidos em todo o pa\u00eds.<\/p>\n\n\n\n<p><strong>BNDES e Porto Digital<\/strong><\/p>\n\n\n\n<p>O projeto do BNDES se prop\u00f5e a desenvolver um ve\u00edculo de gest\u00e3o piloto, conciliando esfor\u00e7os p\u00fablicos e privados, voltados \u00e0 reabilita\u00e7\u00e3o em larga escala de \u00e1reas hist\u00f3ricas e patrim\u00f4nios edificados.<\/p>\n\n\n\n<p>O Porto Digital \u00e9 um dos principais parques tecnol\u00f3gicos e ambientes de inova\u00e7\u00e3o do Brasil e \u00e9 um dos representantes da nova economia do Estado de Pernambuco. Instalado na \u00e1rea central do Recife, sua atua\u00e7\u00e3o se d\u00e1 nos eixos de produ\u00e7\u00e3o de software e servi\u00e7os de Tecnologia da Informa\u00e7\u00e3o e Comunica\u00e7\u00e3o (TIC), economia criativa, al\u00e9m do foco no futuro das cidades por meio de prototipa\u00e7\u00e3o com base em fabrica\u00e7\u00e3o digital e internet das coisas (IoT).<\/p>\n\n\n\n<p>O Porto Digital \u00e9 um parque urbano e aberto instalado no centro hist\u00f3rico do bairro do Recife, mas j\u00e1 conta com \u00e1reas de expans\u00e3o para os bairros de Santo Ant\u00f4nio, S\u00e3o Jos\u00e9 e Santo Amaro &#8211; o que totaliza uma \u00e1rea total de 171 hectares na capital pernambucana. A regi\u00e3o, antes degradada e de pouca influ\u00eancia na economia local, vem sendo requalificada de forma acelerada em termos urban\u00edsticos, imobili\u00e1rios e de recupera\u00e7\u00e3o do patrim\u00f4nio hist\u00f3rico edificado. Desde a funda\u00e7\u00e3o do parque tecnol\u00f3gico, em 2000, j\u00e1 foram restaurados mais de 138 mil metros quadrados de im\u00f3veis hist\u00f3ricos.<\/p>\n\n\n\n<p>O Porto Digital \u00e9 fruto e refer\u00eancia nacional de uma a\u00e7\u00e3o coordenada entre governo, academia e empresas, conhecido como modelo &#8220;Triple Helix&#8221;.&nbsp;<\/p>\n\n\n\n<p>&#8212; &#8212; &#8212;<\/p>\n\n\n\n<p><strong>Texto<\/strong> \u2013 Claudia do Valle \/ Implurb<\/p>\n\n\n\n<p><strong>Fotos&nbsp;<\/strong>\u2013 Cl\u00f3vis Miranda \/&nbsp;Arquivo Semcom e Implurb \/ Divulga\u00e7\u00e3o<\/p>\n\n\n\n<p><strong>Dispon\u00edveis em<\/strong>&nbsp;\u2013&nbsp;<a href=\"https:\/\/flic.kr\/s\/aHBqjBbDen\">https:\/\/flic.kr\/s\/aHBqjBbDen<\/a><\/p>\n","protected":false},"excerpt":{"rendered":"","protected":false},"author":39,"featured_media":3920,"comment_status":"closed","ping_status":"closed","sticky":false,"template":"","format":"standard","meta":{"footnotes":""},"categories":[1136],"tags":[1351,1352,1353,1354,15,514,1355],"acf":[],"yoast_head":"<!-- This site is optimized with the Yoast SEO plugin v23.0 - https:\/\/yoast.com\/wordpress\/plugins\/seo\/ -->\n<title>2\u00ba Semin\u00e1rio de Reabilita\u00e7\u00e3o de \u00c1reas Centrais<\/title>\n<meta name=\"description\" content=\"Prefeitura de Manaus participa do 2\u00ba Semin\u00e1rio de Reabilita\u00e7\u00e3o de \u00c1reas Centrais promovido pelo BNDES e o NGPD.\" \/>\n<meta name=\"robots\" content=\"noindex, follow\" \/>\n<meta property=\"og:locale\" content=\"pt_BR\" \/>\n<meta property=\"og:type\" content=\"article\" \/>\n<meta property=\"og:title\" content=\"2\u00ba Semin\u00e1rio de Reabilita\u00e7\u00e3o de \u00c1reas Centrais\" \/>\n<meta property=\"og:description\" content=\"Prefeitura de Manaus participa do 2\u00ba Semin\u00e1rio de Reabilita\u00e7\u00e3o de \u00c1reas Centrais promovido pelo BNDES e o NGPD.\" \/>\n<meta property=\"og:url\" content=\"https:\/\/www.manaus.am.gov.br\/implurb\/seminario-sobre-reabilitacao-de-areas-centrais\/\" \/>\n<meta property=\"og:site_name\" content=\"IMPLURB\" \/>\n<meta property=\"article:published_time\" content=\"2024-02-16T16:10:57+00:00\" \/>\n<meta property=\"article:modified_time\" content=\"2024-02-16T16:11:36+00:00\" \/>\n<meta property=\"og:image\" content=\"https:\/\/www.manaus.am.gov.br\/implurb\/wp-content\/uploads\/sites\/13\/2024\/02\/Porto.jpg\" \/>\n\t<meta property=\"og:image:width\" content=\"2048\" \/>\n\t<meta property=\"og:image:height\" content=\"1535\" \/>\n\t<meta property=\"og:image:type\" content=\"image\/jpeg\" \/>\n<meta name=\"author\" content=\"Bruna Greco\" \/>\n<meta name=\"twitter:card\" content=\"summary_large_image\" \/>\n<meta name=\"twitter:label1\" content=\"Written by\" \/>\n\t<meta name=\"twitter:data1\" content=\"Bruna Greco\" \/>\n\t<meta name=\"twitter:label2\" content=\"Est. reading time\" \/>\n\t<meta name=\"twitter:data2\" content=\"5 minutos\" \/>\n<script type=\"application\/ld+json\" class=\"yoast-schema-graph\">{\"@context\":\"https:\/\/schema.org\",\"@graph\":[{\"@type\":\"WebPage\",\"@id\":\"https:\/\/www.manaus.am.gov.br\/implurb\/seminario-sobre-reabilitacao-de-areas-centrais\/\",\"url\":\"https:\/\/www.manaus.am.gov.br\/implurb\/seminario-sobre-reabilitacao-de-areas-centrais\/\",\"name\":\"2\u00ba Semin\u00e1rio de Reabilita\u00e7\u00e3o de \u00c1reas Centrais\",\"isPartOf\":{\"@id\":\"https:\/\/www.manaus.am.gov.br\/implurb\/#website\"},\"primaryImageOfPage\":{\"@id\":\"https:\/\/www.manaus.am.gov.br\/implurb\/seminario-sobre-reabilitacao-de-areas-centrais\/#primaryimage\"},\"image\":{\"@id\":\"https:\/\/www.manaus.am.gov.br\/implurb\/seminario-sobre-reabilitacao-de-areas-centrais\/#primaryimage\"},\"thumbnailUrl\":\"https:\/\/www.manaus.am.gov.br\/implurb\/wp-content\/uploads\/sites\/13\/2024\/02\/Porto.jpg\",\"datePublished\":\"2024-02-16T16:10:57+00:00\",\"dateModified\":\"2024-02-16T16:11:36+00:00\",\"author\":{\"@id\":\"https:\/\/www.manaus.am.gov.br\/implurb\/#\/schema\/person\/05d223aea2bf115f9883a6ff3683d81b\"},\"description\":\"Prefeitura de Manaus participa do 2\u00ba Semin\u00e1rio de Reabilita\u00e7\u00e3o de \u00c1reas Centrais promovido pelo BNDES e o NGPD.\",\"breadcrumb\":{\"@id\":\"https:\/\/www.manaus.am.gov.br\/implurb\/seminario-sobre-reabilitacao-de-areas-centrais\/#breadcrumb\"},\"inLanguage\":\"pt-BR\",\"potentialAction\":[{\"@type\":\"ReadAction\",\"target\":[\"https:\/\/www.manaus.am.gov.br\/implurb\/seminario-sobre-reabilitacao-de-areas-centrais\/\"]}]},{\"@type\":\"ImageObject\",\"inLanguage\":\"pt-BR\",\"@id\":\"https:\/\/www.manaus.am.gov.br\/implurb\/seminario-sobre-reabilitacao-de-areas-centrais\/#primaryimage\",\"url\":\"https:\/\/www.manaus.am.gov.br\/implurb\/wp-content\/uploads\/sites\/13\/2024\/02\/Porto.jpg\",\"contentUrl\":\"https:\/\/www.manaus.am.gov.br\/implurb\/wp-content\/uploads\/sites\/13\/2024\/02\/Porto.jpg\",\"width\":2048,\"height\":1535,\"caption\":\"#paratodosverem - Imagem a\u00e9rea do porto de Manaus\"},{\"@type\":\"BreadcrumbList\",\"@id\":\"https:\/\/www.manaus.am.gov.br\/implurb\/seminario-sobre-reabilitacao-de-areas-centrais\/#breadcrumb\",\"itemListElement\":[{\"@type\":\"ListItem\",\"position\":1,\"name\":\"Home\",\"item\":\"https:\/\/www.manaus.am.gov.br\/implurb\/\"},{\"@type\":\"ListItem\",\"position\":2,\"name\":\"Prefeitura participa de semin\u00e1rio sobre Reabilita\u00e7\u00e3o de \u00c1reas Centrais com BNDES e Porto Digital\"}]},{\"@type\":\"WebSite\",\"@id\":\"https:\/\/www.manaus.am.gov.br\/implurb\/#website\",\"url\":\"https:\/\/www.manaus.am.gov.br\/implurb\/\",\"name\":\"IMPLURB\",\"description\":\"Prefeitura de Manaus\",\"potentialAction\":[{\"@type\":\"SearchAction\",\"target\":{\"@type\":\"EntryPoint\",\"urlTemplate\":\"https:\/\/www.manaus.am.gov.br\/implurb\/?s={search_term_string}\"},\"query-input\":\"required name=search_term_string\"}],\"inLanguage\":\"pt-BR\"},{\"@type\":\"Person\",\"@id\":\"https:\/\/www.manaus.am.gov.br\/implurb\/#\/schema\/person\/05d223aea2bf115f9883a6ff3683d81b\",\"name\":\"Bruna Greco\",\"image\":{\"@type\":\"ImageObject\",\"inLanguage\":\"pt-BR\",\"@id\":\"https:\/\/www.manaus.am.gov.br\/implurb\/#\/schema\/person\/image\/\",\"url\":\"https:\/\/secure.gravatar.com\/avatar\/9c877d1a6adc2a055330e5c09a8653ce?s=96&d=mm&r=g\",\"contentUrl\":\"https:\/\/secure.gravatar.com\/avatar\/9c877d1a6adc2a055330e5c09a8653ce?s=96&d=mm&r=g\",\"caption\":\"Bruna Greco\"}}]}<\/script>\n<!-- \/ Yoast SEO plugin. -->","yoast_head_json":{"title":"2\u00ba Semin\u00e1rio de Reabilita\u00e7\u00e3o de \u00c1reas Centrais","description":"Prefeitura de Manaus participa do 2\u00ba Semin\u00e1rio de Reabilita\u00e7\u00e3o de \u00c1reas Centrais promovido pelo BNDES e o NGPD.","robots":{"index":"noindex","follow":"follow"},"og_locale":"pt_BR","og_type":"article","og_title":"2\u00ba Semin\u00e1rio de Reabilita\u00e7\u00e3o de \u00c1reas Centrais","og_description":"Prefeitura de Manaus participa do 2\u00ba Semin\u00e1rio de Reabilita\u00e7\u00e3o de \u00c1reas Centrais promovido pelo BNDES e o NGPD.","og_url":"https:\/\/www.manaus.am.gov.br\/implurb\/seminario-sobre-reabilitacao-de-areas-centrais\/","og_site_name":"IMPLURB","article_published_time":"2024-02-16T16:10:57+00:00","article_modified_time":"2024-02-16T16:11:36+00:00","og_image":[{"url":"https:\/\/www.manaus.am.gov.br\/implurb\/wp-content\/uploads\/sites\/13\/2024\/02\/Porto.jpg","width":2048,"height":1535,"type":"image\/jpeg"}],"author":"Bruna Greco","twitter_card":"summary_large_image","twitter_misc":{"Written by":"Bruna Greco","Est. reading time":"5 minutos"},"schema":{"@context":"https:\/\/schema.org","@graph":[{"@type":"WebPage","@id":"https:\/\/www.manaus.am.gov.br\/implurb\/seminario-sobre-reabilitacao-de-areas-centrais\/","url":"https:\/\/www.manaus.am.gov.br\/implurb\/seminario-sobre-reabilitacao-de-areas-centrais\/","name":"2\u00ba Semin\u00e1rio de Reabilita\u00e7\u00e3o de \u00c1reas Centrais","isPartOf":{"@id":"https:\/\/www.manaus.am.gov.br\/implurb\/#website"},"primaryImageOfPage":{"@id":"https:\/\/www.manaus.am.gov.br\/implurb\/seminario-sobre-reabilitacao-de-areas-centrais\/#primaryimage"},"image":{"@id":"https:\/\/www.manaus.am.gov.br\/implurb\/seminario-sobre-reabilitacao-de-areas-centrais\/#primaryimage"},"thumbnailUrl":"https:\/\/www.manaus.am.gov.br\/implurb\/wp-content\/uploads\/sites\/13\/2024\/02\/Porto.jpg","datePublished":"2024-02-16T16:10:57+00:00","dateModified":"2024-02-16T16:11:36+00:00","author":{"@id":"https:\/\/www.manaus.am.gov.br\/implurb\/#\/schema\/person\/05d223aea2bf115f9883a6ff3683d81b"},"description":"Prefeitura de Manaus participa do 2\u00ba Semin\u00e1rio de Reabilita\u00e7\u00e3o de \u00c1reas Centrais promovido pelo BNDES e o NGPD.","breadcrumb":{"@id":"https:\/\/www.manaus.am.gov.br\/implurb\/seminario-sobre-reabilitacao-de-areas-centrais\/#breadcrumb"},"inLanguage":"pt-BR","potentialAction":[{"@type":"ReadAction","target":["https:\/\/www.manaus.am.gov.br\/implurb\/seminario-sobre-reabilitacao-de-areas-centrais\/"]}]},{"@type":"ImageObject","inLanguage":"pt-BR","@id":"https:\/\/www.manaus.am.gov.br\/implurb\/seminario-sobre-reabilitacao-de-areas-centrais\/#primaryimage","url":"https:\/\/www.manaus.am.gov.br\/implurb\/wp-content\/uploads\/sites\/13\/2024\/02\/Porto.jpg","contentUrl":"https:\/\/www.manaus.am.gov.br\/implurb\/wp-content\/uploads\/sites\/13\/2024\/02\/Porto.jpg","width":2048,"height":1535,"caption":"#paratodosverem - Imagem a\u00e9rea do porto de Manaus"},{"@type":"BreadcrumbList","@id":"https:\/\/www.manaus.am.gov.br\/implurb\/seminario-sobre-reabilitacao-de-areas-centrais\/#breadcrumb","itemListElement":[{"@type":"ListItem","position":1,"name":"Home","item":"https:\/\/www.manaus.am.gov.br\/implurb\/"},{"@type":"ListItem","position":2,"name":"Prefeitura participa de semin\u00e1rio sobre Reabilita\u00e7\u00e3o de \u00c1reas Centrais com BNDES e Porto Digital"}]},{"@type":"WebSite","@id":"https:\/\/www.manaus.am.gov.br\/implurb\/#website","url":"https:\/\/www.manaus.am.gov.br\/implurb\/","name":"IMPLURB","description":"Prefeitura de Manaus","potentialAction":[{"@type":"SearchAction","target":{"@type":"EntryPoint","urlTemplate":"https:\/\/www.manaus.am.gov.br\/implurb\/?s={search_term_string}"},"query-input":"required name=search_term_string"}],"inLanguage":"pt-BR"},{"@type":"Person","@id":"https:\/\/www.manaus.am.gov.br\/implurb\/#\/schema\/person\/05d223aea2bf115f9883a6ff3683d81b","name":"Bruna Greco","image":{"@type":"ImageObject","inLanguage":"pt-BR","@id":"https:\/\/www.manaus.am.gov.br\/implurb\/#\/schema\/person\/image\/","url":"https:\/\/secure.gravatar.com\/avatar\/9c877d1a6adc2a055330e5c09a8653ce?s=96&d=mm&r=g","contentUrl":"https:\/\/secure.gravatar.com\/avatar\/9c877d1a6adc2a055330e5c09a8653ce?s=96&d=mm&r=g","caption":"Bruna Greco"}}]}},"_links":{"self":[{"href":"https:\/\/www.manaus.am.gov.br\/implurb\/wp-json\/wp\/v2\/posts\/3919"}],"collection":[{"href":"https:\/\/www.manaus.am.gov.br\/implurb\/wp-json\/wp\/v2\/posts"}],"about":[{"href":"https:\/\/www.manaus.am.gov.br\/implurb\/wp-json\/wp\/v2\/types\/post"}],"author":[{"embeddable":true,"href":"https:\/\/www.manaus.am.gov.br\/implurb\/wp-json\/wp\/v2\/users\/39"}],"replies":[{"embeddable":true,"href":"https:\/\/www.manaus.am.gov.br\/implurb\/wp-json\/wp\/v2\/comments?post=3919"}],"version-history":[{"count":1,"href":"https:\/\/www.manaus.am.gov.br\/implurb\/wp-json\/wp\/v2\/posts\/3919\/revisions"}],"predecessor-version":[{"id":3921,"href":"https:\/\/www.manaus.am.gov.br\/implurb\/wp-json\/wp\/v2\/posts\/3919\/revisions\/3921"}],"wp:featuredmedia":[{"embeddable":true,"href":"https:\/\/www.manaus.am.gov.br\/implurb\/wp-json\/wp\/v2\/media\/3920"}],"wp:attachment":[{"href":"https:\/\/www.manaus.am.gov.br\/implurb\/wp-json\/wp\/v2\/media?parent=3919"}],"wp:term":[{"taxonomy":"category","embeddable":true,"href":"https:\/\/www.manaus.am.gov.br\/implurb\/wp-json\/wp\/v2\/categories?post=3919"},{"taxonomy":"post_tag","embeddable":true,"href":"https:\/\/www.manaus.am.gov.br\/implurb\/wp-json\/wp\/v2\/tags?post=3919"}],"curies":[{"name":"wp","href":"https:\/\/api.w.org\/{rel}","templated":true}]}}