{"id":3887,"date":"2024-02-08T10:02:11","date_gmt":"2024-02-08T14:02:11","guid":{"rendered":"https:\/\/www.manaus.am.gov.br\/implurb\/com-frentes-de-obras-do-centro-historico-a-zona-leste-prefeitura-movimenta-mercado-e-gera-renda\/"},"modified":"2024-02-08T10:02:13","modified_gmt":"2024-02-08T14:02:13","slug":"com-frentes-de-obras-do-centro-historico-a-zona-leste-prefeitura-movimenta-mercado-e-gera-renda","status":"publish","type":"post","link":"https:\/\/www.manaus.am.gov.br\/implurb\/com-frentes-de-obras-do-centro-historico-a-zona-leste-prefeitura-movimenta-mercado-e-gera-renda\/","title":{"rendered":"Com frentes de obras do centro hist\u00f3rico \u00e0 zona Leste, prefeitura movimenta mercado e gera renda"},"content":{"rendered":"\n<p>Com quatro frentes de obras para realizar interven\u00e7\u00f5es que est\u00e3o mudando e reabilitando \u00e1reas urbanas da capital, a Prefeitura de Manaus incrementa ainda a economia local com a contrata\u00e7\u00e3o direta de 200 oper\u00e1rios e profissionais.<\/p>\n\n\n\n<p>Em sua Mensagem Governamental de in\u00edcio dos trabalhos no&nbsp;Poder Legislativo municipal, o prefeito David Almeida destacou que, na constru\u00e7\u00e3o civil, milhares de empregos s\u00e3o gerados a partir do desenvolvimento e do licenciamento urbano da cidade, o que se reflete em n\u00fameros do Instituto Municipal de Planejamento Urbano (Implurb), que no ano passado licenciou 3,6 milh\u00f5es de metros quadrados em novos alvar\u00e1s de constru\u00e7\u00e3o.<\/p>\n\n\n\n<p>\u201cEssa marca recorde foi poss\u00edvel com desburocratiza\u00e7\u00e3o, com a redu\u00e7\u00e3o de prazos para atendermos de forma mais c\u00e9lere quem quer empreender, quem precisa construir e realizar neg\u00f3cios\u201d, afirmou o prefeito David Almeida.<\/p>\n\n\n\n<p>Atualmente, com projetos arquitet\u00f4nicos do Implurb, a prefeitura tem quatro frentes de obra, incluindo duas no Centro, zona Sul, e duas entre as zonas Leste e Norte. No Centro, as frentes envolvem o programa \u201cNosso Centro\u201d, com uma delas tendo oper\u00e1rios nos canteiros do mirante L\u00facia Almeida, casar\u00e3o Thiago de Mello e largo de S\u00e3o Vicente, contando com uma m\u00e9dia de 70 homens. Ainda para o Centro, em um estaleiro, est\u00e1 sendo constru\u00eddo o p\u00eder tur\u00edstico, que faz parte do mesmo complexo.<\/p>\n\n\n\n<p>J\u00e1 no parque Amazonino Mendes, entre as avenidas Isa\u00edas Vieiralves e Ol\u00edvia de Menezes Vieiralves, nos bairros Novo Aleixo e Tancredo Neves, est\u00e3o outras duas frentes, sendo a segunda etapa linear, envolvendo mais de 50 profissionais, e outra na parte c\u00eanica e interativa com os animais gigantes da Amaz\u00f4nia, com a presen\u00e7a de mais de 60 oper\u00e1rios, profissionais e artistas.<\/p>\n\n\n\n<p>\u201cE em todas as obras pedimos aos empreiteiros licitados que contratem do banco de dados do nosso Sine Manaus, o mais eficiente em empregabilidade\u201d, completou David Almeida.<\/p>\n\n\n\n<p><strong>Projetos<\/strong><\/p>\n\n\n\n<p>Para o diretor-presidente do Implurb, Carlos Valente, as obras em andamento, al\u00e9m de serem projetos urbanos estruturantes, ainda promovem a gera\u00e7\u00e3o de emprego e renda desde os canteiros, com um mix de&nbsp;profissionais envolvidos&nbsp;durante e depois das interven\u00e7\u00f5es. Al\u00e9m dos contratados, tem toda uma cadeia que funciona com servi\u00e7os, aquisi\u00e7\u00e3o de mercadorias, fornecimento de alimenta\u00e7\u00e3o, entre outros.<\/p>\n\n\n\n<p>\u201cE quando estiverem conclu\u00eddas as obras, ainda teremos mais emprego gerado para realizar as opera\u00e7\u00f5es de restaurante, quiosques, de turismo, lazer e outras, com postos de trabalho diretos e indiretos, de apoio, log\u00edstica e servi\u00e7os\u201d, comentou Valente.<\/p>\n\n\n\n<p>&#8212; &#8212; &#8212;<\/p>\n\n\n\n<p><strong>Texto<\/strong>&nbsp;\u2013 Claudia do Valle \/ Implurb<\/p>\n\n\n\n<p><strong>Fotos<\/strong>&nbsp;\u2013 Arquivo\/Semcom<\/p>\n","protected":false},"excerpt":{"rendered":"","protected":false},"author":23,"featured_media":3888,"comment_status":"closed","ping_status":"closed","sticky":false,"template":"","format":"standard","meta":{"footnotes":""},"categories":[478],"tags":[1339,1151,481,11,46,15,256],"acf":[],"yoast_head":"<!-- This site is optimized with the Yoast SEO plugin v23.0 - https:\/\/yoast.com\/wordpress\/plugins\/seo\/ -->\n<title>Com frentes de obras do centro hist\u00f3rico \u00e0 zona Leste, prefeitura movimenta mercado e gera renda<\/title>\n<meta name=\"description\" content=\"Com quatro frentes de obras para realizar interven\u00e7\u00f5es que est\u00e3o mudando e reabilitando \u00e1reas urbanas da capital, a Prefeitura de Manaus incrementa ainda a economia local com a contrata\u00e7\u00e3o direta de 200 oper\u00e1rios e profissionais.\" \/>\n<meta name=\"robots\" content=\"noindex, follow\" \/>\n<meta property=\"og:locale\" content=\"pt_BR\" \/>\n<meta property=\"og:type\" content=\"article\" \/>\n<meta property=\"og:title\" content=\"Com frentes de obras do centro hist\u00f3rico \u00e0 zona Leste, prefeitura movimenta mercado e gera renda\" \/>\n<meta property=\"og:description\" content=\"Com quatro frentes de obras para realizar interven\u00e7\u00f5es que est\u00e3o mudando e reabilitando \u00e1reas urbanas da capital, a Prefeitura de Manaus incrementa ainda a economia local com a contrata\u00e7\u00e3o direta de 200 oper\u00e1rios e profissionais.\" \/>\n<meta property=\"og:url\" content=\"https:\/\/www.manaus.am.gov.br\/implurb\/com-frentes-de-obras-do-centro-historico-a-zona-leste-prefeitura-movimenta-mercado-e-gera-renda\/\" \/>\n<meta property=\"og:site_name\" content=\"IMPLURB\" \/>\n<meta property=\"article:published_time\" content=\"2024-02-08T14:02:11+00:00\" \/>\n<meta property=\"article:modified_time\" content=\"2024-02-08T14:02:13+00:00\" \/>\n<meta property=\"og:image\" content=\"https:\/\/www.manaus.am.gov.br\/implurb\/wp-content\/uploads\/sites\/13\/2024\/02\/maodeobra8.jpg\" \/>\n\t<meta property=\"og:image:width\" content=\"2047\" \/>\n\t<meta property=\"og:image:height\" content=\"1365\" \/>\n\t<meta property=\"og:image:type\" content=\"image\/jpeg\" \/>\n<meta name=\"author\" content=\"Adriana Costa\" \/>\n<meta name=\"twitter:card\" content=\"summary_large_image\" \/>\n<meta name=\"twitter:label1\" content=\"Written by\" \/>\n\t<meta name=\"twitter:data1\" content=\"Adriana Costa\" \/>\n\t<meta name=\"twitter:label2\" content=\"Est. reading time\" \/>\n\t<meta name=\"twitter:data2\" content=\"3 minutos\" \/>\n<script type=\"application\/ld+json\" class=\"yoast-schema-graph\">{\"@context\":\"https:\/\/schema.org\",\"@graph\":[{\"@type\":\"WebPage\",\"@id\":\"https:\/\/www.manaus.am.gov.br\/implurb\/com-frentes-de-obras-do-centro-historico-a-zona-leste-prefeitura-movimenta-mercado-e-gera-renda\/\",\"url\":\"https:\/\/www.manaus.am.gov.br\/implurb\/com-frentes-de-obras-do-centro-historico-a-zona-leste-prefeitura-movimenta-mercado-e-gera-renda\/\",\"name\":\"Com frentes de obras do centro hist\u00f3rico \u00e0 zona Leste, prefeitura movimenta mercado e gera renda\",\"isPartOf\":{\"@id\":\"https:\/\/www.manaus.am.gov.br\/implurb\/#website\"},\"primaryImageOfPage\":{\"@id\":\"https:\/\/www.manaus.am.gov.br\/implurb\/com-frentes-de-obras-do-centro-historico-a-zona-leste-prefeitura-movimenta-mercado-e-gera-renda\/#primaryimage\"},\"image\":{\"@id\":\"https:\/\/www.manaus.am.gov.br\/implurb\/com-frentes-de-obras-do-centro-historico-a-zona-leste-prefeitura-movimenta-mercado-e-gera-renda\/#primaryimage\"},\"thumbnailUrl\":\"https:\/\/www.manaus.am.gov.br\/implurb\/wp-content\/uploads\/sites\/13\/2024\/02\/maodeobra8.jpg\",\"datePublished\":\"2024-02-08T14:02:11+00:00\",\"dateModified\":\"2024-02-08T14:02:13+00:00\",\"author\":{\"@id\":\"https:\/\/www.manaus.am.gov.br\/implurb\/#\/schema\/person\/4e49f4e267757a06ca072ec61b2b9968\"},\"description\":\"Com quatro frentes de obras para realizar interven\u00e7\u00f5es que est\u00e3o mudando e reabilitando \u00e1reas urbanas da capital, a Prefeitura de Manaus incrementa ainda a economia local com a contrata\u00e7\u00e3o direta de 200 oper\u00e1rios e profissionais.\",\"breadcrumb\":{\"@id\":\"https:\/\/www.manaus.am.gov.br\/implurb\/com-frentes-de-obras-do-centro-historico-a-zona-leste-prefeitura-movimenta-mercado-e-gera-renda\/#breadcrumb\"},\"inLanguage\":\"pt-BR\",\"potentialAction\":[{\"@type\":\"ReadAction\",\"target\":[\"https:\/\/www.manaus.am.gov.br\/implurb\/com-frentes-de-obras-do-centro-historico-a-zona-leste-prefeitura-movimenta-mercado-e-gera-renda\/\"]}]},{\"@type\":\"ImageObject\",\"inLanguage\":\"pt-BR\",\"@id\":\"https:\/\/www.manaus.am.gov.br\/implurb\/com-frentes-de-obras-do-centro-historico-a-zona-leste-prefeitura-movimenta-mercado-e-gera-renda\/#primaryimage\",\"url\":\"https:\/\/www.manaus.am.gov.br\/implurb\/wp-content\/uploads\/sites\/13\/2024\/02\/maodeobra8.jpg\",\"contentUrl\":\"https:\/\/www.manaus.am.gov.br\/implurb\/wp-content\/uploads\/sites\/13\/2024\/02\/maodeobra8.jpg\",\"width\":2047,\"height\":1365},{\"@type\":\"BreadcrumbList\",\"@id\":\"https:\/\/www.manaus.am.gov.br\/implurb\/com-frentes-de-obras-do-centro-historico-a-zona-leste-prefeitura-movimenta-mercado-e-gera-renda\/#breadcrumb\",\"itemListElement\":[{\"@type\":\"ListItem\",\"position\":1,\"name\":\"Home\",\"item\":\"https:\/\/www.manaus.am.gov.br\/implurb\/\"},{\"@type\":\"ListItem\",\"position\":2,\"name\":\"Com frentes de obras do centro hist\u00f3rico \u00e0 zona Leste, prefeitura movimenta mercado e gera renda\"}]},{\"@type\":\"WebSite\",\"@id\":\"https:\/\/www.manaus.am.gov.br\/implurb\/#website\",\"url\":\"https:\/\/www.manaus.am.gov.br\/implurb\/\",\"name\":\"IMPLURB\",\"description\":\"Prefeitura de Manaus\",\"potentialAction\":[{\"@type\":\"SearchAction\",\"target\":{\"@type\":\"EntryPoint\",\"urlTemplate\":\"https:\/\/www.manaus.am.gov.br\/implurb\/?s={search_term_string}\"},\"query-input\":\"required name=search_term_string\"}],\"inLanguage\":\"pt-BR\"},{\"@type\":\"Person\",\"@id\":\"https:\/\/www.manaus.am.gov.br\/implurb\/#\/schema\/person\/4e49f4e267757a06ca072ec61b2b9968\",\"name\":\"Adriana Costa\",\"image\":{\"@type\":\"ImageObject\",\"inLanguage\":\"pt-BR\",\"@id\":\"https:\/\/www.manaus.am.gov.br\/implurb\/#\/schema\/person\/image\/\",\"url\":\"https:\/\/secure.gravatar.com\/avatar\/576258617ef7194f718179e766d57bd4?s=96&d=mm&r=g\",\"contentUrl\":\"https:\/\/secure.gravatar.com\/avatar\/576258617ef7194f718179e766d57bd4?s=96&d=mm&r=g\",\"caption\":\"Adriana Costa\"}}]}<\/script>\n<!-- \/ Yoast SEO plugin. -->","yoast_head_json":{"title":"Com frentes de obras do centro hist\u00f3rico \u00e0 zona Leste, prefeitura movimenta mercado e gera renda","description":"Com quatro frentes de obras para realizar interven\u00e7\u00f5es que est\u00e3o mudando e reabilitando \u00e1reas urbanas da capital, a Prefeitura de Manaus incrementa ainda a economia local com a contrata\u00e7\u00e3o direta de 200 oper\u00e1rios e profissionais.","robots":{"index":"noindex","follow":"follow"},"og_locale":"pt_BR","og_type":"article","og_title":"Com frentes de obras do centro hist\u00f3rico \u00e0 zona Leste, prefeitura movimenta mercado e gera renda","og_description":"Com quatro frentes de obras para realizar interven\u00e7\u00f5es que est\u00e3o mudando e reabilitando \u00e1reas urbanas da capital, a Prefeitura de Manaus incrementa ainda a economia local com a contrata\u00e7\u00e3o direta de 200 oper\u00e1rios e profissionais.","og_url":"https:\/\/www.manaus.am.gov.br\/implurb\/com-frentes-de-obras-do-centro-historico-a-zona-leste-prefeitura-movimenta-mercado-e-gera-renda\/","og_site_name":"IMPLURB","article_published_time":"2024-02-08T14:02:11+00:00","article_modified_time":"2024-02-08T14:02:13+00:00","og_image":[{"width":2047,"height":1365,"url":"https:\/\/www.manaus.am.gov.br\/implurb\/wp-content\/uploads\/sites\/13\/2024\/02\/maodeobra8.jpg","type":"image\/jpeg"}],"author":"Adriana Costa","twitter_card":"summary_large_image","twitter_misc":{"Written by":"Adriana Costa","Est. reading time":"3 minutos"},"schema":{"@context":"https:\/\/schema.org","@graph":[{"@type":"WebPage","@id":"https:\/\/www.manaus.am.gov.br\/implurb\/com-frentes-de-obras-do-centro-historico-a-zona-leste-prefeitura-movimenta-mercado-e-gera-renda\/","url":"https:\/\/www.manaus.am.gov.br\/implurb\/com-frentes-de-obras-do-centro-historico-a-zona-leste-prefeitura-movimenta-mercado-e-gera-renda\/","name":"Com frentes de obras do centro hist\u00f3rico \u00e0 zona Leste, prefeitura movimenta mercado e gera renda","isPartOf":{"@id":"https:\/\/www.manaus.am.gov.br\/implurb\/#website"},"primaryImageOfPage":{"@id":"https:\/\/www.manaus.am.gov.br\/implurb\/com-frentes-de-obras-do-centro-historico-a-zona-leste-prefeitura-movimenta-mercado-e-gera-renda\/#primaryimage"},"image":{"@id":"https:\/\/www.manaus.am.gov.br\/implurb\/com-frentes-de-obras-do-centro-historico-a-zona-leste-prefeitura-movimenta-mercado-e-gera-renda\/#primaryimage"},"thumbnailUrl":"https:\/\/www.manaus.am.gov.br\/implurb\/wp-content\/uploads\/sites\/13\/2024\/02\/maodeobra8.jpg","datePublished":"2024-02-08T14:02:11+00:00","dateModified":"2024-02-08T14:02:13+00:00","author":{"@id":"https:\/\/www.manaus.am.gov.br\/implurb\/#\/schema\/person\/4e49f4e267757a06ca072ec61b2b9968"},"description":"Com quatro frentes de obras para realizar interven\u00e7\u00f5es que est\u00e3o mudando e reabilitando \u00e1reas urbanas da capital, a Prefeitura de Manaus incrementa ainda a economia local com a contrata\u00e7\u00e3o direta de 200 oper\u00e1rios e profissionais.","breadcrumb":{"@id":"https:\/\/www.manaus.am.gov.br\/implurb\/com-frentes-de-obras-do-centro-historico-a-zona-leste-prefeitura-movimenta-mercado-e-gera-renda\/#breadcrumb"},"inLanguage":"pt-BR","potentialAction":[{"@type":"ReadAction","target":["https:\/\/www.manaus.am.gov.br\/implurb\/com-frentes-de-obras-do-centro-historico-a-zona-leste-prefeitura-movimenta-mercado-e-gera-renda\/"]}]},{"@type":"ImageObject","inLanguage":"pt-BR","@id":"https:\/\/www.manaus.am.gov.br\/implurb\/com-frentes-de-obras-do-centro-historico-a-zona-leste-prefeitura-movimenta-mercado-e-gera-renda\/#primaryimage","url":"https:\/\/www.manaus.am.gov.br\/implurb\/wp-content\/uploads\/sites\/13\/2024\/02\/maodeobra8.jpg","contentUrl":"https:\/\/www.manaus.am.gov.br\/implurb\/wp-content\/uploads\/sites\/13\/2024\/02\/maodeobra8.jpg","width":2047,"height":1365},{"@type":"BreadcrumbList","@id":"https:\/\/www.manaus.am.gov.br\/implurb\/com-frentes-de-obras-do-centro-historico-a-zona-leste-prefeitura-movimenta-mercado-e-gera-renda\/#breadcrumb","itemListElement":[{"@type":"ListItem","position":1,"name":"Home","item":"https:\/\/www.manaus.am.gov.br\/implurb\/"},{"@type":"ListItem","position":2,"name":"Com frentes de obras do centro hist\u00f3rico \u00e0 zona Leste, prefeitura movimenta mercado e gera renda"}]},{"@type":"WebSite","@id":"https:\/\/www.manaus.am.gov.br\/implurb\/#website","url":"https:\/\/www.manaus.am.gov.br\/implurb\/","name":"IMPLURB","description":"Prefeitura de Manaus","potentialAction":[{"@type":"SearchAction","target":{"@type":"EntryPoint","urlTemplate":"https:\/\/www.manaus.am.gov.br\/implurb\/?s={search_term_string}"},"query-input":"required name=search_term_string"}],"inLanguage":"pt-BR"},{"@type":"Person","@id":"https:\/\/www.manaus.am.gov.br\/implurb\/#\/schema\/person\/4e49f4e267757a06ca072ec61b2b9968","name":"Adriana Costa","image":{"@type":"ImageObject","inLanguage":"pt-BR","@id":"https:\/\/www.manaus.am.gov.br\/implurb\/#\/schema\/person\/image\/","url":"https:\/\/secure.gravatar.com\/avatar\/576258617ef7194f718179e766d57bd4?s=96&d=mm&r=g","contentUrl":"https:\/\/secure.gravatar.com\/avatar\/576258617ef7194f718179e766d57bd4?s=96&d=mm&r=g","caption":"Adriana Costa"}}]}},"_links":{"self":[{"href":"https:\/\/www.manaus.am.gov.br\/implurb\/wp-json\/wp\/v2\/posts\/3887"}],"collection":[{"href":"https:\/\/www.manaus.am.gov.br\/implurb\/wp-json\/wp\/v2\/posts"}],"about":[{"href":"https:\/\/www.manaus.am.gov.br\/implurb\/wp-json\/wp\/v2\/types\/post"}],"author":[{"embeddable":true,"href":"https:\/\/www.manaus.am.gov.br\/implurb\/wp-json\/wp\/v2\/users\/23"}],"replies":[{"embeddable":true,"href":"https:\/\/www.manaus.am.gov.br\/implurb\/wp-json\/wp\/v2\/comments?post=3887"}],"version-history":[{"count":0,"href":"https:\/\/www.manaus.am.gov.br\/implurb\/wp-json\/wp\/v2\/posts\/3887\/revisions"}],"wp:featuredmedia":[{"embeddable":true,"href":"https:\/\/www.manaus.am.gov.br\/implurb\/wp-json\/wp\/v2\/media\/3888"}],"wp:attachment":[{"href":"https:\/\/www.manaus.am.gov.br\/implurb\/wp-json\/wp\/v2\/media?parent=3887"}],"wp:term":[{"taxonomy":"category","embeddable":true,"href":"https:\/\/www.manaus.am.gov.br\/implurb\/wp-json\/wp\/v2\/categories?post=3887"},{"taxonomy":"post_tag","embeddable":true,"href":"https:\/\/www.manaus.am.gov.br\/implurb\/wp-json\/wp\/v2\/tags?post=3887"}],"curies":[{"name":"wp","href":"https:\/\/api.w.org\/{rel}","templated":true}]}}