{"id":3877,"date":"2024-02-06T17:11:40","date_gmt":"2024-02-06T21:11:40","guid":{"rendered":"https:\/\/www.manaus.am.gov.br\/implurb\/prefeitura-duplica-areas-publicas-e-investe-em-obras-de-reabilitacao-urbana-para-manaus\/"},"modified":"2024-02-06T17:13:50","modified_gmt":"2024-02-06T21:13:50","slug":"prefeitura-duplica-areas-publicas-e-investe-em-obras-de-reabilitacao-urbana-para-manaus","status":"publish","type":"post","link":"https:\/\/www.manaus.am.gov.br\/implurb\/prefeitura-duplica-areas-publicas-e-investe-em-obras-de-reabilitacao-urbana-para-manaus\/","title":{"rendered":"Prefeitura duplica \u00e1reas p\u00fablicas e investe em obras de reabilita\u00e7\u00e3o urbana para Manaus"},"content":{"rendered":"\n<p>Com projetos de reabilita\u00e7\u00e3o e requalifica\u00e7\u00e3o urbanas, criando \u00e1reas livres p\u00fablicas e de qualidade, a Prefeitura de Manaus tem investido em espa\u00e7os com paisagens naturais e de pertencimento aos manauenses, desde parques, mirantes, e pra\u00e7as. Na gest\u00e3o do prefeito David Almeida, o investimento vai resultar na cria\u00e7\u00e3o de mais de 181 mil metros quadrados de \u00e1reas com novos espa\u00e7os p\u00fablicos e acess\u00edveis \u00e0 popula\u00e7\u00e3o e visitantes.<\/p>\n\n\n\n<p>A capital amazonense est\u00e1 mais do que dobrando o n\u00famero de grandes espa\u00e7os p\u00fablicos de refer\u00eancia na capital, passando a contar com o complexo de S\u00e3o Vicente (mirante L\u00facia Almeida, Casar\u00e3o Thiago de Mello, Largo de S\u00e3o Vicente e p\u00eder tur\u00edstico), no Centro, na zona Sul; com as duas etapas do parque Amazonino Mendes, entre as zonas Norte e Leste; e o parque Encontro das \u00c1guas Rosa Almeida, na zona Leste.<\/p>\n\n\n\n<p>Nesta ter\u00e7a-feira, 6\/2, os projetos e obras desenvolvidos pelo Instituto Municipal de Planejamento Urbano (Implurb) foram destaques durante apresenta\u00e7\u00e3o do prefeito na abertura dos trabalhos legislativos na C\u00e2mara Municipal de Manaus, na entrega da Mensagem Governamental, destacando avan\u00e7os hist\u00f3ricos da gest\u00e3o nos \u00faltimos tr\u00eas anos, em todas as zonas da capital.<\/p>\n\n\n\n<p>S\u00e3o projetos de reabilita\u00e7\u00e3o e de requalifica\u00e7\u00e3o urbana, inova\u00e7\u00f5es e melhorias urban\u00edsticas que tornaram Manaus mais humana nos \u00faltimos anos, dentro da miss\u00e3o do corpo t\u00e9cnico e criativo do Implurb.<\/p>\n\n\n\n<p>Todo projeto de melhoria da infraestrutura tamb\u00e9m pede novos equipamentos urbanos. Nesse sentido, a primeira importante entrega foi da casa de Praia Zezinho Corr\u00eaa, realizada no Dia do Trabalho, no ano passado, tendo projeto arquitet\u00f4nico do Implurb. O espa\u00e7o de lazer e entretenimento se soma \u00e0s in\u00fameras op\u00e7\u00f5es e belezas naturais do complexo tur\u00edstico Ponta Negra, sendo sucesso de p\u00fablico e resgatando sentimentos que v\u00e3o de nostalgia ao contato mais direto com a natureza.<\/p>\n\n\n\n<p>Em outubro passado, no anivers\u00e1rio de Manaus, foi inaugurado outro projeto desenvolvido pelo Implurb, a primeira etapa do parque Amazonino Mendes, mudando um pouco o eixo dos grandes espa\u00e7os de lazer da cidade, para as zonas Norte e Leste. O parque segue em obras com mais estruturas de lazer, esporte e conviv\u00eancia. Al\u00e9m disso, ter\u00e1 um in\u00e9dito circuito c\u00eanico e interativo, com animais gigantes, pra\u00e7a molhada, sendo um divisor de \u00e1guas para fam\u00edlias, adultos e crian\u00e7as, que precisam de espa\u00e7os de refer\u00eancia nas zonas mais populosas da capital.<\/p>\n\n\n\n<p>\u201cAinda em 2023, iniciamos as obras do parque Encontro das \u00c1guas Rosa Almeida, um local privilegiado de onde a popula\u00e7\u00e3o e turistas poder\u00e3o contemplar o internacionalmente conhecido Encontro das \u00c1guas. E temos o complexo mirante L\u00facia Almeida, casar\u00e3o Thiago de Mello e largo de S\u00e3o Vicente, \u00e0s margens do rio Negro, no centro hist\u00f3rico da cidade, que est\u00e1 praticamente pronto\u201d, comentou David Almeida, na CMM.<\/p>\n\n\n\n<p>O prefeito informou, ainda, que a segunda etapa do parque Amazonino Mendes ser\u00e1 entregue neste semestre e, at\u00e9 dezembro, devem ser conclu\u00eddas as etapas com o conjunto habitacional.<\/p>\n\n\n\n<p><strong>Encontro<\/strong><\/p>\n\n\n\n<p>Dezoito anos depois de o arquiteto premiado Oscar Niemeyer ter colocado no papel, em curva para o concreto, a estiliza\u00e7\u00e3o do que enxergava na Amaz\u00f4nia, do encontro dos rios, a prefeitura licitou em 2023 e est\u00e1 iniciando os trabalhos para a constru\u00e7\u00e3o do parque Encontro das \u00c1guas Rosa Almeida, na avenida Desembargador An\u00edsio Jobim, 20, Col\u00f4nia Ant\u00f4nio Aleixo, zona Leste. A obra tem prazo de 12 meses.<\/p>\n\n\n\n<p>J\u00e1 as obras do \u201cNosso Centro\u201d est\u00e3o com 95% de conclus\u00e3o, com previs\u00e3o de inaugura\u00e7\u00e3o para o primeiro trimestre de 2024, tendo recursos do Tesouro Municipal. O complexo ter\u00e1, ainda, um in\u00e9dito p\u00eder tur\u00edstico para atender a popula\u00e7\u00e3o e o trade tur\u00edstico, proporcionando uma estrutura \u00fanica, com seguran\u00e7a, comodidade e adequada para receber os operadores de passeios tur\u00edsticos.<\/p>\n\n\n\n<p>&#8212; &#8212; &#8212;<\/p>\n\n\n\n<p><strong>Texto<\/strong> &#8211; Claudia do Valle \/ Implurb<\/p>\n\n\n\n<p><strong>Fotos<\/strong> \u2013 Arquivo \/ Semcom<\/p>\n","protected":false},"excerpt":{"rendered":"","protected":false},"author":61,"featured_media":3878,"comment_status":"closed","ping_status":"closed","sticky":false,"template":"","format":"standard","meta":{"footnotes":""},"categories":[1336],"tags":[11,13,47,961,15],"acf":[],"yoast_head":"<!-- This site is optimized with the Yoast SEO plugin v23.0 - https:\/\/yoast.com\/wordpress\/plugins\/seo\/ -->\n<title>Prefeitura duplica \u00e1reas p\u00fablicas e investe em reabilita\u00e7\u00e3o urbana<\/title>\n<meta name=\"description\" content=\"A Prefeitura de Manaus tem investido em espa\u00e7os com paisagens naturais e de pertencimento aos manauenses, desde parques, mirantes, at\u00e9 pra\u00e7as.\" \/>\n<meta name=\"robots\" content=\"noindex, follow\" \/>\n<meta property=\"og:locale\" content=\"pt_BR\" \/>\n<meta property=\"og:type\" content=\"article\" \/>\n<meta property=\"og:title\" content=\"Prefeitura duplica \u00e1reas p\u00fablicas e investe em reabilita\u00e7\u00e3o urbana\" \/>\n<meta property=\"og:description\" content=\"A Prefeitura de Manaus tem investido em espa\u00e7os com paisagens naturais e de pertencimento aos manauenses, desde parques, mirantes, at\u00e9 pra\u00e7as.\" \/>\n<meta property=\"og:url\" content=\"https:\/\/www.manaus.am.gov.br\/implurb\/prefeitura-duplica-areas-publicas-e-investe-em-obras-de-reabilitacao-urbana-para-manaus\/\" \/>\n<meta property=\"og:site_name\" content=\"IMPLURB\" \/>\n<meta property=\"article:published_time\" content=\"2024-02-06T21:11:40+00:00\" \/>\n<meta property=\"article:modified_time\" content=\"2024-02-06T21:13:50+00:00\" \/>\n<meta property=\"og:image\" content=\"https:\/\/www.manaus.am.gov.br\/implurb\/wp-content\/uploads\/sites\/13\/2024\/02\/Obras-Implurb-5.jpeg\" \/>\n\t<meta property=\"og:image:width\" content=\"2560\" \/>\n\t<meta property=\"og:image:height\" content=\"1706\" \/>\n\t<meta property=\"og:image:type\" content=\"image\/jpeg\" \/>\n<meta name=\"author\" content=\"smonteiro\" \/>\n<meta name=\"twitter:card\" content=\"summary_large_image\" \/>\n<meta name=\"twitter:label1\" content=\"Written by\" \/>\n\t<meta name=\"twitter:data1\" content=\"smonteiro\" \/>\n\t<meta name=\"twitter:label2\" content=\"Est. reading time\" \/>\n\t<meta name=\"twitter:data2\" content=\"4 minutos\" \/>\n<script type=\"application\/ld+json\" class=\"yoast-schema-graph\">{\"@context\":\"https:\/\/schema.org\",\"@graph\":[{\"@type\":\"WebPage\",\"@id\":\"https:\/\/www.manaus.am.gov.br\/implurb\/prefeitura-duplica-areas-publicas-e-investe-em-obras-de-reabilitacao-urbana-para-manaus\/\",\"url\":\"https:\/\/www.manaus.am.gov.br\/implurb\/prefeitura-duplica-areas-publicas-e-investe-em-obras-de-reabilitacao-urbana-para-manaus\/\",\"name\":\"Prefeitura duplica \u00e1reas p\u00fablicas e investe em reabilita\u00e7\u00e3o urbana\",\"isPartOf\":{\"@id\":\"https:\/\/www.manaus.am.gov.br\/implurb\/#website\"},\"primaryImageOfPage\":{\"@id\":\"https:\/\/www.manaus.am.gov.br\/implurb\/prefeitura-duplica-areas-publicas-e-investe-em-obras-de-reabilitacao-urbana-para-manaus\/#primaryimage\"},\"image\":{\"@id\":\"https:\/\/www.manaus.am.gov.br\/implurb\/prefeitura-duplica-areas-publicas-e-investe-em-obras-de-reabilitacao-urbana-para-manaus\/#primaryimage\"},\"thumbnailUrl\":\"https:\/\/www.manaus.am.gov.br\/implurb\/wp-content\/uploads\/sites\/13\/2024\/02\/Obras-Implurb-5.jpeg\",\"datePublished\":\"2024-02-06T21:11:40+00:00\",\"dateModified\":\"2024-02-06T21:13:50+00:00\",\"author\":{\"@id\":\"https:\/\/www.manaus.am.gov.br\/implurb\/#\/schema\/person\/ab4dcf766a54dff74e8d267f5c591961\"},\"description\":\"A Prefeitura de Manaus tem investido em espa\u00e7os com paisagens naturais e de pertencimento aos manauenses, desde parques, mirantes, at\u00e9 pra\u00e7as.\",\"breadcrumb\":{\"@id\":\"https:\/\/www.manaus.am.gov.br\/implurb\/prefeitura-duplica-areas-publicas-e-investe-em-obras-de-reabilitacao-urbana-para-manaus\/#breadcrumb\"},\"inLanguage\":\"pt-BR\",\"potentialAction\":[{\"@type\":\"ReadAction\",\"target\":[\"https:\/\/www.manaus.am.gov.br\/implurb\/prefeitura-duplica-areas-publicas-e-investe-em-obras-de-reabilitacao-urbana-para-manaus\/\"]}]},{\"@type\":\"ImageObject\",\"inLanguage\":\"pt-BR\",\"@id\":\"https:\/\/www.manaus.am.gov.br\/implurb\/prefeitura-duplica-areas-publicas-e-investe-em-obras-de-reabilitacao-urbana-para-manaus\/#primaryimage\",\"url\":\"https:\/\/www.manaus.am.gov.br\/implurb\/wp-content\/uploads\/sites\/13\/2024\/02\/Obras-Implurb-5.jpeg\",\"contentUrl\":\"https:\/\/www.manaus.am.gov.br\/implurb\/wp-content\/uploads\/sites\/13\/2024\/02\/Obras-Implurb-5.jpeg\",\"width\":2560,\"height\":1706,\"caption\":\"#paratodosverem - imagem da fachada do Mirante L\u00facia Almeida\"},{\"@type\":\"BreadcrumbList\",\"@id\":\"https:\/\/www.manaus.am.gov.br\/implurb\/prefeitura-duplica-areas-publicas-e-investe-em-obras-de-reabilitacao-urbana-para-manaus\/#breadcrumb\",\"itemListElement\":[{\"@type\":\"ListItem\",\"position\":1,\"name\":\"Home\",\"item\":\"https:\/\/www.manaus.am.gov.br\/implurb\/\"},{\"@type\":\"ListItem\",\"position\":2,\"name\":\"Prefeitura duplica \u00e1reas p\u00fablicas e investe em obras de reabilita\u00e7\u00e3o urbana para Manaus\"}]},{\"@type\":\"WebSite\",\"@id\":\"https:\/\/www.manaus.am.gov.br\/implurb\/#website\",\"url\":\"https:\/\/www.manaus.am.gov.br\/implurb\/\",\"name\":\"IMPLURB\",\"description\":\"Prefeitura de Manaus\",\"potentialAction\":[{\"@type\":\"SearchAction\",\"target\":{\"@type\":\"EntryPoint\",\"urlTemplate\":\"https:\/\/www.manaus.am.gov.br\/implurb\/?s={search_term_string}\"},\"query-input\":\"required name=search_term_string\"}],\"inLanguage\":\"pt-BR\"},{\"@type\":\"Person\",\"@id\":\"https:\/\/www.manaus.am.gov.br\/implurb\/#\/schema\/person\/ab4dcf766a54dff74e8d267f5c591961\",\"name\":\"smonteiro\",\"image\":{\"@type\":\"ImageObject\",\"inLanguage\":\"pt-BR\",\"@id\":\"https:\/\/www.manaus.am.gov.br\/implurb\/#\/schema\/person\/image\/\",\"url\":\"https:\/\/secure.gravatar.com\/avatar\/21c8776ef61d9272c73322052e042d77?s=96&d=mm&r=g\",\"contentUrl\":\"https:\/\/secure.gravatar.com\/avatar\/21c8776ef61d9272c73322052e042d77?s=96&d=mm&r=g\",\"caption\":\"smonteiro\"}}]}<\/script>\n<!-- \/ Yoast SEO plugin. -->","yoast_head_json":{"title":"Prefeitura duplica \u00e1reas p\u00fablicas e investe em reabilita\u00e7\u00e3o urbana","description":"A Prefeitura de Manaus tem investido em espa\u00e7os com paisagens naturais e de pertencimento aos manauenses, desde parques, mirantes, at\u00e9 pra\u00e7as.","robots":{"index":"noindex","follow":"follow"},"og_locale":"pt_BR","og_type":"article","og_title":"Prefeitura duplica \u00e1reas p\u00fablicas e investe em reabilita\u00e7\u00e3o urbana","og_description":"A Prefeitura de Manaus tem investido em espa\u00e7os com paisagens naturais e de pertencimento aos manauenses, desde parques, mirantes, at\u00e9 pra\u00e7as.","og_url":"https:\/\/www.manaus.am.gov.br\/implurb\/prefeitura-duplica-areas-publicas-e-investe-em-obras-de-reabilitacao-urbana-para-manaus\/","og_site_name":"IMPLURB","article_published_time":"2024-02-06T21:11:40+00:00","article_modified_time":"2024-02-06T21:13:50+00:00","og_image":[{"width":2560,"height":1706,"url":"https:\/\/www.manaus.am.gov.br\/implurb\/wp-content\/uploads\/sites\/13\/2024\/02\/Obras-Implurb-5.jpeg","type":"image\/jpeg"}],"author":"smonteiro","twitter_card":"summary_large_image","twitter_misc":{"Written by":"smonteiro","Est. reading time":"4 minutos"},"schema":{"@context":"https:\/\/schema.org","@graph":[{"@type":"WebPage","@id":"https:\/\/www.manaus.am.gov.br\/implurb\/prefeitura-duplica-areas-publicas-e-investe-em-obras-de-reabilitacao-urbana-para-manaus\/","url":"https:\/\/www.manaus.am.gov.br\/implurb\/prefeitura-duplica-areas-publicas-e-investe-em-obras-de-reabilitacao-urbana-para-manaus\/","name":"Prefeitura duplica \u00e1reas p\u00fablicas e investe em reabilita\u00e7\u00e3o urbana","isPartOf":{"@id":"https:\/\/www.manaus.am.gov.br\/implurb\/#website"},"primaryImageOfPage":{"@id":"https:\/\/www.manaus.am.gov.br\/implurb\/prefeitura-duplica-areas-publicas-e-investe-em-obras-de-reabilitacao-urbana-para-manaus\/#primaryimage"},"image":{"@id":"https:\/\/www.manaus.am.gov.br\/implurb\/prefeitura-duplica-areas-publicas-e-investe-em-obras-de-reabilitacao-urbana-para-manaus\/#primaryimage"},"thumbnailUrl":"https:\/\/www.manaus.am.gov.br\/implurb\/wp-content\/uploads\/sites\/13\/2024\/02\/Obras-Implurb-5.jpeg","datePublished":"2024-02-06T21:11:40+00:00","dateModified":"2024-02-06T21:13:50+00:00","author":{"@id":"https:\/\/www.manaus.am.gov.br\/implurb\/#\/schema\/person\/ab4dcf766a54dff74e8d267f5c591961"},"description":"A Prefeitura de Manaus tem investido em espa\u00e7os com paisagens naturais e de pertencimento aos manauenses, desde parques, mirantes, at\u00e9 pra\u00e7as.","breadcrumb":{"@id":"https:\/\/www.manaus.am.gov.br\/implurb\/prefeitura-duplica-areas-publicas-e-investe-em-obras-de-reabilitacao-urbana-para-manaus\/#breadcrumb"},"inLanguage":"pt-BR","potentialAction":[{"@type":"ReadAction","target":["https:\/\/www.manaus.am.gov.br\/implurb\/prefeitura-duplica-areas-publicas-e-investe-em-obras-de-reabilitacao-urbana-para-manaus\/"]}]},{"@type":"ImageObject","inLanguage":"pt-BR","@id":"https:\/\/www.manaus.am.gov.br\/implurb\/prefeitura-duplica-areas-publicas-e-investe-em-obras-de-reabilitacao-urbana-para-manaus\/#primaryimage","url":"https:\/\/www.manaus.am.gov.br\/implurb\/wp-content\/uploads\/sites\/13\/2024\/02\/Obras-Implurb-5.jpeg","contentUrl":"https:\/\/www.manaus.am.gov.br\/implurb\/wp-content\/uploads\/sites\/13\/2024\/02\/Obras-Implurb-5.jpeg","width":2560,"height":1706,"caption":"#paratodosverem - imagem da fachada do Mirante L\u00facia Almeida"},{"@type":"BreadcrumbList","@id":"https:\/\/www.manaus.am.gov.br\/implurb\/prefeitura-duplica-areas-publicas-e-investe-em-obras-de-reabilitacao-urbana-para-manaus\/#breadcrumb","itemListElement":[{"@type":"ListItem","position":1,"name":"Home","item":"https:\/\/www.manaus.am.gov.br\/implurb\/"},{"@type":"ListItem","position":2,"name":"Prefeitura duplica \u00e1reas p\u00fablicas e investe em obras de reabilita\u00e7\u00e3o urbana para Manaus"}]},{"@type":"WebSite","@id":"https:\/\/www.manaus.am.gov.br\/implurb\/#website","url":"https:\/\/www.manaus.am.gov.br\/implurb\/","name":"IMPLURB","description":"Prefeitura de Manaus","potentialAction":[{"@type":"SearchAction","target":{"@type":"EntryPoint","urlTemplate":"https:\/\/www.manaus.am.gov.br\/implurb\/?s={search_term_string}"},"query-input":"required name=search_term_string"}],"inLanguage":"pt-BR"},{"@type":"Person","@id":"https:\/\/www.manaus.am.gov.br\/implurb\/#\/schema\/person\/ab4dcf766a54dff74e8d267f5c591961","name":"smonteiro","image":{"@type":"ImageObject","inLanguage":"pt-BR","@id":"https:\/\/www.manaus.am.gov.br\/implurb\/#\/schema\/person\/image\/","url":"https:\/\/secure.gravatar.com\/avatar\/21c8776ef61d9272c73322052e042d77?s=96&d=mm&r=g","contentUrl":"https:\/\/secure.gravatar.com\/avatar\/21c8776ef61d9272c73322052e042d77?s=96&d=mm&r=g","caption":"smonteiro"}}]}},"_links":{"self":[{"href":"https:\/\/www.manaus.am.gov.br\/implurb\/wp-json\/wp\/v2\/posts\/3877"}],"collection":[{"href":"https:\/\/www.manaus.am.gov.br\/implurb\/wp-json\/wp\/v2\/posts"}],"about":[{"href":"https:\/\/www.manaus.am.gov.br\/implurb\/wp-json\/wp\/v2\/types\/post"}],"author":[{"embeddable":true,"href":"https:\/\/www.manaus.am.gov.br\/implurb\/wp-json\/wp\/v2\/users\/61"}],"replies":[{"embeddable":true,"href":"https:\/\/www.manaus.am.gov.br\/implurb\/wp-json\/wp\/v2\/comments?post=3877"}],"version-history":[{"count":1,"href":"https:\/\/www.manaus.am.gov.br\/implurb\/wp-json\/wp\/v2\/posts\/3877\/revisions"}],"predecessor-version":[{"id":3879,"href":"https:\/\/www.manaus.am.gov.br\/implurb\/wp-json\/wp\/v2\/posts\/3877\/revisions\/3879"}],"wp:featuredmedia":[{"embeddable":true,"href":"https:\/\/www.manaus.am.gov.br\/implurb\/wp-json\/wp\/v2\/media\/3878"}],"wp:attachment":[{"href":"https:\/\/www.manaus.am.gov.br\/implurb\/wp-json\/wp\/v2\/media?parent=3877"}],"wp:term":[{"taxonomy":"category","embeddable":true,"href":"https:\/\/www.manaus.am.gov.br\/implurb\/wp-json\/wp\/v2\/categories?post=3877"},{"taxonomy":"post_tag","embeddable":true,"href":"https:\/\/www.manaus.am.gov.br\/implurb\/wp-json\/wp\/v2\/tags?post=3877"}],"curies":[{"name":"wp","href":"https:\/\/api.w.org\/{rel}","templated":true}]}}