{"id":3846,"date":"2024-02-01T15:54:44","date_gmt":"2024-02-01T19:54:44","guid":{"rendered":"https:\/\/www.manaus.am.gov.br\/implurb\/janeiro-tem-alta-de-7-na-emissao-de-certidoes-de-endereco-emitidas-pelo-implurb\/"},"modified":"2024-02-01T15:54:46","modified_gmt":"2024-02-01T19:54:46","slug":"janeiro-tem-alta-de-7-na-emissao-de-certidoes-de-endereco-emitidas-pelo-implurb","status":"publish","type":"post","link":"https:\/\/www.manaus.am.gov.br\/implurb\/janeiro-tem-alta-de-7-na-emissao-de-certidoes-de-endereco-emitidas-pelo-implurb\/","title":{"rendered":"Janeiro tem alta de 7% na emiss\u00e3o de certid\u00f5es de endere\u00e7o emitidas pelo Implurb"},"content":{"rendered":"\n<p>Com 253 certid\u00f5es de endere\u00e7o emitidas em janeiro de 2024, a Prefeitura de Manaus teve uma alta de 7,2% no n\u00famero comparando com o mesmo m\u00eas de 2023, quando o Instituto Municipal de Planejamento (Implurb) expediu 236 documentos. Desde o in\u00edcio da gest\u00e3o do prefeito David Almeida, a Ger\u00eancia de Mobilidade Urbana (GMU) do \u00f3rg\u00e3o fez a emiss\u00e3o de 6.677 certid\u00f5es, de janeiro de 2021 a janeiro de 2024.<\/p>\n\n\n\n<p>A primeira via do documento \u00e9 expedida gratuitamente ao requerente. A certid\u00e3o \u00e9 usada para quem precisa comprovar o endere\u00e7o oficial, seja de pessoas f\u00edsicas ou de pessoas jur\u00eddicas. O documento oficializa endere\u00e7o do im\u00f3vel no espa\u00e7o geogr\u00e1fico do munic\u00edpio de Manaus, fazendo a atualiza\u00e7\u00e3o do endere\u00e7amento conforme a lei vigente.<\/p>\n\n\n\n<p>Quem precisa da comprova\u00e7\u00e3o deve consultar no site <a href=\"https:\/\/implurb.manaus.am.gov.br\">https:\/\/implurb.manaus.am.gov.br<\/a>, na \u00e1rea de servi\u00e7os, em \u201cLista de Documentos\u201d, o que precisa apresentar para fazer o pedido.<\/p>\n\n\n\n<p>Com o requerimento padr\u00e3o preenchido e com os documentos exigidos, todos digitalizados, o solicitante deve enviar o pedido para o atendimento para o endere\u00e7o <a href=\"mailto:respostaimplurb@outook.com\">respostaimplurb@outook.com<\/a>. Importante observar que os documentos devem ser enviados em formato PDF e o processo \u00e9 todo online, inclusive para acesso \u00e0 certid\u00e3o digital.<\/p>\n\n\n\n<p>\u201cO atendimento presencial da Ger\u00eancia de Mobilidade Urbana (GMU) \u00e9 feito de 8h \u00e0s 12h, nos dias de segunda, quarta e sexta-feira, exceto feriados e pontos facultativos\u201d, afirmou a gerente do GMU, arquiteta Carolina Azevedo. Para entrar em contato no setor, pode enviar e-mail para <a href=\"mailto:gmu.implurb@manaus.am.gov.br\">gmu.implurb@manaus.am.gov.br<\/a> ou ligar no (92) 3625-6582.<\/p>\n\n\n\n<p><strong>Documenta\u00e7\u00e3o<\/strong><\/p>\n\n\n\n<p>Para solicitar o documento, \u00e9 preciso apresentar requerimento padr\u00e3o espec\u00edfico da Certid\u00e3o de Endere\u00e7o; documentos que identifiquem a matr\u00edcula do IPTU; contrato de compra e venda ou outro documento que comprove a posse do im\u00f3vel; comprovante de resid\u00eancia; croqui de localiza\u00e7\u00e3o (pode ser feito \u00e0 m\u00e3o ou pode ser uma imagem do Google Maps, com a indica\u00e7\u00e3o do lote); contrato de loca\u00e7\u00e3o, quando for im\u00f3vel alugado; contrato social, quando se tratar de empresa. Os documentos devem ser apresentados originais digitalizados.<\/p>\n\n\n\n<p>&#8212; &#8212; &#8212;<\/p>\n\n\n\n<p><strong>Texto<\/strong> \u2013 Claudia do Valle \/ Implurb<\/p>\n\n\n\n<p><strong>Fotos<\/strong> \u2013 Ant\u00f4nio Pereira \/ Semcom<\/p>\n","protected":false},"excerpt":{"rendered":"","protected":false},"author":61,"featured_media":3847,"comment_status":"closed","ping_status":"closed","sticky":false,"template":"","format":"standard","meta":{"footnotes":""},"categories":[285],"tags":[249,835,11,15],"acf":[],"yoast_head":"<!-- This site is optimized with the Yoast SEO plugin v23.0 - https:\/\/yoast.com\/wordpress\/plugins\/seo\/ -->\n<title>Janeiro tem alta de 7% nas certid\u00f5es de endere\u00e7o no Implurb<\/title>\n<meta name=\"description\" content=\"A Prefeitura registrou, em 2024, uma alta de 7,2% na emiss\u00e3o de certid\u00f5es de endere\u00e7o, pelo Implurb, com 236 documentos expedidos.\" \/>\n<meta name=\"robots\" content=\"noindex, follow\" \/>\n<meta property=\"og:locale\" content=\"pt_BR\" \/>\n<meta property=\"og:type\" content=\"article\" \/>\n<meta property=\"og:title\" content=\"Janeiro tem alta de 7% nas certid\u00f5es de endere\u00e7o no Implurb\" \/>\n<meta property=\"og:description\" content=\"A Prefeitura registrou, em 2024, uma alta de 7,2% na emiss\u00e3o de certid\u00f5es de endere\u00e7o, pelo Implurb, com 236 documentos expedidos.\" \/>\n<meta property=\"og:url\" content=\"https:\/\/www.manaus.am.gov.br\/implurb\/janeiro-tem-alta-de-7-na-emissao-de-certidoes-de-endereco-emitidas-pelo-implurb\/\" \/>\n<meta property=\"og:site_name\" content=\"IMPLURB\" \/>\n<meta property=\"article:published_time\" content=\"2024-02-01T19:54:44+00:00\" \/>\n<meta property=\"article:modified_time\" content=\"2024-02-01T19:54:46+00:00\" \/>\n<meta property=\"og:image\" content=\"https:\/\/www.manaus.am.gov.br\/implurb\/wp-content\/uploads\/sites\/13\/2024\/02\/certidaoendereco2.jpg\" \/>\n\t<meta property=\"og:image:width\" content=\"2048\" \/>\n\t<meta property=\"og:image:height\" content=\"1365\" \/>\n\t<meta property=\"og:image:type\" content=\"image\/jpeg\" \/>\n<meta name=\"author\" content=\"smonteiro\" \/>\n<meta name=\"twitter:card\" content=\"summary_large_image\" \/>\n<meta name=\"twitter:label1\" content=\"Written by\" \/>\n\t<meta name=\"twitter:data1\" content=\"smonteiro\" \/>\n\t<meta name=\"twitter:label2\" content=\"Est. reading time\" \/>\n\t<meta name=\"twitter:data2\" content=\"2 minutos\" \/>\n<script type=\"application\/ld+json\" class=\"yoast-schema-graph\">{\"@context\":\"https:\/\/schema.org\",\"@graph\":[{\"@type\":\"WebPage\",\"@id\":\"https:\/\/www.manaus.am.gov.br\/implurb\/janeiro-tem-alta-de-7-na-emissao-de-certidoes-de-endereco-emitidas-pelo-implurb\/\",\"url\":\"https:\/\/www.manaus.am.gov.br\/implurb\/janeiro-tem-alta-de-7-na-emissao-de-certidoes-de-endereco-emitidas-pelo-implurb\/\",\"name\":\"Janeiro tem alta de 7% nas certid\u00f5es de endere\u00e7o no Implurb\",\"isPartOf\":{\"@id\":\"https:\/\/www.manaus.am.gov.br\/implurb\/#website\"},\"primaryImageOfPage\":{\"@id\":\"https:\/\/www.manaus.am.gov.br\/implurb\/janeiro-tem-alta-de-7-na-emissao-de-certidoes-de-endereco-emitidas-pelo-implurb\/#primaryimage\"},\"image\":{\"@id\":\"https:\/\/www.manaus.am.gov.br\/implurb\/janeiro-tem-alta-de-7-na-emissao-de-certidoes-de-endereco-emitidas-pelo-implurb\/#primaryimage\"},\"thumbnailUrl\":\"https:\/\/www.manaus.am.gov.br\/implurb\/wp-content\/uploads\/sites\/13\/2024\/02\/certidaoendereco2.jpg\",\"datePublished\":\"2024-02-01T19:54:44+00:00\",\"dateModified\":\"2024-02-01T19:54:46+00:00\",\"author\":{\"@id\":\"https:\/\/www.manaus.am.gov.br\/implurb\/#\/schema\/person\/ab4dcf766a54dff74e8d267f5c591961\"},\"description\":\"A Prefeitura registrou, em 2024, uma alta de 7,2% na emiss\u00e3o de certid\u00f5es de endere\u00e7o, pelo Implurb, com 236 documentos expedidos.\",\"breadcrumb\":{\"@id\":\"https:\/\/www.manaus.am.gov.br\/implurb\/janeiro-tem-alta-de-7-na-emissao-de-certidoes-de-endereco-emitidas-pelo-implurb\/#breadcrumb\"},\"inLanguage\":\"pt-BR\",\"potentialAction\":[{\"@type\":\"ReadAction\",\"target\":[\"https:\/\/www.manaus.am.gov.br\/implurb\/janeiro-tem-alta-de-7-na-emissao-de-certidoes-de-endereco-emitidas-pelo-implurb\/\"]}]},{\"@type\":\"ImageObject\",\"inLanguage\":\"pt-BR\",\"@id\":\"https:\/\/www.manaus.am.gov.br\/implurb\/janeiro-tem-alta-de-7-na-emissao-de-certidoes-de-endereco-emitidas-pelo-implurb\/#primaryimage\",\"url\":\"https:\/\/www.manaus.am.gov.br\/implurb\/wp-content\/uploads\/sites\/13\/2024\/02\/certidaoendereco2.jpg\",\"contentUrl\":\"https:\/\/www.manaus.am.gov.br\/implurb\/wp-content\/uploads\/sites\/13\/2024\/02\/certidaoendereco2.jpg\",\"width\":2048,\"height\":1365,\"caption\":\"#paratodosverem - servidores do Implurb trabalham na emiss\u00e3o de certid\u00f5es\"},{\"@type\":\"BreadcrumbList\",\"@id\":\"https:\/\/www.manaus.am.gov.br\/implurb\/janeiro-tem-alta-de-7-na-emissao-de-certidoes-de-endereco-emitidas-pelo-implurb\/#breadcrumb\",\"itemListElement\":[{\"@type\":\"ListItem\",\"position\":1,\"name\":\"Home\",\"item\":\"https:\/\/www.manaus.am.gov.br\/implurb\/\"},{\"@type\":\"ListItem\",\"position\":2,\"name\":\"Janeiro tem alta de 7% na emiss\u00e3o de certid\u00f5es de endere\u00e7o emitidas pelo Implurb\"}]},{\"@type\":\"WebSite\",\"@id\":\"https:\/\/www.manaus.am.gov.br\/implurb\/#website\",\"url\":\"https:\/\/www.manaus.am.gov.br\/implurb\/\",\"name\":\"IMPLURB\",\"description\":\"Prefeitura de Manaus\",\"potentialAction\":[{\"@type\":\"SearchAction\",\"target\":{\"@type\":\"EntryPoint\",\"urlTemplate\":\"https:\/\/www.manaus.am.gov.br\/implurb\/?s={search_term_string}\"},\"query-input\":\"required name=search_term_string\"}],\"inLanguage\":\"pt-BR\"},{\"@type\":\"Person\",\"@id\":\"https:\/\/www.manaus.am.gov.br\/implurb\/#\/schema\/person\/ab4dcf766a54dff74e8d267f5c591961\",\"name\":\"smonteiro\",\"image\":{\"@type\":\"ImageObject\",\"inLanguage\":\"pt-BR\",\"@id\":\"https:\/\/www.manaus.am.gov.br\/implurb\/#\/schema\/person\/image\/\",\"url\":\"https:\/\/secure.gravatar.com\/avatar\/21c8776ef61d9272c73322052e042d77?s=96&d=mm&r=g\",\"contentUrl\":\"https:\/\/secure.gravatar.com\/avatar\/21c8776ef61d9272c73322052e042d77?s=96&d=mm&r=g\",\"caption\":\"smonteiro\"}}]}<\/script>\n<!-- \/ Yoast SEO plugin. -->","yoast_head_json":{"title":"Janeiro tem alta de 7% nas certid\u00f5es de endere\u00e7o no Implurb","description":"A Prefeitura registrou, em 2024, uma alta de 7,2% na emiss\u00e3o de certid\u00f5es de endere\u00e7o, pelo Implurb, com 236 documentos expedidos.","robots":{"index":"noindex","follow":"follow"},"og_locale":"pt_BR","og_type":"article","og_title":"Janeiro tem alta de 7% nas certid\u00f5es de endere\u00e7o no Implurb","og_description":"A Prefeitura registrou, em 2024, uma alta de 7,2% na emiss\u00e3o de certid\u00f5es de endere\u00e7o, pelo Implurb, com 236 documentos expedidos.","og_url":"https:\/\/www.manaus.am.gov.br\/implurb\/janeiro-tem-alta-de-7-na-emissao-de-certidoes-de-endereco-emitidas-pelo-implurb\/","og_site_name":"IMPLURB","article_published_time":"2024-02-01T19:54:44+00:00","article_modified_time":"2024-02-01T19:54:46+00:00","og_image":[{"width":2048,"height":1365,"url":"https:\/\/www.manaus.am.gov.br\/implurb\/wp-content\/uploads\/sites\/13\/2024\/02\/certidaoendereco2.jpg","type":"image\/jpeg"}],"author":"smonteiro","twitter_card":"summary_large_image","twitter_misc":{"Written by":"smonteiro","Est. reading time":"2 minutos"},"schema":{"@context":"https:\/\/schema.org","@graph":[{"@type":"WebPage","@id":"https:\/\/www.manaus.am.gov.br\/implurb\/janeiro-tem-alta-de-7-na-emissao-de-certidoes-de-endereco-emitidas-pelo-implurb\/","url":"https:\/\/www.manaus.am.gov.br\/implurb\/janeiro-tem-alta-de-7-na-emissao-de-certidoes-de-endereco-emitidas-pelo-implurb\/","name":"Janeiro tem alta de 7% nas certid\u00f5es de endere\u00e7o no Implurb","isPartOf":{"@id":"https:\/\/www.manaus.am.gov.br\/implurb\/#website"},"primaryImageOfPage":{"@id":"https:\/\/www.manaus.am.gov.br\/implurb\/janeiro-tem-alta-de-7-na-emissao-de-certidoes-de-endereco-emitidas-pelo-implurb\/#primaryimage"},"image":{"@id":"https:\/\/www.manaus.am.gov.br\/implurb\/janeiro-tem-alta-de-7-na-emissao-de-certidoes-de-endereco-emitidas-pelo-implurb\/#primaryimage"},"thumbnailUrl":"https:\/\/www.manaus.am.gov.br\/implurb\/wp-content\/uploads\/sites\/13\/2024\/02\/certidaoendereco2.jpg","datePublished":"2024-02-01T19:54:44+00:00","dateModified":"2024-02-01T19:54:46+00:00","author":{"@id":"https:\/\/www.manaus.am.gov.br\/implurb\/#\/schema\/person\/ab4dcf766a54dff74e8d267f5c591961"},"description":"A Prefeitura registrou, em 2024, uma alta de 7,2% na emiss\u00e3o de certid\u00f5es de endere\u00e7o, pelo Implurb, com 236 documentos expedidos.","breadcrumb":{"@id":"https:\/\/www.manaus.am.gov.br\/implurb\/janeiro-tem-alta-de-7-na-emissao-de-certidoes-de-endereco-emitidas-pelo-implurb\/#breadcrumb"},"inLanguage":"pt-BR","potentialAction":[{"@type":"ReadAction","target":["https:\/\/www.manaus.am.gov.br\/implurb\/janeiro-tem-alta-de-7-na-emissao-de-certidoes-de-endereco-emitidas-pelo-implurb\/"]}]},{"@type":"ImageObject","inLanguage":"pt-BR","@id":"https:\/\/www.manaus.am.gov.br\/implurb\/janeiro-tem-alta-de-7-na-emissao-de-certidoes-de-endereco-emitidas-pelo-implurb\/#primaryimage","url":"https:\/\/www.manaus.am.gov.br\/implurb\/wp-content\/uploads\/sites\/13\/2024\/02\/certidaoendereco2.jpg","contentUrl":"https:\/\/www.manaus.am.gov.br\/implurb\/wp-content\/uploads\/sites\/13\/2024\/02\/certidaoendereco2.jpg","width":2048,"height":1365,"caption":"#paratodosverem - servidores do Implurb trabalham na emiss\u00e3o de certid\u00f5es"},{"@type":"BreadcrumbList","@id":"https:\/\/www.manaus.am.gov.br\/implurb\/janeiro-tem-alta-de-7-na-emissao-de-certidoes-de-endereco-emitidas-pelo-implurb\/#breadcrumb","itemListElement":[{"@type":"ListItem","position":1,"name":"Home","item":"https:\/\/www.manaus.am.gov.br\/implurb\/"},{"@type":"ListItem","position":2,"name":"Janeiro tem alta de 7% na emiss\u00e3o de certid\u00f5es de endere\u00e7o emitidas pelo Implurb"}]},{"@type":"WebSite","@id":"https:\/\/www.manaus.am.gov.br\/implurb\/#website","url":"https:\/\/www.manaus.am.gov.br\/implurb\/","name":"IMPLURB","description":"Prefeitura de Manaus","potentialAction":[{"@type":"SearchAction","target":{"@type":"EntryPoint","urlTemplate":"https:\/\/www.manaus.am.gov.br\/implurb\/?s={search_term_string}"},"query-input":"required name=search_term_string"}],"inLanguage":"pt-BR"},{"@type":"Person","@id":"https:\/\/www.manaus.am.gov.br\/implurb\/#\/schema\/person\/ab4dcf766a54dff74e8d267f5c591961","name":"smonteiro","image":{"@type":"ImageObject","inLanguage":"pt-BR","@id":"https:\/\/www.manaus.am.gov.br\/implurb\/#\/schema\/person\/image\/","url":"https:\/\/secure.gravatar.com\/avatar\/21c8776ef61d9272c73322052e042d77?s=96&d=mm&r=g","contentUrl":"https:\/\/secure.gravatar.com\/avatar\/21c8776ef61d9272c73322052e042d77?s=96&d=mm&r=g","caption":"smonteiro"}}]}},"_links":{"self":[{"href":"https:\/\/www.manaus.am.gov.br\/implurb\/wp-json\/wp\/v2\/posts\/3846"}],"collection":[{"href":"https:\/\/www.manaus.am.gov.br\/implurb\/wp-json\/wp\/v2\/posts"}],"about":[{"href":"https:\/\/www.manaus.am.gov.br\/implurb\/wp-json\/wp\/v2\/types\/post"}],"author":[{"embeddable":true,"href":"https:\/\/www.manaus.am.gov.br\/implurb\/wp-json\/wp\/v2\/users\/61"}],"replies":[{"embeddable":true,"href":"https:\/\/www.manaus.am.gov.br\/implurb\/wp-json\/wp\/v2\/comments?post=3846"}],"version-history":[{"count":0,"href":"https:\/\/www.manaus.am.gov.br\/implurb\/wp-json\/wp\/v2\/posts\/3846\/revisions"}],"wp:featuredmedia":[{"embeddable":true,"href":"https:\/\/www.manaus.am.gov.br\/implurb\/wp-json\/wp\/v2\/media\/3847"}],"wp:attachment":[{"href":"https:\/\/www.manaus.am.gov.br\/implurb\/wp-json\/wp\/v2\/media?parent=3846"}],"wp:term":[{"taxonomy":"category","embeddable":true,"href":"https:\/\/www.manaus.am.gov.br\/implurb\/wp-json\/wp\/v2\/categories?post=3846"},{"taxonomy":"post_tag","embeddable":true,"href":"https:\/\/www.manaus.am.gov.br\/implurb\/wp-json\/wp\/v2\/tags?post=3846"}],"curies":[{"name":"wp","href":"https:\/\/api.w.org\/{rel}","templated":true}]}}