{"id":3763,"date":"2023-02-19T11:06:22","date_gmt":"2023-02-19T15:06:22","guid":{"rendered":"https:\/\/www.manaus.am.gov.br\/implurb\/primeira-mapoteca-doada-a-ufam-pela-prefeitura-de-manaus-tem-catalogacao-concluida-e-material-deve-ser-digitalizado\/"},"modified":"2024-01-16T16:52:28","modified_gmt":"2024-01-16T20:52:28","slug":"primeira-mapoteca-doada-a-ufam-pela-prefeitura-de-manaus-tem-catalogacao-concluida-e-material-deve-ser-digitalizado","status":"publish","type":"post","link":"https:\/\/www.manaus.am.gov.br\/implurb\/primeira-mapoteca-doada-a-ufam-pela-prefeitura-de-manaus-tem-catalogacao-concluida-e-material-deve-ser-digitalizado\/","title":{"rendered":"Primeira mapoteca doada \u00e0 Ufam pela Prefeitura de Manaus tem cataloga\u00e7\u00e3o conclu\u00edda e material deve ser digitalizado"},"content":{"rendered":"\n<p>Uma mapoteca com 145 projetos j\u00e1 foi catalogada por estudantes volunt\u00e1rios da Universidade Federal do Amazonas (Ufam). As composi\u00e7\u00f5es arquitet\u00f4nicas f\u00edsicas fazem parte de 504 pranchas doadas pela Prefeitura de Manaus, via Instituto Municipal de Planejamento Urbano (Implurb), do per\u00edodo de 1993 a 2000.<\/p>\n\n\n\n<p>O material, que foi doado pelo instituto \u00e0 Ufam, para o N\u00facleo de Arquitetura Moderna na Amaz\u00f4nia (Nama), passou por identifica\u00e7\u00e3o e segue em cataloga\u00e7\u00e3o. Faltam duas mapotecas, somando entre 1.500 e 2 mil pranchetas.<\/p>\n\n\n\n<p>O acervo agora tem a guarda e responsabilidade de manuten\u00e7\u00e3o pelo Nama. As mapotecas s\u00e3o de uma \u00e9poca anterior \u00e0 computa\u00e7\u00e3o gr\u00e1fica e o material \u00e9 composto de projetos feitos em pranchetas em papel vegetal, papel manteiga e plantas t\u00e9cnicas.<\/p>\n\n\n\n<p>Conforme o coordenador do Grupo de Pesquisa Arquitetura Moderna na Amaz\u00f4nia (Grupo Ama), arquiteto Marcos Cereto, da Faculdade de Tecnologia, os trabalhos dos estudantes ser\u00e3o retomados ap\u00f3s as f\u00e9rias de mar\u00e7o, em abril.<\/p>\n\n\n\n<p>&#8220;A previs\u00e3o \u00e9 concluir a cataloga\u00e7\u00e3o e colocar a rela\u00e7\u00e3o de todos os projetos no site do Nama. H\u00e1 tratativas com o Implurb sobre a possibilidade de encontrar solu\u00e7\u00f5es para possibilitar a digitaliza\u00e7\u00e3o do conte\u00fado para que fique dispon\u00edvel para a sociedade&#8221;, comentou Cereto.<\/p>\n\n\n\n<p>Para o vice-presidente do Implurb, arquiteto e urbanista Claudemir Andrade, esse acervo \u00e9 muito importante pela hist\u00f3ria dos profissionais e pelos projetos desenvolvidos para Manaus e na capital no per\u00edodo, especialmente da d\u00e9cada de 1990. &#8220;Estamos no caminho certo para o resgate desta mem\u00f3ria e manuten\u00e7\u00e3o\u201d, comentou.<\/p>\n\n\n\n<p>No acervo, est\u00e3o projetos realizados ou n\u00e3o de maternidades, escolas, sede da Prefeitura de Manaus, postos de sa\u00fade, parques, pra\u00e7as e interven\u00e7\u00f5es vi\u00e1rias. Conforme primeira verifica\u00e7\u00e3o do material recebido do arquivo do&nbsp;Implurb, entre os projetos est\u00e1 um antigo do cal\u00e7ad\u00e3o da Ponta Negra, realizado no final da d\u00e9cada de 1990, pelo arquiteto Severiano Porto.<\/p>\n\n\n\n<p>As plantas e projetos das mapotecas comp\u00f5em a hist\u00f3ria do planejamento urban\u00edstico da capital amazonense, da \u00e9poca da extinta Secretaria Municipal de Desenvolvimento Urbano (Semdurb), que deixou de existir em 2006, dando lugar ao&nbsp;Implurb.<\/p>\n\n\n\n<p>Conforme&nbsp;Cereto, o Nama j\u00e1 tem o acervo do arquiteto Severiano Porto, um dos mais significativos nomes do Amazonas, al\u00e9m do acervo privado do arquiteto Jos\u00e9 Henriques, que foi ex-presidente do&nbsp;Implurb.<\/p>\n\n\n\n<p>&#8212; &#8212; &#8212;<\/p>\n\n\n\n<p><strong>Texto&nbsp;<\/strong>\u2013 Claudia do Valle \/&nbsp;Implurb<\/p>\n\n\n\n<p><strong>Fotos<\/strong>&nbsp;\u2013 Divulga\u00e7\u00e3o \/ Implurb<\/p>\n","protected":false},"excerpt":{"rendered":"","protected":false},"author":31,"featured_media":3764,"comment_status":"closed","ping_status":"closed","sticky":false,"template":"","format":"standard","meta":{"footnotes":""},"categories":[1270],"tags":[312,458,251,461],"acf":[],"yoast_head":"<!-- This site is optimized with the Yoast SEO plugin v23.0 - https:\/\/yoast.com\/wordpress\/plugins\/seo\/ -->\n<title>Primeira mapoteca doada \u00e0 Ufam pela Prefeitura de Manaus tem cataloga\u00e7\u00e3o conclu\u00edda e material deve ser digitalizado - IMPLURB<\/title>\n<meta name=\"robots\" content=\"noindex, follow\" \/>\n<meta property=\"og:locale\" content=\"pt_BR\" \/>\n<meta property=\"og:type\" content=\"article\" \/>\n<meta property=\"og:title\" content=\"Primeira mapoteca doada \u00e0 Ufam pela Prefeitura de Manaus tem cataloga\u00e7\u00e3o conclu\u00edda e material deve ser digitalizado - IMPLURB\" \/>\n<meta property=\"og:url\" content=\"https:\/\/www.manaus.am.gov.br\/implurb\/primeira-mapoteca-doada-a-ufam-pela-prefeitura-de-manaus-tem-catalogacao-concluida-e-material-deve-ser-digitalizado\/\" \/>\n<meta property=\"og:site_name\" content=\"IMPLURB\" \/>\n<meta property=\"article:published_time\" content=\"2023-02-19T15:06:22+00:00\" \/>\n<meta property=\"article:modified_time\" content=\"2024-01-16T20:52:28+00:00\" \/>\n<meta property=\"og:image\" content=\"https:\/\/www.manaus.am.gov.br\/implurb\/wp-content\/uploads\/sites\/13\/2024\/01\/mapoteca3.jpg\" \/>\n\t<meta property=\"og:image:width\" content=\"1261\" \/>\n\t<meta property=\"og:image:height\" content=\"561\" \/>\n\t<meta property=\"og:image:type\" content=\"image\/jpeg\" \/>\n<meta name=\"author\" content=\"Renata Felix\" \/>\n<meta name=\"twitter:card\" content=\"summary_large_image\" \/>\n<meta name=\"twitter:label1\" content=\"Written by\" \/>\n\t<meta name=\"twitter:data1\" content=\"Renata Felix\" \/>\n\t<meta name=\"twitter:label2\" content=\"Est. reading time\" \/>\n\t<meta name=\"twitter:data2\" content=\"3 minutos\" \/>\n<script type=\"application\/ld+json\" class=\"yoast-schema-graph\">{\"@context\":\"https:\/\/schema.org\",\"@graph\":[{\"@type\":\"WebPage\",\"@id\":\"https:\/\/www.manaus.am.gov.br\/implurb\/primeira-mapoteca-doada-a-ufam-pela-prefeitura-de-manaus-tem-catalogacao-concluida-e-material-deve-ser-digitalizado\/\",\"url\":\"https:\/\/www.manaus.am.gov.br\/implurb\/primeira-mapoteca-doada-a-ufam-pela-prefeitura-de-manaus-tem-catalogacao-concluida-e-material-deve-ser-digitalizado\/\",\"name\":\"Primeira mapoteca doada \u00e0 Ufam pela Prefeitura de Manaus tem cataloga\u00e7\u00e3o conclu\u00edda e material deve ser digitalizado - IMPLURB\",\"isPartOf\":{\"@id\":\"https:\/\/www.manaus.am.gov.br\/implurb\/#website\"},\"primaryImageOfPage\":{\"@id\":\"https:\/\/www.manaus.am.gov.br\/implurb\/primeira-mapoteca-doada-a-ufam-pela-prefeitura-de-manaus-tem-catalogacao-concluida-e-material-deve-ser-digitalizado\/#primaryimage\"},\"image\":{\"@id\":\"https:\/\/www.manaus.am.gov.br\/implurb\/primeira-mapoteca-doada-a-ufam-pela-prefeitura-de-manaus-tem-catalogacao-concluida-e-material-deve-ser-digitalizado\/#primaryimage\"},\"thumbnailUrl\":\"https:\/\/www.manaus.am.gov.br\/implurb\/wp-content\/uploads\/sites\/13\/2024\/01\/mapoteca3.jpg\",\"datePublished\":\"2023-02-19T15:06:22+00:00\",\"dateModified\":\"2024-01-16T20:52:28+00:00\",\"author\":{\"@id\":\"https:\/\/www.manaus.am.gov.br\/implurb\/#\/schema\/person\/4eea2a8f78dc853097abb026f728aa06\"},\"breadcrumb\":{\"@id\":\"https:\/\/www.manaus.am.gov.br\/implurb\/primeira-mapoteca-doada-a-ufam-pela-prefeitura-de-manaus-tem-catalogacao-concluida-e-material-deve-ser-digitalizado\/#breadcrumb\"},\"inLanguage\":\"pt-BR\",\"potentialAction\":[{\"@type\":\"ReadAction\",\"target\":[\"https:\/\/www.manaus.am.gov.br\/implurb\/primeira-mapoteca-doada-a-ufam-pela-prefeitura-de-manaus-tem-catalogacao-concluida-e-material-deve-ser-digitalizado\/\"]}]},{\"@type\":\"ImageObject\",\"inLanguage\":\"pt-BR\",\"@id\":\"https:\/\/www.manaus.am.gov.br\/implurb\/primeira-mapoteca-doada-a-ufam-pela-prefeitura-de-manaus-tem-catalogacao-concluida-e-material-deve-ser-digitalizado\/#primaryimage\",\"url\":\"https:\/\/www.manaus.am.gov.br\/implurb\/wp-content\/uploads\/sites\/13\/2024\/01\/mapoteca3.jpg\",\"contentUrl\":\"https:\/\/www.manaus.am.gov.br\/implurb\/wp-content\/uploads\/sites\/13\/2024\/01\/mapoteca3.jpg\",\"width\":1261,\"height\":561},{\"@type\":\"BreadcrumbList\",\"@id\":\"https:\/\/www.manaus.am.gov.br\/implurb\/primeira-mapoteca-doada-a-ufam-pela-prefeitura-de-manaus-tem-catalogacao-concluida-e-material-deve-ser-digitalizado\/#breadcrumb\",\"itemListElement\":[{\"@type\":\"ListItem\",\"position\":1,\"name\":\"Home\",\"item\":\"https:\/\/www.manaus.am.gov.br\/implurb\/\"},{\"@type\":\"ListItem\",\"position\":2,\"name\":\"Primeira mapoteca doada \u00e0 Ufam pela Prefeitura de Manaus tem cataloga\u00e7\u00e3o conclu\u00edda e material deve ser digitalizado\"}]},{\"@type\":\"WebSite\",\"@id\":\"https:\/\/www.manaus.am.gov.br\/implurb\/#website\",\"url\":\"https:\/\/www.manaus.am.gov.br\/implurb\/\",\"name\":\"IMPLURB\",\"description\":\"Prefeitura de Manaus\",\"potentialAction\":[{\"@type\":\"SearchAction\",\"target\":{\"@type\":\"EntryPoint\",\"urlTemplate\":\"https:\/\/www.manaus.am.gov.br\/implurb\/?s={search_term_string}\"},\"query-input\":\"required name=search_term_string\"}],\"inLanguage\":\"pt-BR\"},{\"@type\":\"Person\",\"@id\":\"https:\/\/www.manaus.am.gov.br\/implurb\/#\/schema\/person\/4eea2a8f78dc853097abb026f728aa06\",\"name\":\"Renata Felix\",\"image\":{\"@type\":\"ImageObject\",\"inLanguage\":\"pt-BR\",\"@id\":\"https:\/\/www.manaus.am.gov.br\/implurb\/#\/schema\/person\/image\/\",\"url\":\"https:\/\/secure.gravatar.com\/avatar\/3c196cf9d3b837b24c8edb2c50fd8f29?s=96&d=mm&r=g\",\"contentUrl\":\"https:\/\/secure.gravatar.com\/avatar\/3c196cf9d3b837b24c8edb2c50fd8f29?s=96&d=mm&r=g\",\"caption\":\"Renata Felix\"}}]}<\/script>\n<!-- \/ Yoast SEO plugin. -->","yoast_head_json":{"title":"Primeira mapoteca doada \u00e0 Ufam pela Prefeitura de Manaus tem cataloga\u00e7\u00e3o conclu\u00edda e material deve ser digitalizado - IMPLURB","robots":{"index":"noindex","follow":"follow"},"og_locale":"pt_BR","og_type":"article","og_title":"Primeira mapoteca doada \u00e0 Ufam pela Prefeitura de Manaus tem cataloga\u00e7\u00e3o conclu\u00edda e material deve ser digitalizado - IMPLURB","og_url":"https:\/\/www.manaus.am.gov.br\/implurb\/primeira-mapoteca-doada-a-ufam-pela-prefeitura-de-manaus-tem-catalogacao-concluida-e-material-deve-ser-digitalizado\/","og_site_name":"IMPLURB","article_published_time":"2023-02-19T15:06:22+00:00","article_modified_time":"2024-01-16T20:52:28+00:00","og_image":[{"width":1261,"height":561,"url":"https:\/\/www.manaus.am.gov.br\/implurb\/wp-content\/uploads\/sites\/13\/2024\/01\/mapoteca3.jpg","type":"image\/jpeg"}],"author":"Renata Felix","twitter_card":"summary_large_image","twitter_misc":{"Written by":"Renata Felix","Est. reading time":"3 minutos"},"schema":{"@context":"https:\/\/schema.org","@graph":[{"@type":"WebPage","@id":"https:\/\/www.manaus.am.gov.br\/implurb\/primeira-mapoteca-doada-a-ufam-pela-prefeitura-de-manaus-tem-catalogacao-concluida-e-material-deve-ser-digitalizado\/","url":"https:\/\/www.manaus.am.gov.br\/implurb\/primeira-mapoteca-doada-a-ufam-pela-prefeitura-de-manaus-tem-catalogacao-concluida-e-material-deve-ser-digitalizado\/","name":"Primeira mapoteca doada \u00e0 Ufam pela Prefeitura de Manaus tem cataloga\u00e7\u00e3o conclu\u00edda e material deve ser digitalizado - IMPLURB","isPartOf":{"@id":"https:\/\/www.manaus.am.gov.br\/implurb\/#website"},"primaryImageOfPage":{"@id":"https:\/\/www.manaus.am.gov.br\/implurb\/primeira-mapoteca-doada-a-ufam-pela-prefeitura-de-manaus-tem-catalogacao-concluida-e-material-deve-ser-digitalizado\/#primaryimage"},"image":{"@id":"https:\/\/www.manaus.am.gov.br\/implurb\/primeira-mapoteca-doada-a-ufam-pela-prefeitura-de-manaus-tem-catalogacao-concluida-e-material-deve-ser-digitalizado\/#primaryimage"},"thumbnailUrl":"https:\/\/www.manaus.am.gov.br\/implurb\/wp-content\/uploads\/sites\/13\/2024\/01\/mapoteca3.jpg","datePublished":"2023-02-19T15:06:22+00:00","dateModified":"2024-01-16T20:52:28+00:00","author":{"@id":"https:\/\/www.manaus.am.gov.br\/implurb\/#\/schema\/person\/4eea2a8f78dc853097abb026f728aa06"},"breadcrumb":{"@id":"https:\/\/www.manaus.am.gov.br\/implurb\/primeira-mapoteca-doada-a-ufam-pela-prefeitura-de-manaus-tem-catalogacao-concluida-e-material-deve-ser-digitalizado\/#breadcrumb"},"inLanguage":"pt-BR","potentialAction":[{"@type":"ReadAction","target":["https:\/\/www.manaus.am.gov.br\/implurb\/primeira-mapoteca-doada-a-ufam-pela-prefeitura-de-manaus-tem-catalogacao-concluida-e-material-deve-ser-digitalizado\/"]}]},{"@type":"ImageObject","inLanguage":"pt-BR","@id":"https:\/\/www.manaus.am.gov.br\/implurb\/primeira-mapoteca-doada-a-ufam-pela-prefeitura-de-manaus-tem-catalogacao-concluida-e-material-deve-ser-digitalizado\/#primaryimage","url":"https:\/\/www.manaus.am.gov.br\/implurb\/wp-content\/uploads\/sites\/13\/2024\/01\/mapoteca3.jpg","contentUrl":"https:\/\/www.manaus.am.gov.br\/implurb\/wp-content\/uploads\/sites\/13\/2024\/01\/mapoteca3.jpg","width":1261,"height":561},{"@type":"BreadcrumbList","@id":"https:\/\/www.manaus.am.gov.br\/implurb\/primeira-mapoteca-doada-a-ufam-pela-prefeitura-de-manaus-tem-catalogacao-concluida-e-material-deve-ser-digitalizado\/#breadcrumb","itemListElement":[{"@type":"ListItem","position":1,"name":"Home","item":"https:\/\/www.manaus.am.gov.br\/implurb\/"},{"@type":"ListItem","position":2,"name":"Primeira mapoteca doada \u00e0 Ufam pela Prefeitura de Manaus tem cataloga\u00e7\u00e3o conclu\u00edda e material deve ser digitalizado"}]},{"@type":"WebSite","@id":"https:\/\/www.manaus.am.gov.br\/implurb\/#website","url":"https:\/\/www.manaus.am.gov.br\/implurb\/","name":"IMPLURB","description":"Prefeitura de Manaus","potentialAction":[{"@type":"SearchAction","target":{"@type":"EntryPoint","urlTemplate":"https:\/\/www.manaus.am.gov.br\/implurb\/?s={search_term_string}"},"query-input":"required name=search_term_string"}],"inLanguage":"pt-BR"},{"@type":"Person","@id":"https:\/\/www.manaus.am.gov.br\/implurb\/#\/schema\/person\/4eea2a8f78dc853097abb026f728aa06","name":"Renata Felix","image":{"@type":"ImageObject","inLanguage":"pt-BR","@id":"https:\/\/www.manaus.am.gov.br\/implurb\/#\/schema\/person\/image\/","url":"https:\/\/secure.gravatar.com\/avatar\/3c196cf9d3b837b24c8edb2c50fd8f29?s=96&d=mm&r=g","contentUrl":"https:\/\/secure.gravatar.com\/avatar\/3c196cf9d3b837b24c8edb2c50fd8f29?s=96&d=mm&r=g","caption":"Renata Felix"}}]}},"_links":{"self":[{"href":"https:\/\/www.manaus.am.gov.br\/implurb\/wp-json\/wp\/v2\/posts\/3763"}],"collection":[{"href":"https:\/\/www.manaus.am.gov.br\/implurb\/wp-json\/wp\/v2\/posts"}],"about":[{"href":"https:\/\/www.manaus.am.gov.br\/implurb\/wp-json\/wp\/v2\/types\/post"}],"author":[{"embeddable":true,"href":"https:\/\/www.manaus.am.gov.br\/implurb\/wp-json\/wp\/v2\/users\/31"}],"replies":[{"embeddable":true,"href":"https:\/\/www.manaus.am.gov.br\/implurb\/wp-json\/wp\/v2\/comments?post=3763"}],"version-history":[{"count":0,"href":"https:\/\/www.manaus.am.gov.br\/implurb\/wp-json\/wp\/v2\/posts\/3763\/revisions"}],"wp:featuredmedia":[{"embeddable":true,"href":"https:\/\/www.manaus.am.gov.br\/implurb\/wp-json\/wp\/v2\/media\/3764"}],"wp:attachment":[{"href":"https:\/\/www.manaus.am.gov.br\/implurb\/wp-json\/wp\/v2\/media?parent=3763"}],"wp:term":[{"taxonomy":"category","embeddable":true,"href":"https:\/\/www.manaus.am.gov.br\/implurb\/wp-json\/wp\/v2\/categories?post=3763"},{"taxonomy":"post_tag","embeddable":true,"href":"https:\/\/www.manaus.am.gov.br\/implurb\/wp-json\/wp\/v2\/tags?post=3763"}],"curies":[{"name":"wp","href":"https:\/\/api.w.org\/{rel}","templated":true}]}}