{"id":3757,"date":"2023-02-16T12:00:48","date_gmt":"2023-02-16T16:00:48","guid":{"rendered":"https:\/\/www.manaus.am.gov.br\/implurb\/webinarios-estudos-e-experiencias-internacionais-vao-fechar-agenda-2023-entre-prefeitura-de-manaus-e-iurc\/"},"modified":"2024-01-16T16:51:41","modified_gmt":"2024-01-16T20:51:41","slug":"webinarios-estudos-e-experiencias-internacionais-vao-fechar-agenda-2023-entre-prefeitura-de-manaus-e-iurc","status":"publish","type":"post","link":"https:\/\/www.manaus.am.gov.br\/implurb\/webinarios-estudos-e-experiencias-internacionais-vao-fechar-agenda-2023-entre-prefeitura-de-manaus-e-iurc\/","title":{"rendered":"Webin\u00e1rios, estudos e experi\u00eancias internacionais v\u00e3o fechar agenda 2023 entre Prefeitura de Manaus e Iurc"},"content":{"rendered":"\n<p>Webin\u00e1rios, encontros bilaterais, estudos de caso e participa\u00e7\u00e3o em eventos nacionais e internacionais est\u00e3o na pauta da agenda 2023 da Prefeitura de Manaus dentro da coopera\u00e7\u00e3o no&nbsp;Programa Internacional de Coopera\u00e7\u00e3o Urbana (Iurc), projeto global que apoia cidades de diferentes regi\u00f5es do mundo, para compartilhar solu\u00e7\u00f5es e desafios comuns no desenvolvimento urbano sustent\u00e1vel.<\/p>\n\n\n\n<p>A Prefeitura de Manaus, via Instituto Municipal de Planejamento Urbano (Implurb), se prepara para o \u00faltimo ano da coopera\u00e7\u00e3o internacional com mais interc\u00e2mbio e troca de experi\u00eancias e viv\u00eancias com a cidade-membro parceira de Manaus, N\u00e1poles, na It\u00e1lia. Os trabalhos devem iniciar entre o final de fevereiro e in\u00edcio de mar\u00e7o.<\/p>\n\n\n\n<p>No \u00faltimo ano da coopera\u00e7\u00e3o, as atividades ser\u00e3o mais final\u00edsticas e Manaus ter\u00e1 como ponto central o projeto \u201cNosso Centro\u201d, lan\u00e7ado pelo prefeito David Almeida em 2021.<\/p>\n\n\n\n<p>A capital amazonense deve participar de um evento regional sobre economia circular e sustentabilidade em Fortaleza (CE), em maio, e de um internacional, no M\u00e9xico, nas cidades de Guadalajara e na Cidade do M\u00e9xico, ainda a definir datas em agosto.<\/p>\n\n\n\n<p>\u201cDevemos ter ainda pautas sobre eventos culturais, de turismo e promo\u00e7\u00e3o do espa\u00e7o p\u00fablico com a comunidade e t\u00e9cnicos, compartilhando solu\u00e7\u00f5es e experi\u00eancias. A nossa inten\u00e7\u00e3o \u00e9 que ap\u00f3s as obras de revitaliza\u00e7\u00e3o previstas e em curso para o \u2018Nosso Centro\u2019, se consiga manter o territ\u00f3rio sustent\u00e1vel e atrativo para a popula\u00e7\u00e3o visitar, morar, ocupar com arte e turismo\u201d, explicou o vice-presidente do Implurb, arquiteto e urbanista Claudemir Andrade.<\/p>\n\n\n\n<p>Ainda est\u00e3o na agenda estudos de projeto de regenera\u00e7\u00e3o urbana em orlas; sustentabilidade; engajamento comunit\u00e1rio; reabilita\u00e7\u00e3o de edif\u00edcios hist\u00f3ricos para atividades culturais; e convite a outras cidades, como Barranquila, M\u00e1laga e Santo Domingo, para que possam apresentar casos dentro dos temas.<\/p>\n\n\n\n<p>\u201cE, finalizando, buscar ampliar a contribui\u00e7\u00e3o de patrim\u00f4nio edificado com N\u00e1poles, que tem uma rela\u00e7\u00e3o temporal muito mais antiga do que Manaus, do tempo dos romanos. E intensificar as trocas sobre a rela\u00e7\u00e3o do Centro com a \u00e1gua\u201d, comentou Andrade.<\/p>\n\n\n\n<p>&#8212; &#8212; &#8212;<\/p>\n\n\n\n<p><strong>Texto<\/strong>\u00a0\u2013 Claudia do Valle \/ Implurb<br><strong>Fotos \u2013<\/strong>\u00a0Divulga\u00e7\u00e3o \/ Arquivo Implurb<\/p>\n","protected":false},"excerpt":{"rendered":"","protected":false},"author":24,"featured_media":3758,"comment_status":"closed","ping_status":"closed","sticky":false,"template":"","format":"standard","meta":{"footnotes":""},"categories":[267],"tags":[83,31,1283,11,86,1284,632,1285,1286,14,15,1287,1288],"acf":[],"yoast_head":"<!-- This site is optimized with the Yoast SEO plugin v23.0 - https:\/\/yoast.com\/wordpress\/plugins\/seo\/ -->\n<title>Webin\u00e1rios, estudos e experi\u00eancias internacionais v\u00e3o fechar agenda 2023 entre Prefeitura de Manaus e Iurc<\/title>\n<meta name=\"description\" content=\"Webin\u00e1rios, encontros bilaterais, estudos de caso e participa\u00e7\u00e3o em eventos nacionais e internacionais est\u00e3o na pauta da agenda 2023 da Prefeitura de Manaus dentro da coopera\u00e7\u00e3o no\u00a0Programa Internacional de Coopera\u00e7\u00e3o Urbana (Iurc), projeto global que apoia cidades de diferentes regi\u00f5es do mundo, para compartilhar solu\u00e7\u00f5es e desafios comuns no desenvolvimento urbano sustent\u00e1vel.\" \/>\n<meta name=\"robots\" content=\"noindex, follow\" \/>\n<meta property=\"og:locale\" content=\"pt_BR\" \/>\n<meta property=\"og:type\" content=\"article\" \/>\n<meta property=\"og:title\" content=\"Webin\u00e1rios, estudos e experi\u00eancias internacionais v\u00e3o fechar agenda 2023 entre Prefeitura de Manaus e Iurc\" \/>\n<meta property=\"og:description\" content=\"Webin\u00e1rios, encontros bilaterais, estudos de caso e participa\u00e7\u00e3o em eventos nacionais e internacionais est\u00e3o na pauta da agenda 2023 da Prefeitura de Manaus dentro da coopera\u00e7\u00e3o no\u00a0Programa Internacional de Coopera\u00e7\u00e3o Urbana (Iurc), projeto global que apoia cidades de diferentes regi\u00f5es do mundo, para compartilhar solu\u00e7\u00f5es e desafios comuns no desenvolvimento urbano sustent\u00e1vel.\" \/>\n<meta property=\"og:url\" content=\"https:\/\/www.manaus.am.gov.br\/implurb\/webinarios-estudos-e-experiencias-internacionais-vao-fechar-agenda-2023-entre-prefeitura-de-manaus-e-iurc\/\" \/>\n<meta property=\"og:site_name\" content=\"IMPLURB\" \/>\n<meta property=\"article:published_time\" content=\"2023-02-16T16:00:48+00:00\" \/>\n<meta property=\"article:modified_time\" content=\"2024-01-16T20:51:41+00:00\" \/>\n<meta property=\"og:image\" content=\"https:\/\/www.manaus.am.gov.br\/implurb\/wp-content\/uploads\/sites\/13\/2024\/01\/Webinarios-estudos-e-experiencias-internacionais-vao-fechar-agenda-2023-entre-Prefeitura-de-Manaus-e-Iurc-3.jpeg\" \/>\n\t<meta property=\"og:image:width\" content=\"1600\" \/>\n\t<meta property=\"og:image:height\" content=\"1066\" \/>\n\t<meta property=\"og:image:type\" content=\"image\/jpeg\" \/>\n<meta name=\"author\" content=\"Cl\u00e1udia Barbosa\" \/>\n<meta name=\"twitter:card\" content=\"summary_large_image\" \/>\n<meta name=\"twitter:label1\" content=\"Written by\" \/>\n\t<meta name=\"twitter:data1\" content=\"Cl\u00e1udia Barbosa\" \/>\n\t<meta name=\"twitter:label2\" content=\"Est. reading time\" \/>\n\t<meta name=\"twitter:data2\" content=\"2 minutos\" \/>\n<script type=\"application\/ld+json\" class=\"yoast-schema-graph\">{\"@context\":\"https:\/\/schema.org\",\"@graph\":[{\"@type\":\"WebPage\",\"@id\":\"https:\/\/www.manaus.am.gov.br\/implurb\/webinarios-estudos-e-experiencias-internacionais-vao-fechar-agenda-2023-entre-prefeitura-de-manaus-e-iurc\/\",\"url\":\"https:\/\/www.manaus.am.gov.br\/implurb\/webinarios-estudos-e-experiencias-internacionais-vao-fechar-agenda-2023-entre-prefeitura-de-manaus-e-iurc\/\",\"name\":\"Webin\u00e1rios, estudos e experi\u00eancias internacionais v\u00e3o fechar agenda 2023 entre Prefeitura de Manaus e Iurc\",\"isPartOf\":{\"@id\":\"https:\/\/www.manaus.am.gov.br\/implurb\/#website\"},\"primaryImageOfPage\":{\"@id\":\"https:\/\/www.manaus.am.gov.br\/implurb\/webinarios-estudos-e-experiencias-internacionais-vao-fechar-agenda-2023-entre-prefeitura-de-manaus-e-iurc\/#primaryimage\"},\"image\":{\"@id\":\"https:\/\/www.manaus.am.gov.br\/implurb\/webinarios-estudos-e-experiencias-internacionais-vao-fechar-agenda-2023-entre-prefeitura-de-manaus-e-iurc\/#primaryimage\"},\"thumbnailUrl\":\"https:\/\/www.manaus.am.gov.br\/implurb\/wp-content\/uploads\/sites\/13\/2024\/01\/Webinarios-estudos-e-experiencias-internacionais-vao-fechar-agenda-2023-entre-Prefeitura-de-Manaus-e-Iurc-3.jpeg\",\"datePublished\":\"2023-02-16T16:00:48+00:00\",\"dateModified\":\"2024-01-16T20:51:41+00:00\",\"author\":{\"@id\":\"https:\/\/www.manaus.am.gov.br\/implurb\/#\/schema\/person\/d0a166b5031154c33c77794ddc9a827e\"},\"description\":\"Webin\u00e1rios, encontros bilaterais, estudos de caso e participa\u00e7\u00e3o em eventos nacionais e internacionais est\u00e3o na pauta da agenda 2023 da Prefeitura de Manaus dentro da coopera\u00e7\u00e3o no\u00a0Programa Internacional de Coopera\u00e7\u00e3o Urbana (Iurc), projeto global que apoia cidades de diferentes regi\u00f5es do mundo, para compartilhar solu\u00e7\u00f5es e desafios comuns no desenvolvimento urbano sustent\u00e1vel.\",\"breadcrumb\":{\"@id\":\"https:\/\/www.manaus.am.gov.br\/implurb\/webinarios-estudos-e-experiencias-internacionais-vao-fechar-agenda-2023-entre-prefeitura-de-manaus-e-iurc\/#breadcrumb\"},\"inLanguage\":\"pt-BR\",\"potentialAction\":[{\"@type\":\"ReadAction\",\"target\":[\"https:\/\/www.manaus.am.gov.br\/implurb\/webinarios-estudos-e-experiencias-internacionais-vao-fechar-agenda-2023-entre-prefeitura-de-manaus-e-iurc\/\"]}]},{\"@type\":\"ImageObject\",\"inLanguage\":\"pt-BR\",\"@id\":\"https:\/\/www.manaus.am.gov.br\/implurb\/webinarios-estudos-e-experiencias-internacionais-vao-fechar-agenda-2023-entre-prefeitura-de-manaus-e-iurc\/#primaryimage\",\"url\":\"https:\/\/www.manaus.am.gov.br\/implurb\/wp-content\/uploads\/sites\/13\/2024\/01\/Webinarios-estudos-e-experiencias-internacionais-vao-fechar-agenda-2023-entre-Prefeitura-de-Manaus-e-Iurc-3.jpeg\",\"contentUrl\":\"https:\/\/www.manaus.am.gov.br\/implurb\/wp-content\/uploads\/sites\/13\/2024\/01\/Webinarios-estudos-e-experiencias-internacionais-vao-fechar-agenda-2023-entre-Prefeitura-de-Manaus-e-Iurc-3.jpeg\",\"width\":1600,\"height\":1066},{\"@type\":\"BreadcrumbList\",\"@id\":\"https:\/\/www.manaus.am.gov.br\/implurb\/webinarios-estudos-e-experiencias-internacionais-vao-fechar-agenda-2023-entre-prefeitura-de-manaus-e-iurc\/#breadcrumb\",\"itemListElement\":[{\"@type\":\"ListItem\",\"position\":1,\"name\":\"Home\",\"item\":\"https:\/\/www.manaus.am.gov.br\/implurb\/\"},{\"@type\":\"ListItem\",\"position\":2,\"name\":\"Webin\u00e1rios, estudos e experi\u00eancias internacionais v\u00e3o fechar agenda 2023 entre Prefeitura de Manaus e Iurc\"}]},{\"@type\":\"WebSite\",\"@id\":\"https:\/\/www.manaus.am.gov.br\/implurb\/#website\",\"url\":\"https:\/\/www.manaus.am.gov.br\/implurb\/\",\"name\":\"IMPLURB\",\"description\":\"Prefeitura de Manaus\",\"potentialAction\":[{\"@type\":\"SearchAction\",\"target\":{\"@type\":\"EntryPoint\",\"urlTemplate\":\"https:\/\/www.manaus.am.gov.br\/implurb\/?s={search_term_string}\"},\"query-input\":\"required name=search_term_string\"}],\"inLanguage\":\"pt-BR\"},{\"@type\":\"Person\",\"@id\":\"https:\/\/www.manaus.am.gov.br\/implurb\/#\/schema\/person\/d0a166b5031154c33c77794ddc9a827e\",\"name\":\"Cl\u00e1udia Barbosa\",\"image\":{\"@type\":\"ImageObject\",\"inLanguage\":\"pt-BR\",\"@id\":\"https:\/\/www.manaus.am.gov.br\/implurb\/#\/schema\/person\/image\/\",\"url\":\"https:\/\/secure.gravatar.com\/avatar\/42958a1cf007f1a00534009218c72590?s=96&d=mm&r=g\",\"contentUrl\":\"https:\/\/secure.gravatar.com\/avatar\/42958a1cf007f1a00534009218c72590?s=96&d=mm&r=g\",\"caption\":\"Cl\u00e1udia Barbosa\"}}]}<\/script>\n<!-- \/ Yoast SEO plugin. -->","yoast_head_json":{"title":"Webin\u00e1rios, estudos e experi\u00eancias internacionais v\u00e3o fechar agenda 2023 entre Prefeitura de Manaus e Iurc","description":"Webin\u00e1rios, encontros bilaterais, estudos de caso e participa\u00e7\u00e3o em eventos nacionais e internacionais est\u00e3o na pauta da agenda 2023 da Prefeitura de Manaus dentro da coopera\u00e7\u00e3o no\u00a0Programa Internacional de Coopera\u00e7\u00e3o Urbana (Iurc), projeto global que apoia cidades de diferentes regi\u00f5es do mundo, para compartilhar solu\u00e7\u00f5es e desafios comuns no desenvolvimento urbano sustent\u00e1vel.","robots":{"index":"noindex","follow":"follow"},"og_locale":"pt_BR","og_type":"article","og_title":"Webin\u00e1rios, estudos e experi\u00eancias internacionais v\u00e3o fechar agenda 2023 entre Prefeitura de Manaus e Iurc","og_description":"Webin\u00e1rios, encontros bilaterais, estudos de caso e participa\u00e7\u00e3o em eventos nacionais e internacionais est\u00e3o na pauta da agenda 2023 da Prefeitura de Manaus dentro da coopera\u00e7\u00e3o no\u00a0Programa Internacional de Coopera\u00e7\u00e3o Urbana (Iurc), projeto global que apoia cidades de diferentes regi\u00f5es do mundo, para compartilhar solu\u00e7\u00f5es e desafios comuns no desenvolvimento urbano sustent\u00e1vel.","og_url":"https:\/\/www.manaus.am.gov.br\/implurb\/webinarios-estudos-e-experiencias-internacionais-vao-fechar-agenda-2023-entre-prefeitura-de-manaus-e-iurc\/","og_site_name":"IMPLURB","article_published_time":"2023-02-16T16:00:48+00:00","article_modified_time":"2024-01-16T20:51:41+00:00","og_image":[{"width":1600,"height":1066,"url":"https:\/\/www.manaus.am.gov.br\/implurb\/wp-content\/uploads\/sites\/13\/2024\/01\/Webinarios-estudos-e-experiencias-internacionais-vao-fechar-agenda-2023-entre-Prefeitura-de-Manaus-e-Iurc-3.jpeg","type":"image\/jpeg"}],"author":"Cl\u00e1udia Barbosa","twitter_card":"summary_large_image","twitter_misc":{"Written by":"Cl\u00e1udia Barbosa","Est. reading time":"2 minutos"},"schema":{"@context":"https:\/\/schema.org","@graph":[{"@type":"WebPage","@id":"https:\/\/www.manaus.am.gov.br\/implurb\/webinarios-estudos-e-experiencias-internacionais-vao-fechar-agenda-2023-entre-prefeitura-de-manaus-e-iurc\/","url":"https:\/\/www.manaus.am.gov.br\/implurb\/webinarios-estudos-e-experiencias-internacionais-vao-fechar-agenda-2023-entre-prefeitura-de-manaus-e-iurc\/","name":"Webin\u00e1rios, estudos e experi\u00eancias internacionais v\u00e3o fechar agenda 2023 entre Prefeitura de Manaus e Iurc","isPartOf":{"@id":"https:\/\/www.manaus.am.gov.br\/implurb\/#website"},"primaryImageOfPage":{"@id":"https:\/\/www.manaus.am.gov.br\/implurb\/webinarios-estudos-e-experiencias-internacionais-vao-fechar-agenda-2023-entre-prefeitura-de-manaus-e-iurc\/#primaryimage"},"image":{"@id":"https:\/\/www.manaus.am.gov.br\/implurb\/webinarios-estudos-e-experiencias-internacionais-vao-fechar-agenda-2023-entre-prefeitura-de-manaus-e-iurc\/#primaryimage"},"thumbnailUrl":"https:\/\/www.manaus.am.gov.br\/implurb\/wp-content\/uploads\/sites\/13\/2024\/01\/Webinarios-estudos-e-experiencias-internacionais-vao-fechar-agenda-2023-entre-Prefeitura-de-Manaus-e-Iurc-3.jpeg","datePublished":"2023-02-16T16:00:48+00:00","dateModified":"2024-01-16T20:51:41+00:00","author":{"@id":"https:\/\/www.manaus.am.gov.br\/implurb\/#\/schema\/person\/d0a166b5031154c33c77794ddc9a827e"},"description":"Webin\u00e1rios, encontros bilaterais, estudos de caso e participa\u00e7\u00e3o em eventos nacionais e internacionais est\u00e3o na pauta da agenda 2023 da Prefeitura de Manaus dentro da coopera\u00e7\u00e3o no\u00a0Programa Internacional de Coopera\u00e7\u00e3o Urbana (Iurc), projeto global que apoia cidades de diferentes regi\u00f5es do mundo, para compartilhar solu\u00e7\u00f5es e desafios comuns no desenvolvimento urbano sustent\u00e1vel.","breadcrumb":{"@id":"https:\/\/www.manaus.am.gov.br\/implurb\/webinarios-estudos-e-experiencias-internacionais-vao-fechar-agenda-2023-entre-prefeitura-de-manaus-e-iurc\/#breadcrumb"},"inLanguage":"pt-BR","potentialAction":[{"@type":"ReadAction","target":["https:\/\/www.manaus.am.gov.br\/implurb\/webinarios-estudos-e-experiencias-internacionais-vao-fechar-agenda-2023-entre-prefeitura-de-manaus-e-iurc\/"]}]},{"@type":"ImageObject","inLanguage":"pt-BR","@id":"https:\/\/www.manaus.am.gov.br\/implurb\/webinarios-estudos-e-experiencias-internacionais-vao-fechar-agenda-2023-entre-prefeitura-de-manaus-e-iurc\/#primaryimage","url":"https:\/\/www.manaus.am.gov.br\/implurb\/wp-content\/uploads\/sites\/13\/2024\/01\/Webinarios-estudos-e-experiencias-internacionais-vao-fechar-agenda-2023-entre-Prefeitura-de-Manaus-e-Iurc-3.jpeg","contentUrl":"https:\/\/www.manaus.am.gov.br\/implurb\/wp-content\/uploads\/sites\/13\/2024\/01\/Webinarios-estudos-e-experiencias-internacionais-vao-fechar-agenda-2023-entre-Prefeitura-de-Manaus-e-Iurc-3.jpeg","width":1600,"height":1066},{"@type":"BreadcrumbList","@id":"https:\/\/www.manaus.am.gov.br\/implurb\/webinarios-estudos-e-experiencias-internacionais-vao-fechar-agenda-2023-entre-prefeitura-de-manaus-e-iurc\/#breadcrumb","itemListElement":[{"@type":"ListItem","position":1,"name":"Home","item":"https:\/\/www.manaus.am.gov.br\/implurb\/"},{"@type":"ListItem","position":2,"name":"Webin\u00e1rios, estudos e experi\u00eancias internacionais v\u00e3o fechar agenda 2023 entre Prefeitura de Manaus e Iurc"}]},{"@type":"WebSite","@id":"https:\/\/www.manaus.am.gov.br\/implurb\/#website","url":"https:\/\/www.manaus.am.gov.br\/implurb\/","name":"IMPLURB","description":"Prefeitura de Manaus","potentialAction":[{"@type":"SearchAction","target":{"@type":"EntryPoint","urlTemplate":"https:\/\/www.manaus.am.gov.br\/implurb\/?s={search_term_string}"},"query-input":"required name=search_term_string"}],"inLanguage":"pt-BR"},{"@type":"Person","@id":"https:\/\/www.manaus.am.gov.br\/implurb\/#\/schema\/person\/d0a166b5031154c33c77794ddc9a827e","name":"Cl\u00e1udia Barbosa","image":{"@type":"ImageObject","inLanguage":"pt-BR","@id":"https:\/\/www.manaus.am.gov.br\/implurb\/#\/schema\/person\/image\/","url":"https:\/\/secure.gravatar.com\/avatar\/42958a1cf007f1a00534009218c72590?s=96&d=mm&r=g","contentUrl":"https:\/\/secure.gravatar.com\/avatar\/42958a1cf007f1a00534009218c72590?s=96&d=mm&r=g","caption":"Cl\u00e1udia Barbosa"}}]}},"_links":{"self":[{"href":"https:\/\/www.manaus.am.gov.br\/implurb\/wp-json\/wp\/v2\/posts\/3757"}],"collection":[{"href":"https:\/\/www.manaus.am.gov.br\/implurb\/wp-json\/wp\/v2\/posts"}],"about":[{"href":"https:\/\/www.manaus.am.gov.br\/implurb\/wp-json\/wp\/v2\/types\/post"}],"author":[{"embeddable":true,"href":"https:\/\/www.manaus.am.gov.br\/implurb\/wp-json\/wp\/v2\/users\/24"}],"replies":[{"embeddable":true,"href":"https:\/\/www.manaus.am.gov.br\/implurb\/wp-json\/wp\/v2\/comments?post=3757"}],"version-history":[{"count":0,"href":"https:\/\/www.manaus.am.gov.br\/implurb\/wp-json\/wp\/v2\/posts\/3757\/revisions"}],"wp:featuredmedia":[{"embeddable":true,"href":"https:\/\/www.manaus.am.gov.br\/implurb\/wp-json\/wp\/v2\/media\/3758"}],"wp:attachment":[{"href":"https:\/\/www.manaus.am.gov.br\/implurb\/wp-json\/wp\/v2\/media?parent=3757"}],"wp:term":[{"taxonomy":"category","embeddable":true,"href":"https:\/\/www.manaus.am.gov.br\/implurb\/wp-json\/wp\/v2\/categories?post=3757"},{"taxonomy":"post_tag","embeddable":true,"href":"https:\/\/www.manaus.am.gov.br\/implurb\/wp-json\/wp\/v2\/tags?post=3757"}],"curies":[{"name":"wp","href":"https:\/\/api.w.org\/{rel}","templated":true}]}}