{"id":3749,"date":"2023-02-08T15:45:23","date_gmt":"2023-02-08T19:45:23","guid":{"rendered":"https:\/\/www.manaus.am.gov.br\/implurb\/prefeitura-de-manaus-e-cau-br-assinam-protocolo-inedito-para-regularizacao-urbanistica\/"},"modified":"2024-01-16T16:48:43","modified_gmt":"2024-01-16T20:48:43","slug":"prefeitura-de-manaus-e-cau-br-assinam-protocolo-inedito-para-regularizacao-urbanistica","status":"publish","type":"post","link":"https:\/\/www.manaus.am.gov.br\/implurb\/prefeitura-de-manaus-e-cau-br-assinam-protocolo-inedito-para-regularizacao-urbanistica\/","title":{"rendered":"Prefeitura de Manaus e CAU-BR assinam protocolo in\u00e9dito para regulariza\u00e7\u00e3o urban\u00edstica"},"content":{"rendered":"\n<p>De forma in\u00e9dita, a Prefeitura de <a href=\"http:\/\/www.manaus.am.gov.br\" target=\"_blank\" rel=\"noreferrer noopener\">Manaus<\/a> e o Conselho de Arquitetura e Urbanismo do Brasil (CAU-BR) assinaram, nesta quarta-feira, 8\/2, o Protocolo de Inten\u00e7\u00f5es que prev\u00ea a regulariza\u00e7\u00e3o e melhoria de habita\u00e7\u00e3o de interesse social na capital e o desenvolvimento de a\u00e7\u00f5es urbanas e sustent\u00e1veis do patrim\u00f4nio hist\u00f3rico cultural e arquitet\u00f4nico.<\/p>\n\n\n\n<p>O documento foi assinado durante o Semin\u00e1rio Projeto Amaz\u00f4nia 2040 \u2013 Arquitetura e Urbanismo para um Futuro Sustent\u00e1vel, realizado nesta quarta-feira, no Pal\u00e1cio Rio Negro, na avenida 7 de Setembro, no Centro, com quatro mesas tem\u00e1ticas, arquitetos, urbanistas e pesquisadores convidados a refletir sobre experi\u00eancias locais e diretrizes para garantir a preserva\u00e7\u00e3o do territ\u00f3rio estrat\u00e9gico para o planeta.<\/p>\n\n\n\n<p>O protocolo tem como part\u00edcipes o Instituto Municipal de Planejamento Urbano (<a href=\"https:\/\/implurb.manaus.am.gov.br\/#\" target=\"_blank\" rel=\"noreferrer noopener\">Implurb<\/a>) e o CAU Amazonas. A expectativa do conselho nacional \u00e9 apresentar resultado do documento no Congresso da Uni\u00e3o Internacional dos Arquitetos (UIA 2023), que acontece em Copenhague, na Dinamarca, como uma vitrine de ideias e solu\u00e7\u00f5es para o futuro sustent\u00e1vel da regi\u00e3o amaz\u00f4nica. A 28\u00aa edi\u00e7\u00e3o acontece entre 2 e 6 de julho.<\/p>\n\n\n\n<p>Para a presidente do CAU-BR, Nadia&nbsp;Somekh, \u00e9 uma enorme satisfa\u00e7\u00e3o poder assinar o protocolo de inten\u00e7\u00f5es que vem sendo desenvolvido desde 2021, tendo sido interrompido por quest\u00f5es da pandemia da Covid-19, mas que foi retomado e teve o escopo ampliado para sua execu\u00e7\u00e3o a partir de 2023.<\/p>\n\n\n\n<p>\u201cDesde 2021 trabalhamos para apoiar Manaus em a\u00e7\u00f5es de assessoria t\u00e9cnica para habita\u00e7\u00e3o de interesse social. Agora, com o projeto Amaz\u00f4nia 2040, trazendo para Manaus a centralidade deste debate, tivemos a oportunidade de retomar as conversa\u00e7\u00f5es e detectamos muito trabalho junto \u00e0 prefeitura e o CAU-AM. E acrescentamos a simplifica\u00e7\u00e3o dos procedimentos de licenciamento\u201d, explicou Nadia.<\/p>\n\n\n\n<p>Como a Prefeitura de Manaus est\u00e1 em processo avan\u00e7ado de simplifica\u00e7\u00e3o para licenciamento, tendo lan\u00e7ado o Alvar\u00e1 de Constru\u00e7\u00e3o Mais F\u00e1cil, inclusive com lei em vigor, as interven\u00e7\u00f5es do conselho nacional v\u00e3o se somar a este esfor\u00e7o municipal, com troca de experi\u00eancias e conhecimento para facilitar a vida dos cidad\u00e3os e dos arquitetos.<\/p>\n\n\n\n<p>\u201cE vamos continuar na perspectiva de financiar projetos de arquitetura para melhorar a vida dos mais carentes. \u00c0s vezes uma janela mal colocada pode levar uma crian\u00e7a a ficar doente, ter problemas de pneumonia, asma. Temos recursos no CAU-BR e CAU-AM para melhorar a vida da popula\u00e7\u00e3o mais vulner\u00e1vel\u201d, comentou.<\/p>\n\n\n\n<p>Ainda como parte do protocolo de inten\u00e7\u00f5es, a presidente do conselho destacou o desejo de levar os projetos de conjuntos habitacionais, urbanos, sociais e de atra\u00e7\u00e3o ao turismo, com a delicadeza da ecoarquitetura, para o evento na Dinamarca, mostrando ao mundo a arquitetura brasileira e amaz\u00f4nica. \u201cTem os projetos da prefeitura, do Implurb, o entendimento do patrim\u00f4nio que pode ampliar ainda mais o desenvolvimento e riqueza para a cidade\u201d, salientou.<\/p>\n\n\n\n<p>O diretor-presidente do Implurb, Carlos Valente, lembrou que o prefeito David Almeida tem como proposta de governo a promo\u00e7\u00e3o da regulariza\u00e7\u00e3o urban\u00edstica \u00e0 popula\u00e7\u00e3o de baixa renda. \u201cO termo assinado vai proporcionar essa possibilidade, via Implurb e CAU-AM, de oferecer, de forma gratuita, que estagi\u00e1rios de arquitetura desenvolvam projetos para fam\u00edlias carentes com arquitetura de interesse social. Isso \u00e9 extremamente importante quando se constr\u00f3i uma cidade mais regularizada, com im\u00f3veis mais qualificados e seguros\u201d, afirmou.<\/p>\n\n\n\n<p>Ao mesmo tempo que atende a popula\u00e7\u00e3o, o protocolo vai permitir a qualifica\u00e7\u00e3o profissional de estudantes que v\u00e3o atuar na cidade. \u201cO projeto que o Implurb e CAU-AM v\u00e3o desenvolver operacionalmente tamb\u00e9m passar\u00e1 a ser uma vitrine para todo o Brasil, tornando Manaus uma refer\u00eancia nacional. Ganham os estudantes, que v\u00e3o desenvolver uma cultura comprometida com a cidade, e ganham os cidad\u00e3os\u201d, ressaltou Valente.<\/p>\n\n\n\n<p><strong>Protocolo<\/strong><\/p>\n\n\n\n<p>No protocolo in\u00e9dito consta a oferta de assist\u00eancia t\u00e9cnica para habita\u00e7\u00e3o de interesse social, de forma a assegurar \u00e0s fam\u00edlias de baixa renda da cidade de Manaus o direito a atendimento t\u00e9cnica p\u00fablico e gratuito para projeto e constru\u00e7\u00e3o, como parte integrante do direito social \u00e0 moradia previsto no artigo 6o da Constitui\u00e7\u00e3o Federal e regulamentado na Lei Federal n\u00b0 11.888, de 24 de dezembro de 2008.<\/p>\n\n\n\n<p>&#8212; &#8212; &#8212;<\/p>\n\n\n\n<p><strong>Texto &#8211;&nbsp;<\/strong>Claudia do Valle \/ Implurb<\/p>\n\n\n\n<p><strong>Fotos \u2013<\/strong>&nbsp;Divulga\u00e7\u00e3o \/ Implurb<\/p>\n","protected":false},"excerpt":{"rendered":"","protected":false},"author":24,"featured_media":3750,"comment_status":"closed","ping_status":"closed","sticky":false,"template":"","format":"standard","meta":{"footnotes":""},"categories":[141],"tags":[1277,28,1278,1266,31,1129,15,1268,1279],"acf":[],"yoast_head":"<!-- This site is optimized with the Yoast SEO plugin v23.0 - https:\/\/yoast.com\/wordpress\/plugins\/seo\/ -->\n<title>Prefeitura e CAU-BR assinam protocolo in\u00e9dito para regulariza\u00e7\u00e3o<\/title>\n<meta name=\"description\" content=\"De forma in\u00e9dita, a Prefeitura de Manaus e o Conselho de Arquitetura e Urbanismo do Brasil (CAU-BR) assinaram, nesta quarta-feira, 8\/2, o Protocolo de Inten\u00e7\u00f5es que prev\u00ea a regulariza\u00e7\u00e3o e melhoria de habita\u00e7\u00e3o de interesse social na capital e o desenvolvimento de a\u00e7\u00f5es urbanas e sustent\u00e1veis do patrim\u00f4nio hist\u00f3rico cultural e arquitet\u00f4nico.\" \/>\n<meta name=\"robots\" content=\"noindex, follow\" \/>\n<meta property=\"og:locale\" content=\"pt_BR\" \/>\n<meta property=\"og:type\" content=\"article\" \/>\n<meta property=\"og:title\" content=\"Prefeitura e CAU-BR assinam protocolo in\u00e9dito para regulariza\u00e7\u00e3o\" \/>\n<meta property=\"og:description\" content=\"De forma in\u00e9dita, a Prefeitura de Manaus e o Conselho de Arquitetura e Urbanismo do Brasil (CAU-BR) assinaram, nesta quarta-feira, 8\/2, o Protocolo de Inten\u00e7\u00f5es que prev\u00ea a regulariza\u00e7\u00e3o e melhoria de habita\u00e7\u00e3o de interesse social na capital e o desenvolvimento de a\u00e7\u00f5es urbanas e sustent\u00e1veis do patrim\u00f4nio hist\u00f3rico cultural e arquitet\u00f4nico.\" \/>\n<meta property=\"og:url\" content=\"https:\/\/www.manaus.am.gov.br\/implurb\/prefeitura-de-manaus-e-cau-br-assinam-protocolo-inedito-para-regularizacao-urbanistica\/\" \/>\n<meta property=\"og:site_name\" content=\"IMPLURB\" \/>\n<meta property=\"article:published_time\" content=\"2023-02-08T19:45:23+00:00\" \/>\n<meta property=\"article:modified_time\" content=\"2024-01-16T20:48:43+00:00\" \/>\n<meta property=\"og:image\" content=\"https:\/\/www.manaus.am.gov.br\/implurb\/wp-content\/uploads\/sites\/13\/2024\/01\/Prefeitura-de-Manaus-e-CAU-BR-assinam-protocolo-inedito-para-regularizacao-urbanistica-1.jpg\" \/>\n\t<meta property=\"og:image:width\" content=\"1600\" \/>\n\t<meta property=\"og:image:height\" content=\"1200\" \/>\n\t<meta property=\"og:image:type\" content=\"image\/jpeg\" \/>\n<meta name=\"author\" content=\"Cl\u00e1udia Barbosa\" \/>\n<meta name=\"twitter:card\" content=\"summary_large_image\" \/>\n<meta name=\"twitter:label1\" content=\"Written by\" \/>\n\t<meta name=\"twitter:data1\" content=\"Cl\u00e1udia Barbosa\" \/>\n\t<meta name=\"twitter:label2\" content=\"Est. reading time\" \/>\n\t<meta name=\"twitter:data2\" content=\"4 minutos\" \/>\n<script type=\"application\/ld+json\" class=\"yoast-schema-graph\">{\"@context\":\"https:\/\/schema.org\",\"@graph\":[{\"@type\":\"WebPage\",\"@id\":\"https:\/\/www.manaus.am.gov.br\/implurb\/prefeitura-de-manaus-e-cau-br-assinam-protocolo-inedito-para-regularizacao-urbanistica\/\",\"url\":\"https:\/\/www.manaus.am.gov.br\/implurb\/prefeitura-de-manaus-e-cau-br-assinam-protocolo-inedito-para-regularizacao-urbanistica\/\",\"name\":\"Prefeitura e CAU-BR assinam protocolo in\u00e9dito para regulariza\u00e7\u00e3o\",\"isPartOf\":{\"@id\":\"https:\/\/www.manaus.am.gov.br\/implurb\/#website\"},\"primaryImageOfPage\":{\"@id\":\"https:\/\/www.manaus.am.gov.br\/implurb\/prefeitura-de-manaus-e-cau-br-assinam-protocolo-inedito-para-regularizacao-urbanistica\/#primaryimage\"},\"image\":{\"@id\":\"https:\/\/www.manaus.am.gov.br\/implurb\/prefeitura-de-manaus-e-cau-br-assinam-protocolo-inedito-para-regularizacao-urbanistica\/#primaryimage\"},\"thumbnailUrl\":\"https:\/\/www.manaus.am.gov.br\/implurb\/wp-content\/uploads\/sites\/13\/2024\/01\/Prefeitura-de-Manaus-e-CAU-BR-assinam-protocolo-inedito-para-regularizacao-urbanistica-1.jpg\",\"datePublished\":\"2023-02-08T19:45:23+00:00\",\"dateModified\":\"2024-01-16T20:48:43+00:00\",\"author\":{\"@id\":\"https:\/\/www.manaus.am.gov.br\/implurb\/#\/schema\/person\/d0a166b5031154c33c77794ddc9a827e\"},\"description\":\"De forma in\u00e9dita, a Prefeitura de Manaus e o Conselho de Arquitetura e Urbanismo do Brasil (CAU-BR) assinaram, nesta quarta-feira, 8\/2, o Protocolo de Inten\u00e7\u00f5es que prev\u00ea a regulariza\u00e7\u00e3o e melhoria de habita\u00e7\u00e3o de interesse social na capital e o desenvolvimento de a\u00e7\u00f5es urbanas e sustent\u00e1veis do patrim\u00f4nio hist\u00f3rico cultural e arquitet\u00f4nico.\",\"breadcrumb\":{\"@id\":\"https:\/\/www.manaus.am.gov.br\/implurb\/prefeitura-de-manaus-e-cau-br-assinam-protocolo-inedito-para-regularizacao-urbanistica\/#breadcrumb\"},\"inLanguage\":\"pt-BR\",\"potentialAction\":[{\"@type\":\"ReadAction\",\"target\":[\"https:\/\/www.manaus.am.gov.br\/implurb\/prefeitura-de-manaus-e-cau-br-assinam-protocolo-inedito-para-regularizacao-urbanistica\/\"]}]},{\"@type\":\"ImageObject\",\"inLanguage\":\"pt-BR\",\"@id\":\"https:\/\/www.manaus.am.gov.br\/implurb\/prefeitura-de-manaus-e-cau-br-assinam-protocolo-inedito-para-regularizacao-urbanistica\/#primaryimage\",\"url\":\"https:\/\/www.manaus.am.gov.br\/implurb\/wp-content\/uploads\/sites\/13\/2024\/01\/Prefeitura-de-Manaus-e-CAU-BR-assinam-protocolo-inedito-para-regularizacao-urbanistica-1.jpg\",\"contentUrl\":\"https:\/\/www.manaus.am.gov.br\/implurb\/wp-content\/uploads\/sites\/13\/2024\/01\/Prefeitura-de-Manaus-e-CAU-BR-assinam-protocolo-inedito-para-regularizacao-urbanistica-1.jpg\",\"width\":1600,\"height\":1200},{\"@type\":\"BreadcrumbList\",\"@id\":\"https:\/\/www.manaus.am.gov.br\/implurb\/prefeitura-de-manaus-e-cau-br-assinam-protocolo-inedito-para-regularizacao-urbanistica\/#breadcrumb\",\"itemListElement\":[{\"@type\":\"ListItem\",\"position\":1,\"name\":\"Home\",\"item\":\"https:\/\/www.manaus.am.gov.br\/implurb\/\"},{\"@type\":\"ListItem\",\"position\":2,\"name\":\"Prefeitura de Manaus e CAU-BR assinam protocolo in\u00e9dito para regulariza\u00e7\u00e3o urban\u00edstica\"}]},{\"@type\":\"WebSite\",\"@id\":\"https:\/\/www.manaus.am.gov.br\/implurb\/#website\",\"url\":\"https:\/\/www.manaus.am.gov.br\/implurb\/\",\"name\":\"IMPLURB\",\"description\":\"Prefeitura de Manaus\",\"potentialAction\":[{\"@type\":\"SearchAction\",\"target\":{\"@type\":\"EntryPoint\",\"urlTemplate\":\"https:\/\/www.manaus.am.gov.br\/implurb\/?s={search_term_string}\"},\"query-input\":\"required name=search_term_string\"}],\"inLanguage\":\"pt-BR\"},{\"@type\":\"Person\",\"@id\":\"https:\/\/www.manaus.am.gov.br\/implurb\/#\/schema\/person\/d0a166b5031154c33c77794ddc9a827e\",\"name\":\"Cl\u00e1udia Barbosa\",\"image\":{\"@type\":\"ImageObject\",\"inLanguage\":\"pt-BR\",\"@id\":\"https:\/\/www.manaus.am.gov.br\/implurb\/#\/schema\/person\/image\/\",\"url\":\"https:\/\/secure.gravatar.com\/avatar\/42958a1cf007f1a00534009218c72590?s=96&d=mm&r=g\",\"contentUrl\":\"https:\/\/secure.gravatar.com\/avatar\/42958a1cf007f1a00534009218c72590?s=96&d=mm&r=g\",\"caption\":\"Cl\u00e1udia Barbosa\"}}]}<\/script>\n<!-- \/ Yoast SEO plugin. -->","yoast_head_json":{"title":"Prefeitura e CAU-BR assinam protocolo in\u00e9dito para regulariza\u00e7\u00e3o","description":"De forma in\u00e9dita, a Prefeitura de Manaus e o Conselho de Arquitetura e Urbanismo do Brasil (CAU-BR) assinaram, nesta quarta-feira, 8\/2, o Protocolo de Inten\u00e7\u00f5es que prev\u00ea a regulariza\u00e7\u00e3o e melhoria de habita\u00e7\u00e3o de interesse social na capital e o desenvolvimento de a\u00e7\u00f5es urbanas e sustent\u00e1veis do patrim\u00f4nio hist\u00f3rico cultural e arquitet\u00f4nico.","robots":{"index":"noindex","follow":"follow"},"og_locale":"pt_BR","og_type":"article","og_title":"Prefeitura e CAU-BR assinam protocolo in\u00e9dito para regulariza\u00e7\u00e3o","og_description":"De forma in\u00e9dita, a Prefeitura de Manaus e o Conselho de Arquitetura e Urbanismo do Brasil (CAU-BR) assinaram, nesta quarta-feira, 8\/2, o Protocolo de Inten\u00e7\u00f5es que prev\u00ea a regulariza\u00e7\u00e3o e melhoria de habita\u00e7\u00e3o de interesse social na capital e o desenvolvimento de a\u00e7\u00f5es urbanas e sustent\u00e1veis do patrim\u00f4nio hist\u00f3rico cultural e arquitet\u00f4nico.","og_url":"https:\/\/www.manaus.am.gov.br\/implurb\/prefeitura-de-manaus-e-cau-br-assinam-protocolo-inedito-para-regularizacao-urbanistica\/","og_site_name":"IMPLURB","article_published_time":"2023-02-08T19:45:23+00:00","article_modified_time":"2024-01-16T20:48:43+00:00","og_image":[{"width":1600,"height":1200,"url":"https:\/\/www.manaus.am.gov.br\/implurb\/wp-content\/uploads\/sites\/13\/2024\/01\/Prefeitura-de-Manaus-e-CAU-BR-assinam-protocolo-inedito-para-regularizacao-urbanistica-1.jpg","type":"image\/jpeg"}],"author":"Cl\u00e1udia Barbosa","twitter_card":"summary_large_image","twitter_misc":{"Written by":"Cl\u00e1udia Barbosa","Est. reading time":"4 minutos"},"schema":{"@context":"https:\/\/schema.org","@graph":[{"@type":"WebPage","@id":"https:\/\/www.manaus.am.gov.br\/implurb\/prefeitura-de-manaus-e-cau-br-assinam-protocolo-inedito-para-regularizacao-urbanistica\/","url":"https:\/\/www.manaus.am.gov.br\/implurb\/prefeitura-de-manaus-e-cau-br-assinam-protocolo-inedito-para-regularizacao-urbanistica\/","name":"Prefeitura e CAU-BR assinam protocolo in\u00e9dito para regulariza\u00e7\u00e3o","isPartOf":{"@id":"https:\/\/www.manaus.am.gov.br\/implurb\/#website"},"primaryImageOfPage":{"@id":"https:\/\/www.manaus.am.gov.br\/implurb\/prefeitura-de-manaus-e-cau-br-assinam-protocolo-inedito-para-regularizacao-urbanistica\/#primaryimage"},"image":{"@id":"https:\/\/www.manaus.am.gov.br\/implurb\/prefeitura-de-manaus-e-cau-br-assinam-protocolo-inedito-para-regularizacao-urbanistica\/#primaryimage"},"thumbnailUrl":"https:\/\/www.manaus.am.gov.br\/implurb\/wp-content\/uploads\/sites\/13\/2024\/01\/Prefeitura-de-Manaus-e-CAU-BR-assinam-protocolo-inedito-para-regularizacao-urbanistica-1.jpg","datePublished":"2023-02-08T19:45:23+00:00","dateModified":"2024-01-16T20:48:43+00:00","author":{"@id":"https:\/\/www.manaus.am.gov.br\/implurb\/#\/schema\/person\/d0a166b5031154c33c77794ddc9a827e"},"description":"De forma in\u00e9dita, a Prefeitura de Manaus e o Conselho de Arquitetura e Urbanismo do Brasil (CAU-BR) assinaram, nesta quarta-feira, 8\/2, o Protocolo de Inten\u00e7\u00f5es que prev\u00ea a regulariza\u00e7\u00e3o e melhoria de habita\u00e7\u00e3o de interesse social na capital e o desenvolvimento de a\u00e7\u00f5es urbanas e sustent\u00e1veis do patrim\u00f4nio hist\u00f3rico cultural e arquitet\u00f4nico.","breadcrumb":{"@id":"https:\/\/www.manaus.am.gov.br\/implurb\/prefeitura-de-manaus-e-cau-br-assinam-protocolo-inedito-para-regularizacao-urbanistica\/#breadcrumb"},"inLanguage":"pt-BR","potentialAction":[{"@type":"ReadAction","target":["https:\/\/www.manaus.am.gov.br\/implurb\/prefeitura-de-manaus-e-cau-br-assinam-protocolo-inedito-para-regularizacao-urbanistica\/"]}]},{"@type":"ImageObject","inLanguage":"pt-BR","@id":"https:\/\/www.manaus.am.gov.br\/implurb\/prefeitura-de-manaus-e-cau-br-assinam-protocolo-inedito-para-regularizacao-urbanistica\/#primaryimage","url":"https:\/\/www.manaus.am.gov.br\/implurb\/wp-content\/uploads\/sites\/13\/2024\/01\/Prefeitura-de-Manaus-e-CAU-BR-assinam-protocolo-inedito-para-regularizacao-urbanistica-1.jpg","contentUrl":"https:\/\/www.manaus.am.gov.br\/implurb\/wp-content\/uploads\/sites\/13\/2024\/01\/Prefeitura-de-Manaus-e-CAU-BR-assinam-protocolo-inedito-para-regularizacao-urbanistica-1.jpg","width":1600,"height":1200},{"@type":"BreadcrumbList","@id":"https:\/\/www.manaus.am.gov.br\/implurb\/prefeitura-de-manaus-e-cau-br-assinam-protocolo-inedito-para-regularizacao-urbanistica\/#breadcrumb","itemListElement":[{"@type":"ListItem","position":1,"name":"Home","item":"https:\/\/www.manaus.am.gov.br\/implurb\/"},{"@type":"ListItem","position":2,"name":"Prefeitura de Manaus e CAU-BR assinam protocolo in\u00e9dito para regulariza\u00e7\u00e3o urban\u00edstica"}]},{"@type":"WebSite","@id":"https:\/\/www.manaus.am.gov.br\/implurb\/#website","url":"https:\/\/www.manaus.am.gov.br\/implurb\/","name":"IMPLURB","description":"Prefeitura de Manaus","potentialAction":[{"@type":"SearchAction","target":{"@type":"EntryPoint","urlTemplate":"https:\/\/www.manaus.am.gov.br\/implurb\/?s={search_term_string}"},"query-input":"required name=search_term_string"}],"inLanguage":"pt-BR"},{"@type":"Person","@id":"https:\/\/www.manaus.am.gov.br\/implurb\/#\/schema\/person\/d0a166b5031154c33c77794ddc9a827e","name":"Cl\u00e1udia Barbosa","image":{"@type":"ImageObject","inLanguage":"pt-BR","@id":"https:\/\/www.manaus.am.gov.br\/implurb\/#\/schema\/person\/image\/","url":"https:\/\/secure.gravatar.com\/avatar\/42958a1cf007f1a00534009218c72590?s=96&d=mm&r=g","contentUrl":"https:\/\/secure.gravatar.com\/avatar\/42958a1cf007f1a00534009218c72590?s=96&d=mm&r=g","caption":"Cl\u00e1udia Barbosa"}}]}},"_links":{"self":[{"href":"https:\/\/www.manaus.am.gov.br\/implurb\/wp-json\/wp\/v2\/posts\/3749"}],"collection":[{"href":"https:\/\/www.manaus.am.gov.br\/implurb\/wp-json\/wp\/v2\/posts"}],"about":[{"href":"https:\/\/www.manaus.am.gov.br\/implurb\/wp-json\/wp\/v2\/types\/post"}],"author":[{"embeddable":true,"href":"https:\/\/www.manaus.am.gov.br\/implurb\/wp-json\/wp\/v2\/users\/24"}],"replies":[{"embeddable":true,"href":"https:\/\/www.manaus.am.gov.br\/implurb\/wp-json\/wp\/v2\/comments?post=3749"}],"version-history":[{"count":0,"href":"https:\/\/www.manaus.am.gov.br\/implurb\/wp-json\/wp\/v2\/posts\/3749\/revisions"}],"wp:featuredmedia":[{"embeddable":true,"href":"https:\/\/www.manaus.am.gov.br\/implurb\/wp-json\/wp\/v2\/media\/3750"}],"wp:attachment":[{"href":"https:\/\/www.manaus.am.gov.br\/implurb\/wp-json\/wp\/v2\/media?parent=3749"}],"wp:term":[{"taxonomy":"category","embeddable":true,"href":"https:\/\/www.manaus.am.gov.br\/implurb\/wp-json\/wp\/v2\/categories?post=3749"},{"taxonomy":"post_tag","embeddable":true,"href":"https:\/\/www.manaus.am.gov.br\/implurb\/wp-json\/wp\/v2\/tags?post=3749"}],"curies":[{"name":"wp","href":"https:\/\/api.w.org\/{rel}","templated":true}]}}