{"id":3745,"date":"2023-02-03T19:13:07","date_gmt":"2023-02-03T23:13:07","guid":{"rendered":"https:\/\/www.manaus.am.gov.br\/implurb\/rascunho-automaticoprefeitura-e-ipham-am-retoman-agenda-2023-de-cooperacao-tecnica-para-projetos-no-centro-historico\/"},"modified":"2024-01-16T16:48:24","modified_gmt":"2024-01-16T20:48:24","slug":"rascunho-automaticoprefeitura-e-ipham-am-retoman-agenda-2023-de-cooperacao-tecnica-para-projetos-no-centro-historico","status":"publish","type":"post","link":"https:\/\/www.manaus.am.gov.br\/implurb\/rascunho-automaticoprefeitura-e-ipham-am-retoman-agenda-2023-de-cooperacao-tecnica-para-projetos-no-centro-historico\/","title":{"rendered":"Prefeitura e Iphan-AM retomam agenda 2023 de coopera\u00e7\u00e3o t\u00e9cnica para projetos no centro hist\u00f3rico"},"content":{"rendered":"\n<p>A Prefeitura de Manaus, via Instituto Municipal de Planejamento Urbano (Implurb), e o Instituto do Patrim\u00f4nio Hist\u00f3rico e Art\u00edstico Nacional (Iphan) no Amazonas retomaram a agenda 2023 do Acordo de Coopera\u00e7\u00e3o T\u00e9cnica firmado entre as institui\u00e7\u00f5es no ano passado, tendo como objeto a gest\u00e3o compartilhada do conjunto tombado do centro hist\u00f3rico de Manaus, visando sua preserva\u00e7\u00e3o, promo\u00e7\u00e3o e valoriza\u00e7\u00e3o como Patrim\u00f4nio Cultural Brasileiro.<\/p>\n\n\n\n<p>A primeira reuni\u00e3o do ano ocorreu nesta sexta-feira, 3\/2. Os trabalhos visam a implementa\u00e7\u00e3o de atividades conjuntas, apoio m\u00fatuo, pol\u00edticas convergentes e de interesse comum ao desenvolvimento do territ\u00f3rio central de Manaus. A execu\u00e7\u00e3o global do objeto do acordo \u00e9 de 24 meses.<\/p>\n\n\n\n<p>Conforme o superintendente do Iphan-AM, Mauro Augusto Menezes, os trabalhos est\u00e3o sendo retomados na agenda conjunta, fortalecendo o desejo comum de promover a revitaliza\u00e7\u00e3o do centro hist\u00f3rico e o acesso da popula\u00e7\u00e3o ao patrim\u00f4nio cultural do territ\u00f3rio. \u201cE na nossa pauta est\u00e1 o trabalho e o feedback das an\u00e1lises feitas dos projetos apresentados pelo Implurb, endossando a nossa disposi\u00e7\u00e3o para dar agilidade \u00e0 an\u00e1lise\u201d, comentou.<\/p>\n\n\n\n<p>Para o diretor de Planejamento do Implurb, arquiteto e urbanista Pedro Paulo Cordeiro, a agenda tem desde os projetos e processos desenvolvidos, sua aprova\u00e7\u00e3o, at\u00e9 o compartilhamento de informa\u00e7\u00f5es.<\/p>\n\n\n\n<p>\u201cOs projetos que est\u00e3o em aprova\u00e7\u00e3o v\u00e3o trazer o que todos desejam para a regi\u00e3o, que \u00e9 vida para o Centro. E o Iphan \u00e9 muito parceiro neste processo. Temos timing em rela\u00e7\u00e3o \u00e0 aprova\u00e7\u00e3o e execu\u00e7\u00e3o destas obras. Al\u00e9m disso, vamos atuar em parceria para mapear unidades hist\u00f3ricas e deixar as informa\u00e7\u00f5es em consulta p\u00fablica, facilitando o acesso de quem desejar investir em seus im\u00f3veis de interesse no centro hist\u00f3rico\u201d, disse o diretor.<\/p>\n\n\n\n<p>Para o cidad\u00e3o que precisa licenciar obras, reformas ou fazer neg\u00f3cios com im\u00f3veis na \u00e1rea central de interfer\u00eancia do tombamento, a ideia \u00e9 melhorar tamb\u00e9m a tramita\u00e7\u00e3o de processos. Como melhorar mecanismos de licenciamento ser\u00e1 objeto de debate entre os t\u00e9cnicos das institui\u00e7\u00f5es, com um desenho posterior, plano de trabalho e atividades para propor as rotinas de an\u00e1lise, autoriza\u00e7\u00e3o e fiscaliza\u00e7\u00e3o junto a interven\u00e7\u00f5es permanentes ou tempor\u00e1rias.<\/p>\n\n\n\n<p>Os t\u00e9cnicos est\u00e3o dialogando e trocando experi\u00eancias. A expertise do Iphan ser\u00e1 repassada ao Implurb e vice-versa. O Implurb e Iphan desenvolvem a\u00e7\u00f5es em conjunto desde o in\u00edcio da gest\u00e3o do prefeito David Almeida. A \u00e1rea de tombamento do centro hist\u00f3rico de Manaus \u00e9 protegida nacionalmente desde 2012.<\/p>\n\n\n\n<p>&#8212; &#8212; &#8212;<\/p>\n\n\n\n<p><strong>Texto<\/strong>\u00a0\u2013 Claudia do Valle \/ Implurb<br><strong>Fotos\u00a0<\/strong>\u2013 Divulga\u00e7\u00e3o \/ Implurb<br>Em anexo<\/p>\n","protected":false},"excerpt":{"rendered":"","protected":false},"author":39,"featured_media":3746,"comment_status":"closed","ping_status":"closed","sticky":false,"template":"","format":"standard","meta":{"footnotes":""},"categories":[1270],"tags":[1271,142,11,1272,39,125],"acf":[],"yoast_head":"<!-- This site is optimized with the Yoast SEO plugin v23.0 - https:\/\/yoast.com\/wordpress\/plugins\/seo\/ -->\n<title>Prefeitura e Iphan-AM retomam agenda para projetos no centro<\/title>\n<meta name=\"description\" content=\"A Prefeitura e o Iphan no Amazonas retomaram a agenda 2023 do Acordo de Coopera\u00e7\u00e3o T\u00e9cnica firmado entre as institui\u00e7\u00f5es no ano passado.\" \/>\n<meta name=\"robots\" content=\"noindex, follow\" \/>\n<meta property=\"og:locale\" content=\"pt_BR\" \/>\n<meta property=\"og:type\" content=\"article\" \/>\n<meta property=\"og:title\" content=\"Prefeitura e Iphan-AM retomam agenda para projetos no centro\" \/>\n<meta property=\"og:description\" content=\"A Prefeitura e o Iphan no Amazonas retomaram a agenda 2023 do Acordo de Coopera\u00e7\u00e3o T\u00e9cnica firmado entre as institui\u00e7\u00f5es no ano passado.\" \/>\n<meta property=\"og:url\" content=\"https:\/\/www.manaus.am.gov.br\/implurb\/rascunho-automaticoprefeitura-e-ipham-am-retoman-agenda-2023-de-cooperacao-tecnica-para-projetos-no-centro-historico\/\" \/>\n<meta property=\"og:site_name\" content=\"IMPLURB\" \/>\n<meta property=\"article:published_time\" content=\"2023-02-03T23:13:07+00:00\" \/>\n<meta property=\"article:modified_time\" content=\"2024-01-16T20:48:24+00:00\" \/>\n<meta property=\"og:image\" content=\"https:\/\/www.manaus.am.gov.br\/implurb\/wp-content\/uploads\/sites\/13\/2024\/01\/Implurb-e-Iphan-AM-retomam-agenda-2023.jpg\" \/>\n\t<meta property=\"og:image:width\" content=\"1600\" \/>\n\t<meta property=\"og:image:height\" content=\"1200\" \/>\n\t<meta property=\"og:image:type\" content=\"image\/jpeg\" \/>\n<meta name=\"author\" content=\"Bruna Greco\" \/>\n<meta name=\"twitter:card\" content=\"summary_large_image\" \/>\n<meta name=\"twitter:label1\" content=\"Written by\" \/>\n\t<meta name=\"twitter:data1\" content=\"Bruna Greco\" \/>\n\t<meta name=\"twitter:label2\" content=\"Est. reading time\" \/>\n\t<meta name=\"twitter:data2\" content=\"3 minutos\" \/>\n<script type=\"application\/ld+json\" class=\"yoast-schema-graph\">{\"@context\":\"https:\/\/schema.org\",\"@graph\":[{\"@type\":\"WebPage\",\"@id\":\"https:\/\/www.manaus.am.gov.br\/implurb\/rascunho-automaticoprefeitura-e-ipham-am-retoman-agenda-2023-de-cooperacao-tecnica-para-projetos-no-centro-historico\/\",\"url\":\"https:\/\/www.manaus.am.gov.br\/implurb\/rascunho-automaticoprefeitura-e-ipham-am-retoman-agenda-2023-de-cooperacao-tecnica-para-projetos-no-centro-historico\/\",\"name\":\"Prefeitura e Iphan-AM retomam agenda para projetos no centro\",\"isPartOf\":{\"@id\":\"https:\/\/www.manaus.am.gov.br\/implurb\/#website\"},\"primaryImageOfPage\":{\"@id\":\"https:\/\/www.manaus.am.gov.br\/implurb\/rascunho-automaticoprefeitura-e-ipham-am-retoman-agenda-2023-de-cooperacao-tecnica-para-projetos-no-centro-historico\/#primaryimage\"},\"image\":{\"@id\":\"https:\/\/www.manaus.am.gov.br\/implurb\/rascunho-automaticoprefeitura-e-ipham-am-retoman-agenda-2023-de-cooperacao-tecnica-para-projetos-no-centro-historico\/#primaryimage\"},\"thumbnailUrl\":\"https:\/\/www.manaus.am.gov.br\/implurb\/wp-content\/uploads\/sites\/13\/2024\/01\/Implurb-e-Iphan-AM-retomam-agenda-2023.jpg\",\"datePublished\":\"2023-02-03T23:13:07+00:00\",\"dateModified\":\"2024-01-16T20:48:24+00:00\",\"author\":{\"@id\":\"https:\/\/www.manaus.am.gov.br\/implurb\/#\/schema\/person\/05d223aea2bf115f9883a6ff3683d81b\"},\"description\":\"A Prefeitura e o Iphan no Amazonas retomaram a agenda 2023 do Acordo de Coopera\u00e7\u00e3o T\u00e9cnica firmado entre as institui\u00e7\u00f5es no ano passado.\",\"breadcrumb\":{\"@id\":\"https:\/\/www.manaus.am.gov.br\/implurb\/rascunho-automaticoprefeitura-e-ipham-am-retoman-agenda-2023-de-cooperacao-tecnica-para-projetos-no-centro-historico\/#breadcrumb\"},\"inLanguage\":\"pt-BR\",\"potentialAction\":[{\"@type\":\"ReadAction\",\"target\":[\"https:\/\/www.manaus.am.gov.br\/implurb\/rascunho-automaticoprefeitura-e-ipham-am-retoman-agenda-2023-de-cooperacao-tecnica-para-projetos-no-centro-historico\/\"]}]},{\"@type\":\"ImageObject\",\"inLanguage\":\"pt-BR\",\"@id\":\"https:\/\/www.manaus.am.gov.br\/implurb\/rascunho-automaticoprefeitura-e-ipham-am-retoman-agenda-2023-de-cooperacao-tecnica-para-projetos-no-centro-historico\/#primaryimage\",\"url\":\"https:\/\/www.manaus.am.gov.br\/implurb\/wp-content\/uploads\/sites\/13\/2024\/01\/Implurb-e-Iphan-AM-retomam-agenda-2023.jpg\",\"contentUrl\":\"https:\/\/www.manaus.am.gov.br\/implurb\/wp-content\/uploads\/sites\/13\/2024\/01\/Implurb-e-Iphan-AM-retomam-agenda-2023.jpg\",\"width\":1600,\"height\":1200},{\"@type\":\"BreadcrumbList\",\"@id\":\"https:\/\/www.manaus.am.gov.br\/implurb\/rascunho-automaticoprefeitura-e-ipham-am-retoman-agenda-2023-de-cooperacao-tecnica-para-projetos-no-centro-historico\/#breadcrumb\",\"itemListElement\":[{\"@type\":\"ListItem\",\"position\":1,\"name\":\"Home\",\"item\":\"https:\/\/www.manaus.am.gov.br\/implurb\/\"},{\"@type\":\"ListItem\",\"position\":2,\"name\":\"Prefeitura e Iphan-AM retomam agenda 2023 de coopera\u00e7\u00e3o t\u00e9cnica para projetos no centro hist\u00f3rico\"}]},{\"@type\":\"WebSite\",\"@id\":\"https:\/\/www.manaus.am.gov.br\/implurb\/#website\",\"url\":\"https:\/\/www.manaus.am.gov.br\/implurb\/\",\"name\":\"IMPLURB\",\"description\":\"Prefeitura de Manaus\",\"potentialAction\":[{\"@type\":\"SearchAction\",\"target\":{\"@type\":\"EntryPoint\",\"urlTemplate\":\"https:\/\/www.manaus.am.gov.br\/implurb\/?s={search_term_string}\"},\"query-input\":\"required name=search_term_string\"}],\"inLanguage\":\"pt-BR\"},{\"@type\":\"Person\",\"@id\":\"https:\/\/www.manaus.am.gov.br\/implurb\/#\/schema\/person\/05d223aea2bf115f9883a6ff3683d81b\",\"name\":\"Bruna Greco\",\"image\":{\"@type\":\"ImageObject\",\"inLanguage\":\"pt-BR\",\"@id\":\"https:\/\/www.manaus.am.gov.br\/implurb\/#\/schema\/person\/image\/\",\"url\":\"https:\/\/secure.gravatar.com\/avatar\/9c877d1a6adc2a055330e5c09a8653ce?s=96&d=mm&r=g\",\"contentUrl\":\"https:\/\/secure.gravatar.com\/avatar\/9c877d1a6adc2a055330e5c09a8653ce?s=96&d=mm&r=g\",\"caption\":\"Bruna Greco\"}}]}<\/script>\n<!-- \/ Yoast SEO plugin. -->","yoast_head_json":{"title":"Prefeitura e Iphan-AM retomam agenda para projetos no centro","description":"A Prefeitura e o Iphan no Amazonas retomaram a agenda 2023 do Acordo de Coopera\u00e7\u00e3o T\u00e9cnica firmado entre as institui\u00e7\u00f5es no ano passado.","robots":{"index":"noindex","follow":"follow"},"og_locale":"pt_BR","og_type":"article","og_title":"Prefeitura e Iphan-AM retomam agenda para projetos no centro","og_description":"A Prefeitura e o Iphan no Amazonas retomaram a agenda 2023 do Acordo de Coopera\u00e7\u00e3o T\u00e9cnica firmado entre as institui\u00e7\u00f5es no ano passado.","og_url":"https:\/\/www.manaus.am.gov.br\/implurb\/rascunho-automaticoprefeitura-e-ipham-am-retoman-agenda-2023-de-cooperacao-tecnica-para-projetos-no-centro-historico\/","og_site_name":"IMPLURB","article_published_time":"2023-02-03T23:13:07+00:00","article_modified_time":"2024-01-16T20:48:24+00:00","og_image":[{"width":1600,"height":1200,"url":"https:\/\/www.manaus.am.gov.br\/implurb\/wp-content\/uploads\/sites\/13\/2024\/01\/Implurb-e-Iphan-AM-retomam-agenda-2023.jpg","type":"image\/jpeg"}],"author":"Bruna Greco","twitter_card":"summary_large_image","twitter_misc":{"Written by":"Bruna Greco","Est. reading time":"3 minutos"},"schema":{"@context":"https:\/\/schema.org","@graph":[{"@type":"WebPage","@id":"https:\/\/www.manaus.am.gov.br\/implurb\/rascunho-automaticoprefeitura-e-ipham-am-retoman-agenda-2023-de-cooperacao-tecnica-para-projetos-no-centro-historico\/","url":"https:\/\/www.manaus.am.gov.br\/implurb\/rascunho-automaticoprefeitura-e-ipham-am-retoman-agenda-2023-de-cooperacao-tecnica-para-projetos-no-centro-historico\/","name":"Prefeitura e Iphan-AM retomam agenda para projetos no centro","isPartOf":{"@id":"https:\/\/www.manaus.am.gov.br\/implurb\/#website"},"primaryImageOfPage":{"@id":"https:\/\/www.manaus.am.gov.br\/implurb\/rascunho-automaticoprefeitura-e-ipham-am-retoman-agenda-2023-de-cooperacao-tecnica-para-projetos-no-centro-historico\/#primaryimage"},"image":{"@id":"https:\/\/www.manaus.am.gov.br\/implurb\/rascunho-automaticoprefeitura-e-ipham-am-retoman-agenda-2023-de-cooperacao-tecnica-para-projetos-no-centro-historico\/#primaryimage"},"thumbnailUrl":"https:\/\/www.manaus.am.gov.br\/implurb\/wp-content\/uploads\/sites\/13\/2024\/01\/Implurb-e-Iphan-AM-retomam-agenda-2023.jpg","datePublished":"2023-02-03T23:13:07+00:00","dateModified":"2024-01-16T20:48:24+00:00","author":{"@id":"https:\/\/www.manaus.am.gov.br\/implurb\/#\/schema\/person\/05d223aea2bf115f9883a6ff3683d81b"},"description":"A Prefeitura e o Iphan no Amazonas retomaram a agenda 2023 do Acordo de Coopera\u00e7\u00e3o T\u00e9cnica firmado entre as institui\u00e7\u00f5es no ano passado.","breadcrumb":{"@id":"https:\/\/www.manaus.am.gov.br\/implurb\/rascunho-automaticoprefeitura-e-ipham-am-retoman-agenda-2023-de-cooperacao-tecnica-para-projetos-no-centro-historico\/#breadcrumb"},"inLanguage":"pt-BR","potentialAction":[{"@type":"ReadAction","target":["https:\/\/www.manaus.am.gov.br\/implurb\/rascunho-automaticoprefeitura-e-ipham-am-retoman-agenda-2023-de-cooperacao-tecnica-para-projetos-no-centro-historico\/"]}]},{"@type":"ImageObject","inLanguage":"pt-BR","@id":"https:\/\/www.manaus.am.gov.br\/implurb\/rascunho-automaticoprefeitura-e-ipham-am-retoman-agenda-2023-de-cooperacao-tecnica-para-projetos-no-centro-historico\/#primaryimage","url":"https:\/\/www.manaus.am.gov.br\/implurb\/wp-content\/uploads\/sites\/13\/2024\/01\/Implurb-e-Iphan-AM-retomam-agenda-2023.jpg","contentUrl":"https:\/\/www.manaus.am.gov.br\/implurb\/wp-content\/uploads\/sites\/13\/2024\/01\/Implurb-e-Iphan-AM-retomam-agenda-2023.jpg","width":1600,"height":1200},{"@type":"BreadcrumbList","@id":"https:\/\/www.manaus.am.gov.br\/implurb\/rascunho-automaticoprefeitura-e-ipham-am-retoman-agenda-2023-de-cooperacao-tecnica-para-projetos-no-centro-historico\/#breadcrumb","itemListElement":[{"@type":"ListItem","position":1,"name":"Home","item":"https:\/\/www.manaus.am.gov.br\/implurb\/"},{"@type":"ListItem","position":2,"name":"Prefeitura e Iphan-AM retomam agenda 2023 de coopera\u00e7\u00e3o t\u00e9cnica para projetos no centro hist\u00f3rico"}]},{"@type":"WebSite","@id":"https:\/\/www.manaus.am.gov.br\/implurb\/#website","url":"https:\/\/www.manaus.am.gov.br\/implurb\/","name":"IMPLURB","description":"Prefeitura de Manaus","potentialAction":[{"@type":"SearchAction","target":{"@type":"EntryPoint","urlTemplate":"https:\/\/www.manaus.am.gov.br\/implurb\/?s={search_term_string}"},"query-input":"required name=search_term_string"}],"inLanguage":"pt-BR"},{"@type":"Person","@id":"https:\/\/www.manaus.am.gov.br\/implurb\/#\/schema\/person\/05d223aea2bf115f9883a6ff3683d81b","name":"Bruna Greco","image":{"@type":"ImageObject","inLanguage":"pt-BR","@id":"https:\/\/www.manaus.am.gov.br\/implurb\/#\/schema\/person\/image\/","url":"https:\/\/secure.gravatar.com\/avatar\/9c877d1a6adc2a055330e5c09a8653ce?s=96&d=mm&r=g","contentUrl":"https:\/\/secure.gravatar.com\/avatar\/9c877d1a6adc2a055330e5c09a8653ce?s=96&d=mm&r=g","caption":"Bruna Greco"}}]}},"_links":{"self":[{"href":"https:\/\/www.manaus.am.gov.br\/implurb\/wp-json\/wp\/v2\/posts\/3745"}],"collection":[{"href":"https:\/\/www.manaus.am.gov.br\/implurb\/wp-json\/wp\/v2\/posts"}],"about":[{"href":"https:\/\/www.manaus.am.gov.br\/implurb\/wp-json\/wp\/v2\/types\/post"}],"author":[{"embeddable":true,"href":"https:\/\/www.manaus.am.gov.br\/implurb\/wp-json\/wp\/v2\/users\/39"}],"replies":[{"embeddable":true,"href":"https:\/\/www.manaus.am.gov.br\/implurb\/wp-json\/wp\/v2\/comments?post=3745"}],"version-history":[{"count":0,"href":"https:\/\/www.manaus.am.gov.br\/implurb\/wp-json\/wp\/v2\/posts\/3745\/revisions"}],"wp:featuredmedia":[{"embeddable":true,"href":"https:\/\/www.manaus.am.gov.br\/implurb\/wp-json\/wp\/v2\/media\/3746"}],"wp:attachment":[{"href":"https:\/\/www.manaus.am.gov.br\/implurb\/wp-json\/wp\/v2\/media?parent=3745"}],"wp:term":[{"taxonomy":"category","embeddable":true,"href":"https:\/\/www.manaus.am.gov.br\/implurb\/wp-json\/wp\/v2\/categories?post=3745"},{"taxonomy":"post_tag","embeddable":true,"href":"https:\/\/www.manaus.am.gov.br\/implurb\/wp-json\/wp\/v2\/tags?post=3745"}],"curies":[{"name":"wp","href":"https:\/\/api.w.org\/{rel}","templated":true}]}}