{"id":3740,"date":"2023-02-08T19:13:50","date_gmt":"2023-02-08T23:13:50","guid":{"rendered":"https:\/\/www.manaus.am.gov.br\/implurb\/prefeitura-e-cau-br-assinam-protocolo-para-beneficiar-populacao-carente-de-manaus\/"},"modified":"2024-01-16T16:47:11","modified_gmt":"2024-01-16T20:47:11","slug":"prefeitura-e-cau-br-assinam-protocolo-para-beneficiar-populacao-carente-de-manaus","status":"publish","type":"post","link":"https:\/\/www.manaus.am.gov.br\/implurb\/prefeitura-e-cau-br-assinam-protocolo-para-beneficiar-populacao-carente-de-manaus\/","title":{"rendered":"Prefeitura e CAU-BR assinam protocolo para beneficiar popula\u00e7\u00e3o carente de Manaus"},"content":{"rendered":"\n<p>Segundo dados do Conselho de Arquitetura e Urbanismo do Brasil (CAU-BR), 85% das edifica\u00e7\u00f5es constru\u00eddas atualmente no pa\u00eds n\u00e3o tem um arquiteto como respons\u00e1vel, s\u00e3o informais, o que representar\u00e1, at\u00e9 2040, 40 milh\u00f5es de constru\u00e7\u00f5es sem uma responsabiliza\u00e7\u00e3o t\u00e9cnica. Os n\u00fameros s\u00e3o reflexo ou da falta do direito \u00e0 arquitetura ou \u00e0 falta de acesso aos profissionais ou desconhecimento da legisla\u00e7\u00e3o. Mais do que mudar a paisagem, a assist\u00eancia ajuda a ter um padr\u00e3o de urbaniza\u00e7\u00e3o nas cidades e de qualidade de vida.<\/p>\n\n\n\n<p>Para mudar este cen\u00e1rio na capital amazonense, a Prefeitura de Manaus e o CAU-BR assinaram, nesta quarta-feira, 8\/2, um protocolo de inten\u00e7\u00f5es para promover a\u00e7\u00f5es de desenvolvimento urbano sustent\u00e1vel, patrim\u00f4nio cultural, licenciamento urban\u00edstico simplificado e de Assist\u00eancia T\u00e9cnica em Habita\u00e7\u00e3o de Interesse Social (Athis).<\/p>\n\n\n\n<p>O objetivo \u00e9 que o Instituto Municipal de Planejamento Urbano de Manaus (Implurb) possa contar com contribui\u00e7\u00f5es do CAU na \u00e1rea de consultoria, cursos e capacita\u00e7\u00f5es, visando a melhoria da qualidade de vida na cidade. \u201cA habita\u00e7\u00e3o de interesse social sempre foi um tema priorit\u00e1rio para os arquitetos e a Prefeitura de Manaus tem uma s\u00e9rie de a\u00e7\u00f5es propondo a reabilita\u00e7\u00e3o de espa\u00e7os no centro hist\u00f3rico, com esse foco\u201d, explicou o diretor-presidente do Implurb, Carlos Valente.<\/p>\n\n\n\n<p>\u201cO protocolo de inten\u00e7\u00f5es \u00e9 o resultado de um di\u00e1logo de mais dois anos do CAU Amazonas com a Prefeitura\u201d, afirmou o presidente do conselho no Estado, Jean Faria.<\/p>\n\n\n\n<p><strong>Interc\u00e2mbio<\/strong><\/p>\n\n\n\n<p>O protocolo assinado visa promover interc\u00e2mbio de informa\u00e7\u00f5es, dados, mapeamentos, cadastros e documentos em geral, de acesso p\u00fablico, referente ao planejamento urbano e regional de Manaus; e a realiza\u00e7\u00e3o de eventos, audi\u00eancias, semin\u00e1rios, congressos, oficinas, capacita\u00e7\u00f5es e reuni\u00f5es de trabalho, nos quais os temas sejam desenvolvimento urbano sustent\u00e1vel, patrim\u00f4nio cultural arquitet\u00f4nico e o planejamento urbano integrado \u00e0 Athis e \u00e0s habita\u00e7\u00f5es de interesse social.<\/p>\n\n\n\n<p>O documento, com validade de 3 anos, ainda prev\u00ea a\u00e7\u00f5es que viabilizem a implementa\u00e7\u00e3o da assist\u00eancia t\u00e9cnica na capital; interven\u00e7\u00f5es que contribuam para a preserva\u00e7\u00e3o do patrim\u00f4nio hist\u00f3rico material; e atividades que se somem para a regulariza\u00e7\u00e3o de n\u00facleos urbanos informais do munic\u00edpio, especialmente em \u00e1reas ocupadas predominantemente por popula\u00e7\u00e3o de baixa renda.<\/p>\n\n\n\n<p><strong>Baixa renda<\/strong><\/p>\n\n\n\n<p>Com a Lei da Assist\u00eancia T\u00e9cnica \u00e0 Moradia de Interesse Social, o Brasil passou a assegurar \u00e0s fam\u00edlias de baixa renda assist\u00eancia t\u00e9cnica p\u00fablica e gratuita ao projeto e \u00e0 constru\u00e7\u00e3o de habita\u00e7\u00e3o de interesse social. O objetivo era colaborar significativamente para a melhoria da qualidade de vida da sociedade brasileira atrav\u00e9s da sustentabilidade da moradia das fam\u00edlias mais necessitadas e de seu entorno.<\/p>\n\n\n\n<p>A lei indica que o direito \u00e0 moradia, \u00e0 cidade e \u00e0 arquitetura \u00e9 de todos os brasileiros, instaurando uma nova dimens\u00e3o cultural no processo de urbaniza\u00e7\u00e3o das cidades brasileiras: a busca da qualidade do espa\u00e7o constru\u00eddo.<\/p>\n\n\n\n<p>A lei \u00e9 parte integrante do direito social \u00e0 moradia previsto no art. 6\u00b0 da Constitui\u00e7\u00e3o Federal e regulamentado na Lei Federal n\u00b0 11.888, de 24 de dezembro de 2008.<\/p>\n\n\n\n<p>&#8212; &#8212; &#8212;<\/p>\n\n\n\n<p><strong>Texto &#8211;&nbsp;<\/strong>Claudia do Valle \/ Implurb<\/p>\n\n\n\n<p><strong>Fotos \u2013<\/strong>&nbsp;Antonio Pereira \/ Semcom<\/p>\n","protected":false},"excerpt":{"rendered":"","protected":false},"author":39,"featured_media":3741,"comment_status":"closed","ping_status":"closed","sticky":false,"template":"","format":"standard","meta":{"footnotes":""},"categories":[1264],"tags":[1265,1266,11,1267,1268],"acf":[],"yoast_head":"<!-- This site is optimized with the Yoast SEO plugin v23.0 - https:\/\/yoast.com\/wordpress\/plugins\/seo\/ -->\n<title>Prefeitura e CAU-BR assinam protocolo para beneficiar popula\u00e7\u00e3o carente<\/title>\n<meta name=\"description\" content=\"Segundo dados do CAU-BR, 85% das edifica\u00e7\u00f5es constru\u00eddas atualmente no pa\u00eds n\u00e3o tem um arquiteto como respons\u00e1vel, s\u00e3o informais\" \/>\n<meta name=\"robots\" content=\"noindex, follow\" \/>\n<meta property=\"og:locale\" content=\"pt_BR\" \/>\n<meta property=\"og:type\" content=\"article\" \/>\n<meta property=\"og:title\" content=\"Prefeitura e CAU-BR assinam protocolo para beneficiar popula\u00e7\u00e3o carente\" \/>\n<meta property=\"og:description\" content=\"Segundo dados do CAU-BR, 85% das edifica\u00e7\u00f5es constru\u00eddas atualmente no pa\u00eds n\u00e3o tem um arquiteto como respons\u00e1vel, s\u00e3o informais\" \/>\n<meta property=\"og:url\" content=\"https:\/\/www.manaus.am.gov.br\/implurb\/prefeitura-e-cau-br-assinam-protocolo-para-beneficiar-populacao-carente-de-manaus\/\" \/>\n<meta property=\"og:site_name\" content=\"IMPLURB\" \/>\n<meta property=\"article:published_time\" content=\"2023-02-08T23:13:50+00:00\" \/>\n<meta property=\"article:modified_time\" content=\"2024-01-16T20:47:11+00:00\" \/>\n<meta property=\"og:image\" content=\"https:\/\/www.manaus.am.gov.br\/implurb\/wp-content\/uploads\/sites\/13\/2024\/01\/CAU-2023-1.jpeg\" \/>\n\t<meta property=\"og:image:width\" content=\"1600\" \/>\n\t<meta property=\"og:image:height\" content=\"1066\" \/>\n\t<meta property=\"og:image:type\" content=\"image\/jpeg\" \/>\n<meta name=\"author\" content=\"Bruna Greco\" \/>\n<meta name=\"twitter:card\" content=\"summary_large_image\" \/>\n<meta name=\"twitter:label1\" content=\"Written by\" \/>\n\t<meta name=\"twitter:data1\" content=\"Bruna Greco\" \/>\n\t<meta name=\"twitter:label2\" content=\"Est. reading time\" \/>\n\t<meta name=\"twitter:data2\" content=\"3 minutos\" \/>\n<script type=\"application\/ld+json\" class=\"yoast-schema-graph\">{\"@context\":\"https:\/\/schema.org\",\"@graph\":[{\"@type\":\"WebPage\",\"@id\":\"https:\/\/www.manaus.am.gov.br\/implurb\/prefeitura-e-cau-br-assinam-protocolo-para-beneficiar-populacao-carente-de-manaus\/\",\"url\":\"https:\/\/www.manaus.am.gov.br\/implurb\/prefeitura-e-cau-br-assinam-protocolo-para-beneficiar-populacao-carente-de-manaus\/\",\"name\":\"Prefeitura e CAU-BR assinam protocolo para beneficiar popula\u00e7\u00e3o carente\",\"isPartOf\":{\"@id\":\"https:\/\/www.manaus.am.gov.br\/implurb\/#website\"},\"primaryImageOfPage\":{\"@id\":\"https:\/\/www.manaus.am.gov.br\/implurb\/prefeitura-e-cau-br-assinam-protocolo-para-beneficiar-populacao-carente-de-manaus\/#primaryimage\"},\"image\":{\"@id\":\"https:\/\/www.manaus.am.gov.br\/implurb\/prefeitura-e-cau-br-assinam-protocolo-para-beneficiar-populacao-carente-de-manaus\/#primaryimage\"},\"thumbnailUrl\":\"https:\/\/www.manaus.am.gov.br\/implurb\/wp-content\/uploads\/sites\/13\/2024\/01\/CAU-2023-1.jpeg\",\"datePublished\":\"2023-02-08T23:13:50+00:00\",\"dateModified\":\"2024-01-16T20:47:11+00:00\",\"author\":{\"@id\":\"https:\/\/www.manaus.am.gov.br\/implurb\/#\/schema\/person\/05d223aea2bf115f9883a6ff3683d81b\"},\"description\":\"Segundo dados do CAU-BR, 85% das edifica\u00e7\u00f5es constru\u00eddas atualmente no pa\u00eds n\u00e3o tem um arquiteto como respons\u00e1vel, s\u00e3o informais\",\"breadcrumb\":{\"@id\":\"https:\/\/www.manaus.am.gov.br\/implurb\/prefeitura-e-cau-br-assinam-protocolo-para-beneficiar-populacao-carente-de-manaus\/#breadcrumb\"},\"inLanguage\":\"pt-BR\",\"potentialAction\":[{\"@type\":\"ReadAction\",\"target\":[\"https:\/\/www.manaus.am.gov.br\/implurb\/prefeitura-e-cau-br-assinam-protocolo-para-beneficiar-populacao-carente-de-manaus\/\"]}]},{\"@type\":\"ImageObject\",\"inLanguage\":\"pt-BR\",\"@id\":\"https:\/\/www.manaus.am.gov.br\/implurb\/prefeitura-e-cau-br-assinam-protocolo-para-beneficiar-populacao-carente-de-manaus\/#primaryimage\",\"url\":\"https:\/\/www.manaus.am.gov.br\/implurb\/wp-content\/uploads\/sites\/13\/2024\/01\/CAU-2023-1.jpeg\",\"contentUrl\":\"https:\/\/www.manaus.am.gov.br\/implurb\/wp-content\/uploads\/sites\/13\/2024\/01\/CAU-2023-1.jpeg\",\"width\":1600,\"height\":1066},{\"@type\":\"BreadcrumbList\",\"@id\":\"https:\/\/www.manaus.am.gov.br\/implurb\/prefeitura-e-cau-br-assinam-protocolo-para-beneficiar-populacao-carente-de-manaus\/#breadcrumb\",\"itemListElement\":[{\"@type\":\"ListItem\",\"position\":1,\"name\":\"Home\",\"item\":\"https:\/\/www.manaus.am.gov.br\/implurb\/\"},{\"@type\":\"ListItem\",\"position\":2,\"name\":\"Prefeitura e CAU-BR assinam protocolo para beneficiar popula\u00e7\u00e3o carente de Manaus\"}]},{\"@type\":\"WebSite\",\"@id\":\"https:\/\/www.manaus.am.gov.br\/implurb\/#website\",\"url\":\"https:\/\/www.manaus.am.gov.br\/implurb\/\",\"name\":\"IMPLURB\",\"description\":\"Prefeitura de Manaus\",\"potentialAction\":[{\"@type\":\"SearchAction\",\"target\":{\"@type\":\"EntryPoint\",\"urlTemplate\":\"https:\/\/www.manaus.am.gov.br\/implurb\/?s={search_term_string}\"},\"query-input\":\"required name=search_term_string\"}],\"inLanguage\":\"pt-BR\"},{\"@type\":\"Person\",\"@id\":\"https:\/\/www.manaus.am.gov.br\/implurb\/#\/schema\/person\/05d223aea2bf115f9883a6ff3683d81b\",\"name\":\"Bruna Greco\",\"image\":{\"@type\":\"ImageObject\",\"inLanguage\":\"pt-BR\",\"@id\":\"https:\/\/www.manaus.am.gov.br\/implurb\/#\/schema\/person\/image\/\",\"url\":\"https:\/\/secure.gravatar.com\/avatar\/9c877d1a6adc2a055330e5c09a8653ce?s=96&d=mm&r=g\",\"contentUrl\":\"https:\/\/secure.gravatar.com\/avatar\/9c877d1a6adc2a055330e5c09a8653ce?s=96&d=mm&r=g\",\"caption\":\"Bruna Greco\"}}]}<\/script>\n<!-- \/ Yoast SEO plugin. -->","yoast_head_json":{"title":"Prefeitura e CAU-BR assinam protocolo para beneficiar popula\u00e7\u00e3o carente","description":"Segundo dados do CAU-BR, 85% das edifica\u00e7\u00f5es constru\u00eddas atualmente no pa\u00eds n\u00e3o tem um arquiteto como respons\u00e1vel, s\u00e3o informais","robots":{"index":"noindex","follow":"follow"},"og_locale":"pt_BR","og_type":"article","og_title":"Prefeitura e CAU-BR assinam protocolo para beneficiar popula\u00e7\u00e3o carente","og_description":"Segundo dados do CAU-BR, 85% das edifica\u00e7\u00f5es constru\u00eddas atualmente no pa\u00eds n\u00e3o tem um arquiteto como respons\u00e1vel, s\u00e3o informais","og_url":"https:\/\/www.manaus.am.gov.br\/implurb\/prefeitura-e-cau-br-assinam-protocolo-para-beneficiar-populacao-carente-de-manaus\/","og_site_name":"IMPLURB","article_published_time":"2023-02-08T23:13:50+00:00","article_modified_time":"2024-01-16T20:47:11+00:00","og_image":[{"width":1600,"height":1066,"url":"https:\/\/www.manaus.am.gov.br\/implurb\/wp-content\/uploads\/sites\/13\/2024\/01\/CAU-2023-1.jpeg","type":"image\/jpeg"}],"author":"Bruna Greco","twitter_card":"summary_large_image","twitter_misc":{"Written by":"Bruna Greco","Est. reading time":"3 minutos"},"schema":{"@context":"https:\/\/schema.org","@graph":[{"@type":"WebPage","@id":"https:\/\/www.manaus.am.gov.br\/implurb\/prefeitura-e-cau-br-assinam-protocolo-para-beneficiar-populacao-carente-de-manaus\/","url":"https:\/\/www.manaus.am.gov.br\/implurb\/prefeitura-e-cau-br-assinam-protocolo-para-beneficiar-populacao-carente-de-manaus\/","name":"Prefeitura e CAU-BR assinam protocolo para beneficiar popula\u00e7\u00e3o carente","isPartOf":{"@id":"https:\/\/www.manaus.am.gov.br\/implurb\/#website"},"primaryImageOfPage":{"@id":"https:\/\/www.manaus.am.gov.br\/implurb\/prefeitura-e-cau-br-assinam-protocolo-para-beneficiar-populacao-carente-de-manaus\/#primaryimage"},"image":{"@id":"https:\/\/www.manaus.am.gov.br\/implurb\/prefeitura-e-cau-br-assinam-protocolo-para-beneficiar-populacao-carente-de-manaus\/#primaryimage"},"thumbnailUrl":"https:\/\/www.manaus.am.gov.br\/implurb\/wp-content\/uploads\/sites\/13\/2024\/01\/CAU-2023-1.jpeg","datePublished":"2023-02-08T23:13:50+00:00","dateModified":"2024-01-16T20:47:11+00:00","author":{"@id":"https:\/\/www.manaus.am.gov.br\/implurb\/#\/schema\/person\/05d223aea2bf115f9883a6ff3683d81b"},"description":"Segundo dados do CAU-BR, 85% das edifica\u00e7\u00f5es constru\u00eddas atualmente no pa\u00eds n\u00e3o tem um arquiteto como respons\u00e1vel, s\u00e3o informais","breadcrumb":{"@id":"https:\/\/www.manaus.am.gov.br\/implurb\/prefeitura-e-cau-br-assinam-protocolo-para-beneficiar-populacao-carente-de-manaus\/#breadcrumb"},"inLanguage":"pt-BR","potentialAction":[{"@type":"ReadAction","target":["https:\/\/www.manaus.am.gov.br\/implurb\/prefeitura-e-cau-br-assinam-protocolo-para-beneficiar-populacao-carente-de-manaus\/"]}]},{"@type":"ImageObject","inLanguage":"pt-BR","@id":"https:\/\/www.manaus.am.gov.br\/implurb\/prefeitura-e-cau-br-assinam-protocolo-para-beneficiar-populacao-carente-de-manaus\/#primaryimage","url":"https:\/\/www.manaus.am.gov.br\/implurb\/wp-content\/uploads\/sites\/13\/2024\/01\/CAU-2023-1.jpeg","contentUrl":"https:\/\/www.manaus.am.gov.br\/implurb\/wp-content\/uploads\/sites\/13\/2024\/01\/CAU-2023-1.jpeg","width":1600,"height":1066},{"@type":"BreadcrumbList","@id":"https:\/\/www.manaus.am.gov.br\/implurb\/prefeitura-e-cau-br-assinam-protocolo-para-beneficiar-populacao-carente-de-manaus\/#breadcrumb","itemListElement":[{"@type":"ListItem","position":1,"name":"Home","item":"https:\/\/www.manaus.am.gov.br\/implurb\/"},{"@type":"ListItem","position":2,"name":"Prefeitura e CAU-BR assinam protocolo para beneficiar popula\u00e7\u00e3o carente de Manaus"}]},{"@type":"WebSite","@id":"https:\/\/www.manaus.am.gov.br\/implurb\/#website","url":"https:\/\/www.manaus.am.gov.br\/implurb\/","name":"IMPLURB","description":"Prefeitura de Manaus","potentialAction":[{"@type":"SearchAction","target":{"@type":"EntryPoint","urlTemplate":"https:\/\/www.manaus.am.gov.br\/implurb\/?s={search_term_string}"},"query-input":"required name=search_term_string"}],"inLanguage":"pt-BR"},{"@type":"Person","@id":"https:\/\/www.manaus.am.gov.br\/implurb\/#\/schema\/person\/05d223aea2bf115f9883a6ff3683d81b","name":"Bruna Greco","image":{"@type":"ImageObject","inLanguage":"pt-BR","@id":"https:\/\/www.manaus.am.gov.br\/implurb\/#\/schema\/person\/image\/","url":"https:\/\/secure.gravatar.com\/avatar\/9c877d1a6adc2a055330e5c09a8653ce?s=96&d=mm&r=g","contentUrl":"https:\/\/secure.gravatar.com\/avatar\/9c877d1a6adc2a055330e5c09a8653ce?s=96&d=mm&r=g","caption":"Bruna Greco"}}]}},"_links":{"self":[{"href":"https:\/\/www.manaus.am.gov.br\/implurb\/wp-json\/wp\/v2\/posts\/3740"}],"collection":[{"href":"https:\/\/www.manaus.am.gov.br\/implurb\/wp-json\/wp\/v2\/posts"}],"about":[{"href":"https:\/\/www.manaus.am.gov.br\/implurb\/wp-json\/wp\/v2\/types\/post"}],"author":[{"embeddable":true,"href":"https:\/\/www.manaus.am.gov.br\/implurb\/wp-json\/wp\/v2\/users\/39"}],"replies":[{"embeddable":true,"href":"https:\/\/www.manaus.am.gov.br\/implurb\/wp-json\/wp\/v2\/comments?post=3740"}],"version-history":[{"count":0,"href":"https:\/\/www.manaus.am.gov.br\/implurb\/wp-json\/wp\/v2\/posts\/3740\/revisions"}],"wp:featuredmedia":[{"embeddable":true,"href":"https:\/\/www.manaus.am.gov.br\/implurb\/wp-json\/wp\/v2\/media\/3741"}],"wp:attachment":[{"href":"https:\/\/www.manaus.am.gov.br\/implurb\/wp-json\/wp\/v2\/media?parent=3740"}],"wp:term":[{"taxonomy":"category","embeddable":true,"href":"https:\/\/www.manaus.am.gov.br\/implurb\/wp-json\/wp\/v2\/categories?post=3740"},{"taxonomy":"post_tag","embeddable":true,"href":"https:\/\/www.manaus.am.gov.br\/implurb\/wp-json\/wp\/v2\/tags?post=3740"}],"curies":[{"name":"wp","href":"https:\/\/api.w.org\/{rel}","templated":true}]}}