{"id":3733,"date":"2023-02-04T11:45:34","date_gmt":"2023-02-04T15:45:34","guid":{"rendered":"https:\/\/www.manaus.am.gov.br\/implurb\/prefeitura-e-subah-alinham-agenda-2023-com-foco-em-construcao-verde-e-habitacao\/"},"modified":"2024-01-16T16:46:34","modified_gmt":"2024-01-16T20:46:34","slug":"prefeitura-e-subah-alinham-agenda-2023-com-foco-em-construcao-verde-e-habitacao","status":"publish","type":"post","link":"https:\/\/www.manaus.am.gov.br\/implurb\/prefeitura-e-subah-alinham-agenda-2023-com-foco-em-construcao-verde-e-habitacao\/","title":{"rendered":"Prefeitura e Suhab alinham agenda 2023 com foco em constru\u00e7\u00e3o verde e habita\u00e7\u00e3o"},"content":{"rendered":"\n<p>Para fortalecer as&nbsp;constru\u00e7\u00f5es&nbsp;verdes, a Prefeitura de Manaus integra, desde o ano passado, a iniciativa Internacional Finance Corporation (IFC), membro do Banco Mundial, em parceria com a C\u00e2mara Brasileira da Ind\u00fastria da Constru\u00e7\u00e3o (Cbic). Neste ano, o munic\u00edpio vai desenvolver iniciativas que estimulem a constru\u00e7\u00e3o verde, como na \u00e1rea de habita\u00e7\u00e3o.<\/p>\n\n\n\n<p>O tema entra na agenda da parceria entre prefeitura e governo do Amazonas, por meio do Instituto Municipal de Planejamento Urbano (Implurb) e a Superintend\u00eancia Estadual de Habita\u00e7\u00e3o (Suhab). As duas entidades j\u00e1 t\u00eam um termo de coopera\u00e7\u00e3o firmado desde 2022 e na agenda de 2023 a previs\u00e3o \u00e9 que se avance ainda mais em quest\u00f5es habitacionais.<\/p>\n\n\n\n<p>Na pauta 2023 est\u00e3o o desenvolvimento de programas habitacionais para Manaus e o Estado, incluindo eixos como re-habita\u00e7\u00e3o do centro de Manaus; plano de habita\u00e7\u00e3o geral para Manaus e regi\u00e3o metropolitana; e plano de produ\u00e7\u00e3o de lotes urbanizados nos munic\u00edpios do Amazonas.<\/p>\n\n\n\n<p>\u201cEstamos dando continuidade \u00e0 coopera\u00e7\u00e3o e tivemos uma reuni\u00e3o com a Suhab e a coordena\u00e7\u00e3o do Banco Interamericano de Desenvolvimento (BID) para Habita\u00e7\u00e3o, esbo\u00e7ando programadas e alinhando escopos, incluindo unidades e poss\u00edveis valores. Pela prefeitura podemos entrar com uma s\u00e9rie de complementa\u00e7\u00f5es, licenciamento, ter empreendimentos com certifica\u00e7\u00e3o verde, o que agrega valor e traz conceito ambiental \u00e0 nova modula\u00e7\u00e3o de habita\u00e7\u00e3o\u201d, explicou o diretor-presidente do Implurb, engenheiro Carlos Valente.<\/p>\n\n\n\n<p>Os estudos ser\u00e3o realizados pelas equipes do munic\u00edpio e do Estado, por meio da coopera\u00e7\u00e3o t\u00e9cnica, e v\u00e3o auxiliar na constru\u00e7\u00e3o dos novos projetos habitacionais que o governo do Amazonas pretende implementar na capital e no interior.<\/p>\n\n\n\n<p>O diretor-presidente da Suhab, Jivago Castro, ressaltou sobre a import\u00e2ncia da parceria e troca de conhecimento t\u00e9cnico. &#8220;Juntos podemos somar esfor\u00e7os e realizar a entrega de novas habita\u00e7\u00f5es, que \u00e9 o sonho daquelas pessoas que mais precisam h\u00e1 anos. Ent\u00e3o, tivemos essa reuni\u00e3o com o BID, que foi o primeiro contato, e agora vamos trabalhar na entrega do projeto&#8221;, explicou.<\/p>\n\n\n\n<p>O primeiro encontro contou com a participa\u00e7\u00e3o dos diretores da Suhab e Implurb; do coordenador do Banco Interamericano de Desenvolvimento (BID) de Habita\u00e7\u00e3o, Diego Arcia; da equipe do Departamento T\u00e9cnico (Ditec); e, ainda, do ex-gestor do Implurb, Cl\u00e1udio Guenka.<\/p>\n\n\n\n<p>A parceria entre os \u00f3rg\u00e3os iniciou com o Termo de Coopera\u00e7\u00e3o com o objetivo de alinhar a regulariza\u00e7\u00e3o fundi\u00e1ria e urbana de v\u00e1rios conjuntos e residenciais edificados h\u00e1 d\u00e9cadas no Amazonas. Com isso, na zona Norte de Manaus, foram regularizadas 412 unidades habitacionais do conjunto habitacional Renato Souza Pinto e mais de 9 mil unidades do conjunto habitacional Nova Cidade.<\/p>\n\n\n\n<p>Para Valente, a prefeitura tem atuado para fortalecer a capital como ambiente atrativo para novos neg\u00f3cios, aberta ao mercado e com projetos e planejamento urbano com foco na habita\u00e7\u00e3o, especialmente no centro de Manaus.&nbsp;<\/p>\n\n\n\n<p>&#8212; &#8212; &#8212;<\/p>\n\n\n\n<p><strong>Texto<\/strong> &#8211; Cl\u00e1udia do Valle \/ Implurb<\/p>\n\n\n\n<p><strong>Fotos<\/strong> \u2013 Divulga\u00e7\u00e3o \/ Implurb<\/p>\n","protected":false},"excerpt":{"rendered":"","protected":false},"author":39,"featured_media":3735,"comment_status":"closed","ping_status":"closed","sticky":false,"template":"","format":"standard","meta":{"footnotes":""},"categories":[228],"tags":[1256,1257,1258,1259,11,1260,500,62,184],"acf":[],"yoast_head":"<!-- This site is optimized with the Yoast SEO plugin v23.0 - https:\/\/yoast.com\/wordpress\/plugins\/seo\/ -->\n<title>Prefeitura e Suhab alinham agenda 2023 com foco em constru\u00e7\u00e3o verde e habita\u00e7\u00e3o<\/title>\n<meta name=\"description\" content=\"Para fortalecer as constru\u00e7\u00f5es verdes, a Prefeitura de Manaus integra, desde o ano passado, a iniciativa IFC, membro do Banco Mundial, em parceria com a Cbic.\" \/>\n<meta name=\"robots\" content=\"noindex, follow\" \/>\n<meta property=\"og:locale\" content=\"pt_BR\" \/>\n<meta property=\"og:type\" content=\"article\" \/>\n<meta property=\"og:title\" content=\"Prefeitura e Suhab alinham agenda 2023 com foco em constru\u00e7\u00e3o verde e habita\u00e7\u00e3o\" \/>\n<meta property=\"og:description\" content=\"Para fortalecer as constru\u00e7\u00f5es verdes, a Prefeitura de Manaus integra, desde o ano passado, a iniciativa IFC, membro do Banco Mundial, em parceria com a Cbic.\" \/>\n<meta property=\"og:url\" content=\"https:\/\/www.manaus.am.gov.br\/implurb\/prefeitura-e-subah-alinham-agenda-2023-com-foco-em-construcao-verde-e-habitacao\/\" \/>\n<meta property=\"og:site_name\" content=\"IMPLURB\" \/>\n<meta property=\"article:published_time\" content=\"2023-02-04T15:45:34+00:00\" \/>\n<meta property=\"article:modified_time\" content=\"2024-01-16T20:46:34+00:00\" \/>\n<meta property=\"og:image\" content=\"https:\/\/www.manaus.am.gov.br\/implurb\/wp-content\/uploads\/sites\/13\/2024\/01\/Prefeitura-e-Suhab-alinham-agenda-2023-com-foco-em-construcao-verde-e-habitacao.jpg\" \/>\n\t<meta property=\"og:image:width\" content=\"1024\" \/>\n\t<meta property=\"og:image:height\" content=\"683\" \/>\n\t<meta property=\"og:image:type\" content=\"image\/jpeg\" \/>\n<meta name=\"author\" content=\"Bruna Greco\" \/>\n<meta name=\"twitter:card\" content=\"summary_large_image\" \/>\n<meta name=\"twitter:label1\" content=\"Written by\" \/>\n\t<meta name=\"twitter:data1\" content=\"Bruna Greco\" \/>\n\t<meta name=\"twitter:label2\" content=\"Est. reading time\" \/>\n\t<meta name=\"twitter:data2\" content=\"3 minutos\" \/>\n<script type=\"application\/ld+json\" class=\"yoast-schema-graph\">{\"@context\":\"https:\/\/schema.org\",\"@graph\":[{\"@type\":\"WebPage\",\"@id\":\"https:\/\/www.manaus.am.gov.br\/implurb\/prefeitura-e-subah-alinham-agenda-2023-com-foco-em-construcao-verde-e-habitacao\/\",\"url\":\"https:\/\/www.manaus.am.gov.br\/implurb\/prefeitura-e-subah-alinham-agenda-2023-com-foco-em-construcao-verde-e-habitacao\/\",\"name\":\"Prefeitura e Suhab alinham agenda 2023 com foco em constru\u00e7\u00e3o verde e habita\u00e7\u00e3o\",\"isPartOf\":{\"@id\":\"https:\/\/www.manaus.am.gov.br\/implurb\/#website\"},\"primaryImageOfPage\":{\"@id\":\"https:\/\/www.manaus.am.gov.br\/implurb\/prefeitura-e-subah-alinham-agenda-2023-com-foco-em-construcao-verde-e-habitacao\/#primaryimage\"},\"image\":{\"@id\":\"https:\/\/www.manaus.am.gov.br\/implurb\/prefeitura-e-subah-alinham-agenda-2023-com-foco-em-construcao-verde-e-habitacao\/#primaryimage\"},\"thumbnailUrl\":\"https:\/\/www.manaus.am.gov.br\/implurb\/wp-content\/uploads\/sites\/13\/2024\/01\/Prefeitura-e-Suhab-alinham-agenda-2023-com-foco-em-construcao-verde-e-habitacao.jpg\",\"datePublished\":\"2023-02-04T15:45:34+00:00\",\"dateModified\":\"2024-01-16T20:46:34+00:00\",\"author\":{\"@id\":\"https:\/\/www.manaus.am.gov.br\/implurb\/#\/schema\/person\/05d223aea2bf115f9883a6ff3683d81b\"},\"description\":\"Para fortalecer as constru\u00e7\u00f5es verdes, a Prefeitura de Manaus integra, desde o ano passado, a iniciativa IFC, membro do Banco Mundial, em parceria com a Cbic.\",\"breadcrumb\":{\"@id\":\"https:\/\/www.manaus.am.gov.br\/implurb\/prefeitura-e-subah-alinham-agenda-2023-com-foco-em-construcao-verde-e-habitacao\/#breadcrumb\"},\"inLanguage\":\"pt-BR\",\"potentialAction\":[{\"@type\":\"ReadAction\",\"target\":[\"https:\/\/www.manaus.am.gov.br\/implurb\/prefeitura-e-subah-alinham-agenda-2023-com-foco-em-construcao-verde-e-habitacao\/\"]}]},{\"@type\":\"ImageObject\",\"inLanguage\":\"pt-BR\",\"@id\":\"https:\/\/www.manaus.am.gov.br\/implurb\/prefeitura-e-subah-alinham-agenda-2023-com-foco-em-construcao-verde-e-habitacao\/#primaryimage\",\"url\":\"https:\/\/www.manaus.am.gov.br\/implurb\/wp-content\/uploads\/sites\/13\/2024\/01\/Prefeitura-e-Suhab-alinham-agenda-2023-com-foco-em-construcao-verde-e-habitacao.jpg\",\"contentUrl\":\"https:\/\/www.manaus.am.gov.br\/implurb\/wp-content\/uploads\/sites\/13\/2024\/01\/Prefeitura-e-Suhab-alinham-agenda-2023-com-foco-em-construcao-verde-e-habitacao.jpg\",\"width\":1024,\"height\":683},{\"@type\":\"BreadcrumbList\",\"@id\":\"https:\/\/www.manaus.am.gov.br\/implurb\/prefeitura-e-subah-alinham-agenda-2023-com-foco-em-construcao-verde-e-habitacao\/#breadcrumb\",\"itemListElement\":[{\"@type\":\"ListItem\",\"position\":1,\"name\":\"Home\",\"item\":\"https:\/\/www.manaus.am.gov.br\/implurb\/\"},{\"@type\":\"ListItem\",\"position\":2,\"name\":\"Prefeitura e Suhab alinham agenda 2023 com foco em constru\u00e7\u00e3o verde e habita\u00e7\u00e3o\"}]},{\"@type\":\"WebSite\",\"@id\":\"https:\/\/www.manaus.am.gov.br\/implurb\/#website\",\"url\":\"https:\/\/www.manaus.am.gov.br\/implurb\/\",\"name\":\"IMPLURB\",\"description\":\"Prefeitura de Manaus\",\"potentialAction\":[{\"@type\":\"SearchAction\",\"target\":{\"@type\":\"EntryPoint\",\"urlTemplate\":\"https:\/\/www.manaus.am.gov.br\/implurb\/?s={search_term_string}\"},\"query-input\":\"required name=search_term_string\"}],\"inLanguage\":\"pt-BR\"},{\"@type\":\"Person\",\"@id\":\"https:\/\/www.manaus.am.gov.br\/implurb\/#\/schema\/person\/05d223aea2bf115f9883a6ff3683d81b\",\"name\":\"Bruna Greco\",\"image\":{\"@type\":\"ImageObject\",\"inLanguage\":\"pt-BR\",\"@id\":\"https:\/\/www.manaus.am.gov.br\/implurb\/#\/schema\/person\/image\/\",\"url\":\"https:\/\/secure.gravatar.com\/avatar\/9c877d1a6adc2a055330e5c09a8653ce?s=96&d=mm&r=g\",\"contentUrl\":\"https:\/\/secure.gravatar.com\/avatar\/9c877d1a6adc2a055330e5c09a8653ce?s=96&d=mm&r=g\",\"caption\":\"Bruna Greco\"}}]}<\/script>\n<!-- \/ Yoast SEO plugin. -->","yoast_head_json":{"title":"Prefeitura e Suhab alinham agenda 2023 com foco em constru\u00e7\u00e3o verde e habita\u00e7\u00e3o","description":"Para fortalecer as constru\u00e7\u00f5es verdes, a Prefeitura de Manaus integra, desde o ano passado, a iniciativa IFC, membro do Banco Mundial, em parceria com a Cbic.","robots":{"index":"noindex","follow":"follow"},"og_locale":"pt_BR","og_type":"article","og_title":"Prefeitura e Suhab alinham agenda 2023 com foco em constru\u00e7\u00e3o verde e habita\u00e7\u00e3o","og_description":"Para fortalecer as constru\u00e7\u00f5es verdes, a Prefeitura de Manaus integra, desde o ano passado, a iniciativa IFC, membro do Banco Mundial, em parceria com a Cbic.","og_url":"https:\/\/www.manaus.am.gov.br\/implurb\/prefeitura-e-subah-alinham-agenda-2023-com-foco-em-construcao-verde-e-habitacao\/","og_site_name":"IMPLURB","article_published_time":"2023-02-04T15:45:34+00:00","article_modified_time":"2024-01-16T20:46:34+00:00","og_image":[{"width":1024,"height":683,"url":"https:\/\/www.manaus.am.gov.br\/implurb\/wp-content\/uploads\/sites\/13\/2024\/01\/Prefeitura-e-Suhab-alinham-agenda-2023-com-foco-em-construcao-verde-e-habitacao.jpg","type":"image\/jpeg"}],"author":"Bruna Greco","twitter_card":"summary_large_image","twitter_misc":{"Written by":"Bruna Greco","Est. reading time":"3 minutos"},"schema":{"@context":"https:\/\/schema.org","@graph":[{"@type":"WebPage","@id":"https:\/\/www.manaus.am.gov.br\/implurb\/prefeitura-e-subah-alinham-agenda-2023-com-foco-em-construcao-verde-e-habitacao\/","url":"https:\/\/www.manaus.am.gov.br\/implurb\/prefeitura-e-subah-alinham-agenda-2023-com-foco-em-construcao-verde-e-habitacao\/","name":"Prefeitura e Suhab alinham agenda 2023 com foco em constru\u00e7\u00e3o verde e habita\u00e7\u00e3o","isPartOf":{"@id":"https:\/\/www.manaus.am.gov.br\/implurb\/#website"},"primaryImageOfPage":{"@id":"https:\/\/www.manaus.am.gov.br\/implurb\/prefeitura-e-subah-alinham-agenda-2023-com-foco-em-construcao-verde-e-habitacao\/#primaryimage"},"image":{"@id":"https:\/\/www.manaus.am.gov.br\/implurb\/prefeitura-e-subah-alinham-agenda-2023-com-foco-em-construcao-verde-e-habitacao\/#primaryimage"},"thumbnailUrl":"https:\/\/www.manaus.am.gov.br\/implurb\/wp-content\/uploads\/sites\/13\/2024\/01\/Prefeitura-e-Suhab-alinham-agenda-2023-com-foco-em-construcao-verde-e-habitacao.jpg","datePublished":"2023-02-04T15:45:34+00:00","dateModified":"2024-01-16T20:46:34+00:00","author":{"@id":"https:\/\/www.manaus.am.gov.br\/implurb\/#\/schema\/person\/05d223aea2bf115f9883a6ff3683d81b"},"description":"Para fortalecer as constru\u00e7\u00f5es verdes, a Prefeitura de Manaus integra, desde o ano passado, a iniciativa IFC, membro do Banco Mundial, em parceria com a Cbic.","breadcrumb":{"@id":"https:\/\/www.manaus.am.gov.br\/implurb\/prefeitura-e-subah-alinham-agenda-2023-com-foco-em-construcao-verde-e-habitacao\/#breadcrumb"},"inLanguage":"pt-BR","potentialAction":[{"@type":"ReadAction","target":["https:\/\/www.manaus.am.gov.br\/implurb\/prefeitura-e-subah-alinham-agenda-2023-com-foco-em-construcao-verde-e-habitacao\/"]}]},{"@type":"ImageObject","inLanguage":"pt-BR","@id":"https:\/\/www.manaus.am.gov.br\/implurb\/prefeitura-e-subah-alinham-agenda-2023-com-foco-em-construcao-verde-e-habitacao\/#primaryimage","url":"https:\/\/www.manaus.am.gov.br\/implurb\/wp-content\/uploads\/sites\/13\/2024\/01\/Prefeitura-e-Suhab-alinham-agenda-2023-com-foco-em-construcao-verde-e-habitacao.jpg","contentUrl":"https:\/\/www.manaus.am.gov.br\/implurb\/wp-content\/uploads\/sites\/13\/2024\/01\/Prefeitura-e-Suhab-alinham-agenda-2023-com-foco-em-construcao-verde-e-habitacao.jpg","width":1024,"height":683},{"@type":"BreadcrumbList","@id":"https:\/\/www.manaus.am.gov.br\/implurb\/prefeitura-e-subah-alinham-agenda-2023-com-foco-em-construcao-verde-e-habitacao\/#breadcrumb","itemListElement":[{"@type":"ListItem","position":1,"name":"Home","item":"https:\/\/www.manaus.am.gov.br\/implurb\/"},{"@type":"ListItem","position":2,"name":"Prefeitura e Suhab alinham agenda 2023 com foco em constru\u00e7\u00e3o verde e habita\u00e7\u00e3o"}]},{"@type":"WebSite","@id":"https:\/\/www.manaus.am.gov.br\/implurb\/#website","url":"https:\/\/www.manaus.am.gov.br\/implurb\/","name":"IMPLURB","description":"Prefeitura de Manaus","potentialAction":[{"@type":"SearchAction","target":{"@type":"EntryPoint","urlTemplate":"https:\/\/www.manaus.am.gov.br\/implurb\/?s={search_term_string}"},"query-input":"required name=search_term_string"}],"inLanguage":"pt-BR"},{"@type":"Person","@id":"https:\/\/www.manaus.am.gov.br\/implurb\/#\/schema\/person\/05d223aea2bf115f9883a6ff3683d81b","name":"Bruna Greco","image":{"@type":"ImageObject","inLanguage":"pt-BR","@id":"https:\/\/www.manaus.am.gov.br\/implurb\/#\/schema\/person\/image\/","url":"https:\/\/secure.gravatar.com\/avatar\/9c877d1a6adc2a055330e5c09a8653ce?s=96&d=mm&r=g","contentUrl":"https:\/\/secure.gravatar.com\/avatar\/9c877d1a6adc2a055330e5c09a8653ce?s=96&d=mm&r=g","caption":"Bruna Greco"}}]}},"_links":{"self":[{"href":"https:\/\/www.manaus.am.gov.br\/implurb\/wp-json\/wp\/v2\/posts\/3733"}],"collection":[{"href":"https:\/\/www.manaus.am.gov.br\/implurb\/wp-json\/wp\/v2\/posts"}],"about":[{"href":"https:\/\/www.manaus.am.gov.br\/implurb\/wp-json\/wp\/v2\/types\/post"}],"author":[{"embeddable":true,"href":"https:\/\/www.manaus.am.gov.br\/implurb\/wp-json\/wp\/v2\/users\/39"}],"replies":[{"embeddable":true,"href":"https:\/\/www.manaus.am.gov.br\/implurb\/wp-json\/wp\/v2\/comments?post=3733"}],"version-history":[{"count":0,"href":"https:\/\/www.manaus.am.gov.br\/implurb\/wp-json\/wp\/v2\/posts\/3733\/revisions"}],"wp:featuredmedia":[{"embeddable":true,"href":"https:\/\/www.manaus.am.gov.br\/implurb\/wp-json\/wp\/v2\/media\/3735"}],"wp:attachment":[{"href":"https:\/\/www.manaus.am.gov.br\/implurb\/wp-json\/wp\/v2\/media?parent=3733"}],"wp:term":[{"taxonomy":"category","embeddable":true,"href":"https:\/\/www.manaus.am.gov.br\/implurb\/wp-json\/wp\/v2\/categories?post=3733"},{"taxonomy":"post_tag","embeddable":true,"href":"https:\/\/www.manaus.am.gov.br\/implurb\/wp-json\/wp\/v2\/tags?post=3733"}],"curies":[{"name":"wp","href":"https:\/\/api.w.org\/{rel}","templated":true}]}}