{"id":371,"date":"2023-06-19T15:58:03","date_gmt":"2023-06-19T19:58:03","guid":{"rendered":"https:\/\/www.manaus.am.gov.br\/implurb\/prefeitura-notifica-faculdade-para-recompor-calcada-depredada-durante-obras-na-avenida-jacira-reis\/"},"modified":"2023-06-21T11:05:20","modified_gmt":"2023-06-21T15:05:20","slug":"prefeitura-notifica-faculdade-para-recompor-calcada-depredada-durante-obras-na-avenida-jacira-reis","status":"publish","type":"post","link":"https:\/\/www.manaus.am.gov.br\/implurb\/prefeitura-notifica-faculdade-para-recompor-calcada-depredada-durante-obras-na-avenida-jacira-reis\/","title":{"rendered":"Prefeitura notifica faculdade para recompor cal\u00e7ada depredada durante obras na avenida Jacira Reis"},"content":{"rendered":"\n<p>De janeiro a maio deste ano, a Prefeitura de Manaus fez 497 fiscaliza\u00e7\u00f5es para desconformidades encontradas na capital pela Ger\u00eancia de Fiscaliza\u00e7\u00e3o de Postura (GFP), do Instituto Municipal de Planejamento Urbano (Implurb). As mais comuns s\u00e3o referentes \u00e0 obstru\u00e7\u00e3o e mau uso de cal\u00e7adas e logradouros p\u00fablicos, como o caso denunciado nas redes sociais da depreda\u00e7\u00e3o do cal\u00e7amento na avenida Jacira Reis com a avenida Constantino Nery, no entorno de uma faculdade particular, na Chapada, zona Centro-Sul.<\/p>\n\n\n\n<p>Nesta segunda-feira, 19\/6, fiscais do Implurb fizeram a notifica\u00e7\u00e3o para a entidade de ensino providenciar a recomposi\u00e7\u00e3o do logradouro p\u00fablico sob pena de multa e a\u00e7\u00e3o administrativa dentro do que prev\u00ea o C\u00f3digo de Posturas da cidade (Lei 005\/2014), nos artigos 40 e 51.<\/p>\n\n\n\n<p>O artigo 40 informa que s\u00e3o coibidas as depreda\u00e7\u00f5es ou destrui\u00e7\u00f5es de pavimenta\u00e7\u00e3o, guias, passeios, pontes, galerias, bueiros, muralhas, bancos, postes e simulares nos logradouros p\u00fablicos, mediante a\u00e7\u00e3o direta do \u00f3rg\u00e3o municipal competente.<\/p>\n\n\n\n<p>\u201cRecomendamos aos requerentes que t\u00eam projetos licenciados junto ao Implurb e os que n\u00e3o possuem para que mantenham os passeios p\u00fablicos conservados, dando ao pedestre o direito de ir e vir de forma segura. Assim, estar\u00e3o contribuindo com a acessibilidade universal e com o ordenamento urbano para termos uma cidade mais inclusiva. S\u00f3 desta forma o pedestre ter\u00e1 um passeio livre de obst\u00e1culos, obras irregulares, obstru\u00e7\u00f5es em geral, evitando, inclusive, poss\u00edveis acidentes\u201d, disse a chefe da Dicon, arquitetura e urbanista Maria Aparecida Froz.<\/p>\n\n\n\n<p><strong>Gest\u00e3o<\/strong><\/p>\n\n\n\n<p>Em toda a gest\u00e3o do prefeito David Almeida j\u00e1 foram feitas 3.589 a\u00e7\u00f5es fiscalizat\u00f3rias somente de postura. No m\u00eas de maio de 2023 foram mais 126 notifica\u00e7\u00f5es realizadas em um trabalho diuturno da prefeitura.<\/p>\n\n\n\n<p>As fiscaliza\u00e7\u00f5es s\u00e3o feitas pelas ger\u00eancias da Dicon, por meio de den\u00fancias, demandas de \u00f3rg\u00e3os municipais e estaduais, e rota di\u00e1ria da equipe de fiscais nas ruas.<\/p>\n\n\n\n<p>\u201c\u00c9 necess\u00e1rio a colabora\u00e7\u00e3o da popula\u00e7\u00e3o para combater irregularidades que prejudicam a todos. N\u00e3o se pode ocupar \u00e1reas p\u00fablicas e nem construir ou obstruir cal\u00e7adas e at\u00e9 mesmo as ruas, impedindo o livre ir e vir das pessoas, prejudicando a todos\u201d, destacou o vice-presidente do&nbsp;Implurb, arquiteto e urbanista Claudemir Andrade.<\/p>\n\n\n\n<p>Den\u00fancias sobre obras irregulares e afins s\u00e3o atendidas pelo n\u00famero do&nbsp;Disque&nbsp;Ordem, 3673-9305, de segunda a sexta-feira, das 8h \u00e0s 14h, exceto feriados e pontos facultativos e, por e-mail, para o&nbsp;<a href=\"mailto:diskordem.implurb@manaus.am.gov.br\" target=\"_blank\" rel=\"noreferrer noopener\">diskordem.implurb@manaus.am.gov.br<\/a><\/p>\n\n\n\n<p>&#8212; &#8212; &#8212;<\/p>\n\n\n\n<p><strong>Texto &#8211;&nbsp;<\/strong>Claudia do Valle \/ Implurb<\/p>\n\n\n\n<p><strong>Fotos &#8211;&nbsp;<\/strong>Phil Limma \/ Semcom<\/p>\n\n\n\n<p><strong>Dispon\u00edveis em &#8211;&nbsp;<\/strong><a href=\"https:\/\/flic.kr\/s\/aHBqjAJp2Q\" target=\"_blank\" rel=\"noreferrer noopener\">https:\/\/flic.kr\/s\/aHBqjAJp2Q<\/a><\/p>\n","protected":false},"excerpt":{"rendered":"","protected":false},"author":24,"featured_media":372,"comment_status":"closed","ping_status":"closed","sticky":false,"template":"","format":"standard","meta":{"footnotes":""},"categories":[173],"tags":[174,175,176,177,31,178,179,180,181,46,15],"acf":[],"yoast_head":"<!-- This site is optimized with the Yoast SEO plugin v23.0 - https:\/\/yoast.com\/wordpress\/plugins\/seo\/ -->\n<title>Prefeitura notifica faculdade para recompor cal\u00e7ada depredada durante obras na avenida Jacira Reis - IMPLURB<\/title>\n<meta name=\"description\" content=\"De janeiro a maio deste ano, a Prefeitura de Manaus fez 497 fiscaliza\u00e7\u00f5es para desconformidades encontradas na capital pela Ger\u00eancia de Fiscaliza\u00e7\u00e3o de Postura (GFP), do Instituto Municipal de Planejamento Urbano (Implurb).\" \/>\n<meta name=\"robots\" content=\"noindex, follow\" \/>\n<meta property=\"og:locale\" content=\"pt_BR\" \/>\n<meta property=\"og:type\" content=\"article\" \/>\n<meta property=\"og:title\" content=\"Prefeitura notifica faculdade para recompor cal\u00e7ada depredada durante obras na avenida Jacira Reis - IMPLURB\" \/>\n<meta property=\"og:description\" content=\"De janeiro a maio deste ano, a Prefeitura de Manaus fez 497 fiscaliza\u00e7\u00f5es para desconformidades encontradas na capital pela Ger\u00eancia de Fiscaliza\u00e7\u00e3o de Postura (GFP), do Instituto Municipal de Planejamento Urbano (Implurb).\" \/>\n<meta property=\"og:url\" content=\"https:\/\/www.manaus.am.gov.br\/implurb\/prefeitura-notifica-faculdade-para-recompor-calcada-depredada-durante-obras-na-avenida-jacira-reis\/\" \/>\n<meta property=\"og:site_name\" content=\"IMPLURB\" \/>\n<meta property=\"article:published_time\" content=\"2023-06-19T19:58:03+00:00\" \/>\n<meta property=\"article:modified_time\" content=\"2023-06-21T15:05:20+00:00\" \/>\n<meta property=\"og:image\" content=\"https:\/\/www.manaus.am.gov.br\/implurb\/wp-content\/uploads\/sites\/13\/2023\/06\/52985946427_1a86f7606a_o-scaled.jpg\" \/>\n\t<meta property=\"og:image:width\" content=\"2560\" \/>\n\t<meta property=\"og:image:height\" content=\"1707\" \/>\n\t<meta property=\"og:image:type\" content=\"image\/jpeg\" \/>\n<meta name=\"author\" content=\"Cl\u00e1udia Barbosa\" \/>\n<meta name=\"twitter:card\" content=\"summary_large_image\" \/>\n<meta name=\"twitter:label1\" content=\"Written by\" \/>\n\t<meta name=\"twitter:data1\" content=\"Cl\u00e1udia Barbosa\" \/>\n\t<meta name=\"twitter:label2\" content=\"Est. reading time\" \/>\n\t<meta name=\"twitter:data2\" content=\"3 minutos\" \/>\n<script type=\"application\/ld+json\" class=\"yoast-schema-graph\">{\"@context\":\"https:\/\/schema.org\",\"@graph\":[{\"@type\":\"WebPage\",\"@id\":\"https:\/\/www.manaus.am.gov.br\/implurb\/prefeitura-notifica-faculdade-para-recompor-calcada-depredada-durante-obras-na-avenida-jacira-reis\/\",\"url\":\"https:\/\/www.manaus.am.gov.br\/implurb\/prefeitura-notifica-faculdade-para-recompor-calcada-depredada-durante-obras-na-avenida-jacira-reis\/\",\"name\":\"Prefeitura notifica faculdade para recompor cal\u00e7ada depredada durante obras na avenida Jacira Reis - IMPLURB\",\"isPartOf\":{\"@id\":\"https:\/\/www.manaus.am.gov.br\/implurb\/#website\"},\"primaryImageOfPage\":{\"@id\":\"https:\/\/www.manaus.am.gov.br\/implurb\/prefeitura-notifica-faculdade-para-recompor-calcada-depredada-durante-obras-na-avenida-jacira-reis\/#primaryimage\"},\"image\":{\"@id\":\"https:\/\/www.manaus.am.gov.br\/implurb\/prefeitura-notifica-faculdade-para-recompor-calcada-depredada-durante-obras-na-avenida-jacira-reis\/#primaryimage\"},\"thumbnailUrl\":\"https:\/\/www.manaus.am.gov.br\/implurb\/wp-content\/uploads\/sites\/13\/2023\/06\/52985946427_1a86f7606a_o-scaled.jpg\",\"datePublished\":\"2023-06-19T19:58:03+00:00\",\"dateModified\":\"2023-06-21T15:05:20+00:00\",\"author\":{\"@id\":\"https:\/\/www.manaus.am.gov.br\/implurb\/#\/schema\/person\/d0a166b5031154c33c77794ddc9a827e\"},\"description\":\"De janeiro a maio deste ano, a Prefeitura de Manaus fez 497 fiscaliza\u00e7\u00f5es para desconformidades encontradas na capital pela Ger\u00eancia de Fiscaliza\u00e7\u00e3o de Postura (GFP), do Instituto Municipal de Planejamento Urbano (Implurb).\",\"breadcrumb\":{\"@id\":\"https:\/\/www.manaus.am.gov.br\/implurb\/prefeitura-notifica-faculdade-para-recompor-calcada-depredada-durante-obras-na-avenida-jacira-reis\/#breadcrumb\"},\"inLanguage\":\"pt-BR\",\"potentialAction\":[{\"@type\":\"ReadAction\",\"target\":[\"https:\/\/www.manaus.am.gov.br\/implurb\/prefeitura-notifica-faculdade-para-recompor-calcada-depredada-durante-obras-na-avenida-jacira-reis\/\"]}]},{\"@type\":\"ImageObject\",\"inLanguage\":\"pt-BR\",\"@id\":\"https:\/\/www.manaus.am.gov.br\/implurb\/prefeitura-notifica-faculdade-para-recompor-calcada-depredada-durante-obras-na-avenida-jacira-reis\/#primaryimage\",\"url\":\"https:\/\/www.manaus.am.gov.br\/implurb\/wp-content\/uploads\/sites\/13\/2023\/06\/52985946427_1a86f7606a_o-scaled.jpg\",\"contentUrl\":\"https:\/\/www.manaus.am.gov.br\/implurb\/wp-content\/uploads\/sites\/13\/2023\/06\/52985946427_1a86f7606a_o-scaled.jpg\",\"width\":2560,\"height\":1707},{\"@type\":\"BreadcrumbList\",\"@id\":\"https:\/\/www.manaus.am.gov.br\/implurb\/prefeitura-notifica-faculdade-para-recompor-calcada-depredada-durante-obras-na-avenida-jacira-reis\/#breadcrumb\",\"itemListElement\":[{\"@type\":\"ListItem\",\"position\":1,\"name\":\"Home\",\"item\":\"https:\/\/www.manaus.am.gov.br\/implurb\/\"},{\"@type\":\"ListItem\",\"position\":2,\"name\":\"Prefeitura notifica faculdade para recompor cal\u00e7ada depredada durante obras na avenida Jacira Reis\"}]},{\"@type\":\"WebSite\",\"@id\":\"https:\/\/www.manaus.am.gov.br\/implurb\/#website\",\"url\":\"https:\/\/www.manaus.am.gov.br\/implurb\/\",\"name\":\"IMPLURB\",\"description\":\"Prefeitura de Manaus\",\"potentialAction\":[{\"@type\":\"SearchAction\",\"target\":{\"@type\":\"EntryPoint\",\"urlTemplate\":\"https:\/\/www.manaus.am.gov.br\/implurb\/?s={search_term_string}\"},\"query-input\":\"required name=search_term_string\"}],\"inLanguage\":\"pt-BR\"},{\"@type\":\"Person\",\"@id\":\"https:\/\/www.manaus.am.gov.br\/implurb\/#\/schema\/person\/d0a166b5031154c33c77794ddc9a827e\",\"name\":\"Cl\u00e1udia Barbosa\",\"image\":{\"@type\":\"ImageObject\",\"inLanguage\":\"pt-BR\",\"@id\":\"https:\/\/www.manaus.am.gov.br\/implurb\/#\/schema\/person\/image\/\",\"url\":\"https:\/\/secure.gravatar.com\/avatar\/42958a1cf007f1a00534009218c72590?s=96&d=mm&r=g\",\"contentUrl\":\"https:\/\/secure.gravatar.com\/avatar\/42958a1cf007f1a00534009218c72590?s=96&d=mm&r=g\",\"caption\":\"Cl\u00e1udia Barbosa\"}}]}<\/script>\n<!-- \/ Yoast SEO plugin. -->","yoast_head_json":{"title":"Prefeitura notifica faculdade para recompor cal\u00e7ada depredada durante obras na avenida Jacira Reis - IMPLURB","description":"De janeiro a maio deste ano, a Prefeitura de Manaus fez 497 fiscaliza\u00e7\u00f5es para desconformidades encontradas na capital pela Ger\u00eancia de Fiscaliza\u00e7\u00e3o de Postura (GFP), do Instituto Municipal de Planejamento Urbano (Implurb).","robots":{"index":"noindex","follow":"follow"},"og_locale":"pt_BR","og_type":"article","og_title":"Prefeitura notifica faculdade para recompor cal\u00e7ada depredada durante obras na avenida Jacira Reis - IMPLURB","og_description":"De janeiro a maio deste ano, a Prefeitura de Manaus fez 497 fiscaliza\u00e7\u00f5es para desconformidades encontradas na capital pela Ger\u00eancia de Fiscaliza\u00e7\u00e3o de Postura (GFP), do Instituto Municipal de Planejamento Urbano (Implurb).","og_url":"https:\/\/www.manaus.am.gov.br\/implurb\/prefeitura-notifica-faculdade-para-recompor-calcada-depredada-durante-obras-na-avenida-jacira-reis\/","og_site_name":"IMPLURB","article_published_time":"2023-06-19T19:58:03+00:00","article_modified_time":"2023-06-21T15:05:20+00:00","og_image":[{"width":2560,"height":1707,"url":"https:\/\/www.manaus.am.gov.br\/implurb\/wp-content\/uploads\/sites\/13\/2023\/06\/52985946427_1a86f7606a_o-scaled.jpg","type":"image\/jpeg"}],"author":"Cl\u00e1udia Barbosa","twitter_card":"summary_large_image","twitter_misc":{"Written by":"Cl\u00e1udia Barbosa","Est. reading time":"3 minutos"},"schema":{"@context":"https:\/\/schema.org","@graph":[{"@type":"WebPage","@id":"https:\/\/www.manaus.am.gov.br\/implurb\/prefeitura-notifica-faculdade-para-recompor-calcada-depredada-durante-obras-na-avenida-jacira-reis\/","url":"https:\/\/www.manaus.am.gov.br\/implurb\/prefeitura-notifica-faculdade-para-recompor-calcada-depredada-durante-obras-na-avenida-jacira-reis\/","name":"Prefeitura notifica faculdade para recompor cal\u00e7ada depredada durante obras na avenida Jacira Reis - IMPLURB","isPartOf":{"@id":"https:\/\/www.manaus.am.gov.br\/implurb\/#website"},"primaryImageOfPage":{"@id":"https:\/\/www.manaus.am.gov.br\/implurb\/prefeitura-notifica-faculdade-para-recompor-calcada-depredada-durante-obras-na-avenida-jacira-reis\/#primaryimage"},"image":{"@id":"https:\/\/www.manaus.am.gov.br\/implurb\/prefeitura-notifica-faculdade-para-recompor-calcada-depredada-durante-obras-na-avenida-jacira-reis\/#primaryimage"},"thumbnailUrl":"https:\/\/www.manaus.am.gov.br\/implurb\/wp-content\/uploads\/sites\/13\/2023\/06\/52985946427_1a86f7606a_o-scaled.jpg","datePublished":"2023-06-19T19:58:03+00:00","dateModified":"2023-06-21T15:05:20+00:00","author":{"@id":"https:\/\/www.manaus.am.gov.br\/implurb\/#\/schema\/person\/d0a166b5031154c33c77794ddc9a827e"},"description":"De janeiro a maio deste ano, a Prefeitura de Manaus fez 497 fiscaliza\u00e7\u00f5es para desconformidades encontradas na capital pela Ger\u00eancia de Fiscaliza\u00e7\u00e3o de Postura (GFP), do Instituto Municipal de Planejamento Urbano (Implurb).","breadcrumb":{"@id":"https:\/\/www.manaus.am.gov.br\/implurb\/prefeitura-notifica-faculdade-para-recompor-calcada-depredada-durante-obras-na-avenida-jacira-reis\/#breadcrumb"},"inLanguage":"pt-BR","potentialAction":[{"@type":"ReadAction","target":["https:\/\/www.manaus.am.gov.br\/implurb\/prefeitura-notifica-faculdade-para-recompor-calcada-depredada-durante-obras-na-avenida-jacira-reis\/"]}]},{"@type":"ImageObject","inLanguage":"pt-BR","@id":"https:\/\/www.manaus.am.gov.br\/implurb\/prefeitura-notifica-faculdade-para-recompor-calcada-depredada-durante-obras-na-avenida-jacira-reis\/#primaryimage","url":"https:\/\/www.manaus.am.gov.br\/implurb\/wp-content\/uploads\/sites\/13\/2023\/06\/52985946427_1a86f7606a_o-scaled.jpg","contentUrl":"https:\/\/www.manaus.am.gov.br\/implurb\/wp-content\/uploads\/sites\/13\/2023\/06\/52985946427_1a86f7606a_o-scaled.jpg","width":2560,"height":1707},{"@type":"BreadcrumbList","@id":"https:\/\/www.manaus.am.gov.br\/implurb\/prefeitura-notifica-faculdade-para-recompor-calcada-depredada-durante-obras-na-avenida-jacira-reis\/#breadcrumb","itemListElement":[{"@type":"ListItem","position":1,"name":"Home","item":"https:\/\/www.manaus.am.gov.br\/implurb\/"},{"@type":"ListItem","position":2,"name":"Prefeitura notifica faculdade para recompor cal\u00e7ada depredada durante obras na avenida Jacira Reis"}]},{"@type":"WebSite","@id":"https:\/\/www.manaus.am.gov.br\/implurb\/#website","url":"https:\/\/www.manaus.am.gov.br\/implurb\/","name":"IMPLURB","description":"Prefeitura de Manaus","potentialAction":[{"@type":"SearchAction","target":{"@type":"EntryPoint","urlTemplate":"https:\/\/www.manaus.am.gov.br\/implurb\/?s={search_term_string}"},"query-input":"required name=search_term_string"}],"inLanguage":"pt-BR"},{"@type":"Person","@id":"https:\/\/www.manaus.am.gov.br\/implurb\/#\/schema\/person\/d0a166b5031154c33c77794ddc9a827e","name":"Cl\u00e1udia Barbosa","image":{"@type":"ImageObject","inLanguage":"pt-BR","@id":"https:\/\/www.manaus.am.gov.br\/implurb\/#\/schema\/person\/image\/","url":"https:\/\/secure.gravatar.com\/avatar\/42958a1cf007f1a00534009218c72590?s=96&d=mm&r=g","contentUrl":"https:\/\/secure.gravatar.com\/avatar\/42958a1cf007f1a00534009218c72590?s=96&d=mm&r=g","caption":"Cl\u00e1udia Barbosa"}}]}},"_links":{"self":[{"href":"https:\/\/www.manaus.am.gov.br\/implurb\/wp-json\/wp\/v2\/posts\/371"}],"collection":[{"href":"https:\/\/www.manaus.am.gov.br\/implurb\/wp-json\/wp\/v2\/posts"}],"about":[{"href":"https:\/\/www.manaus.am.gov.br\/implurb\/wp-json\/wp\/v2\/types\/post"}],"author":[{"embeddable":true,"href":"https:\/\/www.manaus.am.gov.br\/implurb\/wp-json\/wp\/v2\/users\/24"}],"replies":[{"embeddable":true,"href":"https:\/\/www.manaus.am.gov.br\/implurb\/wp-json\/wp\/v2\/comments?post=371"}],"version-history":[{"count":2,"href":"https:\/\/www.manaus.am.gov.br\/implurb\/wp-json\/wp\/v2\/posts\/371\/revisions"}],"predecessor-version":[{"id":705,"href":"https:\/\/www.manaus.am.gov.br\/implurb\/wp-json\/wp\/v2\/posts\/371\/revisions\/705"}],"wp:featuredmedia":[{"embeddable":true,"href":"https:\/\/www.manaus.am.gov.br\/implurb\/wp-json\/wp\/v2\/media\/372"}],"wp:attachment":[{"href":"https:\/\/www.manaus.am.gov.br\/implurb\/wp-json\/wp\/v2\/media?parent=371"}],"wp:term":[{"taxonomy":"category","embeddable":true,"href":"https:\/\/www.manaus.am.gov.br\/implurb\/wp-json\/wp\/v2\/categories?post=371"},{"taxonomy":"post_tag","embeddable":true,"href":"https:\/\/www.manaus.am.gov.br\/implurb\/wp-json\/wp\/v2\/tags?post=371"}],"curies":[{"name":"wp","href":"https:\/\/api.w.org\/{rel}","templated":true}]}}