{"id":3695,"date":"2023-03-02T12:46:48","date_gmt":"2023-03-02T16:46:48","guid":{"rendered":"https:\/\/www.manaus.am.gov.br\/implurb\/prefeitura-de-manaus-e-iphan-preparam-serie-de-oficinas-tecnicas-sobre-patrimonio-e-preservacao-do-centro\/"},"modified":"2024-01-16T15:57:59","modified_gmt":"2024-01-16T19:57:59","slug":"prefeitura-de-manaus-e-iphan-preparam-serie-de-oficinas-tecnicas-sobre-patrimonio-e-preservacao-do-centro","status":"publish","type":"post","link":"https:\/\/www.manaus.am.gov.br\/implurb\/prefeitura-de-manaus-e-iphan-preparam-serie-de-oficinas-tecnicas-sobre-patrimonio-e-preservacao-do-centro\/","title":{"rendered":"Prefeitura de Manaus e Iphan preparam s\u00e9rie de oficinas t\u00e9cnicas sobre patrim\u00f4nio e preserva\u00e7\u00e3o do Centro"},"content":{"rendered":"\n<p>Oficinas t\u00e9cnicas para educa\u00e7\u00e3o patrimonial e gest\u00e3o compartilhada para o centro hist\u00f3rico est\u00e3o sendo produzidas pela Prefeitura de Manaus e Instituto do Patrim\u00f4nio Hist\u00f3rico e Arquitet\u00f4nico Nacional (Iphan) do Amazonas, para envolver diversos atores e secretarias do poder p\u00fablico.<\/p>\n\n\n\n<p>A previs\u00e3o \u00e9 que as oficinas iniciem em maio e todo o material pedag\u00f3gico esteja pronto at\u00e9 abril, com foco em atividades para promo\u00e7\u00e3o do di\u00e1logo, partilha e fomento de uma rede e amplia\u00e7\u00e3o de valoriza\u00e7\u00e3o e preserva\u00e7\u00e3o do patrim\u00f4nio edificado, cultural e hist\u00f3rico.<\/p>\n\n\n\n<p>\u201cEstamos dando prosseguimento ao termo de coopera\u00e7\u00e3o Iphan-AM e Implurb, com o planejamento de uma s\u00e9rie de oficinas para mobilizar diversos agentes que atuam e trabalham naquela \u00e1rea acautelada pelo patrim\u00f4nio cultural brasileiro. Os conte\u00fados que ser\u00e3o trabalhados v\u00e3o desde os valores que traduzem a import\u00e2ncia hist\u00f3rica e cultural, por serem portadores de mem\u00f3ria e identidade do povo brasileiro, sobremaneira da nossa cidade de Manaus\u201d, explicou o superintendente do Iphan-AM, Mauro Augusto Menezes.<\/p>\n\n\n\n<p>Ser\u00e3o pauta do conte\u00fado as iniciativas e as interven\u00e7\u00f5es que precisam deste olhar de preserva\u00e7\u00e3o do lugar, de prote\u00e7\u00e3o do patrim\u00f4nio e por isso merecem a participa\u00e7\u00e3o das entidades, das an\u00e1lises e aprova\u00e7\u00f5es do Implurb e Iphan.<\/p>\n\n\n\n<p>\u201cComo submeter esses projetos? Como submeter \u00e0 aprecia\u00e7\u00e3o das a\u00e7\u00f5es que ser\u00e3o trabalhadas naquele territ\u00f3rio? Assim como tamb\u00e9m conhecer aquelas que n\u00e3o precisam da participa\u00e7\u00e3o, mas que necessitam do olhar de prote\u00e7\u00e3o, de preserva\u00e7\u00e3o e de valoriza\u00e7\u00e3o do patrim\u00f4nio cultural\u201d, comentou Mauro.<\/p>\n\n\n\n<p>Inicialmente, o p\u00fablico-alvo ser\u00e1 de t\u00e9cnicos e gestores das secretarias da prefeitura que atuam no centro hist\u00f3rico, unindo diversas frentes de trabalho para a reabilita\u00e7\u00e3o da localidade.<\/p>\n\n\n\n<p>Para a gerente de Patrim\u00f4nio Hist\u00f3rico do Implurb (GPH), arquiteta e urbanista Luiza Lacerda, os treinamentos ter\u00e3o ainda conceitos de bens de patrim\u00f4nio, legisla\u00e7\u00e3o e a\u00e7\u00f5es pr\u00e1ticas, incluindo conserva\u00e7\u00e3o, manuten\u00e7\u00e3o, pintura e outros.<\/p>\n\n\n\n<p><strong>Termo<\/strong><\/p>\n\n\n\n<p>O acordo tem como objeto a gest\u00e3o compartilhada do conjunto tombado do Centro Hist\u00f3rico de Manaus, visando sua preserva\u00e7\u00e3o, promo\u00e7\u00e3o e valoriza\u00e7\u00e3o como Patrim\u00f4nio Cultural Brasileiro, a partir da implementa\u00e7\u00e3o de atividades conjuntas, apoio m\u00fatuo, pol\u00edticas convergentes e de interesse comum ao desenvolvimento do territ\u00f3rio.<\/p>\n\n\n\n<p>Para o cidad\u00e3o que precisa licenciar obras, reformas ou fazer neg\u00f3cios com im\u00f3veis na \u00e1rea central de interfer\u00eancia do tombamento, a ideia \u00e9 melhorar tamb\u00e9m a tramita\u00e7\u00e3o de processos.<\/p>\n\n\n\n<p>Implurb e&nbsp;Iphan&nbsp;desenvolvem a\u00e7\u00f5es em conjunto desde o in\u00edcio da gest\u00e3o do prefeito David Almeida, em 2021. A \u00e1rea de tombamento do Centro Hist\u00f3rico de Manaus \u00e9 protegida nacionalmente desde 2012.<\/p>\n\n\n\n<p>&#8212; &#8212; &#8212;<\/p>\n\n\n\n<p><strong>Texto &#8211;&nbsp;<\/strong>Claudia do Valle \/ Implurb<\/p>\n\n\n\n<p><strong>Fotos \u2013<\/strong>&nbsp;Divulga\u00e7\u00e3o \/ Implurb<\/p>\n","protected":false},"excerpt":{"rendered":"","protected":false},"author":24,"featured_media":3696,"comment_status":"closed","ping_status":"closed","sticky":false,"template":"","format":"standard","meta":{"footnotes":""},"categories":[228],"tags":[79,31,357,96,11,1213,39,1214,1215,1216,15],"acf":[],"yoast_head":"<!-- This site is optimized with the Yoast SEO plugin v23.0 - https:\/\/yoast.com\/wordpress\/plugins\/seo\/ -->\n<title>Prefeitura e Iphan preparam s\u00e9rie de oficinas t\u00e9cnicas sobre patrim\u00f4nio e preserva\u00e7\u00e3o do Centro<\/title>\n<meta name=\"description\" content=\"Oficinas t\u00e9cnicas para educa\u00e7\u00e3o patrimonial e gest\u00e3o compartilhada para o centro hist\u00f3rico est\u00e3o sendo produzidas pela Prefeitura de Manaus e Instituto do Patrim\u00f4nio Hist\u00f3rico e Arquitet\u00f4nico Nacional (Iphan) do Amazonas, para envolver diversos atores e secretarias do poder p\u00fablico.\" \/>\n<meta name=\"robots\" content=\"noindex, follow\" \/>\n<meta property=\"og:locale\" content=\"pt_BR\" \/>\n<meta property=\"og:type\" content=\"article\" \/>\n<meta property=\"og:title\" content=\"Prefeitura e Iphan preparam s\u00e9rie de oficinas t\u00e9cnicas sobre patrim\u00f4nio e preserva\u00e7\u00e3o do Centro\" \/>\n<meta property=\"og:description\" content=\"Oficinas t\u00e9cnicas para educa\u00e7\u00e3o patrimonial e gest\u00e3o compartilhada para o centro hist\u00f3rico est\u00e3o sendo produzidas pela Prefeitura de Manaus e Instituto do Patrim\u00f4nio Hist\u00f3rico e Arquitet\u00f4nico Nacional (Iphan) do Amazonas, para envolver diversos atores e secretarias do poder p\u00fablico.\" \/>\n<meta property=\"og:url\" content=\"https:\/\/www.manaus.am.gov.br\/implurb\/prefeitura-de-manaus-e-iphan-preparam-serie-de-oficinas-tecnicas-sobre-patrimonio-e-preservacao-do-centro\/\" \/>\n<meta property=\"og:site_name\" content=\"IMPLURB\" \/>\n<meta property=\"article:published_time\" content=\"2023-03-02T16:46:48+00:00\" \/>\n<meta property=\"article:modified_time\" content=\"2024-01-16T19:57:59+00:00\" \/>\n<meta property=\"og:image\" content=\"https:\/\/www.manaus.am.gov.br\/implurb\/wp-content\/uploads\/sites\/13\/2024\/01\/Prefeitura-de-Manaus-e-Iphan-preparam-serie-de-oficinas-tecnicas-sobre-patrimonio-e-preservacao-do-Centro-3.jpg\" \/>\n\t<meta property=\"og:image:width\" content=\"1280\" \/>\n\t<meta property=\"og:image:height\" content=\"853\" \/>\n\t<meta property=\"og:image:type\" content=\"image\/jpeg\" \/>\n<meta name=\"author\" content=\"Cl\u00e1udia Barbosa\" \/>\n<meta name=\"twitter:card\" content=\"summary_large_image\" \/>\n<meta name=\"twitter:label1\" content=\"Written by\" \/>\n\t<meta name=\"twitter:data1\" content=\"Cl\u00e1udia Barbosa\" \/>\n\t<meta name=\"twitter:label2\" content=\"Est. reading time\" \/>\n\t<meta name=\"twitter:data2\" content=\"3 minutos\" \/>\n<script type=\"application\/ld+json\" class=\"yoast-schema-graph\">{\"@context\":\"https:\/\/schema.org\",\"@graph\":[{\"@type\":\"WebPage\",\"@id\":\"https:\/\/www.manaus.am.gov.br\/implurb\/prefeitura-de-manaus-e-iphan-preparam-serie-de-oficinas-tecnicas-sobre-patrimonio-e-preservacao-do-centro\/\",\"url\":\"https:\/\/www.manaus.am.gov.br\/implurb\/prefeitura-de-manaus-e-iphan-preparam-serie-de-oficinas-tecnicas-sobre-patrimonio-e-preservacao-do-centro\/\",\"name\":\"Prefeitura e Iphan preparam s\u00e9rie de oficinas t\u00e9cnicas sobre patrim\u00f4nio e preserva\u00e7\u00e3o do Centro\",\"isPartOf\":{\"@id\":\"https:\/\/www.manaus.am.gov.br\/implurb\/#website\"},\"primaryImageOfPage\":{\"@id\":\"https:\/\/www.manaus.am.gov.br\/implurb\/prefeitura-de-manaus-e-iphan-preparam-serie-de-oficinas-tecnicas-sobre-patrimonio-e-preservacao-do-centro\/#primaryimage\"},\"image\":{\"@id\":\"https:\/\/www.manaus.am.gov.br\/implurb\/prefeitura-de-manaus-e-iphan-preparam-serie-de-oficinas-tecnicas-sobre-patrimonio-e-preservacao-do-centro\/#primaryimage\"},\"thumbnailUrl\":\"https:\/\/www.manaus.am.gov.br\/implurb\/wp-content\/uploads\/sites\/13\/2024\/01\/Prefeitura-de-Manaus-e-Iphan-preparam-serie-de-oficinas-tecnicas-sobre-patrimonio-e-preservacao-do-Centro-3.jpg\",\"datePublished\":\"2023-03-02T16:46:48+00:00\",\"dateModified\":\"2024-01-16T19:57:59+00:00\",\"author\":{\"@id\":\"https:\/\/www.manaus.am.gov.br\/implurb\/#\/schema\/person\/d0a166b5031154c33c77794ddc9a827e\"},\"description\":\"Oficinas t\u00e9cnicas para educa\u00e7\u00e3o patrimonial e gest\u00e3o compartilhada para o centro hist\u00f3rico est\u00e3o sendo produzidas pela Prefeitura de Manaus e Instituto do Patrim\u00f4nio Hist\u00f3rico e Arquitet\u00f4nico Nacional (Iphan) do Amazonas, para envolver diversos atores e secretarias do poder p\u00fablico.\",\"breadcrumb\":{\"@id\":\"https:\/\/www.manaus.am.gov.br\/implurb\/prefeitura-de-manaus-e-iphan-preparam-serie-de-oficinas-tecnicas-sobre-patrimonio-e-preservacao-do-centro\/#breadcrumb\"},\"inLanguage\":\"pt-BR\",\"potentialAction\":[{\"@type\":\"ReadAction\",\"target\":[\"https:\/\/www.manaus.am.gov.br\/implurb\/prefeitura-de-manaus-e-iphan-preparam-serie-de-oficinas-tecnicas-sobre-patrimonio-e-preservacao-do-centro\/\"]}]},{\"@type\":\"ImageObject\",\"inLanguage\":\"pt-BR\",\"@id\":\"https:\/\/www.manaus.am.gov.br\/implurb\/prefeitura-de-manaus-e-iphan-preparam-serie-de-oficinas-tecnicas-sobre-patrimonio-e-preservacao-do-centro\/#primaryimage\",\"url\":\"https:\/\/www.manaus.am.gov.br\/implurb\/wp-content\/uploads\/sites\/13\/2024\/01\/Prefeitura-de-Manaus-e-Iphan-preparam-serie-de-oficinas-tecnicas-sobre-patrimonio-e-preservacao-do-Centro-3.jpg\",\"contentUrl\":\"https:\/\/www.manaus.am.gov.br\/implurb\/wp-content\/uploads\/sites\/13\/2024\/01\/Prefeitura-de-Manaus-e-Iphan-preparam-serie-de-oficinas-tecnicas-sobre-patrimonio-e-preservacao-do-Centro-3.jpg\",\"width\":1280,\"height\":853},{\"@type\":\"BreadcrumbList\",\"@id\":\"https:\/\/www.manaus.am.gov.br\/implurb\/prefeitura-de-manaus-e-iphan-preparam-serie-de-oficinas-tecnicas-sobre-patrimonio-e-preservacao-do-centro\/#breadcrumb\",\"itemListElement\":[{\"@type\":\"ListItem\",\"position\":1,\"name\":\"Home\",\"item\":\"https:\/\/www.manaus.am.gov.br\/implurb\/\"},{\"@type\":\"ListItem\",\"position\":2,\"name\":\"Prefeitura de Manaus e Iphan preparam s\u00e9rie de oficinas t\u00e9cnicas sobre patrim\u00f4nio e preserva\u00e7\u00e3o do Centro\"}]},{\"@type\":\"WebSite\",\"@id\":\"https:\/\/www.manaus.am.gov.br\/implurb\/#website\",\"url\":\"https:\/\/www.manaus.am.gov.br\/implurb\/\",\"name\":\"IMPLURB\",\"description\":\"Prefeitura de Manaus\",\"potentialAction\":[{\"@type\":\"SearchAction\",\"target\":{\"@type\":\"EntryPoint\",\"urlTemplate\":\"https:\/\/www.manaus.am.gov.br\/implurb\/?s={search_term_string}\"},\"query-input\":\"required name=search_term_string\"}],\"inLanguage\":\"pt-BR\"},{\"@type\":\"Person\",\"@id\":\"https:\/\/www.manaus.am.gov.br\/implurb\/#\/schema\/person\/d0a166b5031154c33c77794ddc9a827e\",\"name\":\"Cl\u00e1udia Barbosa\",\"image\":{\"@type\":\"ImageObject\",\"inLanguage\":\"pt-BR\",\"@id\":\"https:\/\/www.manaus.am.gov.br\/implurb\/#\/schema\/person\/image\/\",\"url\":\"https:\/\/secure.gravatar.com\/avatar\/42958a1cf007f1a00534009218c72590?s=96&d=mm&r=g\",\"contentUrl\":\"https:\/\/secure.gravatar.com\/avatar\/42958a1cf007f1a00534009218c72590?s=96&d=mm&r=g\",\"caption\":\"Cl\u00e1udia Barbosa\"}}]}<\/script>\n<!-- \/ Yoast SEO plugin. -->","yoast_head_json":{"title":"Prefeitura e Iphan preparam s\u00e9rie de oficinas t\u00e9cnicas sobre patrim\u00f4nio e preserva\u00e7\u00e3o do Centro","description":"Oficinas t\u00e9cnicas para educa\u00e7\u00e3o patrimonial e gest\u00e3o compartilhada para o centro hist\u00f3rico est\u00e3o sendo produzidas pela Prefeitura de Manaus e Instituto do Patrim\u00f4nio Hist\u00f3rico e Arquitet\u00f4nico Nacional (Iphan) do Amazonas, para envolver diversos atores e secretarias do poder p\u00fablico.","robots":{"index":"noindex","follow":"follow"},"og_locale":"pt_BR","og_type":"article","og_title":"Prefeitura e Iphan preparam s\u00e9rie de oficinas t\u00e9cnicas sobre patrim\u00f4nio e preserva\u00e7\u00e3o do Centro","og_description":"Oficinas t\u00e9cnicas para educa\u00e7\u00e3o patrimonial e gest\u00e3o compartilhada para o centro hist\u00f3rico est\u00e3o sendo produzidas pela Prefeitura de Manaus e Instituto do Patrim\u00f4nio Hist\u00f3rico e Arquitet\u00f4nico Nacional (Iphan) do Amazonas, para envolver diversos atores e secretarias do poder p\u00fablico.","og_url":"https:\/\/www.manaus.am.gov.br\/implurb\/prefeitura-de-manaus-e-iphan-preparam-serie-de-oficinas-tecnicas-sobre-patrimonio-e-preservacao-do-centro\/","og_site_name":"IMPLURB","article_published_time":"2023-03-02T16:46:48+00:00","article_modified_time":"2024-01-16T19:57:59+00:00","og_image":[{"width":1280,"height":853,"url":"https:\/\/www.manaus.am.gov.br\/implurb\/wp-content\/uploads\/sites\/13\/2024\/01\/Prefeitura-de-Manaus-e-Iphan-preparam-serie-de-oficinas-tecnicas-sobre-patrimonio-e-preservacao-do-Centro-3.jpg","type":"image\/jpeg"}],"author":"Cl\u00e1udia Barbosa","twitter_card":"summary_large_image","twitter_misc":{"Written by":"Cl\u00e1udia Barbosa","Est. reading time":"3 minutos"},"schema":{"@context":"https:\/\/schema.org","@graph":[{"@type":"WebPage","@id":"https:\/\/www.manaus.am.gov.br\/implurb\/prefeitura-de-manaus-e-iphan-preparam-serie-de-oficinas-tecnicas-sobre-patrimonio-e-preservacao-do-centro\/","url":"https:\/\/www.manaus.am.gov.br\/implurb\/prefeitura-de-manaus-e-iphan-preparam-serie-de-oficinas-tecnicas-sobre-patrimonio-e-preservacao-do-centro\/","name":"Prefeitura e Iphan preparam s\u00e9rie de oficinas t\u00e9cnicas sobre patrim\u00f4nio e preserva\u00e7\u00e3o do Centro","isPartOf":{"@id":"https:\/\/www.manaus.am.gov.br\/implurb\/#website"},"primaryImageOfPage":{"@id":"https:\/\/www.manaus.am.gov.br\/implurb\/prefeitura-de-manaus-e-iphan-preparam-serie-de-oficinas-tecnicas-sobre-patrimonio-e-preservacao-do-centro\/#primaryimage"},"image":{"@id":"https:\/\/www.manaus.am.gov.br\/implurb\/prefeitura-de-manaus-e-iphan-preparam-serie-de-oficinas-tecnicas-sobre-patrimonio-e-preservacao-do-centro\/#primaryimage"},"thumbnailUrl":"https:\/\/www.manaus.am.gov.br\/implurb\/wp-content\/uploads\/sites\/13\/2024\/01\/Prefeitura-de-Manaus-e-Iphan-preparam-serie-de-oficinas-tecnicas-sobre-patrimonio-e-preservacao-do-Centro-3.jpg","datePublished":"2023-03-02T16:46:48+00:00","dateModified":"2024-01-16T19:57:59+00:00","author":{"@id":"https:\/\/www.manaus.am.gov.br\/implurb\/#\/schema\/person\/d0a166b5031154c33c77794ddc9a827e"},"description":"Oficinas t\u00e9cnicas para educa\u00e7\u00e3o patrimonial e gest\u00e3o compartilhada para o centro hist\u00f3rico est\u00e3o sendo produzidas pela Prefeitura de Manaus e Instituto do Patrim\u00f4nio Hist\u00f3rico e Arquitet\u00f4nico Nacional (Iphan) do Amazonas, para envolver diversos atores e secretarias do poder p\u00fablico.","breadcrumb":{"@id":"https:\/\/www.manaus.am.gov.br\/implurb\/prefeitura-de-manaus-e-iphan-preparam-serie-de-oficinas-tecnicas-sobre-patrimonio-e-preservacao-do-centro\/#breadcrumb"},"inLanguage":"pt-BR","potentialAction":[{"@type":"ReadAction","target":["https:\/\/www.manaus.am.gov.br\/implurb\/prefeitura-de-manaus-e-iphan-preparam-serie-de-oficinas-tecnicas-sobre-patrimonio-e-preservacao-do-centro\/"]}]},{"@type":"ImageObject","inLanguage":"pt-BR","@id":"https:\/\/www.manaus.am.gov.br\/implurb\/prefeitura-de-manaus-e-iphan-preparam-serie-de-oficinas-tecnicas-sobre-patrimonio-e-preservacao-do-centro\/#primaryimage","url":"https:\/\/www.manaus.am.gov.br\/implurb\/wp-content\/uploads\/sites\/13\/2024\/01\/Prefeitura-de-Manaus-e-Iphan-preparam-serie-de-oficinas-tecnicas-sobre-patrimonio-e-preservacao-do-Centro-3.jpg","contentUrl":"https:\/\/www.manaus.am.gov.br\/implurb\/wp-content\/uploads\/sites\/13\/2024\/01\/Prefeitura-de-Manaus-e-Iphan-preparam-serie-de-oficinas-tecnicas-sobre-patrimonio-e-preservacao-do-Centro-3.jpg","width":1280,"height":853},{"@type":"BreadcrumbList","@id":"https:\/\/www.manaus.am.gov.br\/implurb\/prefeitura-de-manaus-e-iphan-preparam-serie-de-oficinas-tecnicas-sobre-patrimonio-e-preservacao-do-centro\/#breadcrumb","itemListElement":[{"@type":"ListItem","position":1,"name":"Home","item":"https:\/\/www.manaus.am.gov.br\/implurb\/"},{"@type":"ListItem","position":2,"name":"Prefeitura de Manaus e Iphan preparam s\u00e9rie de oficinas t\u00e9cnicas sobre patrim\u00f4nio e preserva\u00e7\u00e3o do Centro"}]},{"@type":"WebSite","@id":"https:\/\/www.manaus.am.gov.br\/implurb\/#website","url":"https:\/\/www.manaus.am.gov.br\/implurb\/","name":"IMPLURB","description":"Prefeitura de Manaus","potentialAction":[{"@type":"SearchAction","target":{"@type":"EntryPoint","urlTemplate":"https:\/\/www.manaus.am.gov.br\/implurb\/?s={search_term_string}"},"query-input":"required name=search_term_string"}],"inLanguage":"pt-BR"},{"@type":"Person","@id":"https:\/\/www.manaus.am.gov.br\/implurb\/#\/schema\/person\/d0a166b5031154c33c77794ddc9a827e","name":"Cl\u00e1udia Barbosa","image":{"@type":"ImageObject","inLanguage":"pt-BR","@id":"https:\/\/www.manaus.am.gov.br\/implurb\/#\/schema\/person\/image\/","url":"https:\/\/secure.gravatar.com\/avatar\/42958a1cf007f1a00534009218c72590?s=96&d=mm&r=g","contentUrl":"https:\/\/secure.gravatar.com\/avatar\/42958a1cf007f1a00534009218c72590?s=96&d=mm&r=g","caption":"Cl\u00e1udia Barbosa"}}]}},"_links":{"self":[{"href":"https:\/\/www.manaus.am.gov.br\/implurb\/wp-json\/wp\/v2\/posts\/3695"}],"collection":[{"href":"https:\/\/www.manaus.am.gov.br\/implurb\/wp-json\/wp\/v2\/posts"}],"about":[{"href":"https:\/\/www.manaus.am.gov.br\/implurb\/wp-json\/wp\/v2\/types\/post"}],"author":[{"embeddable":true,"href":"https:\/\/www.manaus.am.gov.br\/implurb\/wp-json\/wp\/v2\/users\/24"}],"replies":[{"embeddable":true,"href":"https:\/\/www.manaus.am.gov.br\/implurb\/wp-json\/wp\/v2\/comments?post=3695"}],"version-history":[{"count":0,"href":"https:\/\/www.manaus.am.gov.br\/implurb\/wp-json\/wp\/v2\/posts\/3695\/revisions"}],"wp:featuredmedia":[{"embeddable":true,"href":"https:\/\/www.manaus.am.gov.br\/implurb\/wp-json\/wp\/v2\/media\/3696"}],"wp:attachment":[{"href":"https:\/\/www.manaus.am.gov.br\/implurb\/wp-json\/wp\/v2\/media?parent=3695"}],"wp:term":[{"taxonomy":"category","embeddable":true,"href":"https:\/\/www.manaus.am.gov.br\/implurb\/wp-json\/wp\/v2\/categories?post=3695"},{"taxonomy":"post_tag","embeddable":true,"href":"https:\/\/www.manaus.am.gov.br\/implurb\/wp-json\/wp\/v2\/tags?post=3695"}],"curies":[{"name":"wp","href":"https:\/\/api.w.org\/{rel}","templated":true}]}}