{"id":3675,"date":"2023-03-14T14:26:24","date_gmt":"2023-03-14T18:26:24","guid":{"rendered":"https:\/\/www.manaus.am.gov.br\/implurb\/prefeitura-de-manaus-realiza-notificacao-e-interdicao-para-imoveis-em-situacao-de-risco-no-jorge-teixeira\/"},"modified":"2024-01-16T15:50:23","modified_gmt":"2024-01-16T19:50:23","slug":"prefeitura-de-manaus-realiza-notificacao-e-interdicao-para-imoveis-em-situacao-de-risco-no-jorge-teixeira","status":"publish","type":"post","link":"https:\/\/www.manaus.am.gov.br\/implurb\/prefeitura-de-manaus-realiza-notificacao-e-interdicao-para-imoveis-em-situacao-de-risco-no-jorge-teixeira\/","title":{"rendered":"Prefeitura de Manaus realiza notifica\u00e7\u00e3o e interdi\u00e7\u00e3o para im\u00f3veis em situa\u00e7\u00e3o de risco no Jorge Teixeira"},"content":{"rendered":"\n<p>A Prefeitura de Manaus segue com a\u00e7\u00f5es integradas e fiscaliza\u00e7\u00f5es no entorno da rua Pingo d\u2019\u00c1gua, no bairro Jorge Teixeira, zona Leste, onde 11 casas foram soterradas e oito pessoas foram v\u00edtimas fatais de um deslizamento ocorrido na madrugada de domingo, 12\/3. Uma equipe do Instituto Municipal de Planejamento Urbano (Implurb) est\u00e1 atuando na \u00e1rea nas \u00faltimas 24 horas e segue com os trabalhos em campo nesta ter\u00e7a-feira, 14\/3, fazendo a notifica\u00e7\u00e3o para fam\u00edlias deixarem as \u00e1reas de risco.<\/p>\n\n\n\n<p>O raio dessa a\u00e7\u00e3o \u00e9 de 1 quil\u00f4metro, a partir do local do deslizamento, com suporte e identifica\u00e7\u00e3o de t\u00e9cnicos da Defesa Civil do Munic\u00edpio. A notifica\u00e7\u00e3o \u00e9 para retirada imediata do local, com interdi\u00e7\u00e3o dos im\u00f3veis, em raz\u00e3o do risco de desabamento da edifica\u00e7\u00e3o, diante do desbarrancamento e eros\u00e3o na regi\u00e3o atingida por fortes chuvas.<\/p>\n\n\n\n<p>At\u00e9 a \u00faltima segunda-feira, 13, foram feitas 28 interdi\u00e7\u00f5es a im\u00f3veis no entorno e at\u00e9 o meio-dia desta ter\u00e7a-feira, mais outras 25 notifica\u00e7\u00f5es foram entregues \u00e0s fam\u00edlias. A for\u00e7a-tarefa da prefeitura realizou interdi\u00e7\u00e3o do espa\u00e7o para in\u00edcio de servi\u00e7os de conten\u00e7\u00e3o e recupera\u00e7\u00e3o do barranco.<\/p>\n\n\n\n<p>\u201cAtuando de forma integrada, conforme determina\u00e7\u00e3o do prefeito David Almeida, nossas equipes est\u00e3o indo de casa em casa para fazer as notifica\u00e7\u00f5es, sem hor\u00e1rio para terminar. O Implurb integra a for\u00e7a-tarefa montada pela prefeitura e governo estadual, de forma a dar suporte a todas as fam\u00edlias envolvidas na fatalidade.&nbsp;Entra com a notifica\u00e7\u00e3o dentro da leitura orientada pela Defesa Civil. Assim, as fam\u00edlias s\u00e3o devidamente encaminhadas para a garantia de sua seguran\u00e7a e acolhimento\u201d, ressaltou o vice-presidente do Implurb, arquiteto e urbanista Claudemir Andrade.<\/p>\n\n\n\n<p>O arquiteto frisa a import\u00e2ncia de que as \u00e1reas de risco n\u00e3o sejam ocupadas, porque s\u00e3o regi\u00f5es que n\u00e3o devem receber constru\u00e7\u00f5es, at\u00e9 mesmo em raz\u00e3o da vulnerabilidade do solo, havendo possibilidade de sinistros e at\u00e9 mesmo fatalidades. \u201cPrincipalmente no per\u00edodo chuvoso, pelo qual estamos passando. O volume de \u00e1gua \u00e9 intensificado em mar\u00e7o e a \u00e1rea \u00e9 desprovida de prote\u00e7\u00e3o, o que torna as edifica\u00e7\u00f5es vulner\u00e1veis a eros\u00e3o e instabilidade das encostas. Estamos na for\u00e7a-tarefa para amenizar e evitar outras ocorr\u00eancias que possam vitimar mais fam\u00edlias\u201d, completou.<\/p>\n\n\n\n<h2 class=\"wp-block-heading\">Assist\u00eancia<\/h2>\n\n\n\n<p>As fam\u00edlias identificadas s\u00e3o encaminhadas para atendimento junto \u00e0 Secretaria Municipal da Mulher, Assist\u00eancia Social e Cidadania (Semasc), para verificar o cadastro para o Aux\u00edlio Aluguel. O ponto de apoio \u00e0s fam\u00edlias \u00e9 a escola municipal Helena Augusta Walcott, localizada na avenida Ita\u00faba,&nbsp;Jorge&nbsp;Teixeira. No local, as fam\u00edlias recebem itens eventuais de urg\u00eancia, como kits higi\u00eanicos, colch\u00f5es e cestas b\u00e1sicas.<\/p>\n\n\n\n<p>&#8212; &#8212; &#8212;<\/p>\n\n\n\n<p><strong>Texto<\/strong>\u00a0\u2013 Claudia do Valle \/ Implurb<br><strong>Fotos<\/strong>\u00a0\u2013 Divulga\u00e7\u00e3o \/ Implurb<\/p>\n","protected":false},"excerpt":{"rendered":"","protected":false},"author":24,"featured_media":3676,"comment_status":"closed","ping_status":"closed","sticky":false,"template":"","format":"standard","meta":{"footnotes":""},"categories":[141],"tags":[1112,83,31,1193,1184,11,86,607,15,1194],"acf":[],"yoast_head":"<!-- This site is optimized with the Yoast SEO plugin v23.0 - https:\/\/yoast.com\/wordpress\/plugins\/seo\/ -->\n<title>Prefeitura de Manaus realiza notifica\u00e7\u00e3o e interdi\u00e7\u00e3o para im\u00f3veis em situa\u00e7\u00e3o de risco no Jorge Teixeira<\/title>\n<meta name=\"description\" content=\"A Prefeitura de Manaus segue com a\u00e7\u00f5es integradas e fiscaliza\u00e7\u00f5es no entorno da rua Pingo d\u2019\u00c1gua, no bairro Jorge Teixeira, zona Leste, onde 11 casas foram soterradas e oito pessoas foram v\u00edtimas fatais de um deslizamento ocorrido na madrugada de domingo, 12\/3.\" \/>\n<meta name=\"robots\" content=\"noindex, follow\" \/>\n<meta property=\"og:locale\" content=\"pt_BR\" \/>\n<meta property=\"og:type\" content=\"article\" \/>\n<meta property=\"og:title\" content=\"Prefeitura de Manaus realiza notifica\u00e7\u00e3o e interdi\u00e7\u00e3o para im\u00f3veis em situa\u00e7\u00e3o de risco no Jorge Teixeira\" \/>\n<meta property=\"og:description\" content=\"A Prefeitura de Manaus segue com a\u00e7\u00f5es integradas e fiscaliza\u00e7\u00f5es no entorno da rua Pingo d\u2019\u00c1gua, no bairro Jorge Teixeira, zona Leste, onde 11 casas foram soterradas e oito pessoas foram v\u00edtimas fatais de um deslizamento ocorrido na madrugada de domingo, 12\/3.\" \/>\n<meta property=\"og:url\" content=\"https:\/\/www.manaus.am.gov.br\/implurb\/prefeitura-de-manaus-realiza-notificacao-e-interdicao-para-imoveis-em-situacao-de-risco-no-jorge-teixeira\/\" \/>\n<meta property=\"og:site_name\" content=\"IMPLURB\" \/>\n<meta property=\"article:published_time\" content=\"2023-03-14T18:26:24+00:00\" \/>\n<meta property=\"article:modified_time\" content=\"2024-01-16T19:50:23+00:00\" \/>\n<meta property=\"og:image\" content=\"https:\/\/www.manaus.am.gov.br\/implurb\/wp-content\/uploads\/sites\/13\/2024\/01\/Prefeitura-de-Manaus-realiza-notificacao-e-interdicao-para-imoveis-em-situacao-de-risco-no-Jorge-Teixeira-1.jpeg\" \/>\n\t<meta property=\"og:image:width\" content=\"849\" \/>\n\t<meta property=\"og:image:height\" content=\"564\" \/>\n\t<meta property=\"og:image:type\" content=\"image\/jpeg\" \/>\n<meta name=\"author\" content=\"Cl\u00e1udia Barbosa\" \/>\n<meta name=\"twitter:card\" content=\"summary_large_image\" \/>\n<meta name=\"twitter:label1\" content=\"Written by\" \/>\n\t<meta name=\"twitter:data1\" content=\"Cl\u00e1udia Barbosa\" \/>\n\t<meta name=\"twitter:label2\" content=\"Est. reading time\" \/>\n\t<meta name=\"twitter:data2\" content=\"3 minutos\" \/>\n<script type=\"application\/ld+json\" class=\"yoast-schema-graph\">{\"@context\":\"https:\/\/schema.org\",\"@graph\":[{\"@type\":\"WebPage\",\"@id\":\"https:\/\/www.manaus.am.gov.br\/implurb\/prefeitura-de-manaus-realiza-notificacao-e-interdicao-para-imoveis-em-situacao-de-risco-no-jorge-teixeira\/\",\"url\":\"https:\/\/www.manaus.am.gov.br\/implurb\/prefeitura-de-manaus-realiza-notificacao-e-interdicao-para-imoveis-em-situacao-de-risco-no-jorge-teixeira\/\",\"name\":\"Prefeitura de Manaus realiza notifica\u00e7\u00e3o e interdi\u00e7\u00e3o para im\u00f3veis em situa\u00e7\u00e3o de risco no Jorge Teixeira\",\"isPartOf\":{\"@id\":\"https:\/\/www.manaus.am.gov.br\/implurb\/#website\"},\"primaryImageOfPage\":{\"@id\":\"https:\/\/www.manaus.am.gov.br\/implurb\/prefeitura-de-manaus-realiza-notificacao-e-interdicao-para-imoveis-em-situacao-de-risco-no-jorge-teixeira\/#primaryimage\"},\"image\":{\"@id\":\"https:\/\/www.manaus.am.gov.br\/implurb\/prefeitura-de-manaus-realiza-notificacao-e-interdicao-para-imoveis-em-situacao-de-risco-no-jorge-teixeira\/#primaryimage\"},\"thumbnailUrl\":\"https:\/\/www.manaus.am.gov.br\/implurb\/wp-content\/uploads\/sites\/13\/2024\/01\/Prefeitura-de-Manaus-realiza-notificacao-e-interdicao-para-imoveis-em-situacao-de-risco-no-Jorge-Teixeira-1.jpeg\",\"datePublished\":\"2023-03-14T18:26:24+00:00\",\"dateModified\":\"2024-01-16T19:50:23+00:00\",\"author\":{\"@id\":\"https:\/\/www.manaus.am.gov.br\/implurb\/#\/schema\/person\/d0a166b5031154c33c77794ddc9a827e\"},\"description\":\"A Prefeitura de Manaus segue com a\u00e7\u00f5es integradas e fiscaliza\u00e7\u00f5es no entorno da rua Pingo d\u2019\u00c1gua, no bairro Jorge Teixeira, zona Leste, onde 11 casas foram soterradas e oito pessoas foram v\u00edtimas fatais de um deslizamento ocorrido na madrugada de domingo, 12\/3.\",\"breadcrumb\":{\"@id\":\"https:\/\/www.manaus.am.gov.br\/implurb\/prefeitura-de-manaus-realiza-notificacao-e-interdicao-para-imoveis-em-situacao-de-risco-no-jorge-teixeira\/#breadcrumb\"},\"inLanguage\":\"pt-BR\",\"potentialAction\":[{\"@type\":\"ReadAction\",\"target\":[\"https:\/\/www.manaus.am.gov.br\/implurb\/prefeitura-de-manaus-realiza-notificacao-e-interdicao-para-imoveis-em-situacao-de-risco-no-jorge-teixeira\/\"]}]},{\"@type\":\"ImageObject\",\"inLanguage\":\"pt-BR\",\"@id\":\"https:\/\/www.manaus.am.gov.br\/implurb\/prefeitura-de-manaus-realiza-notificacao-e-interdicao-para-imoveis-em-situacao-de-risco-no-jorge-teixeira\/#primaryimage\",\"url\":\"https:\/\/www.manaus.am.gov.br\/implurb\/wp-content\/uploads\/sites\/13\/2024\/01\/Prefeitura-de-Manaus-realiza-notificacao-e-interdicao-para-imoveis-em-situacao-de-risco-no-Jorge-Teixeira-1.jpeg\",\"contentUrl\":\"https:\/\/www.manaus.am.gov.br\/implurb\/wp-content\/uploads\/sites\/13\/2024\/01\/Prefeitura-de-Manaus-realiza-notificacao-e-interdicao-para-imoveis-em-situacao-de-risco-no-Jorge-Teixeira-1.jpeg\",\"width\":849,\"height\":564},{\"@type\":\"BreadcrumbList\",\"@id\":\"https:\/\/www.manaus.am.gov.br\/implurb\/prefeitura-de-manaus-realiza-notificacao-e-interdicao-para-imoveis-em-situacao-de-risco-no-jorge-teixeira\/#breadcrumb\",\"itemListElement\":[{\"@type\":\"ListItem\",\"position\":1,\"name\":\"Home\",\"item\":\"https:\/\/www.manaus.am.gov.br\/implurb\/\"},{\"@type\":\"ListItem\",\"position\":2,\"name\":\"Prefeitura de Manaus realiza notifica\u00e7\u00e3o e interdi\u00e7\u00e3o para im\u00f3veis em situa\u00e7\u00e3o de risco no Jorge Teixeira\"}]},{\"@type\":\"WebSite\",\"@id\":\"https:\/\/www.manaus.am.gov.br\/implurb\/#website\",\"url\":\"https:\/\/www.manaus.am.gov.br\/implurb\/\",\"name\":\"IMPLURB\",\"description\":\"Prefeitura de Manaus\",\"potentialAction\":[{\"@type\":\"SearchAction\",\"target\":{\"@type\":\"EntryPoint\",\"urlTemplate\":\"https:\/\/www.manaus.am.gov.br\/implurb\/?s={search_term_string}\"},\"query-input\":\"required name=search_term_string\"}],\"inLanguage\":\"pt-BR\"},{\"@type\":\"Person\",\"@id\":\"https:\/\/www.manaus.am.gov.br\/implurb\/#\/schema\/person\/d0a166b5031154c33c77794ddc9a827e\",\"name\":\"Cl\u00e1udia Barbosa\",\"image\":{\"@type\":\"ImageObject\",\"inLanguage\":\"pt-BR\",\"@id\":\"https:\/\/www.manaus.am.gov.br\/implurb\/#\/schema\/person\/image\/\",\"url\":\"https:\/\/secure.gravatar.com\/avatar\/42958a1cf007f1a00534009218c72590?s=96&d=mm&r=g\",\"contentUrl\":\"https:\/\/secure.gravatar.com\/avatar\/42958a1cf007f1a00534009218c72590?s=96&d=mm&r=g\",\"caption\":\"Cl\u00e1udia Barbosa\"}}]}<\/script>\n<!-- \/ Yoast SEO plugin. -->","yoast_head_json":{"title":"Prefeitura de Manaus realiza notifica\u00e7\u00e3o e interdi\u00e7\u00e3o para im\u00f3veis em situa\u00e7\u00e3o de risco no Jorge Teixeira","description":"A Prefeitura de Manaus segue com a\u00e7\u00f5es integradas e fiscaliza\u00e7\u00f5es no entorno da rua Pingo d\u2019\u00c1gua, no bairro Jorge Teixeira, zona Leste, onde 11 casas foram soterradas e oito pessoas foram v\u00edtimas fatais de um deslizamento ocorrido na madrugada de domingo, 12\/3.","robots":{"index":"noindex","follow":"follow"},"og_locale":"pt_BR","og_type":"article","og_title":"Prefeitura de Manaus realiza notifica\u00e7\u00e3o e interdi\u00e7\u00e3o para im\u00f3veis em situa\u00e7\u00e3o de risco no Jorge Teixeira","og_description":"A Prefeitura de Manaus segue com a\u00e7\u00f5es integradas e fiscaliza\u00e7\u00f5es no entorno da rua Pingo d\u2019\u00c1gua, no bairro Jorge Teixeira, zona Leste, onde 11 casas foram soterradas e oito pessoas foram v\u00edtimas fatais de um deslizamento ocorrido na madrugada de domingo, 12\/3.","og_url":"https:\/\/www.manaus.am.gov.br\/implurb\/prefeitura-de-manaus-realiza-notificacao-e-interdicao-para-imoveis-em-situacao-de-risco-no-jorge-teixeira\/","og_site_name":"IMPLURB","article_published_time":"2023-03-14T18:26:24+00:00","article_modified_time":"2024-01-16T19:50:23+00:00","og_image":[{"width":849,"height":564,"url":"https:\/\/www.manaus.am.gov.br\/implurb\/wp-content\/uploads\/sites\/13\/2024\/01\/Prefeitura-de-Manaus-realiza-notificacao-e-interdicao-para-imoveis-em-situacao-de-risco-no-Jorge-Teixeira-1.jpeg","type":"image\/jpeg"}],"author":"Cl\u00e1udia Barbosa","twitter_card":"summary_large_image","twitter_misc":{"Written by":"Cl\u00e1udia Barbosa","Est. reading time":"3 minutos"},"schema":{"@context":"https:\/\/schema.org","@graph":[{"@type":"WebPage","@id":"https:\/\/www.manaus.am.gov.br\/implurb\/prefeitura-de-manaus-realiza-notificacao-e-interdicao-para-imoveis-em-situacao-de-risco-no-jorge-teixeira\/","url":"https:\/\/www.manaus.am.gov.br\/implurb\/prefeitura-de-manaus-realiza-notificacao-e-interdicao-para-imoveis-em-situacao-de-risco-no-jorge-teixeira\/","name":"Prefeitura de Manaus realiza notifica\u00e7\u00e3o e interdi\u00e7\u00e3o para im\u00f3veis em situa\u00e7\u00e3o de risco no Jorge Teixeira","isPartOf":{"@id":"https:\/\/www.manaus.am.gov.br\/implurb\/#website"},"primaryImageOfPage":{"@id":"https:\/\/www.manaus.am.gov.br\/implurb\/prefeitura-de-manaus-realiza-notificacao-e-interdicao-para-imoveis-em-situacao-de-risco-no-jorge-teixeira\/#primaryimage"},"image":{"@id":"https:\/\/www.manaus.am.gov.br\/implurb\/prefeitura-de-manaus-realiza-notificacao-e-interdicao-para-imoveis-em-situacao-de-risco-no-jorge-teixeira\/#primaryimage"},"thumbnailUrl":"https:\/\/www.manaus.am.gov.br\/implurb\/wp-content\/uploads\/sites\/13\/2024\/01\/Prefeitura-de-Manaus-realiza-notificacao-e-interdicao-para-imoveis-em-situacao-de-risco-no-Jorge-Teixeira-1.jpeg","datePublished":"2023-03-14T18:26:24+00:00","dateModified":"2024-01-16T19:50:23+00:00","author":{"@id":"https:\/\/www.manaus.am.gov.br\/implurb\/#\/schema\/person\/d0a166b5031154c33c77794ddc9a827e"},"description":"A Prefeitura de Manaus segue com a\u00e7\u00f5es integradas e fiscaliza\u00e7\u00f5es no entorno da rua Pingo d\u2019\u00c1gua, no bairro Jorge Teixeira, zona Leste, onde 11 casas foram soterradas e oito pessoas foram v\u00edtimas fatais de um deslizamento ocorrido na madrugada de domingo, 12\/3.","breadcrumb":{"@id":"https:\/\/www.manaus.am.gov.br\/implurb\/prefeitura-de-manaus-realiza-notificacao-e-interdicao-para-imoveis-em-situacao-de-risco-no-jorge-teixeira\/#breadcrumb"},"inLanguage":"pt-BR","potentialAction":[{"@type":"ReadAction","target":["https:\/\/www.manaus.am.gov.br\/implurb\/prefeitura-de-manaus-realiza-notificacao-e-interdicao-para-imoveis-em-situacao-de-risco-no-jorge-teixeira\/"]}]},{"@type":"ImageObject","inLanguage":"pt-BR","@id":"https:\/\/www.manaus.am.gov.br\/implurb\/prefeitura-de-manaus-realiza-notificacao-e-interdicao-para-imoveis-em-situacao-de-risco-no-jorge-teixeira\/#primaryimage","url":"https:\/\/www.manaus.am.gov.br\/implurb\/wp-content\/uploads\/sites\/13\/2024\/01\/Prefeitura-de-Manaus-realiza-notificacao-e-interdicao-para-imoveis-em-situacao-de-risco-no-Jorge-Teixeira-1.jpeg","contentUrl":"https:\/\/www.manaus.am.gov.br\/implurb\/wp-content\/uploads\/sites\/13\/2024\/01\/Prefeitura-de-Manaus-realiza-notificacao-e-interdicao-para-imoveis-em-situacao-de-risco-no-Jorge-Teixeira-1.jpeg","width":849,"height":564},{"@type":"BreadcrumbList","@id":"https:\/\/www.manaus.am.gov.br\/implurb\/prefeitura-de-manaus-realiza-notificacao-e-interdicao-para-imoveis-em-situacao-de-risco-no-jorge-teixeira\/#breadcrumb","itemListElement":[{"@type":"ListItem","position":1,"name":"Home","item":"https:\/\/www.manaus.am.gov.br\/implurb\/"},{"@type":"ListItem","position":2,"name":"Prefeitura de Manaus realiza notifica\u00e7\u00e3o e interdi\u00e7\u00e3o para im\u00f3veis em situa\u00e7\u00e3o de risco no Jorge Teixeira"}]},{"@type":"WebSite","@id":"https:\/\/www.manaus.am.gov.br\/implurb\/#website","url":"https:\/\/www.manaus.am.gov.br\/implurb\/","name":"IMPLURB","description":"Prefeitura de Manaus","potentialAction":[{"@type":"SearchAction","target":{"@type":"EntryPoint","urlTemplate":"https:\/\/www.manaus.am.gov.br\/implurb\/?s={search_term_string}"},"query-input":"required name=search_term_string"}],"inLanguage":"pt-BR"},{"@type":"Person","@id":"https:\/\/www.manaus.am.gov.br\/implurb\/#\/schema\/person\/d0a166b5031154c33c77794ddc9a827e","name":"Cl\u00e1udia Barbosa","image":{"@type":"ImageObject","inLanguage":"pt-BR","@id":"https:\/\/www.manaus.am.gov.br\/implurb\/#\/schema\/person\/image\/","url":"https:\/\/secure.gravatar.com\/avatar\/42958a1cf007f1a00534009218c72590?s=96&d=mm&r=g","contentUrl":"https:\/\/secure.gravatar.com\/avatar\/42958a1cf007f1a00534009218c72590?s=96&d=mm&r=g","caption":"Cl\u00e1udia Barbosa"}}]}},"_links":{"self":[{"href":"https:\/\/www.manaus.am.gov.br\/implurb\/wp-json\/wp\/v2\/posts\/3675"}],"collection":[{"href":"https:\/\/www.manaus.am.gov.br\/implurb\/wp-json\/wp\/v2\/posts"}],"about":[{"href":"https:\/\/www.manaus.am.gov.br\/implurb\/wp-json\/wp\/v2\/types\/post"}],"author":[{"embeddable":true,"href":"https:\/\/www.manaus.am.gov.br\/implurb\/wp-json\/wp\/v2\/users\/24"}],"replies":[{"embeddable":true,"href":"https:\/\/www.manaus.am.gov.br\/implurb\/wp-json\/wp\/v2\/comments?post=3675"}],"version-history":[{"count":0,"href":"https:\/\/www.manaus.am.gov.br\/implurb\/wp-json\/wp\/v2\/posts\/3675\/revisions"}],"wp:featuredmedia":[{"embeddable":true,"href":"https:\/\/www.manaus.am.gov.br\/implurb\/wp-json\/wp\/v2\/media\/3676"}],"wp:attachment":[{"href":"https:\/\/www.manaus.am.gov.br\/implurb\/wp-json\/wp\/v2\/media?parent=3675"}],"wp:term":[{"taxonomy":"category","embeddable":true,"href":"https:\/\/www.manaus.am.gov.br\/implurb\/wp-json\/wp\/v2\/categories?post=3675"},{"taxonomy":"post_tag","embeddable":true,"href":"https:\/\/www.manaus.am.gov.br\/implurb\/wp-json\/wp\/v2\/tags?post=3675"}],"curies":[{"name":"wp","href":"https:\/\/api.w.org\/{rel}","templated":true}]}}