{"id":3655,"date":"2023-03-20T16:39:04","date_gmt":"2023-03-20T20:39:04","guid":{"rendered":"https:\/\/www.manaus.am.gov.br\/implurb\/com-obras-no-centro-historico-e-gigantes-da-floresta-prefeitura-de-manaus-movimenta-mercado-de-trabalho\/"},"modified":"2024-01-16T15:43:42","modified_gmt":"2024-01-16T19:43:42","slug":"com-obras-no-centro-historico-e-gigantes-da-floresta-prefeitura-de-manaus-movimenta-mercado-de-trabalho","status":"publish","type":"post","link":"https:\/\/www.manaus.am.gov.br\/implurb\/com-obras-no-centro-historico-e-gigantes-da-floresta-prefeitura-de-manaus-movimenta-mercado-de-trabalho\/","title":{"rendered":"Com obras no centro hist\u00f3rico e Gigantes da Floresta, Prefeitura de Manaus movimenta mercado de trabalho"},"content":{"rendered":"\n<p>Com duas frentes de obras para grandes interven\u00e7\u00f5es urbanas na capital, a Prefeitura de Manaus refor\u00e7a a economia local com a contrata\u00e7\u00e3o de oper\u00e1rios usando o banco de dados do Sine Manaus. Neste domingo, 19\/3, o prefeito David Almeida, em visita ao canteiro de obras do mirante L\u00facia Almeida, licitada dentro do programa \u201cNosso Centro\u201d, anunciou que as empresas contratadas t\u00eam prioridade para ocupa\u00e7\u00e3o de oper\u00e1rios e profissionais do Sistema Nacional de Empregos Municipal.<\/p>\n\n\n\n<p>\u201cTodas as obras, pedimos aos empreiteiros licitados que contratem do banco de dados do nosso Sine Manaus, o mais eficiente em empregabilidade\u201d, comentou David Almeida.<\/p>\n\n\n\n<p>E no Centro, de frente para o rio, o prefeito adiantou que a empresa licitada para a reforma do mirante dar\u00e1 ainda prioridade \u00e0s fam\u00edlias e profissionais atingidos pelas \u00faltimas chuvas na capital, em especial aos do bairro Jorge Teixeira, na rua Pingo D\u2019\u00c1gua, zona Leste, onde ocorreu um deslizamento, deixando v\u00edtimas fatais. Em raz\u00e3o da ocorr\u00eancia, a prefeitura decretou estado de calamidade p\u00fablica na semana passada. Desde o desbarrancamento, 98 fam\u00edlias est\u00e3o sendo assistidas com o aux\u00edlio-aluguel municipal.<\/p>\n\n\n\n<h2 class=\"wp-block-heading\">Contratos<\/h2>\n\n\n\n<p>A RED Engenharia est\u00e1 contratando m\u00e3o de obra, conforme avan\u00e7a nos servi\u00e7os nas tr\u00eas frentes do Complexo de S\u00e3o Vicente. Hoje, o canteiro conta com 48 pessoas empregadas e a previs\u00e3o \u00e9 chegar at\u00e9 200 colaboradores, de forma escalonada.<\/p>\n\n\n\n<p>Segundo o diretor-presidente do Instituto Municipal de Planejamento Urbano (Implurb), Carlos Valente, as obras j\u00e1 em andamento, al\u00e9m de serem projetos urbanos estruturantes, ainda tem a promo\u00e7\u00e3o de emprego e renda desde os canteiros, com um mix de profissionais envolvido no p\u00f3s, durante e depois das interven\u00e7\u00f5es. Al\u00e9m dos contratados, tem toda uma cadeia que funciona com servi\u00e7os, aquisi\u00e7\u00e3o de mercadorias, fornecimento de alimenta\u00e7\u00e3o, entre outros.<\/p>\n\n\n\n<p>\u201cNo mirante L\u00facia Almeida, largo de S\u00e3o Vicente e Casar\u00e3o Thiago de Mello, o cronograma tem v\u00e1rias frentes de trabalho e a previs\u00e3o \u00e9 de ter a gera\u00e7\u00e3o total de 200 empregos diretos. E quando estiverem conclu\u00eddas, com as opera\u00e7\u00f5es de restaurante, quiosques, de turismo, lazer e outras, a previs\u00e3o \u00e9 de gera\u00e7\u00e3o at\u00e9 600 postos diretos e indiretos, de apoio, log\u00edstica e servi\u00e7os\u201d, comentou Valente.<\/p>\n\n\n\n<p>No parque linear Gigantes da Floresta, que est\u00e1 em constru\u00e7\u00e3o entre as avenidas Isa\u00edas Vieiralves e Ol\u00edvia de Menezes Vieiralves, nos bairros Novo Aleixo e Tancredo Neves, na divis\u00e3o entre as zonas mais populosas da cidade, est\u00e3o sendo empregadas atualmente 25 pessoas pela construtora Progresso Ltda.<\/p>\n\n\n\n<p>Espera-se uma rotatividade de at\u00e9 200 empregos diretos na empreitada, ao longo do cronograma, e mais 800 diretos e indiretos para seu funcionamento completo. O parque ter\u00e1 opera\u00e7\u00f5es de quiosques gourmet, atividades de zumba a shows, um Centro de Atendimento Psicossocial (Caps), e todo um entorno que vai movimentar neg\u00f3cios e servi\u00e7os.<\/p>\n\n\n\n<p>O parque \u00e9 resultado de um conv\u00eanio firmado entre a Prefeitura de Manaus e o governo do Estado, no ano passado, com 2 quil\u00f4metros de extens\u00e3o. A previs\u00e3o \u00e9 que o espa\u00e7o seja entregue em dezembro de 2023 e o prazo de constru\u00e7\u00e3o \u00e9 de 360 dias corridos.<\/p>\n\n\n\n<h2 class=\"wp-block-heading\">Mirante<\/h2>\n\n\n\n<p>E onde os rios Negro e Solim\u00f5es n\u00e3o se misturam, para o futuro mirante Rosa Almeida, no Encontro das \u00c1guas, por ter uma escala menor, a perspectiva \u00e9 de se gerar at\u00e9 200 vagas diretas na constru\u00e7\u00e3o. O mirante ainda est\u00e1 em processo de licita\u00e7\u00e3o.<\/p>\n\n\n\n<p>Para sua inaugura\u00e7\u00e3o e funcionamento, se estima uma m\u00e9dia de 150 postos diretos e indiretos, em apoio, log\u00edstica, restaurante, quiosque, lazer, alimenta\u00e7\u00e3o e neg\u00f3cios ligados ao turismo.<\/p>\n\n\n\n<p>\u201cEssa \u00e9 uma importante contribui\u00e7\u00e3o do prefeito David Almeida na gera\u00e7\u00e3o de emprego e renda na cidade de Manaus, com melhorias de empregabilidade para a popula\u00e7\u00e3o\u201d, disse o diretor-presidente.<\/p>\n\n\n\n<p>&#8212; &#8212; &#8212;<\/p>\n\n\n\n<p><strong>Texto<\/strong> \u2013 Claudia do Valle \/ Implurb<br><strong>Fotos \u2013 <\/strong>Aguilar Abecassis \/ Arquivo Semcom &#8211; <a href=\"https:\/\/flic.kr\/p\/2omweTq\">https:\/\/flic.kr\/p\/2omweTq<\/a> e <a href=\"https:\/\/flic.kr\/p\/2omxqpx\">https:\/\/flic.kr\/p\/2omxqpx<\/a><br>Jo\u00e3o Viana \/ Arquivo Semcom &#8211; <a href=\"https:\/\/flic.kr\/p\/2ockHMK\">https:\/\/flic.kr\/p\/2ockHMK<\/a><\/p>\n","protected":false},"excerpt":{"rendered":"","protected":false},"author":31,"featured_media":3656,"comment_status":"closed","ping_status":"closed","sticky":false,"template":"","format":"standard","meta":{"footnotes":""},"categories":[478],"tags":[1068,483,1172,14,46],"acf":[],"yoast_head":"<!-- This site is optimized with the Yoast SEO plugin v23.0 - https:\/\/yoast.com\/wordpress\/plugins\/seo\/ -->\n<title>Com obras no centro hist\u00f3rico e Gigantes da Floresta, Prefeitura de Manaus movimenta mercado de trabalho - IMPLURB<\/title>\n<meta name=\"robots\" content=\"noindex, follow\" \/>\n<meta property=\"og:locale\" content=\"pt_BR\" \/>\n<meta property=\"og:type\" content=\"article\" \/>\n<meta property=\"og:title\" content=\"Com obras no centro hist\u00f3rico e Gigantes da Floresta, Prefeitura de Manaus movimenta mercado de trabalho - IMPLURB\" \/>\n<meta property=\"og:url\" content=\"https:\/\/www.manaus.am.gov.br\/implurb\/com-obras-no-centro-historico-e-gigantes-da-floresta-prefeitura-de-manaus-movimenta-mercado-de-trabalho\/\" \/>\n<meta property=\"og:site_name\" content=\"IMPLURB\" \/>\n<meta property=\"article:published_time\" content=\"2023-03-20T20:39:04+00:00\" \/>\n<meta property=\"article:modified_time\" content=\"2024-01-16T19:43:42+00:00\" \/>\n<meta property=\"og:image\" content=\"https:\/\/www.manaus.am.gov.br\/implurb\/wp-content\/uploads\/sites\/13\/2024\/01\/52740771434_f6f789cca5_c.jpg\" \/>\n\t<meta property=\"og:image:width\" content=\"799\" \/>\n\t<meta property=\"og:image:height\" content=\"533\" \/>\n\t<meta property=\"og:image:type\" content=\"image\/jpeg\" \/>\n<meta name=\"author\" content=\"Renata Felix\" \/>\n<meta name=\"twitter:card\" content=\"summary_large_image\" \/>\n<meta name=\"twitter:label1\" content=\"Written by\" \/>\n\t<meta name=\"twitter:data1\" content=\"Renata Felix\" \/>\n\t<meta name=\"twitter:label2\" content=\"Est. reading time\" \/>\n\t<meta name=\"twitter:data2\" content=\"4 minutos\" \/>\n<script type=\"application\/ld+json\" class=\"yoast-schema-graph\">{\"@context\":\"https:\/\/schema.org\",\"@graph\":[{\"@type\":\"WebPage\",\"@id\":\"https:\/\/www.manaus.am.gov.br\/implurb\/com-obras-no-centro-historico-e-gigantes-da-floresta-prefeitura-de-manaus-movimenta-mercado-de-trabalho\/\",\"url\":\"https:\/\/www.manaus.am.gov.br\/implurb\/com-obras-no-centro-historico-e-gigantes-da-floresta-prefeitura-de-manaus-movimenta-mercado-de-trabalho\/\",\"name\":\"Com obras no centro hist\u00f3rico e Gigantes da Floresta, Prefeitura de Manaus movimenta mercado de trabalho - IMPLURB\",\"isPartOf\":{\"@id\":\"https:\/\/www.manaus.am.gov.br\/implurb\/#website\"},\"primaryImageOfPage\":{\"@id\":\"https:\/\/www.manaus.am.gov.br\/implurb\/com-obras-no-centro-historico-e-gigantes-da-floresta-prefeitura-de-manaus-movimenta-mercado-de-trabalho\/#primaryimage\"},\"image\":{\"@id\":\"https:\/\/www.manaus.am.gov.br\/implurb\/com-obras-no-centro-historico-e-gigantes-da-floresta-prefeitura-de-manaus-movimenta-mercado-de-trabalho\/#primaryimage\"},\"thumbnailUrl\":\"https:\/\/www.manaus.am.gov.br\/implurb\/wp-content\/uploads\/sites\/13\/2024\/01\/52740771434_f6f789cca5_c.jpg\",\"datePublished\":\"2023-03-20T20:39:04+00:00\",\"dateModified\":\"2024-01-16T19:43:42+00:00\",\"author\":{\"@id\":\"https:\/\/www.manaus.am.gov.br\/implurb\/#\/schema\/person\/4eea2a8f78dc853097abb026f728aa06\"},\"breadcrumb\":{\"@id\":\"https:\/\/www.manaus.am.gov.br\/implurb\/com-obras-no-centro-historico-e-gigantes-da-floresta-prefeitura-de-manaus-movimenta-mercado-de-trabalho\/#breadcrumb\"},\"inLanguage\":\"pt-BR\",\"potentialAction\":[{\"@type\":\"ReadAction\",\"target\":[\"https:\/\/www.manaus.am.gov.br\/implurb\/com-obras-no-centro-historico-e-gigantes-da-floresta-prefeitura-de-manaus-movimenta-mercado-de-trabalho\/\"]}]},{\"@type\":\"ImageObject\",\"inLanguage\":\"pt-BR\",\"@id\":\"https:\/\/www.manaus.am.gov.br\/implurb\/com-obras-no-centro-historico-e-gigantes-da-floresta-prefeitura-de-manaus-movimenta-mercado-de-trabalho\/#primaryimage\",\"url\":\"https:\/\/www.manaus.am.gov.br\/implurb\/wp-content\/uploads\/sites\/13\/2024\/01\/52740771434_f6f789cca5_c.jpg\",\"contentUrl\":\"https:\/\/www.manaus.am.gov.br\/implurb\/wp-content\/uploads\/sites\/13\/2024\/01\/52740771434_f6f789cca5_c.jpg\",\"width\":799,\"height\":533},{\"@type\":\"BreadcrumbList\",\"@id\":\"https:\/\/www.manaus.am.gov.br\/implurb\/com-obras-no-centro-historico-e-gigantes-da-floresta-prefeitura-de-manaus-movimenta-mercado-de-trabalho\/#breadcrumb\",\"itemListElement\":[{\"@type\":\"ListItem\",\"position\":1,\"name\":\"Home\",\"item\":\"https:\/\/www.manaus.am.gov.br\/implurb\/\"},{\"@type\":\"ListItem\",\"position\":2,\"name\":\"Com obras no centro hist\u00f3rico e Gigantes da Floresta, Prefeitura de Manaus movimenta mercado de trabalho\"}]},{\"@type\":\"WebSite\",\"@id\":\"https:\/\/www.manaus.am.gov.br\/implurb\/#website\",\"url\":\"https:\/\/www.manaus.am.gov.br\/implurb\/\",\"name\":\"IMPLURB\",\"description\":\"Prefeitura de Manaus\",\"potentialAction\":[{\"@type\":\"SearchAction\",\"target\":{\"@type\":\"EntryPoint\",\"urlTemplate\":\"https:\/\/www.manaus.am.gov.br\/implurb\/?s={search_term_string}\"},\"query-input\":\"required name=search_term_string\"}],\"inLanguage\":\"pt-BR\"},{\"@type\":\"Person\",\"@id\":\"https:\/\/www.manaus.am.gov.br\/implurb\/#\/schema\/person\/4eea2a8f78dc853097abb026f728aa06\",\"name\":\"Renata Felix\",\"image\":{\"@type\":\"ImageObject\",\"inLanguage\":\"pt-BR\",\"@id\":\"https:\/\/www.manaus.am.gov.br\/implurb\/#\/schema\/person\/image\/\",\"url\":\"https:\/\/secure.gravatar.com\/avatar\/3c196cf9d3b837b24c8edb2c50fd8f29?s=96&d=mm&r=g\",\"contentUrl\":\"https:\/\/secure.gravatar.com\/avatar\/3c196cf9d3b837b24c8edb2c50fd8f29?s=96&d=mm&r=g\",\"caption\":\"Renata Felix\"}}]}<\/script>\n<!-- \/ Yoast SEO plugin. -->","yoast_head_json":{"title":"Com obras no centro hist\u00f3rico e Gigantes da Floresta, Prefeitura de Manaus movimenta mercado de trabalho - IMPLURB","robots":{"index":"noindex","follow":"follow"},"og_locale":"pt_BR","og_type":"article","og_title":"Com obras no centro hist\u00f3rico e Gigantes da Floresta, Prefeitura de Manaus movimenta mercado de trabalho - IMPLURB","og_url":"https:\/\/www.manaus.am.gov.br\/implurb\/com-obras-no-centro-historico-e-gigantes-da-floresta-prefeitura-de-manaus-movimenta-mercado-de-trabalho\/","og_site_name":"IMPLURB","article_published_time":"2023-03-20T20:39:04+00:00","article_modified_time":"2024-01-16T19:43:42+00:00","og_image":[{"width":799,"height":533,"url":"https:\/\/www.manaus.am.gov.br\/implurb\/wp-content\/uploads\/sites\/13\/2024\/01\/52740771434_f6f789cca5_c.jpg","type":"image\/jpeg"}],"author":"Renata Felix","twitter_card":"summary_large_image","twitter_misc":{"Written by":"Renata Felix","Est. reading time":"4 minutos"},"schema":{"@context":"https:\/\/schema.org","@graph":[{"@type":"WebPage","@id":"https:\/\/www.manaus.am.gov.br\/implurb\/com-obras-no-centro-historico-e-gigantes-da-floresta-prefeitura-de-manaus-movimenta-mercado-de-trabalho\/","url":"https:\/\/www.manaus.am.gov.br\/implurb\/com-obras-no-centro-historico-e-gigantes-da-floresta-prefeitura-de-manaus-movimenta-mercado-de-trabalho\/","name":"Com obras no centro hist\u00f3rico e Gigantes da Floresta, Prefeitura de Manaus movimenta mercado de trabalho - IMPLURB","isPartOf":{"@id":"https:\/\/www.manaus.am.gov.br\/implurb\/#website"},"primaryImageOfPage":{"@id":"https:\/\/www.manaus.am.gov.br\/implurb\/com-obras-no-centro-historico-e-gigantes-da-floresta-prefeitura-de-manaus-movimenta-mercado-de-trabalho\/#primaryimage"},"image":{"@id":"https:\/\/www.manaus.am.gov.br\/implurb\/com-obras-no-centro-historico-e-gigantes-da-floresta-prefeitura-de-manaus-movimenta-mercado-de-trabalho\/#primaryimage"},"thumbnailUrl":"https:\/\/www.manaus.am.gov.br\/implurb\/wp-content\/uploads\/sites\/13\/2024\/01\/52740771434_f6f789cca5_c.jpg","datePublished":"2023-03-20T20:39:04+00:00","dateModified":"2024-01-16T19:43:42+00:00","author":{"@id":"https:\/\/www.manaus.am.gov.br\/implurb\/#\/schema\/person\/4eea2a8f78dc853097abb026f728aa06"},"breadcrumb":{"@id":"https:\/\/www.manaus.am.gov.br\/implurb\/com-obras-no-centro-historico-e-gigantes-da-floresta-prefeitura-de-manaus-movimenta-mercado-de-trabalho\/#breadcrumb"},"inLanguage":"pt-BR","potentialAction":[{"@type":"ReadAction","target":["https:\/\/www.manaus.am.gov.br\/implurb\/com-obras-no-centro-historico-e-gigantes-da-floresta-prefeitura-de-manaus-movimenta-mercado-de-trabalho\/"]}]},{"@type":"ImageObject","inLanguage":"pt-BR","@id":"https:\/\/www.manaus.am.gov.br\/implurb\/com-obras-no-centro-historico-e-gigantes-da-floresta-prefeitura-de-manaus-movimenta-mercado-de-trabalho\/#primaryimage","url":"https:\/\/www.manaus.am.gov.br\/implurb\/wp-content\/uploads\/sites\/13\/2024\/01\/52740771434_f6f789cca5_c.jpg","contentUrl":"https:\/\/www.manaus.am.gov.br\/implurb\/wp-content\/uploads\/sites\/13\/2024\/01\/52740771434_f6f789cca5_c.jpg","width":799,"height":533},{"@type":"BreadcrumbList","@id":"https:\/\/www.manaus.am.gov.br\/implurb\/com-obras-no-centro-historico-e-gigantes-da-floresta-prefeitura-de-manaus-movimenta-mercado-de-trabalho\/#breadcrumb","itemListElement":[{"@type":"ListItem","position":1,"name":"Home","item":"https:\/\/www.manaus.am.gov.br\/implurb\/"},{"@type":"ListItem","position":2,"name":"Com obras no centro hist\u00f3rico e Gigantes da Floresta, Prefeitura de Manaus movimenta mercado de trabalho"}]},{"@type":"WebSite","@id":"https:\/\/www.manaus.am.gov.br\/implurb\/#website","url":"https:\/\/www.manaus.am.gov.br\/implurb\/","name":"IMPLURB","description":"Prefeitura de Manaus","potentialAction":[{"@type":"SearchAction","target":{"@type":"EntryPoint","urlTemplate":"https:\/\/www.manaus.am.gov.br\/implurb\/?s={search_term_string}"},"query-input":"required name=search_term_string"}],"inLanguage":"pt-BR"},{"@type":"Person","@id":"https:\/\/www.manaus.am.gov.br\/implurb\/#\/schema\/person\/4eea2a8f78dc853097abb026f728aa06","name":"Renata Felix","image":{"@type":"ImageObject","inLanguage":"pt-BR","@id":"https:\/\/www.manaus.am.gov.br\/implurb\/#\/schema\/person\/image\/","url":"https:\/\/secure.gravatar.com\/avatar\/3c196cf9d3b837b24c8edb2c50fd8f29?s=96&d=mm&r=g","contentUrl":"https:\/\/secure.gravatar.com\/avatar\/3c196cf9d3b837b24c8edb2c50fd8f29?s=96&d=mm&r=g","caption":"Renata Felix"}}]}},"_links":{"self":[{"href":"https:\/\/www.manaus.am.gov.br\/implurb\/wp-json\/wp\/v2\/posts\/3655"}],"collection":[{"href":"https:\/\/www.manaus.am.gov.br\/implurb\/wp-json\/wp\/v2\/posts"}],"about":[{"href":"https:\/\/www.manaus.am.gov.br\/implurb\/wp-json\/wp\/v2\/types\/post"}],"author":[{"embeddable":true,"href":"https:\/\/www.manaus.am.gov.br\/implurb\/wp-json\/wp\/v2\/users\/31"}],"replies":[{"embeddable":true,"href":"https:\/\/www.manaus.am.gov.br\/implurb\/wp-json\/wp\/v2\/comments?post=3655"}],"version-history":[{"count":0,"href":"https:\/\/www.manaus.am.gov.br\/implurb\/wp-json\/wp\/v2\/posts\/3655\/revisions"}],"wp:featuredmedia":[{"embeddable":true,"href":"https:\/\/www.manaus.am.gov.br\/implurb\/wp-json\/wp\/v2\/media\/3656"}],"wp:attachment":[{"href":"https:\/\/www.manaus.am.gov.br\/implurb\/wp-json\/wp\/v2\/media?parent=3655"}],"wp:term":[{"taxonomy":"category","embeddable":true,"href":"https:\/\/www.manaus.am.gov.br\/implurb\/wp-json\/wp\/v2\/categories?post=3655"},{"taxonomy":"post_tag","embeddable":true,"href":"https:\/\/www.manaus.am.gov.br\/implurb\/wp-json\/wp\/v2\/tags?post=3655"}],"curies":[{"name":"wp","href":"https:\/\/api.w.org\/{rel}","templated":true}]}}