{"id":3624,"date":"2023-03-23T15:16:44","date_gmt":"2023-03-23T19:16:44","guid":{"rendered":"https:\/\/www.manaus.am.gov.br\/implurb\/nosso-centro-sera-tema-de-palestra-em-seminario-para-alunos-da-universidade-americana-mit\/"},"modified":"2024-01-16T15:32:45","modified_gmt":"2024-01-16T19:32:45","slug":"nosso-centro-sera-tema-de-palestra-em-seminario-para-alunos-da-universidade-americana-mit","status":"publish","type":"post","link":"https:\/\/www.manaus.am.gov.br\/implurb\/nosso-centro-sera-tema-de-palestra-em-seminario-para-alunos-da-universidade-americana-mit\/","title":{"rendered":"\u2018Nosso Centro\u2019 ser\u00e1 tema de palestra em semin\u00e1rio para alunos da universidade americana MIT\u00a0"},"content":{"rendered":"\n<p>O programa \u201cNosso Centro\u201d, da Prefeitura de Manaus, ser\u00e1 um dos pontos da programa\u00e7\u00e3o do Semin\u00e1rio Amaz\u00f4nia Studio 2023, realizado em parceria pelo N\u00facleo de Arquitetura Moderna na Amaz\u00f4nia (Nama) e o Instituto de Tecnologia de Massachusetts (MIT), universidade de pesquisa em Cambridge, Estados Unidos. O evento acontece de 25\/3 a 1\u00ba\/4, em Manaus.<\/p>\n\n\n\n<p>O Instituto Municipal de Planejamento Urbano (Implurb) far\u00e1 uma apresenta\u00e7\u00e3o na pr\u00f3xima segunda-feira, 27\/3, com o diretor de Planejamento do \u00f3rg\u00e3o, o arquiteto e urbanista Pedro Paulo Cordeiro. O semin\u00e1rio \u00e9 composto de palestras, visitas t\u00e9cnicas, experi\u00eancias e encontros com profissionais de arquitetura, alunos da Universidade Federal do Amazonas (Ufam) e estudantes do MIT, que estar\u00e3o em Manaus especialmente para o evento de imers\u00e3o.<\/p>\n\n\n\n<p>\u201cDentro das diversas experi\u00eancias de arquitetura na Amaz\u00f4nia, como o Implurb est\u00e1 empenhado no programa \u2018Nosso Centro\u2019, recebemos o convite do Nama para participar do semin\u00e1rio e apresentar o que se est\u00e1 pensando e projetando para o Centro, nesta ampla revitaliza\u00e7\u00e3o da prefeitura\u201d, disse Pedro Paulo.<\/p>\n\n\n\n<p>E n\u00e3o \u00e9 apenas projeto, mas in\u00edcio de obras, que j\u00e1 acontecem no Mirante L\u00facia Almeida, Largo de S\u00e3o Vicente e Casar\u00e3o Thiago de Mello, entre a avenida 7 de Setembro e a rua Bernardo Ramos, no Centro, zona Sul.<\/p>\n\n\n\n<p>\u201cFoi dada a partida na primeira etapa ao primeiro complexo de interven\u00e7\u00f5es. O grande diferencial \u00e9 ter a conex\u00e3o com dois princ\u00edpios: uma conex\u00e3o de paisagem natural, que \u00e9 o rio, e a outra com o patrim\u00f4nio hist\u00f3rico. Essa obra faz a liga\u00e7\u00e3o entre estes dois quadros, harmonizando ambos\u201d, disse o arquiteto.<\/p>\n\n\n\n<p>Para o palestrante, por estar na Amaz\u00f4nia, \u00e9 poss\u00edvel mostrar o resultado concreto de preserva\u00e7\u00e3o e reconvers\u00e3o do patrim\u00f4nio com usos atuais, como acontecer\u00e1 com o Casar\u00e3o Thiago de Mello, que no passado era uma resid\u00eancia e ser\u00e1 a casa da funda\u00e7\u00e3o de mesmo nome, com exposi\u00e7\u00f5es, acervo do poeta amazonense e visita\u00e7\u00e3o.<\/p>\n\n\n\n<p>\u201cEnquanto o pr\u00e9dio do mirante faz a interlocu\u00e7\u00e3o como \u00e1rea multigeracional da nossa cidade, se somando a refer\u00eancias como a praia da Ponta Negra, o largo S\u00e3o Sebasti\u00e3o e o Teatro Amazonas\u201d, completou Pedro Paulo.<\/p>\n\n\n\n<p>O coordenador do Grupo de Pesquisa Arquitetura Moderna na Amaz\u00f4nia (Grupo Ama), arquiteto Marcos Cereto, falou que ser\u00e1 a primeira vez que o grupo de alunos do MIT estar\u00e1 em Manaus, fazendo um trabalho de imers\u00e3o com apoio do arquiteto paulista Angelo Bucci.<\/p>\n\n\n\n<p>\u201cOs alunos estar\u00e3o na cidade para que possam conhecer mais a regi\u00e3o, a arquitetura e o planejamento do que est\u00e1 sendo feito. E o Implurb vai apresentar o \u2018Nosso Centro\u2019, compartilhando experi\u00eancias\u201d, afirmou Cereto.<\/p>\n\n\n\n<p><strong>Programa<\/strong><\/p>\n\n\n\n<p>O \u201cNosso Centro\u201d tem entre suas diretrizes proporcionar a reocupa\u00e7\u00e3o da \u00e1rea central de Manaus, um bairro dotado de uma das melhores infraestruturas urbanas da capital. Em todas as interven\u00e7\u00f5es realizadas em centros hist\u00f3ricos, no Brasil e em outros pa\u00edses, se verifica que inicialmente h\u00e1 um investimento do poder p\u00fablico, fazendo o resgate das \u00e1reas, e posteriormente a iniciativa privada d\u00e1 continuidade e tem sua parcela de colabora\u00e7\u00e3o.<\/p>\n\n\n\n<p>\u201cTemos um exemplo de interven\u00e7\u00e3o funcional, que \u00e9 o largo S\u00e3o Sebasti\u00e3o. Antes, n\u00e3o era uma \u00e1rea desocupada ou t\u00e3o degradada quanto a do S\u00e3o Vicente, mas no per\u00edodo noturno havia problemas de inseguran\u00e7a. Com o tempo e todo o trabalho do Governo do Estado, aporte de recursos financeiros e uma programa\u00e7\u00e3o cultural constante, que leva movimento e vida \u00e0 \u00e1rea, se tem hoje o largo como conhecemos\u201d, disse Pedro Paulo.<\/p>\n\n\n\n<p>E no entorno, na \u00faltima d\u00e9cada o espa\u00e7o tem recebido diversos tipos de neg\u00f3cios, de hot\u00e9is a restaurantes, passando por servi\u00e7os. \u201cAcabou se criando toda uma ambi\u00eancia para facilitar a chegada de novos neg\u00f3cios. E o \u2018Nosso Centro\u2019 n\u00e3o ter\u00e1 apenas a grande interven\u00e7\u00e3o do mirante, mas outras agregadas, como a reforma da Pra\u00e7a IX de Novembro, o Museu do Porto e a quadra Batar\u00e1\u201d, completou o arquiteto.<\/p>\n\n\n\n<p>Tamb\u00e9m v\u00e3o participar do Amaz\u00f4nia Studio 2023 nomes da arquitetura nacional e local para falar de temas amaz\u00f4nicos, como Isabella de Bonis, o pr\u00f3prio Cereto, Marcelo Borborema, Almir de Oliveira, Angelo Bucci, Luca Senise, Vitor Pessoa, Muna Hauache, Laurent Troost, Ennio Candotti, Filippo Stampononi e Roberto Moita.<\/p>\n\n\n\n<p><strong>MIT<\/strong><\/p>\n\n\n\n<p>O MIT \u00e9 uma universidade privada norte-americana com programas de inova\u00e7\u00e3o, ci\u00eancia, engenharia e disciplinas t\u00e9cnicas, cujo objetivo \u00e9 fazer um mundo melhor por meio da educa\u00e7\u00e3o, pesquisa e inova\u00e7\u00e3o.<\/p>\n\n\n\n<p>&#8212; &#8212; &#8212;<\/p>\n\n\n\n<p><strong>Texto &#8211;&nbsp;<\/strong>Claudia do Valle \/ Implurb<\/p>\n\n\n\n<p><strong>Foto &#8211;<\/strong> Cl\u00f3vis Miranda&nbsp;\/ Semcom<\/p>\n","protected":false},"excerpt":{"rendered":"","protected":false},"author":39,"featured_media":3625,"comment_status":"closed","ping_status":"closed","sticky":false,"template":"","format":"standard","meta":{"footnotes":""},"categories":[1136],"tags":[1137,11,14,1138],"acf":[],"yoast_head":"<!-- This site is optimized with the Yoast SEO plugin v23.0 - https:\/\/yoast.com\/wordpress\/plugins\/seo\/ -->\n<title>\u2018Nosso Centro\u2019 ser\u00e1 tema de palestra em semin\u00e1rio para alunos da universidade americana MIT<\/title>\n<meta name=\"description\" content=\"O Instituto Municipal de Planejamento Urbano (Implurb) far\u00e1 uma apresenta\u00e7\u00e3o na pr\u00f3xima segunda-feira, 27\/3, com o diretor de Planejamento do \u00f3rg\u00e3o, o arquiteto e urbanista Pedro Paulo Cordeiro.\" \/>\n<meta name=\"robots\" content=\"noindex, follow\" \/>\n<meta property=\"og:locale\" content=\"pt_BR\" \/>\n<meta property=\"og:type\" content=\"article\" \/>\n<meta property=\"og:title\" content=\"\u2018Nosso Centro\u2019 ser\u00e1 tema de palestra em semin\u00e1rio para alunos da universidade americana MIT\" \/>\n<meta property=\"og:description\" content=\"O Instituto Municipal de Planejamento Urbano (Implurb) far\u00e1 uma apresenta\u00e7\u00e3o na pr\u00f3xima segunda-feira, 27\/3, com o diretor de Planejamento do \u00f3rg\u00e3o, o arquiteto e urbanista Pedro Paulo Cordeiro.\" \/>\n<meta property=\"og:url\" content=\"https:\/\/www.manaus.am.gov.br\/implurb\/nosso-centro-sera-tema-de-palestra-em-seminario-para-alunos-da-universidade-americana-mit\/\" \/>\n<meta property=\"og:site_name\" content=\"IMPLURB\" \/>\n<meta property=\"article:published_time\" content=\"2023-03-23T19:16:44+00:00\" \/>\n<meta property=\"article:modified_time\" content=\"2024-01-16T19:32:45+00:00\" \/>\n<meta property=\"og:image\" content=\"https:\/\/www.manaus.am.gov.br\/implurb\/wp-content\/uploads\/sites\/13\/2024\/01\/centro.jpg\" \/>\n\t<meta property=\"og:image:width\" content=\"1600\" \/>\n\t<meta property=\"og:image:height\" content=\"1066\" \/>\n\t<meta property=\"og:image:type\" content=\"image\/jpeg\" \/>\n<meta name=\"author\" content=\"Bruna Greco\" \/>\n<meta name=\"twitter:card\" content=\"summary_large_image\" \/>\n<meta name=\"twitter:label1\" content=\"Written by\" \/>\n\t<meta name=\"twitter:data1\" content=\"Bruna Greco\" \/>\n\t<meta name=\"twitter:label2\" content=\"Est. reading time\" \/>\n\t<meta name=\"twitter:data2\" content=\"4 minutos\" \/>\n<script type=\"application\/ld+json\" class=\"yoast-schema-graph\">{\"@context\":\"https:\/\/schema.org\",\"@graph\":[{\"@type\":\"WebPage\",\"@id\":\"https:\/\/www.manaus.am.gov.br\/implurb\/nosso-centro-sera-tema-de-palestra-em-seminario-para-alunos-da-universidade-americana-mit\/\",\"url\":\"https:\/\/www.manaus.am.gov.br\/implurb\/nosso-centro-sera-tema-de-palestra-em-seminario-para-alunos-da-universidade-americana-mit\/\",\"name\":\"\u2018Nosso Centro\u2019 ser\u00e1 tema de palestra em semin\u00e1rio para alunos da universidade americana MIT\",\"isPartOf\":{\"@id\":\"https:\/\/www.manaus.am.gov.br\/implurb\/#website\"},\"primaryImageOfPage\":{\"@id\":\"https:\/\/www.manaus.am.gov.br\/implurb\/nosso-centro-sera-tema-de-palestra-em-seminario-para-alunos-da-universidade-americana-mit\/#primaryimage\"},\"image\":{\"@id\":\"https:\/\/www.manaus.am.gov.br\/implurb\/nosso-centro-sera-tema-de-palestra-em-seminario-para-alunos-da-universidade-americana-mit\/#primaryimage\"},\"thumbnailUrl\":\"https:\/\/www.manaus.am.gov.br\/implurb\/wp-content\/uploads\/sites\/13\/2024\/01\/centro.jpg\",\"datePublished\":\"2023-03-23T19:16:44+00:00\",\"dateModified\":\"2024-01-16T19:32:45+00:00\",\"author\":{\"@id\":\"https:\/\/www.manaus.am.gov.br\/implurb\/#\/schema\/person\/05d223aea2bf115f9883a6ff3683d81b\"},\"description\":\"O Instituto Municipal de Planejamento Urbano (Implurb) far\u00e1 uma apresenta\u00e7\u00e3o na pr\u00f3xima segunda-feira, 27\/3, com o diretor de Planejamento do \u00f3rg\u00e3o, o arquiteto e urbanista Pedro Paulo Cordeiro.\",\"breadcrumb\":{\"@id\":\"https:\/\/www.manaus.am.gov.br\/implurb\/nosso-centro-sera-tema-de-palestra-em-seminario-para-alunos-da-universidade-americana-mit\/#breadcrumb\"},\"inLanguage\":\"pt-BR\",\"potentialAction\":[{\"@type\":\"ReadAction\",\"target\":[\"https:\/\/www.manaus.am.gov.br\/implurb\/nosso-centro-sera-tema-de-palestra-em-seminario-para-alunos-da-universidade-americana-mit\/\"]}]},{\"@type\":\"ImageObject\",\"inLanguage\":\"pt-BR\",\"@id\":\"https:\/\/www.manaus.am.gov.br\/implurb\/nosso-centro-sera-tema-de-palestra-em-seminario-para-alunos-da-universidade-americana-mit\/#primaryimage\",\"url\":\"https:\/\/www.manaus.am.gov.br\/implurb\/wp-content\/uploads\/sites\/13\/2024\/01\/centro.jpg\",\"contentUrl\":\"https:\/\/www.manaus.am.gov.br\/implurb\/wp-content\/uploads\/sites\/13\/2024\/01\/centro.jpg\",\"width\":1600,\"height\":1066},{\"@type\":\"BreadcrumbList\",\"@id\":\"https:\/\/www.manaus.am.gov.br\/implurb\/nosso-centro-sera-tema-de-palestra-em-seminario-para-alunos-da-universidade-americana-mit\/#breadcrumb\",\"itemListElement\":[{\"@type\":\"ListItem\",\"position\":1,\"name\":\"Home\",\"item\":\"https:\/\/www.manaus.am.gov.br\/implurb\/\"},{\"@type\":\"ListItem\",\"position\":2,\"name\":\"\u2018Nosso Centro\u2019 ser\u00e1 tema de palestra em semin\u00e1rio para alunos da universidade americana MIT\u00a0\"}]},{\"@type\":\"WebSite\",\"@id\":\"https:\/\/www.manaus.am.gov.br\/implurb\/#website\",\"url\":\"https:\/\/www.manaus.am.gov.br\/implurb\/\",\"name\":\"IMPLURB\",\"description\":\"Prefeitura de Manaus\",\"potentialAction\":[{\"@type\":\"SearchAction\",\"target\":{\"@type\":\"EntryPoint\",\"urlTemplate\":\"https:\/\/www.manaus.am.gov.br\/implurb\/?s={search_term_string}\"},\"query-input\":\"required name=search_term_string\"}],\"inLanguage\":\"pt-BR\"},{\"@type\":\"Person\",\"@id\":\"https:\/\/www.manaus.am.gov.br\/implurb\/#\/schema\/person\/05d223aea2bf115f9883a6ff3683d81b\",\"name\":\"Bruna Greco\",\"image\":{\"@type\":\"ImageObject\",\"inLanguage\":\"pt-BR\",\"@id\":\"https:\/\/www.manaus.am.gov.br\/implurb\/#\/schema\/person\/image\/\",\"url\":\"https:\/\/secure.gravatar.com\/avatar\/9c877d1a6adc2a055330e5c09a8653ce?s=96&d=mm&r=g\",\"contentUrl\":\"https:\/\/secure.gravatar.com\/avatar\/9c877d1a6adc2a055330e5c09a8653ce?s=96&d=mm&r=g\",\"caption\":\"Bruna Greco\"}}]}<\/script>\n<!-- \/ Yoast SEO plugin. -->","yoast_head_json":{"title":"\u2018Nosso Centro\u2019 ser\u00e1 tema de palestra em semin\u00e1rio para alunos da universidade americana MIT","description":"O Instituto Municipal de Planejamento Urbano (Implurb) far\u00e1 uma apresenta\u00e7\u00e3o na pr\u00f3xima segunda-feira, 27\/3, com o diretor de Planejamento do \u00f3rg\u00e3o, o arquiteto e urbanista Pedro Paulo Cordeiro.","robots":{"index":"noindex","follow":"follow"},"og_locale":"pt_BR","og_type":"article","og_title":"\u2018Nosso Centro\u2019 ser\u00e1 tema de palestra em semin\u00e1rio para alunos da universidade americana MIT","og_description":"O Instituto Municipal de Planejamento Urbano (Implurb) far\u00e1 uma apresenta\u00e7\u00e3o na pr\u00f3xima segunda-feira, 27\/3, com o diretor de Planejamento do \u00f3rg\u00e3o, o arquiteto e urbanista Pedro Paulo Cordeiro.","og_url":"https:\/\/www.manaus.am.gov.br\/implurb\/nosso-centro-sera-tema-de-palestra-em-seminario-para-alunos-da-universidade-americana-mit\/","og_site_name":"IMPLURB","article_published_time":"2023-03-23T19:16:44+00:00","article_modified_time":"2024-01-16T19:32:45+00:00","og_image":[{"width":1600,"height":1066,"url":"https:\/\/www.manaus.am.gov.br\/implurb\/wp-content\/uploads\/sites\/13\/2024\/01\/centro.jpg","type":"image\/jpeg"}],"author":"Bruna Greco","twitter_card":"summary_large_image","twitter_misc":{"Written by":"Bruna Greco","Est. reading time":"4 minutos"},"schema":{"@context":"https:\/\/schema.org","@graph":[{"@type":"WebPage","@id":"https:\/\/www.manaus.am.gov.br\/implurb\/nosso-centro-sera-tema-de-palestra-em-seminario-para-alunos-da-universidade-americana-mit\/","url":"https:\/\/www.manaus.am.gov.br\/implurb\/nosso-centro-sera-tema-de-palestra-em-seminario-para-alunos-da-universidade-americana-mit\/","name":"\u2018Nosso Centro\u2019 ser\u00e1 tema de palestra em semin\u00e1rio para alunos da universidade americana MIT","isPartOf":{"@id":"https:\/\/www.manaus.am.gov.br\/implurb\/#website"},"primaryImageOfPage":{"@id":"https:\/\/www.manaus.am.gov.br\/implurb\/nosso-centro-sera-tema-de-palestra-em-seminario-para-alunos-da-universidade-americana-mit\/#primaryimage"},"image":{"@id":"https:\/\/www.manaus.am.gov.br\/implurb\/nosso-centro-sera-tema-de-palestra-em-seminario-para-alunos-da-universidade-americana-mit\/#primaryimage"},"thumbnailUrl":"https:\/\/www.manaus.am.gov.br\/implurb\/wp-content\/uploads\/sites\/13\/2024\/01\/centro.jpg","datePublished":"2023-03-23T19:16:44+00:00","dateModified":"2024-01-16T19:32:45+00:00","author":{"@id":"https:\/\/www.manaus.am.gov.br\/implurb\/#\/schema\/person\/05d223aea2bf115f9883a6ff3683d81b"},"description":"O Instituto Municipal de Planejamento Urbano (Implurb) far\u00e1 uma apresenta\u00e7\u00e3o na pr\u00f3xima segunda-feira, 27\/3, com o diretor de Planejamento do \u00f3rg\u00e3o, o arquiteto e urbanista Pedro Paulo Cordeiro.","breadcrumb":{"@id":"https:\/\/www.manaus.am.gov.br\/implurb\/nosso-centro-sera-tema-de-palestra-em-seminario-para-alunos-da-universidade-americana-mit\/#breadcrumb"},"inLanguage":"pt-BR","potentialAction":[{"@type":"ReadAction","target":["https:\/\/www.manaus.am.gov.br\/implurb\/nosso-centro-sera-tema-de-palestra-em-seminario-para-alunos-da-universidade-americana-mit\/"]}]},{"@type":"ImageObject","inLanguage":"pt-BR","@id":"https:\/\/www.manaus.am.gov.br\/implurb\/nosso-centro-sera-tema-de-palestra-em-seminario-para-alunos-da-universidade-americana-mit\/#primaryimage","url":"https:\/\/www.manaus.am.gov.br\/implurb\/wp-content\/uploads\/sites\/13\/2024\/01\/centro.jpg","contentUrl":"https:\/\/www.manaus.am.gov.br\/implurb\/wp-content\/uploads\/sites\/13\/2024\/01\/centro.jpg","width":1600,"height":1066},{"@type":"BreadcrumbList","@id":"https:\/\/www.manaus.am.gov.br\/implurb\/nosso-centro-sera-tema-de-palestra-em-seminario-para-alunos-da-universidade-americana-mit\/#breadcrumb","itemListElement":[{"@type":"ListItem","position":1,"name":"Home","item":"https:\/\/www.manaus.am.gov.br\/implurb\/"},{"@type":"ListItem","position":2,"name":"\u2018Nosso Centro\u2019 ser\u00e1 tema de palestra em semin\u00e1rio para alunos da universidade americana MIT\u00a0"}]},{"@type":"WebSite","@id":"https:\/\/www.manaus.am.gov.br\/implurb\/#website","url":"https:\/\/www.manaus.am.gov.br\/implurb\/","name":"IMPLURB","description":"Prefeitura de Manaus","potentialAction":[{"@type":"SearchAction","target":{"@type":"EntryPoint","urlTemplate":"https:\/\/www.manaus.am.gov.br\/implurb\/?s={search_term_string}"},"query-input":"required name=search_term_string"}],"inLanguage":"pt-BR"},{"@type":"Person","@id":"https:\/\/www.manaus.am.gov.br\/implurb\/#\/schema\/person\/05d223aea2bf115f9883a6ff3683d81b","name":"Bruna Greco","image":{"@type":"ImageObject","inLanguage":"pt-BR","@id":"https:\/\/www.manaus.am.gov.br\/implurb\/#\/schema\/person\/image\/","url":"https:\/\/secure.gravatar.com\/avatar\/9c877d1a6adc2a055330e5c09a8653ce?s=96&d=mm&r=g","contentUrl":"https:\/\/secure.gravatar.com\/avatar\/9c877d1a6adc2a055330e5c09a8653ce?s=96&d=mm&r=g","caption":"Bruna Greco"}}]}},"_links":{"self":[{"href":"https:\/\/www.manaus.am.gov.br\/implurb\/wp-json\/wp\/v2\/posts\/3624"}],"collection":[{"href":"https:\/\/www.manaus.am.gov.br\/implurb\/wp-json\/wp\/v2\/posts"}],"about":[{"href":"https:\/\/www.manaus.am.gov.br\/implurb\/wp-json\/wp\/v2\/types\/post"}],"author":[{"embeddable":true,"href":"https:\/\/www.manaus.am.gov.br\/implurb\/wp-json\/wp\/v2\/users\/39"}],"replies":[{"embeddable":true,"href":"https:\/\/www.manaus.am.gov.br\/implurb\/wp-json\/wp\/v2\/comments?post=3624"}],"version-history":[{"count":0,"href":"https:\/\/www.manaus.am.gov.br\/implurb\/wp-json\/wp\/v2\/posts\/3624\/revisions"}],"wp:featuredmedia":[{"embeddable":true,"href":"https:\/\/www.manaus.am.gov.br\/implurb\/wp-json\/wp\/v2\/media\/3625"}],"wp:attachment":[{"href":"https:\/\/www.manaus.am.gov.br\/implurb\/wp-json\/wp\/v2\/media?parent=3624"}],"wp:term":[{"taxonomy":"category","embeddable":true,"href":"https:\/\/www.manaus.am.gov.br\/implurb\/wp-json\/wp\/v2\/categories?post=3624"},{"taxonomy":"post_tag","embeddable":true,"href":"https:\/\/www.manaus.am.gov.br\/implurb\/wp-json\/wp\/v2\/tags?post=3624"}],"curies":[{"name":"wp","href":"https:\/\/api.w.org\/{rel}","templated":true}]}}