{"id":362,"date":"2023-06-19T13:30:38","date_gmt":"2023-06-19T17:30:38","guid":{"rendered":"https:\/\/www.manaus.am.gov.br\/implurb\/prefeitura-alerta-que-nao-tem-vinculo-com-entidades-para-cadastro-do-minha-casa-minha-vida\/"},"modified":"2023-11-16T16:18:13","modified_gmt":"2023-11-16T20:18:13","slug":"prefeitura-alerta-que-nao-tem-vinculo-com-entidades-para-cadastro-do-minha-casa-minha-vida","status":"publish","type":"post","link":"https:\/\/www.manaus.am.gov.br\/implurb\/prefeitura-alerta-que-nao-tem-vinculo-com-entidades-para-cadastro-do-minha-casa-minha-vida\/","title":{"rendered":"Prefeitura alerta que n\u00e3o tem v\u00ednculo com entidades para cadastro do &#8216;Minha Casa, Minha Vida&#8217;"},"content":{"rendered":"\n<p>A&nbsp;Prefeitura de Manaus&nbsp;alerta a popula\u00e7\u00e3o e benefici\u00e1rios do programa habitacional de interesse social que n\u00e3o t\u00eam v\u00ednculo com nenhuma entidade, Organiza\u00e7\u00e3o N\u00e3o Governamental (ONG) ou instituto do terceiro setor para cadastro do programa federal &#8220;Minha Casa, Minha Vida&#8221;.<\/p>\n\n\n\n<p>Todas as informa\u00e7\u00f5es sobre o programa e cadastro s\u00e3o amplamente divulgadas nas redes sociais e canais oficiais da prefeitura. Em caso de cobran\u00e7a de cadastro por terceiros, a orienta\u00e7\u00e3o \u00e9 que se procure a pol\u00edcia e fa\u00e7a um boletim de ocorr\u00eancia.<\/p>\n\n\n\n<p>A nova Secretaria Municipal de Habita\u00e7\u00e3o e Assuntos Fundi\u00e1rios (Semhaf) vai substituir a Vice-Presid\u00eancia de Habita\u00e7\u00e3o e Assuntos Fundi\u00e1rios (Vpreshaf), estando em fase de transi\u00e7\u00e3o. No momento, n\u00e3o est\u00e1 sendo feito nenhum cadastro novo para habita\u00e7\u00e3o de interesse social.<\/p>\n\n\n\n<p>Hoje, o atendimento priorit\u00e1rio na sede da secretaria \u00e9 para&nbsp;fam\u00edlias em situa\u00e7\u00e3o de vulnerabilidade e afetadas por chuvas, deslizamentos e moradoras de \u00e1reas de risco devidamente encaminhadas pelas secretarias municipais de Seguran\u00e7a P\u00fablica e Defesa Social (Semseg) e da Mulher, Assist\u00eancia Social e Cidadania (Semasc), al\u00e9m do Fundo&nbsp;Manaus&nbsp;Solid\u00e1ria (FMS).<\/p>\n\n\n\n<p>\u201c\u00c9 importante que as pessoas fiquem atentas a poss\u00edveis golpes, cada vez mais comuns. No momento, n\u00e3o estamos fazendo novos cadastros\u201d, afirmou o subsecret\u00e1rio da Semhaf, Renato Queiroz.<\/p>\n\n\n\n<p>A atualiza\u00e7\u00e3o para quem tem cadastro no sistema est\u00e1 dispon\u00edvel apenas no posto do shopping Phelippe Daou, no bairro Cidade de Deus, zona Norte, das 8h30 \u00e0s 13h, de segunda a sexta-feira (exceto feriados e pontos facultativos).<\/p>\n\n\n\n<p>O posto na galeria popular Esp\u00edrito Santo, na rua 24 de Maio com a Joaquim Sarmento, Centro, funcionar\u00e1 apenas para tirar d\u00favidas e informa\u00e7\u00f5es, tamb\u00e9m das 8h30 \u00e0s 13h, \u00e0s ter\u00e7as e quintas-feiras (exceto feriados e pontos facultativos).<\/p>\n\n\n\n<p>A atualiza\u00e7\u00e3o do cadastro se destina a pessoas que j\u00e1 tinham dados no banco municipal. O&nbsp;atendimento&nbsp;segue sendo por agendamento pr\u00e9vio, feito pelo&nbsp;telefone&nbsp;(92) 98844-2001.<\/p>\n\n\n\n<p><strong>Nova secretaria<\/strong><\/p>\n\n\n\n<p>A cria\u00e7\u00e3o da Secretaria de Habita\u00e7\u00e3o visa ampliar os servi\u00e7os da pasta, que estava vinculada ao Instituto Municipal de Planejamento Urbano (Implurb), funcionando como uma vice-presid\u00eancia dentro da autarquia.<\/p>\n\n\n\n<p>A estrutura\u00e7\u00e3o administrativa \u00e9 uma prioridade da gest\u00e3o David Almeida para aprimorar e expandir a pol\u00edtica habitacional municipal e fundi\u00e1ria, em coopera\u00e7\u00e3o com o governo do Estado e governo federal. A Semhaf ficar\u00e1 respons\u00e1vel pela implementa\u00e7\u00e3o de programas de habita\u00e7\u00e3o social na capital, al\u00e9m de passar a fazer a gest\u00e3o do patrim\u00f4nio fundi\u00e1rio municipal n\u00e3o edificado e da regulariza\u00e7\u00e3o fundi\u00e1ria de n\u00facleos urbanos informais consolidados.<\/p>\n\n\n\n<p>A nova pasta vai elaborar e administrar as estrat\u00e9gias de interven\u00e7\u00e3o urbana para desenvolver programas habitacionais e reduzir o d\u00e9ficit na capital, passando a gerir o Fundo Municipal de Habita\u00e7\u00e3o.<\/p>\n\n\n\n<p>&#8212; &#8212; &#8212;<\/p>\n\n\n\n<p><strong>Texto<\/strong>&nbsp;\u2013 Claudia do Valle \/ Implurb<\/p>\n\n\n\n<p><strong>Fotos<\/strong>&nbsp;\u2013 Divulga\u00e7\u00e3o \/ Arquivo Implurb<\/p>\n","protected":false},"excerpt":{"rendered":"","protected":false},"author":24,"featured_media":363,"comment_status":"closed","ping_status":"closed","sticky":false,"template":"","format":"standard","meta":{"footnotes":""},"categories":[126],"tags":[109,31,205,206,15,168,169,170,171],"acf":[],"yoast_head":"<!-- This site is optimized with the Yoast SEO plugin v23.0 - https:\/\/yoast.com\/wordpress\/plugins\/seo\/ -->\n<title>Prefeitura alerta que n\u00e3o tem v\u00ednculo com entidades para cadastro do &#039;Minha Casa, Minha Vida&#039; - IMPLURB<\/title>\n<meta name=\"description\" content=\"A\u00a0Prefeitura de Manaus\u00a0alerta a popula\u00e7\u00e3o e benefici\u00e1rios do programa habitacional de interesse social que n\u00e3o t\u00eam v\u00ednculo com nenhuma entidade, Organiza\u00e7\u00e3o N\u00e3o Governamental (ONG) ou instituto do terceiro setor para cadastro do programa federal &quot;Minha Casa, Minha Vida&quot;.\" \/>\n<meta name=\"robots\" content=\"noindex, follow\" \/>\n<meta property=\"og:locale\" content=\"pt_BR\" \/>\n<meta property=\"og:type\" content=\"article\" \/>\n<meta property=\"og:title\" content=\"Prefeitura alerta que n\u00e3o tem v\u00ednculo com entidades para cadastro do &#039;Minha Casa, Minha Vida&#039; - IMPLURB\" \/>\n<meta property=\"og:description\" content=\"A\u00a0Prefeitura de Manaus\u00a0alerta a popula\u00e7\u00e3o e benefici\u00e1rios do programa habitacional de interesse social que n\u00e3o t\u00eam v\u00ednculo com nenhuma entidade, Organiza\u00e7\u00e3o N\u00e3o Governamental (ONG) ou instituto do terceiro setor para cadastro do programa federal &quot;Minha Casa, Minha Vida&quot;.\" \/>\n<meta property=\"og:url\" content=\"https:\/\/www.manaus.am.gov.br\/implurb\/prefeitura-alerta-que-nao-tem-vinculo-com-entidades-para-cadastro-do-minha-casa-minha-vida\/\" \/>\n<meta property=\"og:site_name\" content=\"IMPLURB\" \/>\n<meta property=\"article:published_time\" content=\"2023-06-19T17:30:38+00:00\" \/>\n<meta property=\"article:modified_time\" content=\"2023-11-16T20:18:13+00:00\" \/>\n<meta property=\"og:image\" content=\"https:\/\/www.manaus.am.gov.br\/implurb\/wp-content\/uploads\/sites\/13\/2023\/06\/19habita.jpg\" \/>\n\t<meta property=\"og:image:width\" content=\"1600\" \/>\n\t<meta property=\"og:image:height\" content=\"900\" \/>\n\t<meta property=\"og:image:type\" content=\"image\/jpeg\" \/>\n<meta name=\"author\" content=\"Cl\u00e1udia Barbosa\" \/>\n<meta name=\"twitter:card\" content=\"summary_large_image\" \/>\n<meta name=\"twitter:label1\" content=\"Written by\" \/>\n\t<meta name=\"twitter:data1\" content=\"Cl\u00e1udia Barbosa\" \/>\n\t<meta name=\"twitter:label2\" content=\"Est. reading time\" \/>\n\t<meta name=\"twitter:data2\" content=\"3 minutos\" \/>\n<script type=\"application\/ld+json\" class=\"yoast-schema-graph\">{\"@context\":\"https:\/\/schema.org\",\"@graph\":[{\"@type\":\"WebPage\",\"@id\":\"https:\/\/www.manaus.am.gov.br\/implurb\/prefeitura-alerta-que-nao-tem-vinculo-com-entidades-para-cadastro-do-minha-casa-minha-vida\/\",\"url\":\"https:\/\/www.manaus.am.gov.br\/implurb\/prefeitura-alerta-que-nao-tem-vinculo-com-entidades-para-cadastro-do-minha-casa-minha-vida\/\",\"name\":\"Prefeitura alerta que n\u00e3o tem v\u00ednculo com entidades para cadastro do 'Minha Casa, Minha Vida' - IMPLURB\",\"isPartOf\":{\"@id\":\"https:\/\/www.manaus.am.gov.br\/implurb\/#website\"},\"primaryImageOfPage\":{\"@id\":\"https:\/\/www.manaus.am.gov.br\/implurb\/prefeitura-alerta-que-nao-tem-vinculo-com-entidades-para-cadastro-do-minha-casa-minha-vida\/#primaryimage\"},\"image\":{\"@id\":\"https:\/\/www.manaus.am.gov.br\/implurb\/prefeitura-alerta-que-nao-tem-vinculo-com-entidades-para-cadastro-do-minha-casa-minha-vida\/#primaryimage\"},\"thumbnailUrl\":\"https:\/\/www.manaus.am.gov.br\/implurb\/wp-content\/uploads\/sites\/13\/2023\/06\/19habita.jpg\",\"datePublished\":\"2023-06-19T17:30:38+00:00\",\"dateModified\":\"2023-11-16T20:18:13+00:00\",\"author\":{\"@id\":\"https:\/\/www.manaus.am.gov.br\/implurb\/#\/schema\/person\/d0a166b5031154c33c77794ddc9a827e\"},\"description\":\"A\u00a0Prefeitura de Manaus\u00a0alerta a popula\u00e7\u00e3o e benefici\u00e1rios do programa habitacional de interesse social que n\u00e3o t\u00eam v\u00ednculo com nenhuma entidade, Organiza\u00e7\u00e3o N\u00e3o Governamental (ONG) ou instituto do terceiro setor para cadastro do programa federal \\\"Minha Casa, Minha Vida\\\".\",\"breadcrumb\":{\"@id\":\"https:\/\/www.manaus.am.gov.br\/implurb\/prefeitura-alerta-que-nao-tem-vinculo-com-entidades-para-cadastro-do-minha-casa-minha-vida\/#breadcrumb\"},\"inLanguage\":\"pt-BR\",\"potentialAction\":[{\"@type\":\"ReadAction\",\"target\":[\"https:\/\/www.manaus.am.gov.br\/implurb\/prefeitura-alerta-que-nao-tem-vinculo-com-entidades-para-cadastro-do-minha-casa-minha-vida\/\"]}]},{\"@type\":\"ImageObject\",\"inLanguage\":\"pt-BR\",\"@id\":\"https:\/\/www.manaus.am.gov.br\/implurb\/prefeitura-alerta-que-nao-tem-vinculo-com-entidades-para-cadastro-do-minha-casa-minha-vida\/#primaryimage\",\"url\":\"https:\/\/www.manaus.am.gov.br\/implurb\/wp-content\/uploads\/sites\/13\/2023\/06\/19habita.jpg\",\"contentUrl\":\"https:\/\/www.manaus.am.gov.br\/implurb\/wp-content\/uploads\/sites\/13\/2023\/06\/19habita.jpg\",\"width\":1600,\"height\":900},{\"@type\":\"BreadcrumbList\",\"@id\":\"https:\/\/www.manaus.am.gov.br\/implurb\/prefeitura-alerta-que-nao-tem-vinculo-com-entidades-para-cadastro-do-minha-casa-minha-vida\/#breadcrumb\",\"itemListElement\":[{\"@type\":\"ListItem\",\"position\":1,\"name\":\"Home\",\"item\":\"https:\/\/www.manaus.am.gov.br\/implurb\/\"},{\"@type\":\"ListItem\",\"position\":2,\"name\":\"Prefeitura alerta que n\u00e3o tem v\u00ednculo com entidades para cadastro do &#8216;Minha Casa, Minha Vida&#8217;\"}]},{\"@type\":\"WebSite\",\"@id\":\"https:\/\/www.manaus.am.gov.br\/implurb\/#website\",\"url\":\"https:\/\/www.manaus.am.gov.br\/implurb\/\",\"name\":\"IMPLURB\",\"description\":\"Prefeitura de Manaus\",\"potentialAction\":[{\"@type\":\"SearchAction\",\"target\":{\"@type\":\"EntryPoint\",\"urlTemplate\":\"https:\/\/www.manaus.am.gov.br\/implurb\/?s={search_term_string}\"},\"query-input\":\"required name=search_term_string\"}],\"inLanguage\":\"pt-BR\"},{\"@type\":\"Person\",\"@id\":\"https:\/\/www.manaus.am.gov.br\/implurb\/#\/schema\/person\/d0a166b5031154c33c77794ddc9a827e\",\"name\":\"Cl\u00e1udia Barbosa\",\"image\":{\"@type\":\"ImageObject\",\"inLanguage\":\"pt-BR\",\"@id\":\"https:\/\/www.manaus.am.gov.br\/implurb\/#\/schema\/person\/image\/\",\"url\":\"https:\/\/secure.gravatar.com\/avatar\/42958a1cf007f1a00534009218c72590?s=96&d=mm&r=g\",\"contentUrl\":\"https:\/\/secure.gravatar.com\/avatar\/42958a1cf007f1a00534009218c72590?s=96&d=mm&r=g\",\"caption\":\"Cl\u00e1udia Barbosa\"}}]}<\/script>\n<!-- \/ Yoast SEO plugin. -->","yoast_head_json":{"title":"Prefeitura alerta que n\u00e3o tem v\u00ednculo com entidades para cadastro do 'Minha Casa, Minha Vida' - IMPLURB","description":"A\u00a0Prefeitura de Manaus\u00a0alerta a popula\u00e7\u00e3o e benefici\u00e1rios do programa habitacional de interesse social que n\u00e3o t\u00eam v\u00ednculo com nenhuma entidade, Organiza\u00e7\u00e3o N\u00e3o Governamental (ONG) ou instituto do terceiro setor para cadastro do programa federal \"Minha Casa, Minha Vida\".","robots":{"index":"noindex","follow":"follow"},"og_locale":"pt_BR","og_type":"article","og_title":"Prefeitura alerta que n\u00e3o tem v\u00ednculo com entidades para cadastro do 'Minha Casa, Minha Vida' - IMPLURB","og_description":"A\u00a0Prefeitura de Manaus\u00a0alerta a popula\u00e7\u00e3o e benefici\u00e1rios do programa habitacional de interesse social que n\u00e3o t\u00eam v\u00ednculo com nenhuma entidade, Organiza\u00e7\u00e3o N\u00e3o Governamental (ONG) ou instituto do terceiro setor para cadastro do programa federal \"Minha Casa, Minha Vida\".","og_url":"https:\/\/www.manaus.am.gov.br\/implurb\/prefeitura-alerta-que-nao-tem-vinculo-com-entidades-para-cadastro-do-minha-casa-minha-vida\/","og_site_name":"IMPLURB","article_published_time":"2023-06-19T17:30:38+00:00","article_modified_time":"2023-11-16T20:18:13+00:00","og_image":[{"width":1600,"height":900,"url":"https:\/\/www.manaus.am.gov.br\/implurb\/wp-content\/uploads\/sites\/13\/2023\/06\/19habita.jpg","type":"image\/jpeg"}],"author":"Cl\u00e1udia Barbosa","twitter_card":"summary_large_image","twitter_misc":{"Written by":"Cl\u00e1udia Barbosa","Est. reading time":"3 minutos"},"schema":{"@context":"https:\/\/schema.org","@graph":[{"@type":"WebPage","@id":"https:\/\/www.manaus.am.gov.br\/implurb\/prefeitura-alerta-que-nao-tem-vinculo-com-entidades-para-cadastro-do-minha-casa-minha-vida\/","url":"https:\/\/www.manaus.am.gov.br\/implurb\/prefeitura-alerta-que-nao-tem-vinculo-com-entidades-para-cadastro-do-minha-casa-minha-vida\/","name":"Prefeitura alerta que n\u00e3o tem v\u00ednculo com entidades para cadastro do 'Minha Casa, Minha Vida' - IMPLURB","isPartOf":{"@id":"https:\/\/www.manaus.am.gov.br\/implurb\/#website"},"primaryImageOfPage":{"@id":"https:\/\/www.manaus.am.gov.br\/implurb\/prefeitura-alerta-que-nao-tem-vinculo-com-entidades-para-cadastro-do-minha-casa-minha-vida\/#primaryimage"},"image":{"@id":"https:\/\/www.manaus.am.gov.br\/implurb\/prefeitura-alerta-que-nao-tem-vinculo-com-entidades-para-cadastro-do-minha-casa-minha-vida\/#primaryimage"},"thumbnailUrl":"https:\/\/www.manaus.am.gov.br\/implurb\/wp-content\/uploads\/sites\/13\/2023\/06\/19habita.jpg","datePublished":"2023-06-19T17:30:38+00:00","dateModified":"2023-11-16T20:18:13+00:00","author":{"@id":"https:\/\/www.manaus.am.gov.br\/implurb\/#\/schema\/person\/d0a166b5031154c33c77794ddc9a827e"},"description":"A\u00a0Prefeitura de Manaus\u00a0alerta a popula\u00e7\u00e3o e benefici\u00e1rios do programa habitacional de interesse social que n\u00e3o t\u00eam v\u00ednculo com nenhuma entidade, Organiza\u00e7\u00e3o N\u00e3o Governamental (ONG) ou instituto do terceiro setor para cadastro do programa federal \"Minha Casa, Minha Vida\".","breadcrumb":{"@id":"https:\/\/www.manaus.am.gov.br\/implurb\/prefeitura-alerta-que-nao-tem-vinculo-com-entidades-para-cadastro-do-minha-casa-minha-vida\/#breadcrumb"},"inLanguage":"pt-BR","potentialAction":[{"@type":"ReadAction","target":["https:\/\/www.manaus.am.gov.br\/implurb\/prefeitura-alerta-que-nao-tem-vinculo-com-entidades-para-cadastro-do-minha-casa-minha-vida\/"]}]},{"@type":"ImageObject","inLanguage":"pt-BR","@id":"https:\/\/www.manaus.am.gov.br\/implurb\/prefeitura-alerta-que-nao-tem-vinculo-com-entidades-para-cadastro-do-minha-casa-minha-vida\/#primaryimage","url":"https:\/\/www.manaus.am.gov.br\/implurb\/wp-content\/uploads\/sites\/13\/2023\/06\/19habita.jpg","contentUrl":"https:\/\/www.manaus.am.gov.br\/implurb\/wp-content\/uploads\/sites\/13\/2023\/06\/19habita.jpg","width":1600,"height":900},{"@type":"BreadcrumbList","@id":"https:\/\/www.manaus.am.gov.br\/implurb\/prefeitura-alerta-que-nao-tem-vinculo-com-entidades-para-cadastro-do-minha-casa-minha-vida\/#breadcrumb","itemListElement":[{"@type":"ListItem","position":1,"name":"Home","item":"https:\/\/www.manaus.am.gov.br\/implurb\/"},{"@type":"ListItem","position":2,"name":"Prefeitura alerta que n\u00e3o tem v\u00ednculo com entidades para cadastro do &#8216;Minha Casa, Minha Vida&#8217;"}]},{"@type":"WebSite","@id":"https:\/\/www.manaus.am.gov.br\/implurb\/#website","url":"https:\/\/www.manaus.am.gov.br\/implurb\/","name":"IMPLURB","description":"Prefeitura de Manaus","potentialAction":[{"@type":"SearchAction","target":{"@type":"EntryPoint","urlTemplate":"https:\/\/www.manaus.am.gov.br\/implurb\/?s={search_term_string}"},"query-input":"required name=search_term_string"}],"inLanguage":"pt-BR"},{"@type":"Person","@id":"https:\/\/www.manaus.am.gov.br\/implurb\/#\/schema\/person\/d0a166b5031154c33c77794ddc9a827e","name":"Cl\u00e1udia Barbosa","image":{"@type":"ImageObject","inLanguage":"pt-BR","@id":"https:\/\/www.manaus.am.gov.br\/implurb\/#\/schema\/person\/image\/","url":"https:\/\/secure.gravatar.com\/avatar\/42958a1cf007f1a00534009218c72590?s=96&d=mm&r=g","contentUrl":"https:\/\/secure.gravatar.com\/avatar\/42958a1cf007f1a00534009218c72590?s=96&d=mm&r=g","caption":"Cl\u00e1udia Barbosa"}}]}},"_links":{"self":[{"href":"https:\/\/www.manaus.am.gov.br\/implurb\/wp-json\/wp\/v2\/posts\/362"}],"collection":[{"href":"https:\/\/www.manaus.am.gov.br\/implurb\/wp-json\/wp\/v2\/posts"}],"about":[{"href":"https:\/\/www.manaus.am.gov.br\/implurb\/wp-json\/wp\/v2\/types\/post"}],"author":[{"embeddable":true,"href":"https:\/\/www.manaus.am.gov.br\/implurb\/wp-json\/wp\/v2\/users\/24"}],"replies":[{"embeddable":true,"href":"https:\/\/www.manaus.am.gov.br\/implurb\/wp-json\/wp\/v2\/comments?post=362"}],"version-history":[{"count":1,"href":"https:\/\/www.manaus.am.gov.br\/implurb\/wp-json\/wp\/v2\/posts\/362\/revisions"}],"predecessor-version":[{"id":704,"href":"https:\/\/www.manaus.am.gov.br\/implurb\/wp-json\/wp\/v2\/posts\/362\/revisions\/704"}],"wp:featuredmedia":[{"embeddable":true,"href":"https:\/\/www.manaus.am.gov.br\/implurb\/wp-json\/wp\/v2\/media\/363"}],"wp:attachment":[{"href":"https:\/\/www.manaus.am.gov.br\/implurb\/wp-json\/wp\/v2\/media?parent=362"}],"wp:term":[{"taxonomy":"category","embeddable":true,"href":"https:\/\/www.manaus.am.gov.br\/implurb\/wp-json\/wp\/v2\/categories?post=362"},{"taxonomy":"post_tag","embeddable":true,"href":"https:\/\/www.manaus.am.gov.br\/implurb\/wp-json\/wp\/v2\/tags?post=362"}],"curies":[{"name":"wp","href":"https:\/\/api.w.org\/{rel}","templated":true}]}}