{"id":3596,"date":"2023-04-06T15:40:04","date_gmt":"2023-04-06T19:40:04","guid":{"rendered":"https:\/\/www.manaus.am.gov.br\/implurb\/licenciamento-urbano-de-manaus-tem-recorde-no-atendimento-em-marco-com-alta-de-324\/"},"modified":"2024-01-16T15:20:33","modified_gmt":"2024-01-16T19:20:33","slug":"licenciamento-urbano-de-manaus-tem-recorde-no-atendimento-em-marco-com-alta-de-324","status":"publish","type":"post","link":"https:\/\/www.manaus.am.gov.br\/implurb\/licenciamento-urbano-de-manaus-tem-recorde-no-atendimento-em-marco-com-alta-de-324\/","title":{"rendered":"Licenciamento urbano de Manaus tem recorde no atendimento em mar\u00e7o com alta de 32,4%"},"content":{"rendered":"\n<p>Com 5.645 atendimentos realizados no m\u00eas de mar\u00e7o de 2023, a Prefeitura de Manaus, via Instituto Municipal de Planejamento Urbano (Implurb), teve alta de 32,42% no setor, comparando com igual per\u00edodo de 2022, quando a autarquia realizou 4.263 servi\u00e7os ao p\u00fablico em geral.<\/p>\n\n\n\n<p>O n\u00famero \u00e9 o maior nos \u00faltimos dois anos, sendo um recorde em 24 meses. O segundo m\u00eas com mais atendimentos foi o de novembro do ano passado, com 4.764 solicita\u00e7\u00f5es.<\/p>\n\n\n\n<p>No acumulado de 2023, o incremento \u00e9 de 19,7%, totalizando 14.166, contra 11.887 do ano anterior. Somando toda a gest\u00e3o do prefeito David Almeida, j\u00e1 foram realizados, no sistema de licenciamento urbano, 109.907 atendimentos.<\/p>\n\n\n\n<p>Em mar\u00e7o, foram 700 processos formalizados, 2.837 e-mails e 1.610 liga\u00e7\u00f5es recebidas na Ger\u00eancia de&nbsp;Atendimento&nbsp;(Geat), de segunda a sexta-feira, exceto feriados e pontos facultativos.<\/p>\n\n\n\n<p>A autarquia trabalha com processos para otimiza\u00e7\u00e3o dos servi\u00e7os e, em breve, muitos estar\u00e3o dispon\u00edveis na plataforma on-line, sendo emitidos pelos pr\u00f3prios requerentes, usando sistemas aut\u00f4nomos, com banco de dados e intelig\u00eancia artificial, al\u00e9m de um software de licenciamento urban\u00edstico.<\/p>\n\n\n\n<p>\u201cDando maior celeridade e melhor fluxo aos processos, nossa miss\u00e3o \u00e9 transformar Manaus em uma cidade global e, entre as capitais brasileiras, uma das melhores para se fazer neg\u00f3cios\u201d, afirmou o diretor-presidente da autarquia, engenheiro Carlos Valente.<\/p>\n\n\n\n<p>Todos os processos de solicita\u00e7\u00e3o de Certid\u00f5es de Informa\u00e7\u00e3o T\u00e9cnica (CIT), alvar\u00e1s de constru\u00e7\u00e3o, certid\u00f5es de Habite-se, desmembramentos, dentre outros servi\u00e7os do \u00f3rg\u00e3o s\u00e3o atendidos com formaliza\u00e7\u00e3o por meio eletr\u00f4nico pelo e-mail. As demandas devem ser enviadas para o&nbsp;<a href=\"mailto:respostaimplurb@outlook.com\" target=\"_blank\" rel=\"noreferrer noopener\">respostaimplurb@outlook.com<\/a>.<\/p>\n\n\n\n<h2 class=\"wp-block-heading\">Requerente<\/h2>\n\n\n\n<p>Nesse&nbsp;atendimento, est\u00e3o processos, orienta\u00e7\u00f5es, despachos, envio de documenta\u00e7\u00e3o, entre outros procedimentos para o requerente ter acesso aos servi\u00e7os da autarquia.<\/p>\n\n\n\n<p>O requerente deve enviar por e-mail o requerimento padr\u00e3o, que \u00e9 encontrado no site do&nbsp;Implurb&nbsp;(<a href=\"http:\/\/implurb.manaus.am.gov.br\/\" target=\"_blank\" rel=\"noreferrer noopener\">implurb.manaus.am.gov.br<\/a>), com os documentos necess\u00e1rios em formato PDF. No site, existe um tutorial de como enviar a&nbsp;<a href=\"https:\/\/www2.manaus.am.gov.br\/docs\/portal\/secretarias\/implurb\/Tutorial%20de%20compartilhamento%20em%20Nuvem.pdf\" target=\"_blank\" rel=\"noreferrer noopener\">documenta\u00e7\u00e3o<\/a>.<\/p>\n\n\n\n<p>No site do&nbsp;Implurb, o requerente deve acessar a aba \u201c<a href=\"https:\/\/implurb.manaus.am.gov.br\/fale-conosco\/\" target=\"_blank\" rel=\"noreferrer noopener\">Fale Conosco<\/a>\u201d onde vai encontrar os n\u00fameros atualizados e em opera\u00e7\u00e3o, em hor\u00e1rio comercial, de segunda a sexta-feira, exceto feriados e pontos facultativos. A Ger\u00eancia de&nbsp;Atendimento&nbsp;(Geat) tem quatro n\u00fameros para os cidad\u00e3os, das 8h \u00e0s 14h, para agendamento pr\u00e9vio: (92) 3625-4789 e o 3625-2947, al\u00e9m do 98855-1330 e 98842-1031, exceto feriados e pontos facultativos.<\/p>\n\n\n\n<p>Formaliza\u00e7\u00e3o de processos, orienta\u00e7\u00f5es, anexos de documentos, entregas de pareceres e certid\u00f5es est\u00e3o entre os servi\u00e7os prestados pelo&nbsp;Implurb. A Diretoria de Opera\u00e7\u00f5es (Diop) d\u00e1 suporte aos setores t\u00e9cnicos e contatos com o setor podem ser feitos pelo (92) 3625-2847 e pelo e-mail&nbsp;<a href=\"mailto:diop.implurb@pmm.am.gov.br\" target=\"_blank\" rel=\"noreferrer noopener\">diop.implurb@pmm.am.gov.br<\/a>.<\/p>\n\n\n\n<p>Em caso de pagamentos de taxas, elas s\u00e3o emitidas pela Ger\u00eancia de C\u00e1lculo (GCA) e enviadas para o interessado. Ap\u00f3s o comprovante ser recebido e o pagamento processado, o processo segue a tramita\u00e7\u00e3o e libera\u00e7\u00f5es necess\u00e1rias. Lembrando que o requerente pode fazer o pagamento usando PIX.<\/p>\n\n\n\n<p>&#8212; &#8212; &#8212;<\/p>\n\n\n\n<p><strong>Texto &#8211;\u00a0<\/strong>Claudia do Valle \/ Implurb<br><strong>Fotos<\/strong>\u00a0\u2013 Antonio Pereira \/ Semcom<br><a href=\"https:\/\/www.flickr.com\/photos\/prefeiturademanaus\/sets\/72177720302681422\/\" target=\"_blank\" rel=\"noreferrer noopener\">Dispon\u00edveis<\/a>\u00a0em\u00a0&#8211;\u00a0<a href=\"https:\/\/flic.kr\/s\/aHBqjAa5gh\" target=\"_blank\" rel=\"noreferrer noopener\">https:\/\/flic.kr\/s\/aHBqjAa5gh<\/a><\/p>\n","protected":false},"excerpt":{"rendered":"","protected":false},"author":31,"featured_media":3597,"comment_status":"closed","ping_status":"closed","sticky":false,"template":"","format":"standard","meta":{"footnotes":""},"categories":[516],"tags":[223,1100,1101,87],"acf":[],"yoast_head":"<!-- This site is optimized with the Yoast SEO plugin v23.0 - https:\/\/yoast.com\/wordpress\/plugins\/seo\/ -->\n<title>Licenciamento urbano de Manaus tem recorde no atendimento em mar\u00e7o com alta de 32,4% - IMPLURB<\/title>\n<meta name=\"robots\" content=\"noindex, follow\" \/>\n<meta property=\"og:locale\" content=\"pt_BR\" \/>\n<meta property=\"og:type\" content=\"article\" \/>\n<meta property=\"og:title\" content=\"Licenciamento urbano de Manaus tem recorde no atendimento em mar\u00e7o com alta de 32,4% - IMPLURB\" \/>\n<meta property=\"og:url\" content=\"https:\/\/www.manaus.am.gov.br\/implurb\/licenciamento-urbano-de-manaus-tem-recorde-no-atendimento-em-marco-com-alta-de-324\/\" \/>\n<meta property=\"og:site_name\" content=\"IMPLURB\" \/>\n<meta property=\"article:published_time\" content=\"2023-04-06T19:40:04+00:00\" \/>\n<meta property=\"article:modified_time\" content=\"2024-01-16T19:20:33+00:00\" \/>\n<meta property=\"og:image\" content=\"https:\/\/www.manaus.am.gov.br\/implurb\/wp-content\/uploads\/sites\/13\/2024\/01\/52409110519_4d13743327_c.jpg\" \/>\n\t<meta property=\"og:image:width\" content=\"799\" \/>\n\t<meta property=\"og:image:height\" content=\"533\" \/>\n\t<meta property=\"og:image:type\" content=\"image\/jpeg\" \/>\n<meta name=\"author\" content=\"Renata Felix\" \/>\n<meta name=\"twitter:card\" content=\"summary_large_image\" \/>\n<meta name=\"twitter:label1\" content=\"Written by\" \/>\n\t<meta name=\"twitter:data1\" content=\"Renata Felix\" \/>\n\t<meta name=\"twitter:label2\" content=\"Est. reading time\" \/>\n\t<meta name=\"twitter:data2\" content=\"3 minutos\" \/>\n<script type=\"application\/ld+json\" class=\"yoast-schema-graph\">{\"@context\":\"https:\/\/schema.org\",\"@graph\":[{\"@type\":\"WebPage\",\"@id\":\"https:\/\/www.manaus.am.gov.br\/implurb\/licenciamento-urbano-de-manaus-tem-recorde-no-atendimento-em-marco-com-alta-de-324\/\",\"url\":\"https:\/\/www.manaus.am.gov.br\/implurb\/licenciamento-urbano-de-manaus-tem-recorde-no-atendimento-em-marco-com-alta-de-324\/\",\"name\":\"Licenciamento urbano de Manaus tem recorde no atendimento em mar\u00e7o com alta de 32,4% - IMPLURB\",\"isPartOf\":{\"@id\":\"https:\/\/www.manaus.am.gov.br\/implurb\/#website\"},\"primaryImageOfPage\":{\"@id\":\"https:\/\/www.manaus.am.gov.br\/implurb\/licenciamento-urbano-de-manaus-tem-recorde-no-atendimento-em-marco-com-alta-de-324\/#primaryimage\"},\"image\":{\"@id\":\"https:\/\/www.manaus.am.gov.br\/implurb\/licenciamento-urbano-de-manaus-tem-recorde-no-atendimento-em-marco-com-alta-de-324\/#primaryimage\"},\"thumbnailUrl\":\"https:\/\/www.manaus.am.gov.br\/implurb\/wp-content\/uploads\/sites\/13\/2024\/01\/52409110519_4d13743327_c.jpg\",\"datePublished\":\"2023-04-06T19:40:04+00:00\",\"dateModified\":\"2024-01-16T19:20:33+00:00\",\"author\":{\"@id\":\"https:\/\/www.manaus.am.gov.br\/implurb\/#\/schema\/person\/4eea2a8f78dc853097abb026f728aa06\"},\"breadcrumb\":{\"@id\":\"https:\/\/www.manaus.am.gov.br\/implurb\/licenciamento-urbano-de-manaus-tem-recorde-no-atendimento-em-marco-com-alta-de-324\/#breadcrumb\"},\"inLanguage\":\"pt-BR\",\"potentialAction\":[{\"@type\":\"ReadAction\",\"target\":[\"https:\/\/www.manaus.am.gov.br\/implurb\/licenciamento-urbano-de-manaus-tem-recorde-no-atendimento-em-marco-com-alta-de-324\/\"]}]},{\"@type\":\"ImageObject\",\"inLanguage\":\"pt-BR\",\"@id\":\"https:\/\/www.manaus.am.gov.br\/implurb\/licenciamento-urbano-de-manaus-tem-recorde-no-atendimento-em-marco-com-alta-de-324\/#primaryimage\",\"url\":\"https:\/\/www.manaus.am.gov.br\/implurb\/wp-content\/uploads\/sites\/13\/2024\/01\/52409110519_4d13743327_c.jpg\",\"contentUrl\":\"https:\/\/www.manaus.am.gov.br\/implurb\/wp-content\/uploads\/sites\/13\/2024\/01\/52409110519_4d13743327_c.jpg\",\"width\":799,\"height\":533},{\"@type\":\"BreadcrumbList\",\"@id\":\"https:\/\/www.manaus.am.gov.br\/implurb\/licenciamento-urbano-de-manaus-tem-recorde-no-atendimento-em-marco-com-alta-de-324\/#breadcrumb\",\"itemListElement\":[{\"@type\":\"ListItem\",\"position\":1,\"name\":\"Home\",\"item\":\"https:\/\/www.manaus.am.gov.br\/implurb\/\"},{\"@type\":\"ListItem\",\"position\":2,\"name\":\"Licenciamento urbano de Manaus tem recorde no atendimento em mar\u00e7o com alta de 32,4%\"}]},{\"@type\":\"WebSite\",\"@id\":\"https:\/\/www.manaus.am.gov.br\/implurb\/#website\",\"url\":\"https:\/\/www.manaus.am.gov.br\/implurb\/\",\"name\":\"IMPLURB\",\"description\":\"Prefeitura de Manaus\",\"potentialAction\":[{\"@type\":\"SearchAction\",\"target\":{\"@type\":\"EntryPoint\",\"urlTemplate\":\"https:\/\/www.manaus.am.gov.br\/implurb\/?s={search_term_string}\"},\"query-input\":\"required name=search_term_string\"}],\"inLanguage\":\"pt-BR\"},{\"@type\":\"Person\",\"@id\":\"https:\/\/www.manaus.am.gov.br\/implurb\/#\/schema\/person\/4eea2a8f78dc853097abb026f728aa06\",\"name\":\"Renata Felix\",\"image\":{\"@type\":\"ImageObject\",\"inLanguage\":\"pt-BR\",\"@id\":\"https:\/\/www.manaus.am.gov.br\/implurb\/#\/schema\/person\/image\/\",\"url\":\"https:\/\/secure.gravatar.com\/avatar\/3c196cf9d3b837b24c8edb2c50fd8f29?s=96&d=mm&r=g\",\"contentUrl\":\"https:\/\/secure.gravatar.com\/avatar\/3c196cf9d3b837b24c8edb2c50fd8f29?s=96&d=mm&r=g\",\"caption\":\"Renata Felix\"}}]}<\/script>\n<!-- \/ Yoast SEO plugin. -->","yoast_head_json":{"title":"Licenciamento urbano de Manaus tem recorde no atendimento em mar\u00e7o com alta de 32,4% - IMPLURB","robots":{"index":"noindex","follow":"follow"},"og_locale":"pt_BR","og_type":"article","og_title":"Licenciamento urbano de Manaus tem recorde no atendimento em mar\u00e7o com alta de 32,4% - IMPLURB","og_url":"https:\/\/www.manaus.am.gov.br\/implurb\/licenciamento-urbano-de-manaus-tem-recorde-no-atendimento-em-marco-com-alta-de-324\/","og_site_name":"IMPLURB","article_published_time":"2023-04-06T19:40:04+00:00","article_modified_time":"2024-01-16T19:20:33+00:00","og_image":[{"width":799,"height":533,"url":"https:\/\/www.manaus.am.gov.br\/implurb\/wp-content\/uploads\/sites\/13\/2024\/01\/52409110519_4d13743327_c.jpg","type":"image\/jpeg"}],"author":"Renata Felix","twitter_card":"summary_large_image","twitter_misc":{"Written by":"Renata Felix","Est. reading time":"3 minutos"},"schema":{"@context":"https:\/\/schema.org","@graph":[{"@type":"WebPage","@id":"https:\/\/www.manaus.am.gov.br\/implurb\/licenciamento-urbano-de-manaus-tem-recorde-no-atendimento-em-marco-com-alta-de-324\/","url":"https:\/\/www.manaus.am.gov.br\/implurb\/licenciamento-urbano-de-manaus-tem-recorde-no-atendimento-em-marco-com-alta-de-324\/","name":"Licenciamento urbano de Manaus tem recorde no atendimento em mar\u00e7o com alta de 32,4% - IMPLURB","isPartOf":{"@id":"https:\/\/www.manaus.am.gov.br\/implurb\/#website"},"primaryImageOfPage":{"@id":"https:\/\/www.manaus.am.gov.br\/implurb\/licenciamento-urbano-de-manaus-tem-recorde-no-atendimento-em-marco-com-alta-de-324\/#primaryimage"},"image":{"@id":"https:\/\/www.manaus.am.gov.br\/implurb\/licenciamento-urbano-de-manaus-tem-recorde-no-atendimento-em-marco-com-alta-de-324\/#primaryimage"},"thumbnailUrl":"https:\/\/www.manaus.am.gov.br\/implurb\/wp-content\/uploads\/sites\/13\/2024\/01\/52409110519_4d13743327_c.jpg","datePublished":"2023-04-06T19:40:04+00:00","dateModified":"2024-01-16T19:20:33+00:00","author":{"@id":"https:\/\/www.manaus.am.gov.br\/implurb\/#\/schema\/person\/4eea2a8f78dc853097abb026f728aa06"},"breadcrumb":{"@id":"https:\/\/www.manaus.am.gov.br\/implurb\/licenciamento-urbano-de-manaus-tem-recorde-no-atendimento-em-marco-com-alta-de-324\/#breadcrumb"},"inLanguage":"pt-BR","potentialAction":[{"@type":"ReadAction","target":["https:\/\/www.manaus.am.gov.br\/implurb\/licenciamento-urbano-de-manaus-tem-recorde-no-atendimento-em-marco-com-alta-de-324\/"]}]},{"@type":"ImageObject","inLanguage":"pt-BR","@id":"https:\/\/www.manaus.am.gov.br\/implurb\/licenciamento-urbano-de-manaus-tem-recorde-no-atendimento-em-marco-com-alta-de-324\/#primaryimage","url":"https:\/\/www.manaus.am.gov.br\/implurb\/wp-content\/uploads\/sites\/13\/2024\/01\/52409110519_4d13743327_c.jpg","contentUrl":"https:\/\/www.manaus.am.gov.br\/implurb\/wp-content\/uploads\/sites\/13\/2024\/01\/52409110519_4d13743327_c.jpg","width":799,"height":533},{"@type":"BreadcrumbList","@id":"https:\/\/www.manaus.am.gov.br\/implurb\/licenciamento-urbano-de-manaus-tem-recorde-no-atendimento-em-marco-com-alta-de-324\/#breadcrumb","itemListElement":[{"@type":"ListItem","position":1,"name":"Home","item":"https:\/\/www.manaus.am.gov.br\/implurb\/"},{"@type":"ListItem","position":2,"name":"Licenciamento urbano de Manaus tem recorde no atendimento em mar\u00e7o com alta de 32,4%"}]},{"@type":"WebSite","@id":"https:\/\/www.manaus.am.gov.br\/implurb\/#website","url":"https:\/\/www.manaus.am.gov.br\/implurb\/","name":"IMPLURB","description":"Prefeitura de Manaus","potentialAction":[{"@type":"SearchAction","target":{"@type":"EntryPoint","urlTemplate":"https:\/\/www.manaus.am.gov.br\/implurb\/?s={search_term_string}"},"query-input":"required name=search_term_string"}],"inLanguage":"pt-BR"},{"@type":"Person","@id":"https:\/\/www.manaus.am.gov.br\/implurb\/#\/schema\/person\/4eea2a8f78dc853097abb026f728aa06","name":"Renata Felix","image":{"@type":"ImageObject","inLanguage":"pt-BR","@id":"https:\/\/www.manaus.am.gov.br\/implurb\/#\/schema\/person\/image\/","url":"https:\/\/secure.gravatar.com\/avatar\/3c196cf9d3b837b24c8edb2c50fd8f29?s=96&d=mm&r=g","contentUrl":"https:\/\/secure.gravatar.com\/avatar\/3c196cf9d3b837b24c8edb2c50fd8f29?s=96&d=mm&r=g","caption":"Renata Felix"}}]}},"_links":{"self":[{"href":"https:\/\/www.manaus.am.gov.br\/implurb\/wp-json\/wp\/v2\/posts\/3596"}],"collection":[{"href":"https:\/\/www.manaus.am.gov.br\/implurb\/wp-json\/wp\/v2\/posts"}],"about":[{"href":"https:\/\/www.manaus.am.gov.br\/implurb\/wp-json\/wp\/v2\/types\/post"}],"author":[{"embeddable":true,"href":"https:\/\/www.manaus.am.gov.br\/implurb\/wp-json\/wp\/v2\/users\/31"}],"replies":[{"embeddable":true,"href":"https:\/\/www.manaus.am.gov.br\/implurb\/wp-json\/wp\/v2\/comments?post=3596"}],"version-history":[{"count":0,"href":"https:\/\/www.manaus.am.gov.br\/implurb\/wp-json\/wp\/v2\/posts\/3596\/revisions"}],"wp:featuredmedia":[{"embeddable":true,"href":"https:\/\/www.manaus.am.gov.br\/implurb\/wp-json\/wp\/v2\/media\/3597"}],"wp:attachment":[{"href":"https:\/\/www.manaus.am.gov.br\/implurb\/wp-json\/wp\/v2\/media?parent=3596"}],"wp:term":[{"taxonomy":"category","embeddable":true,"href":"https:\/\/www.manaus.am.gov.br\/implurb\/wp-json\/wp\/v2\/categories?post=3596"},{"taxonomy":"post_tag","embeddable":true,"href":"https:\/\/www.manaus.am.gov.br\/implurb\/wp-json\/wp\/v2\/tags?post=3596"}],"curies":[{"name":"wp","href":"https:\/\/api.w.org\/{rel}","templated":true}]}}