{"id":3570,"date":"2023-04-19T14:38:27","date_gmt":"2023-04-19T18:38:27","guid":{"rendered":"https:\/\/www.manaus.am.gov.br\/implurb\/prefeitura-se-soma-a-rede-brasileira-de-institutos-de-planejamento-e-participa-de-encontro-nacional\/"},"modified":"2024-01-16T15:06:19","modified_gmt":"2024-01-16T19:06:19","slug":"prefeitura-se-soma-a-rede-brasileira-de-institutos-de-planejamento-e-participa-de-encontro-nacional","status":"publish","type":"post","link":"https:\/\/www.manaus.am.gov.br\/implurb\/prefeitura-se-soma-a-rede-brasileira-de-institutos-de-planejamento-e-participa-de-encontro-nacional\/","title":{"rendered":"Prefeitura se soma \u00e0 Rede Brasileira de Institutos de Planejamento e participa de encontro nacional"},"content":{"rendered":"\n<p>A Prefeitura de Manaus se junta \u00e0 Rede Brasileira de Institutos de Planejamento (inRede) e estar\u00e1 presente no 4\u00ba encontro promovido pelo grupo, em Campo Grande (MS), de 26 a 28 deste m\u00eas, com apoio institucional do&nbsp;Programa das Na\u00e7\u00f5es Unidas para os Assentamentos Humanos (ONU-Habitat), da Deutsche Gesellschaft f\u00fcr Internationale Zusammenarbeit (GIZ), e da Ag\u00eancia Alem\u00e3 de Coopera\u00e7\u00e3o Internacional (GmbH).<\/p>\n\n\n\n<p>Manaus, via Instituto Municipal de Planejamento Urbano (Implurb), passa a se somar a mais de 20 institui\u00e7\u00f5es de todas as regi\u00f5es do Brasil, para atuar na troca de experi\u00eancias e informa\u00e7\u00f5es com dados, capacita\u00e7\u00e3o e cria\u00e7\u00e3o de pol\u00edticas p\u00fablicas entre os munic\u00edpios participantes.<\/p>\n\n\n\n<p>O encontro tamb\u00e9m vai integrar a programa\u00e7\u00e3o do 6\u00ba Semin\u00e1rio Cidades Brasileiras: desejos e possibilidades, que ocorrer\u00e1 na sequ\u00eancia do evento da rede, no dia 28. A reuni\u00e3o da inRede conta ainda com suporte dos projetos de Apoio \u00e0 Agenda Nacional de Desenvolvimento Sustent\u00e1vel no Brasil (Andus) e da plataforma ReDUS (Rede para o Desenvolvimento Urbano Sustent\u00e1vel).<\/p>\n\n\n\n<p>Mais de 85% da popula\u00e7\u00e3o brasileira j\u00e1 vive em cidades e a urbaniza\u00e7\u00e3o \u00e9 o principal vetor da transforma\u00e7\u00e3o socioecon\u00f4mica e demogr\u00e1fica do pa\u00eds.<\/p>\n\n\n\n<p>\u201cAtuamos para construir caminhos e solu\u00e7\u00f5es sustent\u00e1veis para enfrentar os desafios da cidade, considerando a vasta pluralidade e dimens\u00e3o dentro da pr\u00f3pria Manaus. E os institutos de planejamento t\u00eam essa miss\u00e3o, de consolidar o desenvolvimento urbano e regional, com suas especificidades, integrado, inclusivo, sustent\u00e1vel e conectado com as agendas globais e casos de sucesso mundiais\u201d, disse o diretor-presidente do Implurb, engenheiro Carlos Valente, que representar\u00e1 a Prefeitura de Manaus no 4\u00ba encontro.<\/p>\n\n\n\n<p>A inRede une integra\u00e7\u00e3o pol\u00edtica, planejamento, programa, projeto e implementa\u00e7\u00e3o no Brasil, por meio da articula\u00e7\u00e3o da vis\u00e3o de longo prazo de desenvolvimento sustent\u00e1vel com o Plano Diretor e o Plano Plurianual das cidades. Tamb\u00e9m s\u00e3o focos do grupo a inova\u00e7\u00e3o constante e o compromisso com a acelera\u00e7\u00e3o do desenvolvimento sustent\u00e1vel da cidade, da redu\u00e7\u00e3o de suas desigualdades e da sua resili\u00eancia \u00e0s mudan\u00e7as do clima.<\/p>\n\n\n\n<p>J\u00e1 participam da rede as cidades de Campo Grande (MS), Recife (PE), S\u00e3o Lu\u00eds (MA), Cana\u00e3 dos Caraj\u00e1s (PA), Apucarana (PR), Curitiba (PR), Maring\u00e1 (PR), Rondon\u00f3polis (MT), Reden\u00e7\u00e3o (PA), Fortaleza (CE), Santa Maria (RS), Cuiab\u00e1 (MT), Rio de Janeiro (RJ), S\u00e3o Paulo (SP), Caruaru (PE), Juiz de Fora (MG), Navira\u00ed (MS), Piracicaba (SP), S\u00e3o Gon\u00e7alo (RJ), Londrina (PR), Niter\u00f3i (RJ), Sobral (CE), Macei\u00f3 (AL) e o governo de Alagoas.<\/p>\n\n\n\n<p>&#8212; &#8212; &#8212;<\/p>\n\n\n\n<p><strong>Texto<\/strong>\u00a0\u2013 Claudia do Valle \/ Implurb<br><strong>Fotos<\/strong>\u00a0\u2013 Antonio Pereira\/ Semcom<\/p>\n","protected":false},"excerpt":{"rendered":"","protected":false},"author":23,"featured_media":3571,"comment_status":"closed","ping_status":"closed","sticky":false,"template":"","format":"standard","meta":{"footnotes":""},"categories":[634],"tags":[1074,11,448,15],"acf":[],"yoast_head":"<!-- This site is optimized with the Yoast SEO plugin v23.0 - https:\/\/yoast.com\/wordpress\/plugins\/seo\/ -->\n<title>Prefeitura se soma \u00e0 Rede Brasileira de Institutos de Planejamento e participa de encontro nacional<\/title>\n<meta name=\"description\" content=\"A Prefeitura de Manaus se junta \u00e0 Rede Brasileira de Institutos de Planejamento (inRede) e estar\u00e1 presente no 4\u00ba encontro promovido pelo grupo, em Campo Grande (MS), de 26 a 28 deste m\u00eas, com apoio institucional do Programa das Na\u00e7\u00f5es Unidas para os Assentamentos Humanos (ONU-Habitat), da Deutsche Gesellschaft f\u00fcr Internationale Zusammenarbeit (GIZ), e da Ag\u00eancia Alem\u00e3 de Coopera\u00e7\u00e3o Internacional (GmbH).\" \/>\n<meta name=\"robots\" content=\"noindex, follow\" \/>\n<meta property=\"og:locale\" content=\"pt_BR\" \/>\n<meta property=\"og:type\" content=\"article\" \/>\n<meta property=\"og:title\" content=\"Prefeitura se soma \u00e0 Rede Brasileira de Institutos de Planejamento e participa de encontro nacional\" \/>\n<meta property=\"og:description\" content=\"A Prefeitura de Manaus se junta \u00e0 Rede Brasileira de Institutos de Planejamento (inRede) e estar\u00e1 presente no 4\u00ba encontro promovido pelo grupo, em Campo Grande (MS), de 26 a 28 deste m\u00eas, com apoio institucional do Programa das Na\u00e7\u00f5es Unidas para os Assentamentos Humanos (ONU-Habitat), da Deutsche Gesellschaft f\u00fcr Internationale Zusammenarbeit (GIZ), e da Ag\u00eancia Alem\u00e3 de Coopera\u00e7\u00e3o Internacional (GmbH).\" \/>\n<meta property=\"og:url\" content=\"https:\/\/www.manaus.am.gov.br\/implurb\/prefeitura-se-soma-a-rede-brasileira-de-institutos-de-planejamento-e-participa-de-encontro-nacional\/\" \/>\n<meta property=\"og:site_name\" content=\"IMPLURB\" \/>\n<meta property=\"article:published_time\" content=\"2023-04-19T18:38:27+00:00\" \/>\n<meta property=\"article:modified_time\" content=\"2024-01-16T19:06:19+00:00\" \/>\n<meta property=\"og:image\" content=\"https:\/\/www.manaus.am.gov.br\/implurb\/wp-content\/uploads\/sites\/13\/2024\/01\/carlosvalente.jpg\" \/>\n\t<meta property=\"og:image:width\" content=\"1000\" \/>\n\t<meta property=\"og:image:height\" content=\"667\" \/>\n\t<meta property=\"og:image:type\" content=\"image\/jpeg\" \/>\n<meta name=\"author\" content=\"Adriana Costa\" \/>\n<meta name=\"twitter:card\" content=\"summary_large_image\" \/>\n<meta name=\"twitter:label1\" content=\"Written by\" \/>\n\t<meta name=\"twitter:data1\" content=\"Adriana Costa\" \/>\n\t<meta name=\"twitter:label2\" content=\"Est. reading time\" \/>\n\t<meta name=\"twitter:data2\" content=\"3 minutos\" \/>\n<script type=\"application\/ld+json\" class=\"yoast-schema-graph\">{\"@context\":\"https:\/\/schema.org\",\"@graph\":[{\"@type\":\"WebPage\",\"@id\":\"https:\/\/www.manaus.am.gov.br\/implurb\/prefeitura-se-soma-a-rede-brasileira-de-institutos-de-planejamento-e-participa-de-encontro-nacional\/\",\"url\":\"https:\/\/www.manaus.am.gov.br\/implurb\/prefeitura-se-soma-a-rede-brasileira-de-institutos-de-planejamento-e-participa-de-encontro-nacional\/\",\"name\":\"Prefeitura se soma \u00e0 Rede Brasileira de Institutos de Planejamento e participa de encontro nacional\",\"isPartOf\":{\"@id\":\"https:\/\/www.manaus.am.gov.br\/implurb\/#website\"},\"primaryImageOfPage\":{\"@id\":\"https:\/\/www.manaus.am.gov.br\/implurb\/prefeitura-se-soma-a-rede-brasileira-de-institutos-de-planejamento-e-participa-de-encontro-nacional\/#primaryimage\"},\"image\":{\"@id\":\"https:\/\/www.manaus.am.gov.br\/implurb\/prefeitura-se-soma-a-rede-brasileira-de-institutos-de-planejamento-e-participa-de-encontro-nacional\/#primaryimage\"},\"thumbnailUrl\":\"https:\/\/www.manaus.am.gov.br\/implurb\/wp-content\/uploads\/sites\/13\/2024\/01\/carlosvalente.jpg\",\"datePublished\":\"2023-04-19T18:38:27+00:00\",\"dateModified\":\"2024-01-16T19:06:19+00:00\",\"author\":{\"@id\":\"https:\/\/www.manaus.am.gov.br\/implurb\/#\/schema\/person\/4e49f4e267757a06ca072ec61b2b9968\"},\"description\":\"A Prefeitura de Manaus se junta \u00e0 Rede Brasileira de Institutos de Planejamento (inRede) e estar\u00e1 presente no 4\u00ba encontro promovido pelo grupo, em Campo Grande (MS), de 26 a 28 deste m\u00eas, com apoio institucional do Programa das Na\u00e7\u00f5es Unidas para os Assentamentos Humanos (ONU-Habitat), da Deutsche Gesellschaft f\u00fcr Internationale Zusammenarbeit (GIZ), e da Ag\u00eancia Alem\u00e3 de Coopera\u00e7\u00e3o Internacional (GmbH).\",\"breadcrumb\":{\"@id\":\"https:\/\/www.manaus.am.gov.br\/implurb\/prefeitura-se-soma-a-rede-brasileira-de-institutos-de-planejamento-e-participa-de-encontro-nacional\/#breadcrumb\"},\"inLanguage\":\"pt-BR\",\"potentialAction\":[{\"@type\":\"ReadAction\",\"target\":[\"https:\/\/www.manaus.am.gov.br\/implurb\/prefeitura-se-soma-a-rede-brasileira-de-institutos-de-planejamento-e-participa-de-encontro-nacional\/\"]}]},{\"@type\":\"ImageObject\",\"inLanguage\":\"pt-BR\",\"@id\":\"https:\/\/www.manaus.am.gov.br\/implurb\/prefeitura-se-soma-a-rede-brasileira-de-institutos-de-planejamento-e-participa-de-encontro-nacional\/#primaryimage\",\"url\":\"https:\/\/www.manaus.am.gov.br\/implurb\/wp-content\/uploads\/sites\/13\/2024\/01\/carlosvalente.jpg\",\"contentUrl\":\"https:\/\/www.manaus.am.gov.br\/implurb\/wp-content\/uploads\/sites\/13\/2024\/01\/carlosvalente.jpg\",\"width\":1000,\"height\":667},{\"@type\":\"BreadcrumbList\",\"@id\":\"https:\/\/www.manaus.am.gov.br\/implurb\/prefeitura-se-soma-a-rede-brasileira-de-institutos-de-planejamento-e-participa-de-encontro-nacional\/#breadcrumb\",\"itemListElement\":[{\"@type\":\"ListItem\",\"position\":1,\"name\":\"Home\",\"item\":\"https:\/\/www.manaus.am.gov.br\/implurb\/\"},{\"@type\":\"ListItem\",\"position\":2,\"name\":\"Prefeitura se soma \u00e0 Rede Brasileira de Institutos de Planejamento e participa de encontro nacional\"}]},{\"@type\":\"WebSite\",\"@id\":\"https:\/\/www.manaus.am.gov.br\/implurb\/#website\",\"url\":\"https:\/\/www.manaus.am.gov.br\/implurb\/\",\"name\":\"IMPLURB\",\"description\":\"Prefeitura de Manaus\",\"potentialAction\":[{\"@type\":\"SearchAction\",\"target\":{\"@type\":\"EntryPoint\",\"urlTemplate\":\"https:\/\/www.manaus.am.gov.br\/implurb\/?s={search_term_string}\"},\"query-input\":\"required name=search_term_string\"}],\"inLanguage\":\"pt-BR\"},{\"@type\":\"Person\",\"@id\":\"https:\/\/www.manaus.am.gov.br\/implurb\/#\/schema\/person\/4e49f4e267757a06ca072ec61b2b9968\",\"name\":\"Adriana Costa\",\"image\":{\"@type\":\"ImageObject\",\"inLanguage\":\"pt-BR\",\"@id\":\"https:\/\/www.manaus.am.gov.br\/implurb\/#\/schema\/person\/image\/\",\"url\":\"https:\/\/secure.gravatar.com\/avatar\/576258617ef7194f718179e766d57bd4?s=96&d=mm&r=g\",\"contentUrl\":\"https:\/\/secure.gravatar.com\/avatar\/576258617ef7194f718179e766d57bd4?s=96&d=mm&r=g\",\"caption\":\"Adriana Costa\"}}]}<\/script>\n<!-- \/ Yoast SEO plugin. -->","yoast_head_json":{"title":"Prefeitura se soma \u00e0 Rede Brasileira de Institutos de Planejamento e participa de encontro nacional","description":"A Prefeitura de Manaus se junta \u00e0 Rede Brasileira de Institutos de Planejamento (inRede) e estar\u00e1 presente no 4\u00ba encontro promovido pelo grupo, em Campo Grande (MS), de 26 a 28 deste m\u00eas, com apoio institucional do Programa das Na\u00e7\u00f5es Unidas para os Assentamentos Humanos (ONU-Habitat), da Deutsche Gesellschaft f\u00fcr Internationale Zusammenarbeit (GIZ), e da Ag\u00eancia Alem\u00e3 de Coopera\u00e7\u00e3o Internacional (GmbH).","robots":{"index":"noindex","follow":"follow"},"og_locale":"pt_BR","og_type":"article","og_title":"Prefeitura se soma \u00e0 Rede Brasileira de Institutos de Planejamento e participa de encontro nacional","og_description":"A Prefeitura de Manaus se junta \u00e0 Rede Brasileira de Institutos de Planejamento (inRede) e estar\u00e1 presente no 4\u00ba encontro promovido pelo grupo, em Campo Grande (MS), de 26 a 28 deste m\u00eas, com apoio institucional do Programa das Na\u00e7\u00f5es Unidas para os Assentamentos Humanos (ONU-Habitat), da Deutsche Gesellschaft f\u00fcr Internationale Zusammenarbeit (GIZ), e da Ag\u00eancia Alem\u00e3 de Coopera\u00e7\u00e3o Internacional (GmbH).","og_url":"https:\/\/www.manaus.am.gov.br\/implurb\/prefeitura-se-soma-a-rede-brasileira-de-institutos-de-planejamento-e-participa-de-encontro-nacional\/","og_site_name":"IMPLURB","article_published_time":"2023-04-19T18:38:27+00:00","article_modified_time":"2024-01-16T19:06:19+00:00","og_image":[{"width":1000,"height":667,"url":"https:\/\/www.manaus.am.gov.br\/implurb\/wp-content\/uploads\/sites\/13\/2024\/01\/carlosvalente.jpg","type":"image\/jpeg"}],"author":"Adriana Costa","twitter_card":"summary_large_image","twitter_misc":{"Written by":"Adriana Costa","Est. reading time":"3 minutos"},"schema":{"@context":"https:\/\/schema.org","@graph":[{"@type":"WebPage","@id":"https:\/\/www.manaus.am.gov.br\/implurb\/prefeitura-se-soma-a-rede-brasileira-de-institutos-de-planejamento-e-participa-de-encontro-nacional\/","url":"https:\/\/www.manaus.am.gov.br\/implurb\/prefeitura-se-soma-a-rede-brasileira-de-institutos-de-planejamento-e-participa-de-encontro-nacional\/","name":"Prefeitura se soma \u00e0 Rede Brasileira de Institutos de Planejamento e participa de encontro nacional","isPartOf":{"@id":"https:\/\/www.manaus.am.gov.br\/implurb\/#website"},"primaryImageOfPage":{"@id":"https:\/\/www.manaus.am.gov.br\/implurb\/prefeitura-se-soma-a-rede-brasileira-de-institutos-de-planejamento-e-participa-de-encontro-nacional\/#primaryimage"},"image":{"@id":"https:\/\/www.manaus.am.gov.br\/implurb\/prefeitura-se-soma-a-rede-brasileira-de-institutos-de-planejamento-e-participa-de-encontro-nacional\/#primaryimage"},"thumbnailUrl":"https:\/\/www.manaus.am.gov.br\/implurb\/wp-content\/uploads\/sites\/13\/2024\/01\/carlosvalente.jpg","datePublished":"2023-04-19T18:38:27+00:00","dateModified":"2024-01-16T19:06:19+00:00","author":{"@id":"https:\/\/www.manaus.am.gov.br\/implurb\/#\/schema\/person\/4e49f4e267757a06ca072ec61b2b9968"},"description":"A Prefeitura de Manaus se junta \u00e0 Rede Brasileira de Institutos de Planejamento (inRede) e estar\u00e1 presente no 4\u00ba encontro promovido pelo grupo, em Campo Grande (MS), de 26 a 28 deste m\u00eas, com apoio institucional do Programa das Na\u00e7\u00f5es Unidas para os Assentamentos Humanos (ONU-Habitat), da Deutsche Gesellschaft f\u00fcr Internationale Zusammenarbeit (GIZ), e da Ag\u00eancia Alem\u00e3 de Coopera\u00e7\u00e3o Internacional (GmbH).","breadcrumb":{"@id":"https:\/\/www.manaus.am.gov.br\/implurb\/prefeitura-se-soma-a-rede-brasileira-de-institutos-de-planejamento-e-participa-de-encontro-nacional\/#breadcrumb"},"inLanguage":"pt-BR","potentialAction":[{"@type":"ReadAction","target":["https:\/\/www.manaus.am.gov.br\/implurb\/prefeitura-se-soma-a-rede-brasileira-de-institutos-de-planejamento-e-participa-de-encontro-nacional\/"]}]},{"@type":"ImageObject","inLanguage":"pt-BR","@id":"https:\/\/www.manaus.am.gov.br\/implurb\/prefeitura-se-soma-a-rede-brasileira-de-institutos-de-planejamento-e-participa-de-encontro-nacional\/#primaryimage","url":"https:\/\/www.manaus.am.gov.br\/implurb\/wp-content\/uploads\/sites\/13\/2024\/01\/carlosvalente.jpg","contentUrl":"https:\/\/www.manaus.am.gov.br\/implurb\/wp-content\/uploads\/sites\/13\/2024\/01\/carlosvalente.jpg","width":1000,"height":667},{"@type":"BreadcrumbList","@id":"https:\/\/www.manaus.am.gov.br\/implurb\/prefeitura-se-soma-a-rede-brasileira-de-institutos-de-planejamento-e-participa-de-encontro-nacional\/#breadcrumb","itemListElement":[{"@type":"ListItem","position":1,"name":"Home","item":"https:\/\/www.manaus.am.gov.br\/implurb\/"},{"@type":"ListItem","position":2,"name":"Prefeitura se soma \u00e0 Rede Brasileira de Institutos de Planejamento e participa de encontro nacional"}]},{"@type":"WebSite","@id":"https:\/\/www.manaus.am.gov.br\/implurb\/#website","url":"https:\/\/www.manaus.am.gov.br\/implurb\/","name":"IMPLURB","description":"Prefeitura de Manaus","potentialAction":[{"@type":"SearchAction","target":{"@type":"EntryPoint","urlTemplate":"https:\/\/www.manaus.am.gov.br\/implurb\/?s={search_term_string}"},"query-input":"required name=search_term_string"}],"inLanguage":"pt-BR"},{"@type":"Person","@id":"https:\/\/www.manaus.am.gov.br\/implurb\/#\/schema\/person\/4e49f4e267757a06ca072ec61b2b9968","name":"Adriana Costa","image":{"@type":"ImageObject","inLanguage":"pt-BR","@id":"https:\/\/www.manaus.am.gov.br\/implurb\/#\/schema\/person\/image\/","url":"https:\/\/secure.gravatar.com\/avatar\/576258617ef7194f718179e766d57bd4?s=96&d=mm&r=g","contentUrl":"https:\/\/secure.gravatar.com\/avatar\/576258617ef7194f718179e766d57bd4?s=96&d=mm&r=g","caption":"Adriana Costa"}}]}},"_links":{"self":[{"href":"https:\/\/www.manaus.am.gov.br\/implurb\/wp-json\/wp\/v2\/posts\/3570"}],"collection":[{"href":"https:\/\/www.manaus.am.gov.br\/implurb\/wp-json\/wp\/v2\/posts"}],"about":[{"href":"https:\/\/www.manaus.am.gov.br\/implurb\/wp-json\/wp\/v2\/types\/post"}],"author":[{"embeddable":true,"href":"https:\/\/www.manaus.am.gov.br\/implurb\/wp-json\/wp\/v2\/users\/23"}],"replies":[{"embeddable":true,"href":"https:\/\/www.manaus.am.gov.br\/implurb\/wp-json\/wp\/v2\/comments?post=3570"}],"version-history":[{"count":0,"href":"https:\/\/www.manaus.am.gov.br\/implurb\/wp-json\/wp\/v2\/posts\/3570\/revisions"}],"wp:featuredmedia":[{"embeddable":true,"href":"https:\/\/www.manaus.am.gov.br\/implurb\/wp-json\/wp\/v2\/media\/3571"}],"wp:attachment":[{"href":"https:\/\/www.manaus.am.gov.br\/implurb\/wp-json\/wp\/v2\/media?parent=3570"}],"wp:term":[{"taxonomy":"category","embeddable":true,"href":"https:\/\/www.manaus.am.gov.br\/implurb\/wp-json\/wp\/v2\/categories?post=3570"},{"taxonomy":"post_tag","embeddable":true,"href":"https:\/\/www.manaus.am.gov.br\/implurb\/wp-json\/wp\/v2\/tags?post=3570"}],"curies":[{"name":"wp","href":"https:\/\/api.w.org\/{rel}","templated":true}]}}