{"id":3561,"date":"2023-04-08T11:13:10","date_gmt":"2023-04-08T15:13:10","guid":{"rendered":"https:\/\/www.manaus.am.gov.br\/implurb\/prefeitura-de-manaus-tem-20-de-incremento-em-fiscalizacao-de-obra-no-primeiro-trimestre-de-2023\/"},"modified":"2024-01-16T15:01:10","modified_gmt":"2024-01-16T19:01:10","slug":"prefeitura-de-manaus-tem-20-de-incremento-em-fiscalizacao-de-obra-no-primeiro-trimestre-de-2023","status":"publish","type":"post","link":"https:\/\/www.manaus.am.gov.br\/implurb\/prefeitura-de-manaus-tem-20-de-incremento-em-fiscalizacao-de-obra-no-primeiro-trimestre-de-2023\/","title":{"rendered":"Prefeitura de Manaus tem 20% de incremento em fiscaliza\u00e7\u00e3o de obra no primeiro trimestre de 2023"},"content":{"rendered":"\n<p>No primeiro trimestre de 2023, a Prefeitura de Manaus registra alta de 20% no n\u00famero de a\u00e7\u00f5es fiscalizat\u00f3rias em obras, conforme dados do Instituto Municipal de Planejamento Urbano (Implurb). No per\u00edodo, foram 909 fiscaliza\u00e7\u00f5es realizadas, contra 760 do ano anterior.&nbsp;Foram 76 infra\u00e7\u00f5es, 85 embargos e 161 interdi\u00e7\u00f5es registrados na Ger\u00eancia de Fiscaliza\u00e7\u00e3o de Obras (GFO).<\/p>\n\n\n\n<p>J\u00e1 na Ger\u00eancia de Fiscaliza\u00e7\u00e3o de Postura (GFP), no trimestre de 2023, o \u00f3rg\u00e3o fez 238 notifica\u00e7\u00f5es, 17 multas, tr\u00eas embargos, duas interdi\u00e7\u00f5es e duas demoli\u00e7\u00f5es administrativas.<\/p>\n\n\n\n<p>No acumulado de toda a gest\u00e3o do prefeito David Almeida s\u00e3o 5.626 a\u00e7\u00f5es fiscalizat\u00f3rias de obras de janeiro de 2021 a mar\u00e7o de 2023. Em postura, o acumulado da gest\u00e3o toda tem 3.323 a\u00e7\u00f5es.<\/p>\n\n\n\n<p>As fiscaliza\u00e7\u00f5es s\u00e3o realizadas pelas ger\u00eancias da Divis\u00e3o de Controle (Dicon) por meio de den\u00fancias, demandas de \u00f3rg\u00e3os municipais e estaduais, e rota di\u00e1ria da equipe de fiscais nas ruas.<\/p>\n\n\n\n<p>\u201c\u00c9 necess\u00e1rio a colabora\u00e7\u00e3o da popula\u00e7\u00e3o para combater irregularidades que prejudicam a todos. N\u00e3o se deve ocupar \u00e1reas p\u00fablicas e nem construir ou obstruir cal\u00e7adas e at\u00e9 mesmo as ruas, impedindo o livre ir e vir das pessoas, prejudicando a todos\u201d, destacou o vice-presidente do&nbsp;Implurb, arquiteto e urbanista Claudemir Andrade.<\/p>\n\n\n\n<p>Den\u00fancias sobre obras irregulares e afins s\u00e3o atendidas pelo n\u00famero do&nbsp;Disque&nbsp;Ordem, o 161, de segunda a sexta-feira, das 8h \u00e0s 14h, exceto feriados e pontos facultativos e, por e-mail, para o&nbsp;<a href=\"mailto:diskordem.implurb@pmm.am.gov.br\" target=\"_blank\" rel=\"noreferrer noopener\">diskordem.implurb@pmm.am.gov.br<\/a>&nbsp;e 3673-9305.<\/p>\n\n\n\n<p>&#8212; &#8212; &#8212;<\/p>\n\n\n\n<p><strong>Texto &#8211;&nbsp;<\/strong>Claudia do Valle \/ Implurb<\/p>\n\n\n\n<p><strong>Fotos \u2013<\/strong>&nbsp;Divulga\u00e7\u00e3o \/ Implurb<\/p>\n","protected":false},"excerpt":{"rendered":"","protected":false},"author":24,"featured_media":3562,"comment_status":"closed","ping_status":"closed","sticky":false,"template":"","format":"standard","meta":{"footnotes":""},"categories":[141],"tags":[216,83,31,1066,1067,180,11,86,46,15],"acf":[],"yoast_head":"<!-- This site is optimized with the Yoast SEO plugin v23.0 - https:\/\/yoast.com\/wordpress\/plugins\/seo\/ -->\n<title>Prefeitura de Manaus tem 20% de incremento em fiscaliza\u00e7\u00e3o de obra no primeiro trimestre de 2023<\/title>\n<meta name=\"description\" content=\"No primeiro trimestre de 2023, a Prefeitura de Manaus registra alta de 20% no n\u00famero de a\u00e7\u00f5es fiscalizat\u00f3rias em obras, conforme dados do Instituto Municipal de Planejamento Urbano (Implurb). No per\u00edodo, foram 909 fiscaliza\u00e7\u00f5es realizadas, contra 760 do ano anterior.\" \/>\n<meta name=\"robots\" content=\"noindex, follow\" \/>\n<meta property=\"og:locale\" content=\"pt_BR\" \/>\n<meta property=\"og:type\" content=\"article\" \/>\n<meta property=\"og:title\" content=\"Prefeitura de Manaus tem 20% de incremento em fiscaliza\u00e7\u00e3o de obra no primeiro trimestre de 2023\" \/>\n<meta property=\"og:description\" content=\"No primeiro trimestre de 2023, a Prefeitura de Manaus registra alta de 20% no n\u00famero de a\u00e7\u00f5es fiscalizat\u00f3rias em obras, conforme dados do Instituto Municipal de Planejamento Urbano (Implurb). No per\u00edodo, foram 909 fiscaliza\u00e7\u00f5es realizadas, contra 760 do ano anterior.\" \/>\n<meta property=\"og:url\" content=\"https:\/\/www.manaus.am.gov.br\/implurb\/prefeitura-de-manaus-tem-20-de-incremento-em-fiscalizacao-de-obra-no-primeiro-trimestre-de-2023\/\" \/>\n<meta property=\"og:site_name\" content=\"IMPLURB\" \/>\n<meta property=\"article:published_time\" content=\"2023-04-08T15:13:10+00:00\" \/>\n<meta property=\"article:modified_time\" content=\"2024-01-16T19:01:10+00:00\" \/>\n<meta property=\"og:image\" content=\"https:\/\/www.manaus.am.gov.br\/implurb\/wp-content\/uploads\/sites\/13\/2024\/01\/Prefeitura-de-Manaus-tem-20-de-incremento-em-fiscalizacao-de-obra-no-primeiro-trimestre-de-2023-1.jpeg\" \/>\n\t<meta property=\"og:image:width\" content=\"1600\" \/>\n\t<meta property=\"og:image:height\" content=\"1200\" \/>\n\t<meta property=\"og:image:type\" content=\"image\/jpeg\" \/>\n<meta name=\"author\" content=\"Cl\u00e1udia Barbosa\" \/>\n<meta name=\"twitter:card\" content=\"summary_large_image\" \/>\n<meta name=\"twitter:label1\" content=\"Written by\" \/>\n\t<meta name=\"twitter:data1\" content=\"Cl\u00e1udia Barbosa\" \/>\n\t<meta name=\"twitter:label2\" content=\"Est. reading time\" \/>\n\t<meta name=\"twitter:data2\" content=\"2 minutos\" \/>\n<script type=\"application\/ld+json\" class=\"yoast-schema-graph\">{\"@context\":\"https:\/\/schema.org\",\"@graph\":[{\"@type\":\"WebPage\",\"@id\":\"https:\/\/www.manaus.am.gov.br\/implurb\/prefeitura-de-manaus-tem-20-de-incremento-em-fiscalizacao-de-obra-no-primeiro-trimestre-de-2023\/\",\"url\":\"https:\/\/www.manaus.am.gov.br\/implurb\/prefeitura-de-manaus-tem-20-de-incremento-em-fiscalizacao-de-obra-no-primeiro-trimestre-de-2023\/\",\"name\":\"Prefeitura de Manaus tem 20% de incremento em fiscaliza\u00e7\u00e3o de obra no primeiro trimestre de 2023\",\"isPartOf\":{\"@id\":\"https:\/\/www.manaus.am.gov.br\/implurb\/#website\"},\"primaryImageOfPage\":{\"@id\":\"https:\/\/www.manaus.am.gov.br\/implurb\/prefeitura-de-manaus-tem-20-de-incremento-em-fiscalizacao-de-obra-no-primeiro-trimestre-de-2023\/#primaryimage\"},\"image\":{\"@id\":\"https:\/\/www.manaus.am.gov.br\/implurb\/prefeitura-de-manaus-tem-20-de-incremento-em-fiscalizacao-de-obra-no-primeiro-trimestre-de-2023\/#primaryimage\"},\"thumbnailUrl\":\"https:\/\/www.manaus.am.gov.br\/implurb\/wp-content\/uploads\/sites\/13\/2024\/01\/Prefeitura-de-Manaus-tem-20-de-incremento-em-fiscalizacao-de-obra-no-primeiro-trimestre-de-2023-1.jpeg\",\"datePublished\":\"2023-04-08T15:13:10+00:00\",\"dateModified\":\"2024-01-16T19:01:10+00:00\",\"author\":{\"@id\":\"https:\/\/www.manaus.am.gov.br\/implurb\/#\/schema\/person\/d0a166b5031154c33c77794ddc9a827e\"},\"description\":\"No primeiro trimestre de 2023, a Prefeitura de Manaus registra alta de 20% no n\u00famero de a\u00e7\u00f5es fiscalizat\u00f3rias em obras, conforme dados do Instituto Municipal de Planejamento Urbano (Implurb). No per\u00edodo, foram 909 fiscaliza\u00e7\u00f5es realizadas, contra 760 do ano anterior.\",\"breadcrumb\":{\"@id\":\"https:\/\/www.manaus.am.gov.br\/implurb\/prefeitura-de-manaus-tem-20-de-incremento-em-fiscalizacao-de-obra-no-primeiro-trimestre-de-2023\/#breadcrumb\"},\"inLanguage\":\"pt-BR\",\"potentialAction\":[{\"@type\":\"ReadAction\",\"target\":[\"https:\/\/www.manaus.am.gov.br\/implurb\/prefeitura-de-manaus-tem-20-de-incremento-em-fiscalizacao-de-obra-no-primeiro-trimestre-de-2023\/\"]}]},{\"@type\":\"ImageObject\",\"inLanguage\":\"pt-BR\",\"@id\":\"https:\/\/www.manaus.am.gov.br\/implurb\/prefeitura-de-manaus-tem-20-de-incremento-em-fiscalizacao-de-obra-no-primeiro-trimestre-de-2023\/#primaryimage\",\"url\":\"https:\/\/www.manaus.am.gov.br\/implurb\/wp-content\/uploads\/sites\/13\/2024\/01\/Prefeitura-de-Manaus-tem-20-de-incremento-em-fiscalizacao-de-obra-no-primeiro-trimestre-de-2023-1.jpeg\",\"contentUrl\":\"https:\/\/www.manaus.am.gov.br\/implurb\/wp-content\/uploads\/sites\/13\/2024\/01\/Prefeitura-de-Manaus-tem-20-de-incremento-em-fiscalizacao-de-obra-no-primeiro-trimestre-de-2023-1.jpeg\",\"width\":1600,\"height\":1200},{\"@type\":\"BreadcrumbList\",\"@id\":\"https:\/\/www.manaus.am.gov.br\/implurb\/prefeitura-de-manaus-tem-20-de-incremento-em-fiscalizacao-de-obra-no-primeiro-trimestre-de-2023\/#breadcrumb\",\"itemListElement\":[{\"@type\":\"ListItem\",\"position\":1,\"name\":\"Home\",\"item\":\"https:\/\/www.manaus.am.gov.br\/implurb\/\"},{\"@type\":\"ListItem\",\"position\":2,\"name\":\"Prefeitura de Manaus tem 20% de incremento em fiscaliza\u00e7\u00e3o de obra no primeiro trimestre de 2023\"}]},{\"@type\":\"WebSite\",\"@id\":\"https:\/\/www.manaus.am.gov.br\/implurb\/#website\",\"url\":\"https:\/\/www.manaus.am.gov.br\/implurb\/\",\"name\":\"IMPLURB\",\"description\":\"Prefeitura de Manaus\",\"potentialAction\":[{\"@type\":\"SearchAction\",\"target\":{\"@type\":\"EntryPoint\",\"urlTemplate\":\"https:\/\/www.manaus.am.gov.br\/implurb\/?s={search_term_string}\"},\"query-input\":\"required name=search_term_string\"}],\"inLanguage\":\"pt-BR\"},{\"@type\":\"Person\",\"@id\":\"https:\/\/www.manaus.am.gov.br\/implurb\/#\/schema\/person\/d0a166b5031154c33c77794ddc9a827e\",\"name\":\"Cl\u00e1udia Barbosa\",\"image\":{\"@type\":\"ImageObject\",\"inLanguage\":\"pt-BR\",\"@id\":\"https:\/\/www.manaus.am.gov.br\/implurb\/#\/schema\/person\/image\/\",\"url\":\"https:\/\/secure.gravatar.com\/avatar\/42958a1cf007f1a00534009218c72590?s=96&d=mm&r=g\",\"contentUrl\":\"https:\/\/secure.gravatar.com\/avatar\/42958a1cf007f1a00534009218c72590?s=96&d=mm&r=g\",\"caption\":\"Cl\u00e1udia Barbosa\"}}]}<\/script>\n<!-- \/ Yoast SEO plugin. -->","yoast_head_json":{"title":"Prefeitura de Manaus tem 20% de incremento em fiscaliza\u00e7\u00e3o de obra no primeiro trimestre de 2023","description":"No primeiro trimestre de 2023, a Prefeitura de Manaus registra alta de 20% no n\u00famero de a\u00e7\u00f5es fiscalizat\u00f3rias em obras, conforme dados do Instituto Municipal de Planejamento Urbano (Implurb). No per\u00edodo, foram 909 fiscaliza\u00e7\u00f5es realizadas, contra 760 do ano anterior.","robots":{"index":"noindex","follow":"follow"},"og_locale":"pt_BR","og_type":"article","og_title":"Prefeitura de Manaus tem 20% de incremento em fiscaliza\u00e7\u00e3o de obra no primeiro trimestre de 2023","og_description":"No primeiro trimestre de 2023, a Prefeitura de Manaus registra alta de 20% no n\u00famero de a\u00e7\u00f5es fiscalizat\u00f3rias em obras, conforme dados do Instituto Municipal de Planejamento Urbano (Implurb). No per\u00edodo, foram 909 fiscaliza\u00e7\u00f5es realizadas, contra 760 do ano anterior.","og_url":"https:\/\/www.manaus.am.gov.br\/implurb\/prefeitura-de-manaus-tem-20-de-incremento-em-fiscalizacao-de-obra-no-primeiro-trimestre-de-2023\/","og_site_name":"IMPLURB","article_published_time":"2023-04-08T15:13:10+00:00","article_modified_time":"2024-01-16T19:01:10+00:00","og_image":[{"width":1600,"height":1200,"url":"https:\/\/www.manaus.am.gov.br\/implurb\/wp-content\/uploads\/sites\/13\/2024\/01\/Prefeitura-de-Manaus-tem-20-de-incremento-em-fiscalizacao-de-obra-no-primeiro-trimestre-de-2023-1.jpeg","type":"image\/jpeg"}],"author":"Cl\u00e1udia Barbosa","twitter_card":"summary_large_image","twitter_misc":{"Written by":"Cl\u00e1udia Barbosa","Est. reading time":"2 minutos"},"schema":{"@context":"https:\/\/schema.org","@graph":[{"@type":"WebPage","@id":"https:\/\/www.manaus.am.gov.br\/implurb\/prefeitura-de-manaus-tem-20-de-incremento-em-fiscalizacao-de-obra-no-primeiro-trimestre-de-2023\/","url":"https:\/\/www.manaus.am.gov.br\/implurb\/prefeitura-de-manaus-tem-20-de-incremento-em-fiscalizacao-de-obra-no-primeiro-trimestre-de-2023\/","name":"Prefeitura de Manaus tem 20% de incremento em fiscaliza\u00e7\u00e3o de obra no primeiro trimestre de 2023","isPartOf":{"@id":"https:\/\/www.manaus.am.gov.br\/implurb\/#website"},"primaryImageOfPage":{"@id":"https:\/\/www.manaus.am.gov.br\/implurb\/prefeitura-de-manaus-tem-20-de-incremento-em-fiscalizacao-de-obra-no-primeiro-trimestre-de-2023\/#primaryimage"},"image":{"@id":"https:\/\/www.manaus.am.gov.br\/implurb\/prefeitura-de-manaus-tem-20-de-incremento-em-fiscalizacao-de-obra-no-primeiro-trimestre-de-2023\/#primaryimage"},"thumbnailUrl":"https:\/\/www.manaus.am.gov.br\/implurb\/wp-content\/uploads\/sites\/13\/2024\/01\/Prefeitura-de-Manaus-tem-20-de-incremento-em-fiscalizacao-de-obra-no-primeiro-trimestre-de-2023-1.jpeg","datePublished":"2023-04-08T15:13:10+00:00","dateModified":"2024-01-16T19:01:10+00:00","author":{"@id":"https:\/\/www.manaus.am.gov.br\/implurb\/#\/schema\/person\/d0a166b5031154c33c77794ddc9a827e"},"description":"No primeiro trimestre de 2023, a Prefeitura de Manaus registra alta de 20% no n\u00famero de a\u00e7\u00f5es fiscalizat\u00f3rias em obras, conforme dados do Instituto Municipal de Planejamento Urbano (Implurb). No per\u00edodo, foram 909 fiscaliza\u00e7\u00f5es realizadas, contra 760 do ano anterior.","breadcrumb":{"@id":"https:\/\/www.manaus.am.gov.br\/implurb\/prefeitura-de-manaus-tem-20-de-incremento-em-fiscalizacao-de-obra-no-primeiro-trimestre-de-2023\/#breadcrumb"},"inLanguage":"pt-BR","potentialAction":[{"@type":"ReadAction","target":["https:\/\/www.manaus.am.gov.br\/implurb\/prefeitura-de-manaus-tem-20-de-incremento-em-fiscalizacao-de-obra-no-primeiro-trimestre-de-2023\/"]}]},{"@type":"ImageObject","inLanguage":"pt-BR","@id":"https:\/\/www.manaus.am.gov.br\/implurb\/prefeitura-de-manaus-tem-20-de-incremento-em-fiscalizacao-de-obra-no-primeiro-trimestre-de-2023\/#primaryimage","url":"https:\/\/www.manaus.am.gov.br\/implurb\/wp-content\/uploads\/sites\/13\/2024\/01\/Prefeitura-de-Manaus-tem-20-de-incremento-em-fiscalizacao-de-obra-no-primeiro-trimestre-de-2023-1.jpeg","contentUrl":"https:\/\/www.manaus.am.gov.br\/implurb\/wp-content\/uploads\/sites\/13\/2024\/01\/Prefeitura-de-Manaus-tem-20-de-incremento-em-fiscalizacao-de-obra-no-primeiro-trimestre-de-2023-1.jpeg","width":1600,"height":1200},{"@type":"BreadcrumbList","@id":"https:\/\/www.manaus.am.gov.br\/implurb\/prefeitura-de-manaus-tem-20-de-incremento-em-fiscalizacao-de-obra-no-primeiro-trimestre-de-2023\/#breadcrumb","itemListElement":[{"@type":"ListItem","position":1,"name":"Home","item":"https:\/\/www.manaus.am.gov.br\/implurb\/"},{"@type":"ListItem","position":2,"name":"Prefeitura de Manaus tem 20% de incremento em fiscaliza\u00e7\u00e3o de obra no primeiro trimestre de 2023"}]},{"@type":"WebSite","@id":"https:\/\/www.manaus.am.gov.br\/implurb\/#website","url":"https:\/\/www.manaus.am.gov.br\/implurb\/","name":"IMPLURB","description":"Prefeitura de Manaus","potentialAction":[{"@type":"SearchAction","target":{"@type":"EntryPoint","urlTemplate":"https:\/\/www.manaus.am.gov.br\/implurb\/?s={search_term_string}"},"query-input":"required name=search_term_string"}],"inLanguage":"pt-BR"},{"@type":"Person","@id":"https:\/\/www.manaus.am.gov.br\/implurb\/#\/schema\/person\/d0a166b5031154c33c77794ddc9a827e","name":"Cl\u00e1udia Barbosa","image":{"@type":"ImageObject","inLanguage":"pt-BR","@id":"https:\/\/www.manaus.am.gov.br\/implurb\/#\/schema\/person\/image\/","url":"https:\/\/secure.gravatar.com\/avatar\/42958a1cf007f1a00534009218c72590?s=96&d=mm&r=g","contentUrl":"https:\/\/secure.gravatar.com\/avatar\/42958a1cf007f1a00534009218c72590?s=96&d=mm&r=g","caption":"Cl\u00e1udia Barbosa"}}]}},"_links":{"self":[{"href":"https:\/\/www.manaus.am.gov.br\/implurb\/wp-json\/wp\/v2\/posts\/3561"}],"collection":[{"href":"https:\/\/www.manaus.am.gov.br\/implurb\/wp-json\/wp\/v2\/posts"}],"about":[{"href":"https:\/\/www.manaus.am.gov.br\/implurb\/wp-json\/wp\/v2\/types\/post"}],"author":[{"embeddable":true,"href":"https:\/\/www.manaus.am.gov.br\/implurb\/wp-json\/wp\/v2\/users\/24"}],"replies":[{"embeddable":true,"href":"https:\/\/www.manaus.am.gov.br\/implurb\/wp-json\/wp\/v2\/comments?post=3561"}],"version-history":[{"count":0,"href":"https:\/\/www.manaus.am.gov.br\/implurb\/wp-json\/wp\/v2\/posts\/3561\/revisions"}],"wp:featuredmedia":[{"embeddable":true,"href":"https:\/\/www.manaus.am.gov.br\/implurb\/wp-json\/wp\/v2\/media\/3562"}],"wp:attachment":[{"href":"https:\/\/www.manaus.am.gov.br\/implurb\/wp-json\/wp\/v2\/media?parent=3561"}],"wp:term":[{"taxonomy":"category","embeddable":true,"href":"https:\/\/www.manaus.am.gov.br\/implurb\/wp-json\/wp\/v2\/categories?post=3561"},{"taxonomy":"post_tag","embeddable":true,"href":"https:\/\/www.manaus.am.gov.br\/implurb\/wp-json\/wp\/v2\/tags?post=3561"}],"curies":[{"name":"wp","href":"https:\/\/api.w.org\/{rel}","templated":true}]}}