{"id":3547,"date":"2023-04-28T09:23:03","date_gmt":"2023-04-28T13:23:03","guid":{"rendered":"https:\/\/www.manaus.am.gov.br\/implurb\/prefeitura-de-manaus-se-junta-a-rede-brasileira-de-institutos-de-planejamento-para-politicas-urbanas\/"},"modified":"2024-01-16T14:56:09","modified_gmt":"2024-01-16T18:56:09","slug":"prefeitura-de-manaus-se-junta-a-rede-brasileira-de-institutos-de-planejamento-para-politicas-urbanas","status":"publish","type":"post","link":"https:\/\/www.manaus.am.gov.br\/implurb\/prefeitura-de-manaus-se-junta-a-rede-brasileira-de-institutos-de-planejamento-para-politicas-urbanas\/","title":{"rendered":"Prefeitura de Manaus se junta \u00e0 Rede Brasileira de Institutos de Planejamento para pol\u00edticas urbanas"},"content":{"rendered":"\n<p>Manaus est\u00e1 integrada \u00e0 Rede Brasileira de Institutos de Planejamento (inRede), ap\u00f3s a participa\u00e7\u00e3o da prefeitura do 4\u00ba encontro promovido pelo grupo, em Campo Grande (MS), nos dias 27 e 28 de abril. O grupo tem apoio institucional do&nbsp;Programa das Na\u00e7\u00f5es Unidas para os Assentamentos Humanos (ONU-Habitat), da Deutsche Gesellschaft f\u00fcr Internationale Zusammenarbeit (GIZ), e da Ag\u00eancia Alem\u00e3 de Coopera\u00e7\u00e3o Internacional (GmbH).<\/p>\n\n\n\n<p>Representando a Prefeitura de Manaus, o Instituto Municipal de Planejamento Urbano (Implurb), por interm\u00e9dio diretor-presidente Carlos Valente, fez uma apresenta\u00e7\u00e3o da autarquia, que foi criada h\u00e1 20 anos, e da capital amazonense, al\u00e9m de mostrar um resumo das principais estrat\u00e9gias urbanas do \u00f3rg\u00e3o.<\/p>\n\n\n\n<p>\u201cMais de 30 diretores e secret\u00e1rios estiveram reunidos, fazendo uma produ\u00e7\u00e3o singular de conte\u00fado e a inclus\u00e3o de Manaus \u00e9 muito importante, com toda a estrutura criada pela gest\u00e3o do prefeito David Almeida. Durante o evento, foi definida a cria\u00e7\u00e3o do estatuto da inRede e os pr\u00f3ximos eventos do grupo colaborativo, que visa congregar todos os institutos de planejamento urbano do Brasil, definindo estrat\u00e9gias para divulgar e solidificar o planejamento como pol\u00edtica nacional de desenvolvimento estruturado das cidades\u201d, explicou Valente.<\/p>\n\n\n\n<p>A rede busca fortalecer&nbsp;a cultura do planejamento nos munic\u00edpios brasileiros e fomentar o di\u00e1logo entre institutos, promovendo troca de conhecimentos, coopera\u00e7\u00e3o e interc\u00e2mbios entre equipes gestoras e t\u00e9cnicas.<\/p>\n\n\n\n<p>A reuni\u00e3o da inRede conta ainda com suporte dos projetos de Apoio \u00e0 Agenda Nacional de Desenvolvimento Sustent\u00e1vel no Brasil (Andus) e da plataforma ReDUS (Rede para o Desenvolvimento Urbano Sustent\u00e1vel). Hoje, mais de 85% da popula\u00e7\u00e3o brasileira j\u00e1 vive em cidades e a urbaniza\u00e7\u00e3o \u00e9 o principal vetor da transforma\u00e7\u00e3o socioecon\u00f4mica e demogr\u00e1fica do pa\u00eds.<\/p>\n\n\n\n<p>\u201cAtuamos para construir caminhos e solu\u00e7\u00f5es sustent\u00e1veis para enfrentar os desafios da cidade, considerando a vasta pluralidade e dimens\u00e3o dentro da pr\u00f3pria Manaus. E os institutos de planejamento t\u00eam essa miss\u00e3o, de consolidar o desenvolvimento urbano e regional, com suas especificidades, integrado, inclusivo, sustent\u00e1vel e conectado com as agendas globais e casos de sucesso mundiais\u201d, disse Carlos Valente.<\/p>\n\n\n\n<p>J\u00e1 participam da rede, as cidades de Campo Grande (MS), Recife (PE), S\u00e3o Lu\u00eds (MA), Cana\u00e3 dos Caraj\u00e1s (PA), Apucarana (PR), Curitiba (PR), Maring\u00e1 (PR), Rondon\u00f3polis (MT), Reden\u00e7\u00e3o (PA), Fortaleza (CE), Santa Maria (RS), Cuiab\u00e1 (MT), Rio de Janeiro, S\u00e3o Paulo, Caruaru (PE), Juiz de Fora (MG), Navira\u00ed (MS), Piracicaba (SP), S\u00e3o Gon\u00e7alo (RJ), Londrina (PR), Niter\u00f3i (RJ), Sobral (CE), Macei\u00f3 (AL) e o governo de Alagoas.<\/p>\n\n\n\n<p>&#8212; &#8212; &#8212;<\/p>\n\n\n\n<p><strong>Texto<\/strong>&nbsp;\u2013 Claudia do Valle \/ Implurb<\/p>\n\n\n\n<p><strong>Fotos<\/strong>&nbsp;\u2013 Divulga\u00e7\u00e3o\/Implurb<\/p>\n","protected":false},"excerpt":{"rendered":"","protected":false},"author":23,"featured_media":3548,"comment_status":"closed","ping_status":"closed","sticky":false,"template":"","format":"standard","meta":{"footnotes":""},"categories":[267],"tags":[11,448,15,452],"acf":[],"yoast_head":"<!-- This site is optimized with the Yoast SEO plugin v23.0 - https:\/\/yoast.com\/wordpress\/plugins\/seo\/ -->\n<title>Prefeitura de Manaus se junta \u00e0 Rede Brasileira de Institutos de Planejamento para pol\u00edticas urbanas<\/title>\n<meta name=\"description\" content=\"Manaus est\u00e1 integrada \u00e0 Rede Brasileira de Institutos de Planejamento (inRede), ap\u00f3s a participa\u00e7\u00e3o da prefeitura do 4\u00ba encontro promovido pelo grupo, em Campo Grande (MS), nos dias 27 e 28 de abril. O grupo tem apoio institucional do Programa das Na\u00e7\u00f5es Unidas para os Assentamentos Humanos (ONU-Habitat), da Deutsche Gesellschaft f\u00fcr Internationale Zusammenarbeit (GIZ), e da Ag\u00eancia Alem\u00e3 de Coopera\u00e7\u00e3o Internacional (GmbH).\" \/>\n<meta name=\"robots\" content=\"noindex, follow\" \/>\n<meta property=\"og:locale\" content=\"pt_BR\" \/>\n<meta property=\"og:type\" content=\"article\" \/>\n<meta property=\"og:title\" content=\"Prefeitura de Manaus se junta \u00e0 Rede Brasileira de Institutos de Planejamento para pol\u00edticas urbanas\" \/>\n<meta property=\"og:description\" content=\"Manaus est\u00e1 integrada \u00e0 Rede Brasileira de Institutos de Planejamento (inRede), ap\u00f3s a participa\u00e7\u00e3o da prefeitura do 4\u00ba encontro promovido pelo grupo, em Campo Grande (MS), nos dias 27 e 28 de abril. O grupo tem apoio institucional do Programa das Na\u00e7\u00f5es Unidas para os Assentamentos Humanos (ONU-Habitat), da Deutsche Gesellschaft f\u00fcr Internationale Zusammenarbeit (GIZ), e da Ag\u00eancia Alem\u00e3 de Coopera\u00e7\u00e3o Internacional (GmbH).\" \/>\n<meta property=\"og:url\" content=\"https:\/\/www.manaus.am.gov.br\/implurb\/prefeitura-de-manaus-se-junta-a-rede-brasileira-de-institutos-de-planejamento-para-politicas-urbanas\/\" \/>\n<meta property=\"og:site_name\" content=\"IMPLURB\" \/>\n<meta property=\"article:published_time\" content=\"2023-04-28T13:23:03+00:00\" \/>\n<meta property=\"article:modified_time\" content=\"2024-01-16T18:56:09+00:00\" \/>\n<meta property=\"og:image\" content=\"https:\/\/www.manaus.am.gov.br\/implurb\/wp-content\/uploads\/sites\/13\/2024\/01\/inrede2.jpg\" \/>\n\t<meta property=\"og:image:width\" content=\"1280\" \/>\n\t<meta property=\"og:image:height\" content=\"960\" \/>\n\t<meta property=\"og:image:type\" content=\"image\/jpeg\" \/>\n<meta name=\"author\" content=\"Adriana Costa\" \/>\n<meta name=\"twitter:card\" content=\"summary_large_image\" \/>\n<meta name=\"twitter:label1\" content=\"Written by\" \/>\n\t<meta name=\"twitter:data1\" content=\"Adriana Costa\" \/>\n\t<meta name=\"twitter:label2\" content=\"Est. reading time\" \/>\n\t<meta name=\"twitter:data2\" content=\"3 minutos\" \/>\n<script type=\"application\/ld+json\" class=\"yoast-schema-graph\">{\"@context\":\"https:\/\/schema.org\",\"@graph\":[{\"@type\":\"WebPage\",\"@id\":\"https:\/\/www.manaus.am.gov.br\/implurb\/prefeitura-de-manaus-se-junta-a-rede-brasileira-de-institutos-de-planejamento-para-politicas-urbanas\/\",\"url\":\"https:\/\/www.manaus.am.gov.br\/implurb\/prefeitura-de-manaus-se-junta-a-rede-brasileira-de-institutos-de-planejamento-para-politicas-urbanas\/\",\"name\":\"Prefeitura de Manaus se junta \u00e0 Rede Brasileira de Institutos de Planejamento para pol\u00edticas urbanas\",\"isPartOf\":{\"@id\":\"https:\/\/www.manaus.am.gov.br\/implurb\/#website\"},\"primaryImageOfPage\":{\"@id\":\"https:\/\/www.manaus.am.gov.br\/implurb\/prefeitura-de-manaus-se-junta-a-rede-brasileira-de-institutos-de-planejamento-para-politicas-urbanas\/#primaryimage\"},\"image\":{\"@id\":\"https:\/\/www.manaus.am.gov.br\/implurb\/prefeitura-de-manaus-se-junta-a-rede-brasileira-de-institutos-de-planejamento-para-politicas-urbanas\/#primaryimage\"},\"thumbnailUrl\":\"https:\/\/www.manaus.am.gov.br\/implurb\/wp-content\/uploads\/sites\/13\/2024\/01\/inrede2.jpg\",\"datePublished\":\"2023-04-28T13:23:03+00:00\",\"dateModified\":\"2024-01-16T18:56:09+00:00\",\"author\":{\"@id\":\"https:\/\/www.manaus.am.gov.br\/implurb\/#\/schema\/person\/4e49f4e267757a06ca072ec61b2b9968\"},\"description\":\"Manaus est\u00e1 integrada \u00e0 Rede Brasileira de Institutos de Planejamento (inRede), ap\u00f3s a participa\u00e7\u00e3o da prefeitura do 4\u00ba encontro promovido pelo grupo, em Campo Grande (MS), nos dias 27 e 28 de abril. O grupo tem apoio institucional do Programa das Na\u00e7\u00f5es Unidas para os Assentamentos Humanos (ONU-Habitat), da Deutsche Gesellschaft f\u00fcr Internationale Zusammenarbeit (GIZ), e da Ag\u00eancia Alem\u00e3 de Coopera\u00e7\u00e3o Internacional (GmbH).\",\"breadcrumb\":{\"@id\":\"https:\/\/www.manaus.am.gov.br\/implurb\/prefeitura-de-manaus-se-junta-a-rede-brasileira-de-institutos-de-planejamento-para-politicas-urbanas\/#breadcrumb\"},\"inLanguage\":\"pt-BR\",\"potentialAction\":[{\"@type\":\"ReadAction\",\"target\":[\"https:\/\/www.manaus.am.gov.br\/implurb\/prefeitura-de-manaus-se-junta-a-rede-brasileira-de-institutos-de-planejamento-para-politicas-urbanas\/\"]}]},{\"@type\":\"ImageObject\",\"inLanguage\":\"pt-BR\",\"@id\":\"https:\/\/www.manaus.am.gov.br\/implurb\/prefeitura-de-manaus-se-junta-a-rede-brasileira-de-institutos-de-planejamento-para-politicas-urbanas\/#primaryimage\",\"url\":\"https:\/\/www.manaus.am.gov.br\/implurb\/wp-content\/uploads\/sites\/13\/2024\/01\/inrede2.jpg\",\"contentUrl\":\"https:\/\/www.manaus.am.gov.br\/implurb\/wp-content\/uploads\/sites\/13\/2024\/01\/inrede2.jpg\",\"width\":1280,\"height\":960},{\"@type\":\"BreadcrumbList\",\"@id\":\"https:\/\/www.manaus.am.gov.br\/implurb\/prefeitura-de-manaus-se-junta-a-rede-brasileira-de-institutos-de-planejamento-para-politicas-urbanas\/#breadcrumb\",\"itemListElement\":[{\"@type\":\"ListItem\",\"position\":1,\"name\":\"Home\",\"item\":\"https:\/\/www.manaus.am.gov.br\/implurb\/\"},{\"@type\":\"ListItem\",\"position\":2,\"name\":\"Prefeitura de Manaus se junta \u00e0 Rede Brasileira de Institutos de Planejamento para pol\u00edticas urbanas\"}]},{\"@type\":\"WebSite\",\"@id\":\"https:\/\/www.manaus.am.gov.br\/implurb\/#website\",\"url\":\"https:\/\/www.manaus.am.gov.br\/implurb\/\",\"name\":\"IMPLURB\",\"description\":\"Prefeitura de Manaus\",\"potentialAction\":[{\"@type\":\"SearchAction\",\"target\":{\"@type\":\"EntryPoint\",\"urlTemplate\":\"https:\/\/www.manaus.am.gov.br\/implurb\/?s={search_term_string}\"},\"query-input\":\"required name=search_term_string\"}],\"inLanguage\":\"pt-BR\"},{\"@type\":\"Person\",\"@id\":\"https:\/\/www.manaus.am.gov.br\/implurb\/#\/schema\/person\/4e49f4e267757a06ca072ec61b2b9968\",\"name\":\"Adriana Costa\",\"image\":{\"@type\":\"ImageObject\",\"inLanguage\":\"pt-BR\",\"@id\":\"https:\/\/www.manaus.am.gov.br\/implurb\/#\/schema\/person\/image\/\",\"url\":\"https:\/\/secure.gravatar.com\/avatar\/576258617ef7194f718179e766d57bd4?s=96&d=mm&r=g\",\"contentUrl\":\"https:\/\/secure.gravatar.com\/avatar\/576258617ef7194f718179e766d57bd4?s=96&d=mm&r=g\",\"caption\":\"Adriana Costa\"}}]}<\/script>\n<!-- \/ Yoast SEO plugin. -->","yoast_head_json":{"title":"Prefeitura de Manaus se junta \u00e0 Rede Brasileira de Institutos de Planejamento para pol\u00edticas urbanas","description":"Manaus est\u00e1 integrada \u00e0 Rede Brasileira de Institutos de Planejamento (inRede), ap\u00f3s a participa\u00e7\u00e3o da prefeitura do 4\u00ba encontro promovido pelo grupo, em Campo Grande (MS), nos dias 27 e 28 de abril. O grupo tem apoio institucional do Programa das Na\u00e7\u00f5es Unidas para os Assentamentos Humanos (ONU-Habitat), da Deutsche Gesellschaft f\u00fcr Internationale Zusammenarbeit (GIZ), e da Ag\u00eancia Alem\u00e3 de Coopera\u00e7\u00e3o Internacional (GmbH).","robots":{"index":"noindex","follow":"follow"},"og_locale":"pt_BR","og_type":"article","og_title":"Prefeitura de Manaus se junta \u00e0 Rede Brasileira de Institutos de Planejamento para pol\u00edticas urbanas","og_description":"Manaus est\u00e1 integrada \u00e0 Rede Brasileira de Institutos de Planejamento (inRede), ap\u00f3s a participa\u00e7\u00e3o da prefeitura do 4\u00ba encontro promovido pelo grupo, em Campo Grande (MS), nos dias 27 e 28 de abril. O grupo tem apoio institucional do Programa das Na\u00e7\u00f5es Unidas para os Assentamentos Humanos (ONU-Habitat), da Deutsche Gesellschaft f\u00fcr Internationale Zusammenarbeit (GIZ), e da Ag\u00eancia Alem\u00e3 de Coopera\u00e7\u00e3o Internacional (GmbH).","og_url":"https:\/\/www.manaus.am.gov.br\/implurb\/prefeitura-de-manaus-se-junta-a-rede-brasileira-de-institutos-de-planejamento-para-politicas-urbanas\/","og_site_name":"IMPLURB","article_published_time":"2023-04-28T13:23:03+00:00","article_modified_time":"2024-01-16T18:56:09+00:00","og_image":[{"width":1280,"height":960,"url":"https:\/\/www.manaus.am.gov.br\/implurb\/wp-content\/uploads\/sites\/13\/2024\/01\/inrede2.jpg","type":"image\/jpeg"}],"author":"Adriana Costa","twitter_card":"summary_large_image","twitter_misc":{"Written by":"Adriana Costa","Est. reading time":"3 minutos"},"schema":{"@context":"https:\/\/schema.org","@graph":[{"@type":"WebPage","@id":"https:\/\/www.manaus.am.gov.br\/implurb\/prefeitura-de-manaus-se-junta-a-rede-brasileira-de-institutos-de-planejamento-para-politicas-urbanas\/","url":"https:\/\/www.manaus.am.gov.br\/implurb\/prefeitura-de-manaus-se-junta-a-rede-brasileira-de-institutos-de-planejamento-para-politicas-urbanas\/","name":"Prefeitura de Manaus se junta \u00e0 Rede Brasileira de Institutos de Planejamento para pol\u00edticas urbanas","isPartOf":{"@id":"https:\/\/www.manaus.am.gov.br\/implurb\/#website"},"primaryImageOfPage":{"@id":"https:\/\/www.manaus.am.gov.br\/implurb\/prefeitura-de-manaus-se-junta-a-rede-brasileira-de-institutos-de-planejamento-para-politicas-urbanas\/#primaryimage"},"image":{"@id":"https:\/\/www.manaus.am.gov.br\/implurb\/prefeitura-de-manaus-se-junta-a-rede-brasileira-de-institutos-de-planejamento-para-politicas-urbanas\/#primaryimage"},"thumbnailUrl":"https:\/\/www.manaus.am.gov.br\/implurb\/wp-content\/uploads\/sites\/13\/2024\/01\/inrede2.jpg","datePublished":"2023-04-28T13:23:03+00:00","dateModified":"2024-01-16T18:56:09+00:00","author":{"@id":"https:\/\/www.manaus.am.gov.br\/implurb\/#\/schema\/person\/4e49f4e267757a06ca072ec61b2b9968"},"description":"Manaus est\u00e1 integrada \u00e0 Rede Brasileira de Institutos de Planejamento (inRede), ap\u00f3s a participa\u00e7\u00e3o da prefeitura do 4\u00ba encontro promovido pelo grupo, em Campo Grande (MS), nos dias 27 e 28 de abril. O grupo tem apoio institucional do Programa das Na\u00e7\u00f5es Unidas para os Assentamentos Humanos (ONU-Habitat), da Deutsche Gesellschaft f\u00fcr Internationale Zusammenarbeit (GIZ), e da Ag\u00eancia Alem\u00e3 de Coopera\u00e7\u00e3o Internacional (GmbH).","breadcrumb":{"@id":"https:\/\/www.manaus.am.gov.br\/implurb\/prefeitura-de-manaus-se-junta-a-rede-brasileira-de-institutos-de-planejamento-para-politicas-urbanas\/#breadcrumb"},"inLanguage":"pt-BR","potentialAction":[{"@type":"ReadAction","target":["https:\/\/www.manaus.am.gov.br\/implurb\/prefeitura-de-manaus-se-junta-a-rede-brasileira-de-institutos-de-planejamento-para-politicas-urbanas\/"]}]},{"@type":"ImageObject","inLanguage":"pt-BR","@id":"https:\/\/www.manaus.am.gov.br\/implurb\/prefeitura-de-manaus-se-junta-a-rede-brasileira-de-institutos-de-planejamento-para-politicas-urbanas\/#primaryimage","url":"https:\/\/www.manaus.am.gov.br\/implurb\/wp-content\/uploads\/sites\/13\/2024\/01\/inrede2.jpg","contentUrl":"https:\/\/www.manaus.am.gov.br\/implurb\/wp-content\/uploads\/sites\/13\/2024\/01\/inrede2.jpg","width":1280,"height":960},{"@type":"BreadcrumbList","@id":"https:\/\/www.manaus.am.gov.br\/implurb\/prefeitura-de-manaus-se-junta-a-rede-brasileira-de-institutos-de-planejamento-para-politicas-urbanas\/#breadcrumb","itemListElement":[{"@type":"ListItem","position":1,"name":"Home","item":"https:\/\/www.manaus.am.gov.br\/implurb\/"},{"@type":"ListItem","position":2,"name":"Prefeitura de Manaus se junta \u00e0 Rede Brasileira de Institutos de Planejamento para pol\u00edticas urbanas"}]},{"@type":"WebSite","@id":"https:\/\/www.manaus.am.gov.br\/implurb\/#website","url":"https:\/\/www.manaus.am.gov.br\/implurb\/","name":"IMPLURB","description":"Prefeitura de Manaus","potentialAction":[{"@type":"SearchAction","target":{"@type":"EntryPoint","urlTemplate":"https:\/\/www.manaus.am.gov.br\/implurb\/?s={search_term_string}"},"query-input":"required name=search_term_string"}],"inLanguage":"pt-BR"},{"@type":"Person","@id":"https:\/\/www.manaus.am.gov.br\/implurb\/#\/schema\/person\/4e49f4e267757a06ca072ec61b2b9968","name":"Adriana Costa","image":{"@type":"ImageObject","inLanguage":"pt-BR","@id":"https:\/\/www.manaus.am.gov.br\/implurb\/#\/schema\/person\/image\/","url":"https:\/\/secure.gravatar.com\/avatar\/576258617ef7194f718179e766d57bd4?s=96&d=mm&r=g","contentUrl":"https:\/\/secure.gravatar.com\/avatar\/576258617ef7194f718179e766d57bd4?s=96&d=mm&r=g","caption":"Adriana Costa"}}]}},"_links":{"self":[{"href":"https:\/\/www.manaus.am.gov.br\/implurb\/wp-json\/wp\/v2\/posts\/3547"}],"collection":[{"href":"https:\/\/www.manaus.am.gov.br\/implurb\/wp-json\/wp\/v2\/posts"}],"about":[{"href":"https:\/\/www.manaus.am.gov.br\/implurb\/wp-json\/wp\/v2\/types\/post"}],"author":[{"embeddable":true,"href":"https:\/\/www.manaus.am.gov.br\/implurb\/wp-json\/wp\/v2\/users\/23"}],"replies":[{"embeddable":true,"href":"https:\/\/www.manaus.am.gov.br\/implurb\/wp-json\/wp\/v2\/comments?post=3547"}],"version-history":[{"count":0,"href":"https:\/\/www.manaus.am.gov.br\/implurb\/wp-json\/wp\/v2\/posts\/3547\/revisions"}],"wp:featuredmedia":[{"embeddable":true,"href":"https:\/\/www.manaus.am.gov.br\/implurb\/wp-json\/wp\/v2\/media\/3548"}],"wp:attachment":[{"href":"https:\/\/www.manaus.am.gov.br\/implurb\/wp-json\/wp\/v2\/media?parent=3547"}],"wp:term":[{"taxonomy":"category","embeddable":true,"href":"https:\/\/www.manaus.am.gov.br\/implurb\/wp-json\/wp\/v2\/categories?post=3547"},{"taxonomy":"post_tag","embeddable":true,"href":"https:\/\/www.manaus.am.gov.br\/implurb\/wp-json\/wp\/v2\/tags?post=3547"}],"curies":[{"name":"wp","href":"https:\/\/api.w.org\/{rel}","templated":true}]}}