{"id":3541,"date":"2023-04-29T11:22:24","date_gmt":"2023-04-29T15:22:24","guid":{"rendered":"https:\/\/www.manaus.am.gov.br\/implurb\/prefeitura-alerta-para-cuidados-na-ponta-negra-durante-a-programacao-do-dia-do-trabalhador\/"},"modified":"2024-01-16T14:54:32","modified_gmt":"2024-01-16T18:54:32","slug":"prefeitura-alerta-para-cuidados-na-ponta-negra-durante-a-programacao-do-dia-do-trabalhador","status":"publish","type":"post","link":"https:\/\/www.manaus.am.gov.br\/implurb\/prefeitura-alerta-para-cuidados-na-ponta-negra-durante-a-programacao-do-dia-do-trabalhador\/","title":{"rendered":"Prefeitura alerta banhistas para cuidados na Ponta Negra durante a programa\u00e7\u00e3o do Dia do Trabalhador"},"content":{"rendered":"\n<p>A programa\u00e7\u00e3o do Dia do Trabalhador, comemorado nesta pr\u00f3xima segunda-feira, 1\u00ba\/5, promete movimentar o complexo tur\u00edstico Ponta Negra, zona Oeste, com a inaugura\u00e7\u00e3o da Casa de Praia Zezinho Corr\u00eaa, que ser\u00e1 entregue pela&nbsp;Prefeitura de Manaus&nbsp;\u00e0 popula\u00e7\u00e3o. Mas, para garantir boas recorda\u00e7\u00f5es e manter a seguran\u00e7a na praia, \u00e9 bom estar ciente das recomenda\u00e7\u00f5es e proibi\u00e7\u00f5es para desfrutar o espa\u00e7o com conforto e sem incidentes.<\/p>\n\n\n\n<p>Na praia, a orienta\u00e7\u00e3o para os frequentadores \u00e9 a proibi\u00e7\u00e3o do consumo de bebidas em garrafas de vidro; brincar de papagaio (pipa); assim como fazer acampamento. Tamb\u00e9m \u00e9 proibido o com\u00e9rcio ambulante n\u00e3o autorizado pela prefeitura. Para a seguran\u00e7a dos banhistas, n\u00e3o \u00e9 permitido o banho no rio Negro ap\u00f3s as 17h, quando se perde mais visibilidade nas \u00e1guas e n\u00e3o h\u00e1 mais guarda-vidas no complexo.<\/p>\n\n\n\n<p>Para o chefe do Pelot\u00e3o de Guarda-Vidas, tenente do Corpo de Bombeiros Alu\u00edsio Cruz, quem for usar balne\u00e1rio deve atentar para o uso correto e seguro da praia e do banho. \u201cQuem tem h\u00e1bito de ingerir bebida alco\u00f3lica com mais intensidade deve atentar que seus sentidos s\u00e3o afetados, ficando menos agu\u00e7ado, e a pessoa fica com a capacidade comprometida de flutuar, mergulhar e nadar\u201d, refor\u00e7ou.<\/p>\n\n\n\n<p>E outro ponto de destaque \u00e9 o cuidado com crian\u00e7as, para que nunca fiquem sozinhas, nem por um instante. \u201cEm raz\u00e3o do volume de frequentadores, a responsabilidade deve ser redobrada de pessoas com crian\u00e7as, para n\u00e3o as perderem de vista\u201d, disse o tenente.<\/p>\n\n\n\n<p>Cruz comentou que as orienta\u00e7\u00f5es do Corpo de Bombeiros s\u00e3o para evitar acidentes e incidentes e que os trabalhadores e usu\u00e1rios possam curtir a praia de forma segura e respons\u00e1vel.<\/p>\n\n\n\n<h2 class=\"wp-block-heading\">Proibi\u00e7\u00f5es<\/h2>\n\n\n\n<p>Com o aumento de frequentadores, a coordena\u00e7\u00e3o da Ponta Negra alerta&nbsp;para a seguran\u00e7a e o bom uso das instala\u00e7\u00f5es, lembrando os itens proibidos no parque. As garrafas de vidro s\u00e3o proibidas na praia por serem perfurocortantes. A orienta\u00e7\u00e3o \u00e9 que o p\u00fablico n\u00e3o leve para o espa\u00e7o&nbsp;garrafas&nbsp;e objetos de&nbsp;vidro, perfurocortantes ou similares, sob pena de apreens\u00e3o dos mesmos. A recomenda\u00e7\u00e3o \u00e9 que fa\u00e7am uso de garrafas pl\u00e1sticas.<\/p>\n\n\n\n<p>O p\u00fablico \u00e9 abordado e orientado sobre a apreens\u00e3o de objetos proibidos. E, as medidas de preven\u00e7\u00e3o devem ser individuais, com a colabora\u00e7\u00e3o da popula\u00e7\u00e3o.&nbsp;Na praia e no balne\u00e1rio tamb\u00e9m n\u00e3o \u00e9 permitido fazer churrasco ou fogueiras.<\/p>\n\n\n\n<p>\u201cSolicitamos ainda que pessoas com seus c\u00e3es de estima\u00e7\u00e3o n\u00e3o entrem no rio com os animais. O espa\u00e7o \u00e9 p\u00fablico e muitos frequentadores ficam incomodados em tomar banho com cachorros ao lado. A seguran\u00e7a e o bem-estar de todos s\u00e3o nossas maiores preocupa\u00e7\u00f5es\u201d, afirmou o coordenador da comiss\u00e3o do parque, Alberto Maciel.<\/p>\n\n\n\n<p>Os corpos permanentes de seguran\u00e7a, incluindo Guarda Municipal, com ciclopatrulha, a Pol\u00edcia Militar e bombeiros atuam no monitoramento da praia e na seguran\u00e7a dos banhistas, bem como na seguran\u00e7a e manuten\u00e7\u00e3o do patrim\u00f4nio de todo o complexo.<\/p>\n\n\n\n<h2 class=\"wp-block-heading\">Casa de Praia<\/h2>\n\n\n\n<p>O novo espa\u00e7o a ser inaugurado \u00e9 a primeira grande reabilita\u00e7\u00e3o de um antigo pr\u00e9dio abandonado e deteriorado h\u00e1 mais de 25 anos, transformado em uma obra de reconvers\u00e3o da atual gest\u00e3o municipal, seguindo uma tend\u00eancia no Brasil e no mundo. O projeto tem assinatura do Instituto Municipal de Planejamento Urbano (Implurb) e o respons\u00e1vel pela obra e gest\u00e3o da Casa de Praia Zezinho Corr\u00eaa \u00e9 a Secretaria Municipal de&nbsp;Trabalho, Empreendedorismo e Inova\u00e7\u00e3o (Semtepi).<\/p>\n\n\n\n<p>Convertido em um espa\u00e7o multiuso, com foco no lazer, turismo, neg\u00f3cios, artesanato e gastronomia, o local tem \u00e1rea constru\u00edda de 1.650 metros quadrados, incluindo um restaurante, quatro opera\u00e7\u00f5es de lanchonetes, administra\u00e7\u00e3o, banheiros, playgrounds, palco, \u00e1reas de conviv\u00eancia e \u00e1rea para exposi\u00e7\u00e3o de artesanato, em um formato modernizado, onde o turista poder\u00e1 apreciar e adquirir artigos regionais.<\/p>\n\n\n\n<p>O projeto tamb\u00e9m foi pensado para dar total acessibilidade a qualquer pessoa, com rampas e plataformas elevat\u00f3rias. Como parte do complexo, seu funcionamento ser\u00e1 das 8h \u00e0s 22h.<\/p>\n\n\n\n<p>&#8212; &#8212; &#8212;<\/p>\n\n\n\n<p><strong>Texto<\/strong>&nbsp;\u2013 Claudia do Valle \/ Implurb<\/p>\n\n\n\n<p><strong>Foto&nbsp;<\/strong>\u2013 Elton Viana \/ Semcom<\/p>\n","protected":false},"excerpt":{"rendered":"","protected":false},"author":39,"featured_media":3542,"comment_status":"closed","ping_status":"closed","sticky":false,"template":"","format":"standard","meta":{"footnotes":""},"categories":[126],"tags":[1051,1052,11,15,981],"acf":[],"yoast_head":"<!-- This site is optimized with the Yoast SEO plugin v23.0 - https:\/\/yoast.com\/wordpress\/plugins\/seo\/ -->\n<title>Prefeitura alerta banhistas para cuidados na Ponta Negra durante a festa do Dia do Trabalhador<\/title>\n<meta name=\"description\" content=\"A programa\u00e7\u00e3o do Dia do Trabalhador, comemorado nesta pr\u00f3xima segunda-feira, 1\u00ba\/5, promete movimentar o complexo tur\u00edstico Ponta Negra, zona Oeste, com a inaugura\u00e7\u00e3o da Casa de Praia Zezinho Corr\u00eaa, que ser\u00e1 entregue pela\u00a0Prefeitura de Manaus\u00a0\u00e0 popula\u00e7\u00e3o. Mas, para garantir boas recorda\u00e7\u00f5es e manter a seguran\u00e7a na praia, \u00e9 bom estar ciente das recomenda\u00e7\u00f5es e proibi\u00e7\u00f5es para desfrutar o espa\u00e7o com conforto e sem incidentes.\" \/>\n<meta name=\"robots\" content=\"noindex, follow\" \/>\n<meta property=\"og:locale\" content=\"pt_BR\" \/>\n<meta property=\"og:type\" content=\"article\" \/>\n<meta property=\"og:title\" content=\"Prefeitura alerta banhistas para cuidados na Ponta Negra durante a festa do Dia do Trabalhador\" \/>\n<meta property=\"og:description\" content=\"A programa\u00e7\u00e3o do Dia do Trabalhador, comemorado nesta pr\u00f3xima segunda-feira, 1\u00ba\/5, promete movimentar o complexo tur\u00edstico Ponta Negra, zona Oeste, com a inaugura\u00e7\u00e3o da Casa de Praia Zezinho Corr\u00eaa, que ser\u00e1 entregue pela\u00a0Prefeitura de Manaus\u00a0\u00e0 popula\u00e7\u00e3o. Mas, para garantir boas recorda\u00e7\u00f5es e manter a seguran\u00e7a na praia, \u00e9 bom estar ciente das recomenda\u00e7\u00f5es e proibi\u00e7\u00f5es para desfrutar o espa\u00e7o com conforto e sem incidentes.\" \/>\n<meta property=\"og:url\" content=\"https:\/\/www.manaus.am.gov.br\/implurb\/prefeitura-alerta-para-cuidados-na-ponta-negra-durante-a-programacao-do-dia-do-trabalhador\/\" \/>\n<meta property=\"og:site_name\" content=\"IMPLURB\" \/>\n<meta property=\"article:published_time\" content=\"2023-04-29T15:22:24+00:00\" \/>\n<meta property=\"article:modified_time\" content=\"2024-01-16T18:54:32+00:00\" \/>\n<meta property=\"og:image\" content=\"https:\/\/www.manaus.am.gov.br\/implurb\/wp-content\/uploads\/sites\/13\/2024\/01\/Casa-de-Praia-Zezinho-Correa-Foto-Elton-Viana-1-scaled.jpg\" \/>\n\t<meta property=\"og:image:width\" content=\"2560\" \/>\n\t<meta property=\"og:image:height\" content=\"1541\" \/>\n\t<meta property=\"og:image:type\" content=\"image\/jpeg\" \/>\n<meta name=\"author\" content=\"Bruna Greco\" \/>\n<meta name=\"twitter:card\" content=\"summary_large_image\" \/>\n<meta name=\"twitter:label1\" content=\"Written by\" \/>\n\t<meta name=\"twitter:data1\" content=\"Bruna Greco\" \/>\n\t<meta name=\"twitter:label2\" content=\"Est. reading time\" \/>\n\t<meta name=\"twitter:data2\" content=\"4 minutos\" \/>\n<script type=\"application\/ld+json\" class=\"yoast-schema-graph\">{\"@context\":\"https:\/\/schema.org\",\"@graph\":[{\"@type\":\"WebPage\",\"@id\":\"https:\/\/www.manaus.am.gov.br\/implurb\/prefeitura-alerta-para-cuidados-na-ponta-negra-durante-a-programacao-do-dia-do-trabalhador\/\",\"url\":\"https:\/\/www.manaus.am.gov.br\/implurb\/prefeitura-alerta-para-cuidados-na-ponta-negra-durante-a-programacao-do-dia-do-trabalhador\/\",\"name\":\"Prefeitura alerta banhistas para cuidados na Ponta Negra durante a festa do Dia do Trabalhador\",\"isPartOf\":{\"@id\":\"https:\/\/www.manaus.am.gov.br\/implurb\/#website\"},\"primaryImageOfPage\":{\"@id\":\"https:\/\/www.manaus.am.gov.br\/implurb\/prefeitura-alerta-para-cuidados-na-ponta-negra-durante-a-programacao-do-dia-do-trabalhador\/#primaryimage\"},\"image\":{\"@id\":\"https:\/\/www.manaus.am.gov.br\/implurb\/prefeitura-alerta-para-cuidados-na-ponta-negra-durante-a-programacao-do-dia-do-trabalhador\/#primaryimage\"},\"thumbnailUrl\":\"https:\/\/www.manaus.am.gov.br\/implurb\/wp-content\/uploads\/sites\/13\/2024\/01\/Casa-de-Praia-Zezinho-Correa-Foto-Elton-Viana-1-scaled.jpg\",\"datePublished\":\"2023-04-29T15:22:24+00:00\",\"dateModified\":\"2024-01-16T18:54:32+00:00\",\"author\":{\"@id\":\"https:\/\/www.manaus.am.gov.br\/implurb\/#\/schema\/person\/05d223aea2bf115f9883a6ff3683d81b\"},\"description\":\"A programa\u00e7\u00e3o do Dia do Trabalhador, comemorado nesta pr\u00f3xima segunda-feira, 1\u00ba\/5, promete movimentar o complexo tur\u00edstico Ponta Negra, zona Oeste, com a inaugura\u00e7\u00e3o da Casa de Praia Zezinho Corr\u00eaa, que ser\u00e1 entregue pela\u00a0Prefeitura de Manaus\u00a0\u00e0 popula\u00e7\u00e3o. Mas, para garantir boas recorda\u00e7\u00f5es e manter a seguran\u00e7a na praia, \u00e9 bom estar ciente das recomenda\u00e7\u00f5es e proibi\u00e7\u00f5es para desfrutar o espa\u00e7o com conforto e sem incidentes.\",\"breadcrumb\":{\"@id\":\"https:\/\/www.manaus.am.gov.br\/implurb\/prefeitura-alerta-para-cuidados-na-ponta-negra-durante-a-programacao-do-dia-do-trabalhador\/#breadcrumb\"},\"inLanguage\":\"pt-BR\",\"potentialAction\":[{\"@type\":\"ReadAction\",\"target\":[\"https:\/\/www.manaus.am.gov.br\/implurb\/prefeitura-alerta-para-cuidados-na-ponta-negra-durante-a-programacao-do-dia-do-trabalhador\/\"]}]},{\"@type\":\"ImageObject\",\"inLanguage\":\"pt-BR\",\"@id\":\"https:\/\/www.manaus.am.gov.br\/implurb\/prefeitura-alerta-para-cuidados-na-ponta-negra-durante-a-programacao-do-dia-do-trabalhador\/#primaryimage\",\"url\":\"https:\/\/www.manaus.am.gov.br\/implurb\/wp-content\/uploads\/sites\/13\/2024\/01\/Casa-de-Praia-Zezinho-Correa-Foto-Elton-Viana-1-scaled.jpg\",\"contentUrl\":\"https:\/\/www.manaus.am.gov.br\/implurb\/wp-content\/uploads\/sites\/13\/2024\/01\/Casa-de-Praia-Zezinho-Correa-Foto-Elton-Viana-1-scaled.jpg\",\"width\":2560,\"height\":1541},{\"@type\":\"BreadcrumbList\",\"@id\":\"https:\/\/www.manaus.am.gov.br\/implurb\/prefeitura-alerta-para-cuidados-na-ponta-negra-durante-a-programacao-do-dia-do-trabalhador\/#breadcrumb\",\"itemListElement\":[{\"@type\":\"ListItem\",\"position\":1,\"name\":\"Home\",\"item\":\"https:\/\/www.manaus.am.gov.br\/implurb\/\"},{\"@type\":\"ListItem\",\"position\":2,\"name\":\"Prefeitura alerta banhistas para cuidados na Ponta Negra durante a programa\u00e7\u00e3o do Dia do Trabalhador\"}]},{\"@type\":\"WebSite\",\"@id\":\"https:\/\/www.manaus.am.gov.br\/implurb\/#website\",\"url\":\"https:\/\/www.manaus.am.gov.br\/implurb\/\",\"name\":\"IMPLURB\",\"description\":\"Prefeitura de Manaus\",\"potentialAction\":[{\"@type\":\"SearchAction\",\"target\":{\"@type\":\"EntryPoint\",\"urlTemplate\":\"https:\/\/www.manaus.am.gov.br\/implurb\/?s={search_term_string}\"},\"query-input\":\"required name=search_term_string\"}],\"inLanguage\":\"pt-BR\"},{\"@type\":\"Person\",\"@id\":\"https:\/\/www.manaus.am.gov.br\/implurb\/#\/schema\/person\/05d223aea2bf115f9883a6ff3683d81b\",\"name\":\"Bruna Greco\",\"image\":{\"@type\":\"ImageObject\",\"inLanguage\":\"pt-BR\",\"@id\":\"https:\/\/www.manaus.am.gov.br\/implurb\/#\/schema\/person\/image\/\",\"url\":\"https:\/\/secure.gravatar.com\/avatar\/9c877d1a6adc2a055330e5c09a8653ce?s=96&d=mm&r=g\",\"contentUrl\":\"https:\/\/secure.gravatar.com\/avatar\/9c877d1a6adc2a055330e5c09a8653ce?s=96&d=mm&r=g\",\"caption\":\"Bruna Greco\"}}]}<\/script>\n<!-- \/ Yoast SEO plugin. -->","yoast_head_json":{"title":"Prefeitura alerta banhistas para cuidados na Ponta Negra durante a festa do Dia do Trabalhador","description":"A programa\u00e7\u00e3o do Dia do Trabalhador, comemorado nesta pr\u00f3xima segunda-feira, 1\u00ba\/5, promete movimentar o complexo tur\u00edstico Ponta Negra, zona Oeste, com a inaugura\u00e7\u00e3o da Casa de Praia Zezinho Corr\u00eaa, que ser\u00e1 entregue pela\u00a0Prefeitura de Manaus\u00a0\u00e0 popula\u00e7\u00e3o. Mas, para garantir boas recorda\u00e7\u00f5es e manter a seguran\u00e7a na praia, \u00e9 bom estar ciente das recomenda\u00e7\u00f5es e proibi\u00e7\u00f5es para desfrutar o espa\u00e7o com conforto e sem incidentes.","robots":{"index":"noindex","follow":"follow"},"og_locale":"pt_BR","og_type":"article","og_title":"Prefeitura alerta banhistas para cuidados na Ponta Negra durante a festa do Dia do Trabalhador","og_description":"A programa\u00e7\u00e3o do Dia do Trabalhador, comemorado nesta pr\u00f3xima segunda-feira, 1\u00ba\/5, promete movimentar o complexo tur\u00edstico Ponta Negra, zona Oeste, com a inaugura\u00e7\u00e3o da Casa de Praia Zezinho Corr\u00eaa, que ser\u00e1 entregue pela\u00a0Prefeitura de Manaus\u00a0\u00e0 popula\u00e7\u00e3o. Mas, para garantir boas recorda\u00e7\u00f5es e manter a seguran\u00e7a na praia, \u00e9 bom estar ciente das recomenda\u00e7\u00f5es e proibi\u00e7\u00f5es para desfrutar o espa\u00e7o com conforto e sem incidentes.","og_url":"https:\/\/www.manaus.am.gov.br\/implurb\/prefeitura-alerta-para-cuidados-na-ponta-negra-durante-a-programacao-do-dia-do-trabalhador\/","og_site_name":"IMPLURB","article_published_time":"2023-04-29T15:22:24+00:00","article_modified_time":"2024-01-16T18:54:32+00:00","og_image":[{"width":2560,"height":1541,"url":"https:\/\/www.manaus.am.gov.br\/implurb\/wp-content\/uploads\/sites\/13\/2024\/01\/Casa-de-Praia-Zezinho-Correa-Foto-Elton-Viana-1-scaled.jpg","type":"image\/jpeg"}],"author":"Bruna Greco","twitter_card":"summary_large_image","twitter_misc":{"Written by":"Bruna Greco","Est. reading time":"4 minutos"},"schema":{"@context":"https:\/\/schema.org","@graph":[{"@type":"WebPage","@id":"https:\/\/www.manaus.am.gov.br\/implurb\/prefeitura-alerta-para-cuidados-na-ponta-negra-durante-a-programacao-do-dia-do-trabalhador\/","url":"https:\/\/www.manaus.am.gov.br\/implurb\/prefeitura-alerta-para-cuidados-na-ponta-negra-durante-a-programacao-do-dia-do-trabalhador\/","name":"Prefeitura alerta banhistas para cuidados na Ponta Negra durante a festa do Dia do Trabalhador","isPartOf":{"@id":"https:\/\/www.manaus.am.gov.br\/implurb\/#website"},"primaryImageOfPage":{"@id":"https:\/\/www.manaus.am.gov.br\/implurb\/prefeitura-alerta-para-cuidados-na-ponta-negra-durante-a-programacao-do-dia-do-trabalhador\/#primaryimage"},"image":{"@id":"https:\/\/www.manaus.am.gov.br\/implurb\/prefeitura-alerta-para-cuidados-na-ponta-negra-durante-a-programacao-do-dia-do-trabalhador\/#primaryimage"},"thumbnailUrl":"https:\/\/www.manaus.am.gov.br\/implurb\/wp-content\/uploads\/sites\/13\/2024\/01\/Casa-de-Praia-Zezinho-Correa-Foto-Elton-Viana-1-scaled.jpg","datePublished":"2023-04-29T15:22:24+00:00","dateModified":"2024-01-16T18:54:32+00:00","author":{"@id":"https:\/\/www.manaus.am.gov.br\/implurb\/#\/schema\/person\/05d223aea2bf115f9883a6ff3683d81b"},"description":"A programa\u00e7\u00e3o do Dia do Trabalhador, comemorado nesta pr\u00f3xima segunda-feira, 1\u00ba\/5, promete movimentar o complexo tur\u00edstico Ponta Negra, zona Oeste, com a inaugura\u00e7\u00e3o da Casa de Praia Zezinho Corr\u00eaa, que ser\u00e1 entregue pela\u00a0Prefeitura de Manaus\u00a0\u00e0 popula\u00e7\u00e3o. Mas, para garantir boas recorda\u00e7\u00f5es e manter a seguran\u00e7a na praia, \u00e9 bom estar ciente das recomenda\u00e7\u00f5es e proibi\u00e7\u00f5es para desfrutar o espa\u00e7o com conforto e sem incidentes.","breadcrumb":{"@id":"https:\/\/www.manaus.am.gov.br\/implurb\/prefeitura-alerta-para-cuidados-na-ponta-negra-durante-a-programacao-do-dia-do-trabalhador\/#breadcrumb"},"inLanguage":"pt-BR","potentialAction":[{"@type":"ReadAction","target":["https:\/\/www.manaus.am.gov.br\/implurb\/prefeitura-alerta-para-cuidados-na-ponta-negra-durante-a-programacao-do-dia-do-trabalhador\/"]}]},{"@type":"ImageObject","inLanguage":"pt-BR","@id":"https:\/\/www.manaus.am.gov.br\/implurb\/prefeitura-alerta-para-cuidados-na-ponta-negra-durante-a-programacao-do-dia-do-trabalhador\/#primaryimage","url":"https:\/\/www.manaus.am.gov.br\/implurb\/wp-content\/uploads\/sites\/13\/2024\/01\/Casa-de-Praia-Zezinho-Correa-Foto-Elton-Viana-1-scaled.jpg","contentUrl":"https:\/\/www.manaus.am.gov.br\/implurb\/wp-content\/uploads\/sites\/13\/2024\/01\/Casa-de-Praia-Zezinho-Correa-Foto-Elton-Viana-1-scaled.jpg","width":2560,"height":1541},{"@type":"BreadcrumbList","@id":"https:\/\/www.manaus.am.gov.br\/implurb\/prefeitura-alerta-para-cuidados-na-ponta-negra-durante-a-programacao-do-dia-do-trabalhador\/#breadcrumb","itemListElement":[{"@type":"ListItem","position":1,"name":"Home","item":"https:\/\/www.manaus.am.gov.br\/implurb\/"},{"@type":"ListItem","position":2,"name":"Prefeitura alerta banhistas para cuidados na Ponta Negra durante a programa\u00e7\u00e3o do Dia do Trabalhador"}]},{"@type":"WebSite","@id":"https:\/\/www.manaus.am.gov.br\/implurb\/#website","url":"https:\/\/www.manaus.am.gov.br\/implurb\/","name":"IMPLURB","description":"Prefeitura de Manaus","potentialAction":[{"@type":"SearchAction","target":{"@type":"EntryPoint","urlTemplate":"https:\/\/www.manaus.am.gov.br\/implurb\/?s={search_term_string}"},"query-input":"required name=search_term_string"}],"inLanguage":"pt-BR"},{"@type":"Person","@id":"https:\/\/www.manaus.am.gov.br\/implurb\/#\/schema\/person\/05d223aea2bf115f9883a6ff3683d81b","name":"Bruna Greco","image":{"@type":"ImageObject","inLanguage":"pt-BR","@id":"https:\/\/www.manaus.am.gov.br\/implurb\/#\/schema\/person\/image\/","url":"https:\/\/secure.gravatar.com\/avatar\/9c877d1a6adc2a055330e5c09a8653ce?s=96&d=mm&r=g","contentUrl":"https:\/\/secure.gravatar.com\/avatar\/9c877d1a6adc2a055330e5c09a8653ce?s=96&d=mm&r=g","caption":"Bruna Greco"}}]}},"_links":{"self":[{"href":"https:\/\/www.manaus.am.gov.br\/implurb\/wp-json\/wp\/v2\/posts\/3541"}],"collection":[{"href":"https:\/\/www.manaus.am.gov.br\/implurb\/wp-json\/wp\/v2\/posts"}],"about":[{"href":"https:\/\/www.manaus.am.gov.br\/implurb\/wp-json\/wp\/v2\/types\/post"}],"author":[{"embeddable":true,"href":"https:\/\/www.manaus.am.gov.br\/implurb\/wp-json\/wp\/v2\/users\/39"}],"replies":[{"embeddable":true,"href":"https:\/\/www.manaus.am.gov.br\/implurb\/wp-json\/wp\/v2\/comments?post=3541"}],"version-history":[{"count":0,"href":"https:\/\/www.manaus.am.gov.br\/implurb\/wp-json\/wp\/v2\/posts\/3541\/revisions"}],"wp:featuredmedia":[{"embeddable":true,"href":"https:\/\/www.manaus.am.gov.br\/implurb\/wp-json\/wp\/v2\/media\/3542"}],"wp:attachment":[{"href":"https:\/\/www.manaus.am.gov.br\/implurb\/wp-json\/wp\/v2\/media?parent=3541"}],"wp:term":[{"taxonomy":"category","embeddable":true,"href":"https:\/\/www.manaus.am.gov.br\/implurb\/wp-json\/wp\/v2\/categories?post=3541"},{"taxonomy":"post_tag","embeddable":true,"href":"https:\/\/www.manaus.am.gov.br\/implurb\/wp-json\/wp\/v2\/tags?post=3541"}],"curies":[{"name":"wp","href":"https:\/\/api.w.org\/{rel}","templated":true}]}}