{"id":3533,"date":"2023-05-05T11:23:16","date_gmt":"2023-05-05T15:23:16","guid":{"rendered":"https:\/\/www.manaus.am.gov.br\/implurb\/prefeitura-e-suhab-tratam-de-licenciamento-do-nova-republica-conjunto-entregue-ha-mais-de-30-anos\/"},"modified":"2024-01-16T14:48:41","modified_gmt":"2024-01-16T18:48:41","slug":"prefeitura-e-suhab-tratam-de-licenciamento-do-nova-republica-conjunto-entregue-ha-mais-de-30-anos","status":"publish","type":"post","link":"https:\/\/www.manaus.am.gov.br\/implurb\/prefeitura-e-suhab-tratam-de-licenciamento-do-nova-republica-conjunto-entregue-ha-mais-de-30-anos\/","title":{"rendered":"Prefeitura e Suhab tratam de licenciamento do Nova Rep\u00fablica, conjunto entregue h\u00e1 mais de 30 anos"},"content":{"rendered":"\n<p>Em uma nova rodada de coopera\u00e7\u00e3o entre Prefeitura de Manaus e governo do Estado, com o Instituto Municipal de Planejamento Urbano (Implurb) e a Superintend\u00eancia Estadual de Habita\u00e7\u00e3o (Suhab), para dar celeridade \u00e0 agenda de regulariza\u00e7\u00e3o urbana e fundi\u00e1ria, nesta quinta-feira, 4\/5, a diretoria da autarquia e equipe t\u00e9cnica da superintend\u00eancia tiveram reuni\u00e3o sobre o licenciamento do conjunto Nova Rep\u00fablica, no Distrito Industrial, zona Sul.<\/p>\n\n\n\n<p>A parceria entre as institui\u00e7\u00f5es j\u00e1 promoveu a regulariza\u00e7\u00e3o e licenciamento, com entrega do Habite-se, no Nova Cidade e conjuntos habitacionais do Programa Social e Ambiental de Manaus (Prosamin).<\/p>\n\n\n\n<p>O Nova Rep\u00fablica surgiu no in\u00edcio dos anos 1990, quando nem existia a estrutura do Implurb, mas, sim, a extinta Empresa Municipal de Urbaniza\u00e7\u00e3o (Urbam). A estimativa \u00e9 beneficiar 600 unidades habitacionais com a retomada do licenciamento urbano.<\/p>\n\n\n\n<p>Para o vice-presidente do Implurb, arquiteto e urbanista Claudemir Andrade, incluindo uma solicita\u00e7\u00e3o do vereador Alonso Oliveira (Avante), est\u00e3o sendo retomadas as tratativas para a regulariza\u00e7\u00e3o com a parceria prefeitura e governo no licenciamento urbano. \u201cS\u00e3o im\u00f3veis que foram constru\u00eddos e entregues, mas cuja titularidade e documenta\u00e7\u00e3o n\u00e3o foi conclu\u00edda para dar seguran\u00e7a jur\u00eddica \u00e0s fam\u00edlias. Queremos proporcionar o mesmo que j\u00e1 foi feito com conjuntos do Prosamin e Nova Cidade\u201d, afirmou.<\/p>\n\n\n\n<p>Conforme o diretor-presidente da Suhab, Jivago Castro, trata-se de uma demanda da popula\u00e7\u00e3o que visa beneficiar moradores que receberam suas casas h\u00e1 mais de 30 anos. \u201cVamos buscar a regulariza\u00e7\u00e3o para dar o que \u00e9 de direito, o registro, ao que a popula\u00e7\u00e3o j\u00e1 tem de fato. O conjunto havia sido previamente aprovado, pelo Implurb, nos anos 90, mas houve um processo judicial no decorrer da tramita\u00e7\u00e3o e uma impugna\u00e7\u00e3o. Agora se passaram mais de 30 anos e as partes est\u00e3o buscando fazer a regulariza\u00e7\u00e3o para beneficiar a popula\u00e7\u00e3o\u201d, comentou Jivago.<\/p>\n\n\n\n<p>Ele completou que o instituto vai atuar para a emiss\u00e3o do Habite-se e a Suhab para a regulariza\u00e7\u00e3o fundi\u00e1ria de cada casa.<\/p>\n\n\n\n<p>Moradores e mutu\u00e1rios do Nova Rep\u00fablica tamb\u00e9m participaram desta primeira reuni\u00e3o e, no pr\u00f3ximo dia 26, um novo encontro ficou agendado, no Implurb, enquanto t\u00e9cnicos da Diretoria de Opera\u00e7\u00f5es (Diop) e Ger\u00eancia de Parcelamento do Solo (GPS) v\u00e3o resgatar documentos do que foi licenciado \u00e0 \u00e9poca.<\/p>\n\n\n\n<p>\u201cVamos buscar a viabilidade, de forma t\u00e9cnica e jur\u00eddica, para que os moradores possam receber os documentos, como o Habite-se\u201d, finalizou Andrade.<\/p>\n\n\n\n<h2 class=\"wp-block-heading\">Parceria<\/h2>\n\n\n\n<p>A parceria entre os \u00f3rg\u00e3os iniciou com o Termo de Coopera\u00e7\u00e3o com o objetivo de alinhar a regulariza\u00e7\u00e3o fundi\u00e1ria e urbana de v\u00e1rios conjuntos e residenciais edificados h\u00e1 d\u00e9cadas no Amazonas. Com isso, na zona Norte de Manaus, foram regularizadas 412 unidades habitacionais do conjunto habitacional Renato Souza Pinto e mais de 9 mil unidades do conjunto habitacional Nova Cidade.<\/p>\n\n\n\n<p>&#8212; &#8212; &#8212;<\/p>\n\n\n\n<p><strong>Texto<\/strong> &#8211; Cl\u00e1udia do Valle\/Implurb<br><strong>Fotos<\/strong> &#8211; Aguilar Abecassis\/Semcom<\/p>\n","protected":false},"excerpt":{"rendered":"","protected":false},"author":23,"featured_media":3534,"comment_status":"closed","ping_status":"closed","sticky":false,"template":"","format":"standard","meta":{"footnotes":""},"categories":[267],"tags":[1041,11,107,15,64],"acf":[],"yoast_head":"<!-- This site is optimized with the Yoast SEO plugin v23.0 - https:\/\/yoast.com\/wordpress\/plugins\/seo\/ -->\n<title>Prefeitura e Suhab tratam de licenciamento do Nova Rep\u00fablica, conjunto entregue h\u00e1 mais de 30 anos<\/title>\n<meta name=\"description\" content=\"Em uma nova rodada de coopera\u00e7\u00e3o entre Prefeitura de Manaus e governo do Estado, com o Instituto Municipal de Planejamento Urbano (Implurb) e a Superintend\u00eancia Estadual de Habita\u00e7\u00e3o (Suhab), para dar celeridade \u00e0 agenda de regulariza\u00e7\u00e3o urbana e fundi\u00e1ria, nesta quinta-feira, 4\/5, a diretoria da autarquia e equipe t\u00e9cnica da superintend\u00eancia tiveram reuni\u00e3o sobre o licenciamento do conjunto Nova Rep\u00fablica, no Distrito Industrial, zona Sul.\" \/>\n<meta name=\"robots\" content=\"noindex, follow\" \/>\n<meta property=\"og:locale\" content=\"pt_BR\" \/>\n<meta property=\"og:type\" content=\"article\" \/>\n<meta property=\"og:title\" content=\"Prefeitura e Suhab tratam de licenciamento do Nova Rep\u00fablica, conjunto entregue h\u00e1 mais de 30 anos\" \/>\n<meta property=\"og:description\" content=\"Em uma nova rodada de coopera\u00e7\u00e3o entre Prefeitura de Manaus e governo do Estado, com o Instituto Municipal de Planejamento Urbano (Implurb) e a Superintend\u00eancia Estadual de Habita\u00e7\u00e3o (Suhab), para dar celeridade \u00e0 agenda de regulariza\u00e7\u00e3o urbana e fundi\u00e1ria, nesta quinta-feira, 4\/5, a diretoria da autarquia e equipe t\u00e9cnica da superintend\u00eancia tiveram reuni\u00e3o sobre o licenciamento do conjunto Nova Rep\u00fablica, no Distrito Industrial, zona Sul.\" \/>\n<meta property=\"og:url\" content=\"https:\/\/www.manaus.am.gov.br\/implurb\/prefeitura-e-suhab-tratam-de-licenciamento-do-nova-republica-conjunto-entregue-ha-mais-de-30-anos\/\" \/>\n<meta property=\"og:site_name\" content=\"IMPLURB\" \/>\n<meta property=\"article:published_time\" content=\"2023-05-05T15:23:16+00:00\" \/>\n<meta property=\"article:modified_time\" content=\"2024-01-16T18:48:41+00:00\" \/>\n<meta property=\"og:image\" content=\"https:\/\/www.manaus.am.gov.br\/implurb\/wp-content\/uploads\/sites\/13\/2024\/01\/reuniao2-1.jpg\" \/>\n\t<meta property=\"og:image:width\" content=\"1600\" \/>\n\t<meta property=\"og:image:height\" content=\"1066\" \/>\n\t<meta property=\"og:image:type\" content=\"image\/jpeg\" \/>\n<meta name=\"author\" content=\"Adriana Costa\" \/>\n<meta name=\"twitter:card\" content=\"summary_large_image\" \/>\n<meta name=\"twitter:label1\" content=\"Written by\" \/>\n\t<meta name=\"twitter:data1\" content=\"Adriana Costa\" \/>\n\t<meta name=\"twitter:label2\" content=\"Est. reading time\" \/>\n\t<meta name=\"twitter:data2\" content=\"3 minutos\" \/>\n<script type=\"application\/ld+json\" class=\"yoast-schema-graph\">{\"@context\":\"https:\/\/schema.org\",\"@graph\":[{\"@type\":\"WebPage\",\"@id\":\"https:\/\/www.manaus.am.gov.br\/implurb\/prefeitura-e-suhab-tratam-de-licenciamento-do-nova-republica-conjunto-entregue-ha-mais-de-30-anos\/\",\"url\":\"https:\/\/www.manaus.am.gov.br\/implurb\/prefeitura-e-suhab-tratam-de-licenciamento-do-nova-republica-conjunto-entregue-ha-mais-de-30-anos\/\",\"name\":\"Prefeitura e Suhab tratam de licenciamento do Nova Rep\u00fablica, conjunto entregue h\u00e1 mais de 30 anos\",\"isPartOf\":{\"@id\":\"https:\/\/www.manaus.am.gov.br\/implurb\/#website\"},\"primaryImageOfPage\":{\"@id\":\"https:\/\/www.manaus.am.gov.br\/implurb\/prefeitura-e-suhab-tratam-de-licenciamento-do-nova-republica-conjunto-entregue-ha-mais-de-30-anos\/#primaryimage\"},\"image\":{\"@id\":\"https:\/\/www.manaus.am.gov.br\/implurb\/prefeitura-e-suhab-tratam-de-licenciamento-do-nova-republica-conjunto-entregue-ha-mais-de-30-anos\/#primaryimage\"},\"thumbnailUrl\":\"https:\/\/www.manaus.am.gov.br\/implurb\/wp-content\/uploads\/sites\/13\/2024\/01\/reuniao2-1.jpg\",\"datePublished\":\"2023-05-05T15:23:16+00:00\",\"dateModified\":\"2024-01-16T18:48:41+00:00\",\"author\":{\"@id\":\"https:\/\/www.manaus.am.gov.br\/implurb\/#\/schema\/person\/4e49f4e267757a06ca072ec61b2b9968\"},\"description\":\"Em uma nova rodada de coopera\u00e7\u00e3o entre Prefeitura de Manaus e governo do Estado, com o Instituto Municipal de Planejamento Urbano (Implurb) e a Superintend\u00eancia Estadual de Habita\u00e7\u00e3o (Suhab), para dar celeridade \u00e0 agenda de regulariza\u00e7\u00e3o urbana e fundi\u00e1ria, nesta quinta-feira, 4\/5, a diretoria da autarquia e equipe t\u00e9cnica da superintend\u00eancia tiveram reuni\u00e3o sobre o licenciamento do conjunto Nova Rep\u00fablica, no Distrito Industrial, zona Sul.\",\"breadcrumb\":{\"@id\":\"https:\/\/www.manaus.am.gov.br\/implurb\/prefeitura-e-suhab-tratam-de-licenciamento-do-nova-republica-conjunto-entregue-ha-mais-de-30-anos\/#breadcrumb\"},\"inLanguage\":\"pt-BR\",\"potentialAction\":[{\"@type\":\"ReadAction\",\"target\":[\"https:\/\/www.manaus.am.gov.br\/implurb\/prefeitura-e-suhab-tratam-de-licenciamento-do-nova-republica-conjunto-entregue-ha-mais-de-30-anos\/\"]}]},{\"@type\":\"ImageObject\",\"inLanguage\":\"pt-BR\",\"@id\":\"https:\/\/www.manaus.am.gov.br\/implurb\/prefeitura-e-suhab-tratam-de-licenciamento-do-nova-republica-conjunto-entregue-ha-mais-de-30-anos\/#primaryimage\",\"url\":\"https:\/\/www.manaus.am.gov.br\/implurb\/wp-content\/uploads\/sites\/13\/2024\/01\/reuniao2-1.jpg\",\"contentUrl\":\"https:\/\/www.manaus.am.gov.br\/implurb\/wp-content\/uploads\/sites\/13\/2024\/01\/reuniao2-1.jpg\",\"width\":1600,\"height\":1066},{\"@type\":\"BreadcrumbList\",\"@id\":\"https:\/\/www.manaus.am.gov.br\/implurb\/prefeitura-e-suhab-tratam-de-licenciamento-do-nova-republica-conjunto-entregue-ha-mais-de-30-anos\/#breadcrumb\",\"itemListElement\":[{\"@type\":\"ListItem\",\"position\":1,\"name\":\"Home\",\"item\":\"https:\/\/www.manaus.am.gov.br\/implurb\/\"},{\"@type\":\"ListItem\",\"position\":2,\"name\":\"Prefeitura e Suhab tratam de licenciamento do Nova Rep\u00fablica, conjunto entregue h\u00e1 mais de 30 anos\"}]},{\"@type\":\"WebSite\",\"@id\":\"https:\/\/www.manaus.am.gov.br\/implurb\/#website\",\"url\":\"https:\/\/www.manaus.am.gov.br\/implurb\/\",\"name\":\"IMPLURB\",\"description\":\"Prefeitura de Manaus\",\"potentialAction\":[{\"@type\":\"SearchAction\",\"target\":{\"@type\":\"EntryPoint\",\"urlTemplate\":\"https:\/\/www.manaus.am.gov.br\/implurb\/?s={search_term_string}\"},\"query-input\":\"required name=search_term_string\"}],\"inLanguage\":\"pt-BR\"},{\"@type\":\"Person\",\"@id\":\"https:\/\/www.manaus.am.gov.br\/implurb\/#\/schema\/person\/4e49f4e267757a06ca072ec61b2b9968\",\"name\":\"Adriana Costa\",\"image\":{\"@type\":\"ImageObject\",\"inLanguage\":\"pt-BR\",\"@id\":\"https:\/\/www.manaus.am.gov.br\/implurb\/#\/schema\/person\/image\/\",\"url\":\"https:\/\/secure.gravatar.com\/avatar\/576258617ef7194f718179e766d57bd4?s=96&d=mm&r=g\",\"contentUrl\":\"https:\/\/secure.gravatar.com\/avatar\/576258617ef7194f718179e766d57bd4?s=96&d=mm&r=g\",\"caption\":\"Adriana Costa\"}}]}<\/script>\n<!-- \/ Yoast SEO plugin. -->","yoast_head_json":{"title":"Prefeitura e Suhab tratam de licenciamento do Nova Rep\u00fablica, conjunto entregue h\u00e1 mais de 30 anos","description":"Em uma nova rodada de coopera\u00e7\u00e3o entre Prefeitura de Manaus e governo do Estado, com o Instituto Municipal de Planejamento Urbano (Implurb) e a Superintend\u00eancia Estadual de Habita\u00e7\u00e3o (Suhab), para dar celeridade \u00e0 agenda de regulariza\u00e7\u00e3o urbana e fundi\u00e1ria, nesta quinta-feira, 4\/5, a diretoria da autarquia e equipe t\u00e9cnica da superintend\u00eancia tiveram reuni\u00e3o sobre o licenciamento do conjunto Nova Rep\u00fablica, no Distrito Industrial, zona Sul.","robots":{"index":"noindex","follow":"follow"},"og_locale":"pt_BR","og_type":"article","og_title":"Prefeitura e Suhab tratam de licenciamento do Nova Rep\u00fablica, conjunto entregue h\u00e1 mais de 30 anos","og_description":"Em uma nova rodada de coopera\u00e7\u00e3o entre Prefeitura de Manaus e governo do Estado, com o Instituto Municipal de Planejamento Urbano (Implurb) e a Superintend\u00eancia Estadual de Habita\u00e7\u00e3o (Suhab), para dar celeridade \u00e0 agenda de regulariza\u00e7\u00e3o urbana e fundi\u00e1ria, nesta quinta-feira, 4\/5, a diretoria da autarquia e equipe t\u00e9cnica da superintend\u00eancia tiveram reuni\u00e3o sobre o licenciamento do conjunto Nova Rep\u00fablica, no Distrito Industrial, zona Sul.","og_url":"https:\/\/www.manaus.am.gov.br\/implurb\/prefeitura-e-suhab-tratam-de-licenciamento-do-nova-republica-conjunto-entregue-ha-mais-de-30-anos\/","og_site_name":"IMPLURB","article_published_time":"2023-05-05T15:23:16+00:00","article_modified_time":"2024-01-16T18:48:41+00:00","og_image":[{"width":1600,"height":1066,"url":"https:\/\/www.manaus.am.gov.br\/implurb\/wp-content\/uploads\/sites\/13\/2024\/01\/reuniao2-1.jpg","type":"image\/jpeg"}],"author":"Adriana Costa","twitter_card":"summary_large_image","twitter_misc":{"Written by":"Adriana Costa","Est. reading time":"3 minutos"},"schema":{"@context":"https:\/\/schema.org","@graph":[{"@type":"WebPage","@id":"https:\/\/www.manaus.am.gov.br\/implurb\/prefeitura-e-suhab-tratam-de-licenciamento-do-nova-republica-conjunto-entregue-ha-mais-de-30-anos\/","url":"https:\/\/www.manaus.am.gov.br\/implurb\/prefeitura-e-suhab-tratam-de-licenciamento-do-nova-republica-conjunto-entregue-ha-mais-de-30-anos\/","name":"Prefeitura e Suhab tratam de licenciamento do Nova Rep\u00fablica, conjunto entregue h\u00e1 mais de 30 anos","isPartOf":{"@id":"https:\/\/www.manaus.am.gov.br\/implurb\/#website"},"primaryImageOfPage":{"@id":"https:\/\/www.manaus.am.gov.br\/implurb\/prefeitura-e-suhab-tratam-de-licenciamento-do-nova-republica-conjunto-entregue-ha-mais-de-30-anos\/#primaryimage"},"image":{"@id":"https:\/\/www.manaus.am.gov.br\/implurb\/prefeitura-e-suhab-tratam-de-licenciamento-do-nova-republica-conjunto-entregue-ha-mais-de-30-anos\/#primaryimage"},"thumbnailUrl":"https:\/\/www.manaus.am.gov.br\/implurb\/wp-content\/uploads\/sites\/13\/2024\/01\/reuniao2-1.jpg","datePublished":"2023-05-05T15:23:16+00:00","dateModified":"2024-01-16T18:48:41+00:00","author":{"@id":"https:\/\/www.manaus.am.gov.br\/implurb\/#\/schema\/person\/4e49f4e267757a06ca072ec61b2b9968"},"description":"Em uma nova rodada de coopera\u00e7\u00e3o entre Prefeitura de Manaus e governo do Estado, com o Instituto Municipal de Planejamento Urbano (Implurb) e a Superintend\u00eancia Estadual de Habita\u00e7\u00e3o (Suhab), para dar celeridade \u00e0 agenda de regulariza\u00e7\u00e3o urbana e fundi\u00e1ria, nesta quinta-feira, 4\/5, a diretoria da autarquia e equipe t\u00e9cnica da superintend\u00eancia tiveram reuni\u00e3o sobre o licenciamento do conjunto Nova Rep\u00fablica, no Distrito Industrial, zona Sul.","breadcrumb":{"@id":"https:\/\/www.manaus.am.gov.br\/implurb\/prefeitura-e-suhab-tratam-de-licenciamento-do-nova-republica-conjunto-entregue-ha-mais-de-30-anos\/#breadcrumb"},"inLanguage":"pt-BR","potentialAction":[{"@type":"ReadAction","target":["https:\/\/www.manaus.am.gov.br\/implurb\/prefeitura-e-suhab-tratam-de-licenciamento-do-nova-republica-conjunto-entregue-ha-mais-de-30-anos\/"]}]},{"@type":"ImageObject","inLanguage":"pt-BR","@id":"https:\/\/www.manaus.am.gov.br\/implurb\/prefeitura-e-suhab-tratam-de-licenciamento-do-nova-republica-conjunto-entregue-ha-mais-de-30-anos\/#primaryimage","url":"https:\/\/www.manaus.am.gov.br\/implurb\/wp-content\/uploads\/sites\/13\/2024\/01\/reuniao2-1.jpg","contentUrl":"https:\/\/www.manaus.am.gov.br\/implurb\/wp-content\/uploads\/sites\/13\/2024\/01\/reuniao2-1.jpg","width":1600,"height":1066},{"@type":"BreadcrumbList","@id":"https:\/\/www.manaus.am.gov.br\/implurb\/prefeitura-e-suhab-tratam-de-licenciamento-do-nova-republica-conjunto-entregue-ha-mais-de-30-anos\/#breadcrumb","itemListElement":[{"@type":"ListItem","position":1,"name":"Home","item":"https:\/\/www.manaus.am.gov.br\/implurb\/"},{"@type":"ListItem","position":2,"name":"Prefeitura e Suhab tratam de licenciamento do Nova Rep\u00fablica, conjunto entregue h\u00e1 mais de 30 anos"}]},{"@type":"WebSite","@id":"https:\/\/www.manaus.am.gov.br\/implurb\/#website","url":"https:\/\/www.manaus.am.gov.br\/implurb\/","name":"IMPLURB","description":"Prefeitura de Manaus","potentialAction":[{"@type":"SearchAction","target":{"@type":"EntryPoint","urlTemplate":"https:\/\/www.manaus.am.gov.br\/implurb\/?s={search_term_string}"},"query-input":"required name=search_term_string"}],"inLanguage":"pt-BR"},{"@type":"Person","@id":"https:\/\/www.manaus.am.gov.br\/implurb\/#\/schema\/person\/4e49f4e267757a06ca072ec61b2b9968","name":"Adriana Costa","image":{"@type":"ImageObject","inLanguage":"pt-BR","@id":"https:\/\/www.manaus.am.gov.br\/implurb\/#\/schema\/person\/image\/","url":"https:\/\/secure.gravatar.com\/avatar\/576258617ef7194f718179e766d57bd4?s=96&d=mm&r=g","contentUrl":"https:\/\/secure.gravatar.com\/avatar\/576258617ef7194f718179e766d57bd4?s=96&d=mm&r=g","caption":"Adriana Costa"}}]}},"_links":{"self":[{"href":"https:\/\/www.manaus.am.gov.br\/implurb\/wp-json\/wp\/v2\/posts\/3533"}],"collection":[{"href":"https:\/\/www.manaus.am.gov.br\/implurb\/wp-json\/wp\/v2\/posts"}],"about":[{"href":"https:\/\/www.manaus.am.gov.br\/implurb\/wp-json\/wp\/v2\/types\/post"}],"author":[{"embeddable":true,"href":"https:\/\/www.manaus.am.gov.br\/implurb\/wp-json\/wp\/v2\/users\/23"}],"replies":[{"embeddable":true,"href":"https:\/\/www.manaus.am.gov.br\/implurb\/wp-json\/wp\/v2\/comments?post=3533"}],"version-history":[{"count":0,"href":"https:\/\/www.manaus.am.gov.br\/implurb\/wp-json\/wp\/v2\/posts\/3533\/revisions"}],"wp:featuredmedia":[{"embeddable":true,"href":"https:\/\/www.manaus.am.gov.br\/implurb\/wp-json\/wp\/v2\/media\/3534"}],"wp:attachment":[{"href":"https:\/\/www.manaus.am.gov.br\/implurb\/wp-json\/wp\/v2\/media?parent=3533"}],"wp:term":[{"taxonomy":"category","embeddable":true,"href":"https:\/\/www.manaus.am.gov.br\/implurb\/wp-json\/wp\/v2\/categories?post=3533"},{"taxonomy":"post_tag","embeddable":true,"href":"https:\/\/www.manaus.am.gov.br\/implurb\/wp-json\/wp\/v2\/tags?post=3533"}],"curies":[{"name":"wp","href":"https:\/\/api.w.org\/{rel}","templated":true}]}}