{"id":3510,"date":"2023-05-14T18:33:16","date_gmt":"2023-05-14T22:33:16","guid":{"rendered":"https:\/\/www.manaus.am.gov.br\/implurb\/dia-ensolarado-ponta-negra\/"},"modified":"2024-01-16T14:03:48","modified_gmt":"2024-01-16T18:03:48","slug":"dia-ensolarado-ponta-negra","status":"publish","type":"post","link":"https:\/\/www.manaus.am.gov.br\/implurb\/dia-ensolarado-ponta-negra\/","title":{"rendered":"Dia ensolarado leva milhares de pessoas para as areias da Ponta Negra"},"content":{"rendered":"\n<p>Com uma temperatura acima de 32\u00baC e um dia lindo de sol, centenas de fam\u00edlias amazonenses e visitantes escolheram a praia do complexo tur\u00edstico Ponta Negra, estrutura p\u00fablica da Prefeitura de Manaus, para curtir o Dia das M\u00e3es e se refrescar.<\/p>\n\n\n\n<p>No final da tarde, por volta de 16h, entre 3,5 mil e 4 mil pessoas estavam curtindo o domingo na faixa de areia e nas \u00e1guas do rio Negro. Apesar da lota\u00e7\u00e3o, n\u00e3o houve registro de incidentes pela comiss\u00e3o que coordena o parque. Hoje, estavam de plant\u00e3o 14 colaboradores, fora efetivo e equipes do Corpo de Bombeiros, Guarda Municipal e Pol\u00edcia Militar. \u201cO rio est\u00e1 cheio e a praia perene est\u00e1 nivelada, neste domingo de calor. Os salva-vidas est\u00e3o no local para preven\u00e7\u00e3o e poss\u00edvel necessidade de resgate nas \u00e1guas\u201d, explicou o subcoordenador da Comiss\u00e3o do Parque, Cesar Freitas.<\/p>\n\n\n\n<p>Quem curtiu bastante foi a dona de casa Francisca Dourado, 39, que levou os filhos Joana, 9 anos, e Lucas, 13, para dar um mergulho nesta data. \u201cUm dia lindo desse merece uma comemora\u00e7\u00e3o especial. Curtir uma praia \u00e9 revigorar o corpo e a mente para todos. Foi uma \u00f3tima divers\u00e3o\u201d, comentou.<\/p>\n\n\n\n<p>Para a vida ficar melhor na praia, a \u00e1rea de praia conta com novas placas informativas de proibi\u00e7\u00f5es e de orienta\u00e7\u00f5es. \u00c9 proibido levar garrafas e objetos de vidro; soltar \u201cpapagaio\u201d (pipa); assim como \u00e9 proibido fazer acampamento e levar animais para a areia. Tamb\u00e9m \u00e9 proibido o com\u00e9rcio ambulante n\u00e3o autorizado pela prefeitura. E, para a seguran\u00e7a dos banhistas, n\u00e3o \u00e9 permitido o banho no rio Negro ap\u00f3s as 17h, quando se perde mais visibilidade nas \u00e1guas e n\u00e3o h\u00e1 mais guarda-vidas no complexo.<\/p>\n\n\n\n<h2 class=\"wp-block-heading\">Proibi\u00e7\u00f5es<\/h2>\n\n\n\n<p>A coordena\u00e7\u00e3o do complexo alerta&nbsp;para a seguran\u00e7a e o bom uso das instala\u00e7\u00f5es, lembrando os itens proibidos no parque. As garrafas de vidro s\u00e3o proibidas na praia por serem perfurocortantes. A orienta\u00e7\u00e3o \u00e9 que o p\u00fablico n\u00e3o leve para o espa\u00e7o&nbsp;garrafas&nbsp;e objetos de&nbsp;vidro, perfurocortantes ou similares, sob pena de apreens\u00e3o dos mesmos.<\/p>\n\n\n\n<p>A recomenda\u00e7\u00e3o \u00e9 que fa\u00e7am uso de garrafas pl\u00e1sticas. O p\u00fablico \u00e9 abordado e orientado sobre a apreens\u00e3o de objetos proibidos. E as medidas de preven\u00e7\u00e3o devem ser individuais, com a colabora\u00e7\u00e3o da popula\u00e7\u00e3o.&nbsp;Na praia e no balne\u00e1rio tamb\u00e9m n\u00e3o \u00e9 permitido fazer churrasco ou fogueiras.<\/p>\n\n\n\n<p>As placas informativas t\u00eam ainda a recomenda\u00e7\u00e3o para que a popula\u00e7\u00e3o ajude a cuidar e preservar o espa\u00e7o p\u00fablico, pedindo para se jogar o lixo, nas lixeiras espalhadas pelo parque; para que atendam aos hor\u00e1rios; se hidratem, tomando \u00e1gua; e que o espa\u00e7o conta com a presen\u00e7a de guarda-vidas durante o per\u00edodo de 9h \u00e0s 17h, diariamente.<\/p>\n\n\n\n<p>O chefe do Pelot\u00e3o de Guarda-Vidas, tenente do Corpo de Bombeiros Alu\u00edsio Cruz, destaca o cuidado com crian\u00e7as, para que nunca fiquem sozinhas, nem por um instante. \u00c9 comum em dias de maior movimento na praia a ocorr\u00eancia de menores de idade perdidos dos seus pais e respons\u00e1veis. A orienta\u00e7\u00e3o \u00e9 que se procure imediatamente a Pol\u00edcia Militar, a Guarda Municipal e membros da comiss\u00e3o do parque, que usam coletes de identifica\u00e7\u00e3o, para informar o desaparecimento. \u201cEm raz\u00e3o do volume de frequentadores, a responsabilidade deve ser redobrada de pessoas com crian\u00e7as, para n\u00e3o as perderem de vista\u201d, disse.<\/p>\n\n\n\n<p>Cruz comentou que as orienta\u00e7\u00f5es do Corpo de Bombeiros s\u00e3o para evitar acidentes e incidentes e que os trabalhadores e usu\u00e1rios possam curtir a praia de forma segura e respons\u00e1vel.<\/p>\n\n\n\n<p>&#8212; &#8212; &#8212;<\/p>\n\n\n\n<p><strong>Texto<\/strong>\u00a0\u2013 Claudia do Valle \/ Implurb<br><strong>Fotos<\/strong>\u00a0\u2013 Aguilar Abecassis \/ Semcom<br><strong>Dispon\u00edveis em<\/strong> &#8211; <a href=\"https:\/\/flic.kr\/s\/aHBqjADHG6\" target=\"_blank\" rel=\"noreferrer noopener\">https:\/\/flic.kr\/s\/aHBqjADHG6<\/a><\/p>\n","protected":false},"excerpt":{"rendered":"","protected":false},"author":25,"featured_media":3511,"comment_status":"closed","ping_status":"closed","sticky":false,"template":"","format":"standard","meta":{"footnotes":""},"categories":[585],"tags":[1024,11,112],"acf":[],"yoast_head":"<!-- This site is optimized with the Yoast SEO plugin v23.0 - https:\/\/yoast.com\/wordpress\/plugins\/seo\/ -->\n<title>Dia ensolarado leva milhares de pessoas para as areias da Ponta Negra<\/title>\n<meta name=\"description\" content=\"Com uma temperatura acima de 32\u00baC e um dia lindo de sol, centenas de fam\u00edlias amazonenses e visitantes escolheram a praia do complexo tur\u00edstico Ponta Negra\" \/>\n<meta name=\"robots\" content=\"noindex, follow\" \/>\n<meta property=\"og:locale\" content=\"pt_BR\" \/>\n<meta property=\"og:type\" content=\"article\" \/>\n<meta property=\"og:title\" content=\"Dia ensolarado leva milhares de pessoas para as areias da Ponta Negra\" \/>\n<meta property=\"og:description\" content=\"Com uma temperatura acima de 32\u00baC e um dia lindo de sol, centenas de fam\u00edlias amazonenses e visitantes escolheram a praia do complexo tur\u00edstico Ponta Negra\" \/>\n<meta property=\"og:url\" content=\"https:\/\/www.manaus.am.gov.br\/implurb\/dia-ensolarado-ponta-negra\/\" \/>\n<meta property=\"og:site_name\" content=\"IMPLURB\" \/>\n<meta property=\"article:published_time\" content=\"2023-05-14T22:33:16+00:00\" \/>\n<meta property=\"article:modified_time\" content=\"2024-01-16T18:03:48+00:00\" \/>\n<meta property=\"og:image\" content=\"https:\/\/www.manaus.am.gov.br\/implurb\/wp-content\/uploads\/sites\/13\/2024\/01\/52898357599_6c633c77fa_c.jpg\" \/>\n\t<meta property=\"og:image:width\" content=\"800\" \/>\n\t<meta property=\"og:image:height\" content=\"450\" \/>\n\t<meta property=\"og:image:type\" content=\"image\/jpeg\" \/>\n<meta name=\"author\" content=\"Maur\u00edcio Freire\" \/>\n<meta name=\"twitter:card\" content=\"summary_large_image\" \/>\n<meta name=\"twitter:label1\" content=\"Written by\" \/>\n\t<meta name=\"twitter:data1\" content=\"Maur\u00edcio Freire\" \/>\n\t<meta name=\"twitter:label2\" content=\"Est. reading time\" \/>\n\t<meta name=\"twitter:data2\" content=\"4 minutos\" \/>\n<script type=\"application\/ld+json\" class=\"yoast-schema-graph\">{\"@context\":\"https:\/\/schema.org\",\"@graph\":[{\"@type\":\"WebPage\",\"@id\":\"https:\/\/www.manaus.am.gov.br\/implurb\/dia-ensolarado-ponta-negra\/\",\"url\":\"https:\/\/www.manaus.am.gov.br\/implurb\/dia-ensolarado-ponta-negra\/\",\"name\":\"Dia ensolarado leva milhares de pessoas para as areias da Ponta Negra\",\"isPartOf\":{\"@id\":\"https:\/\/www.manaus.am.gov.br\/implurb\/#website\"},\"primaryImageOfPage\":{\"@id\":\"https:\/\/www.manaus.am.gov.br\/implurb\/dia-ensolarado-ponta-negra\/#primaryimage\"},\"image\":{\"@id\":\"https:\/\/www.manaus.am.gov.br\/implurb\/dia-ensolarado-ponta-negra\/#primaryimage\"},\"thumbnailUrl\":\"https:\/\/www.manaus.am.gov.br\/implurb\/wp-content\/uploads\/sites\/13\/2024\/01\/52898357599_6c633c77fa_c.jpg\",\"datePublished\":\"2023-05-14T22:33:16+00:00\",\"dateModified\":\"2024-01-16T18:03:48+00:00\",\"author\":{\"@id\":\"https:\/\/www.manaus.am.gov.br\/implurb\/#\/schema\/person\/587989a23a463cde5618e6a028977a9a\"},\"description\":\"Com uma temperatura acima de 32\u00baC e um dia lindo de sol, centenas de fam\u00edlias amazonenses e visitantes escolheram a praia do complexo tur\u00edstico Ponta Negra\",\"breadcrumb\":{\"@id\":\"https:\/\/www.manaus.am.gov.br\/implurb\/dia-ensolarado-ponta-negra\/#breadcrumb\"},\"inLanguage\":\"pt-BR\",\"potentialAction\":[{\"@type\":\"ReadAction\",\"target\":[\"https:\/\/www.manaus.am.gov.br\/implurb\/dia-ensolarado-ponta-negra\/\"]}]},{\"@type\":\"ImageObject\",\"inLanguage\":\"pt-BR\",\"@id\":\"https:\/\/www.manaus.am.gov.br\/implurb\/dia-ensolarado-ponta-negra\/#primaryimage\",\"url\":\"https:\/\/www.manaus.am.gov.br\/implurb\/wp-content\/uploads\/sites\/13\/2024\/01\/52898357599_6c633c77fa_c.jpg\",\"contentUrl\":\"https:\/\/www.manaus.am.gov.br\/implurb\/wp-content\/uploads\/sites\/13\/2024\/01\/52898357599_6c633c77fa_c.jpg\",\"width\":800,\"height\":450},{\"@type\":\"BreadcrumbList\",\"@id\":\"https:\/\/www.manaus.am.gov.br\/implurb\/dia-ensolarado-ponta-negra\/#breadcrumb\",\"itemListElement\":[{\"@type\":\"ListItem\",\"position\":1,\"name\":\"Home\",\"item\":\"https:\/\/www.manaus.am.gov.br\/implurb\/\"},{\"@type\":\"ListItem\",\"position\":2,\"name\":\"Dia ensolarado leva milhares de pessoas para as areias da Ponta Negra\"}]},{\"@type\":\"WebSite\",\"@id\":\"https:\/\/www.manaus.am.gov.br\/implurb\/#website\",\"url\":\"https:\/\/www.manaus.am.gov.br\/implurb\/\",\"name\":\"IMPLURB\",\"description\":\"Prefeitura de Manaus\",\"potentialAction\":[{\"@type\":\"SearchAction\",\"target\":{\"@type\":\"EntryPoint\",\"urlTemplate\":\"https:\/\/www.manaus.am.gov.br\/implurb\/?s={search_term_string}\"},\"query-input\":\"required name=search_term_string\"}],\"inLanguage\":\"pt-BR\"},{\"@type\":\"Person\",\"@id\":\"https:\/\/www.manaus.am.gov.br\/implurb\/#\/schema\/person\/587989a23a463cde5618e6a028977a9a\",\"name\":\"Maur\u00edcio Freire\",\"image\":{\"@type\":\"ImageObject\",\"inLanguage\":\"pt-BR\",\"@id\":\"https:\/\/www.manaus.am.gov.br\/implurb\/#\/schema\/person\/image\/\",\"url\":\"https:\/\/secure.gravatar.com\/avatar\/dc1481799a1f75c733ac3b2634cd6749?s=96&d=mm&r=g\",\"contentUrl\":\"https:\/\/secure.gravatar.com\/avatar\/dc1481799a1f75c733ac3b2634cd6749?s=96&d=mm&r=g\",\"caption\":\"Maur\u00edcio Freire\"}}]}<\/script>\n<!-- \/ Yoast SEO plugin. -->","yoast_head_json":{"title":"Dia ensolarado leva milhares de pessoas para as areias da Ponta Negra","description":"Com uma temperatura acima de 32\u00baC e um dia lindo de sol, centenas de fam\u00edlias amazonenses e visitantes escolheram a praia do complexo tur\u00edstico Ponta Negra","robots":{"index":"noindex","follow":"follow"},"og_locale":"pt_BR","og_type":"article","og_title":"Dia ensolarado leva milhares de pessoas para as areias da Ponta Negra","og_description":"Com uma temperatura acima de 32\u00baC e um dia lindo de sol, centenas de fam\u00edlias amazonenses e visitantes escolheram a praia do complexo tur\u00edstico Ponta Negra","og_url":"https:\/\/www.manaus.am.gov.br\/implurb\/dia-ensolarado-ponta-negra\/","og_site_name":"IMPLURB","article_published_time":"2023-05-14T22:33:16+00:00","article_modified_time":"2024-01-16T18:03:48+00:00","og_image":[{"width":800,"height":450,"url":"https:\/\/www.manaus.am.gov.br\/implurb\/wp-content\/uploads\/sites\/13\/2024\/01\/52898357599_6c633c77fa_c.jpg","type":"image\/jpeg"}],"author":"Maur\u00edcio Freire","twitter_card":"summary_large_image","twitter_misc":{"Written by":"Maur\u00edcio Freire","Est. reading time":"4 minutos"},"schema":{"@context":"https:\/\/schema.org","@graph":[{"@type":"WebPage","@id":"https:\/\/www.manaus.am.gov.br\/implurb\/dia-ensolarado-ponta-negra\/","url":"https:\/\/www.manaus.am.gov.br\/implurb\/dia-ensolarado-ponta-negra\/","name":"Dia ensolarado leva milhares de pessoas para as areias da Ponta Negra","isPartOf":{"@id":"https:\/\/www.manaus.am.gov.br\/implurb\/#website"},"primaryImageOfPage":{"@id":"https:\/\/www.manaus.am.gov.br\/implurb\/dia-ensolarado-ponta-negra\/#primaryimage"},"image":{"@id":"https:\/\/www.manaus.am.gov.br\/implurb\/dia-ensolarado-ponta-negra\/#primaryimage"},"thumbnailUrl":"https:\/\/www.manaus.am.gov.br\/implurb\/wp-content\/uploads\/sites\/13\/2024\/01\/52898357599_6c633c77fa_c.jpg","datePublished":"2023-05-14T22:33:16+00:00","dateModified":"2024-01-16T18:03:48+00:00","author":{"@id":"https:\/\/www.manaus.am.gov.br\/implurb\/#\/schema\/person\/587989a23a463cde5618e6a028977a9a"},"description":"Com uma temperatura acima de 32\u00baC e um dia lindo de sol, centenas de fam\u00edlias amazonenses e visitantes escolheram a praia do complexo tur\u00edstico Ponta Negra","breadcrumb":{"@id":"https:\/\/www.manaus.am.gov.br\/implurb\/dia-ensolarado-ponta-negra\/#breadcrumb"},"inLanguage":"pt-BR","potentialAction":[{"@type":"ReadAction","target":["https:\/\/www.manaus.am.gov.br\/implurb\/dia-ensolarado-ponta-negra\/"]}]},{"@type":"ImageObject","inLanguage":"pt-BR","@id":"https:\/\/www.manaus.am.gov.br\/implurb\/dia-ensolarado-ponta-negra\/#primaryimage","url":"https:\/\/www.manaus.am.gov.br\/implurb\/wp-content\/uploads\/sites\/13\/2024\/01\/52898357599_6c633c77fa_c.jpg","contentUrl":"https:\/\/www.manaus.am.gov.br\/implurb\/wp-content\/uploads\/sites\/13\/2024\/01\/52898357599_6c633c77fa_c.jpg","width":800,"height":450},{"@type":"BreadcrumbList","@id":"https:\/\/www.manaus.am.gov.br\/implurb\/dia-ensolarado-ponta-negra\/#breadcrumb","itemListElement":[{"@type":"ListItem","position":1,"name":"Home","item":"https:\/\/www.manaus.am.gov.br\/implurb\/"},{"@type":"ListItem","position":2,"name":"Dia ensolarado leva milhares de pessoas para as areias da Ponta Negra"}]},{"@type":"WebSite","@id":"https:\/\/www.manaus.am.gov.br\/implurb\/#website","url":"https:\/\/www.manaus.am.gov.br\/implurb\/","name":"IMPLURB","description":"Prefeitura de Manaus","potentialAction":[{"@type":"SearchAction","target":{"@type":"EntryPoint","urlTemplate":"https:\/\/www.manaus.am.gov.br\/implurb\/?s={search_term_string}"},"query-input":"required name=search_term_string"}],"inLanguage":"pt-BR"},{"@type":"Person","@id":"https:\/\/www.manaus.am.gov.br\/implurb\/#\/schema\/person\/587989a23a463cde5618e6a028977a9a","name":"Maur\u00edcio Freire","image":{"@type":"ImageObject","inLanguage":"pt-BR","@id":"https:\/\/www.manaus.am.gov.br\/implurb\/#\/schema\/person\/image\/","url":"https:\/\/secure.gravatar.com\/avatar\/dc1481799a1f75c733ac3b2634cd6749?s=96&d=mm&r=g","contentUrl":"https:\/\/secure.gravatar.com\/avatar\/dc1481799a1f75c733ac3b2634cd6749?s=96&d=mm&r=g","caption":"Maur\u00edcio Freire"}}]}},"_links":{"self":[{"href":"https:\/\/www.manaus.am.gov.br\/implurb\/wp-json\/wp\/v2\/posts\/3510"}],"collection":[{"href":"https:\/\/www.manaus.am.gov.br\/implurb\/wp-json\/wp\/v2\/posts"}],"about":[{"href":"https:\/\/www.manaus.am.gov.br\/implurb\/wp-json\/wp\/v2\/types\/post"}],"author":[{"embeddable":true,"href":"https:\/\/www.manaus.am.gov.br\/implurb\/wp-json\/wp\/v2\/users\/25"}],"replies":[{"embeddable":true,"href":"https:\/\/www.manaus.am.gov.br\/implurb\/wp-json\/wp\/v2\/comments?post=3510"}],"version-history":[{"count":0,"href":"https:\/\/www.manaus.am.gov.br\/implurb\/wp-json\/wp\/v2\/posts\/3510\/revisions"}],"wp:featuredmedia":[{"embeddable":true,"href":"https:\/\/www.manaus.am.gov.br\/implurb\/wp-json\/wp\/v2\/media\/3511"}],"wp:attachment":[{"href":"https:\/\/www.manaus.am.gov.br\/implurb\/wp-json\/wp\/v2\/media?parent=3510"}],"wp:term":[{"taxonomy":"category","embeddable":true,"href":"https:\/\/www.manaus.am.gov.br\/implurb\/wp-json\/wp\/v2\/categories?post=3510"},{"taxonomy":"post_tag","embeddable":true,"href":"https:\/\/www.manaus.am.gov.br\/implurb\/wp-json\/wp\/v2\/tags?post=3510"}],"curies":[{"name":"wp","href":"https:\/\/api.w.org\/{rel}","templated":true}]}}