{"id":3495,"date":"2023-06-23T11:20:57","date_gmt":"2023-06-23T15:20:57","guid":{"rendered":"https:\/\/www.manaus.am.gov.br\/implurb\/prefeitura-promove-o-seminario-triburbanos-para-discutir-a-arte-urbana-e-sua-importancia-para-a-sociedade\/"},"modified":"2024-01-16T11:27:52","modified_gmt":"2024-01-16T15:27:52","slug":"prefeitura-promove-o-seminario-triburbanos-para-discutir-a-arte-urbana-e-sua-importancia-para-a-sociedade","status":"publish","type":"post","link":"https:\/\/www.manaus.am.gov.br\/implurb\/prefeitura-promove-o-seminario-triburbanos-para-discutir-a-arte-urbana-e-sua-importancia-para-a-sociedade\/","title":{"rendered":"Prefeitura promove o semin\u00e1rio Triburbanos para discutir a arte urbana e sua import\u00e2ncia para a sociedade"},"content":{"rendered":"\n<p>A Prefeitura de Manaus realiza, neste domingo, 25\/6, das 13h \u00e0s 19h, o semin\u00e1rio &#8220;Triburbanos \u2013&nbsp;Arte de Rua&#8221; para discutir com artistas, acad\u00eamicos, urbanistas e poder p\u00fablico sobre arte urbana. O evento ser\u00e1 realizado no Centro Cultural Povos da Amaz\u00f4nia, no Distrito Industrial, zona Sul, e foi contemplado no edital Programa Manaus Faz Cultura, da Funda\u00e7\u00e3o Municipal de Cultura, Turismo e Eventos (Manauscult), via Conselho Municipal de Cultura (Concultura).<\/p>\n\n\n\n<p>O evento tem a realiza\u00e7\u00e3o da Associa\u00e7\u00e3o Amaz\u00f4nia de Produ\u00e7\u00e3o, Organiza\u00e7\u00e3o e Incentivos Art\u00edsticos (Apoiar), em parceria com a Dabacuri Produ\u00e7\u00f5es.<\/p>\n\n\n\n<p>Alguns dos temas que ser\u00e3o discutidos no semin\u00e1rio Triburbanos&nbsp;\u2013 Arte de Rua&nbsp;s\u00e3o: \u201cQuais os impactos da Arte Urbana na inclus\u00e3o social, na experi\u00eancia de cidade e no desenvolvimento urbano?\u201d; \u201cA Arte Urbana mant\u00e9m a cidade mais viva e bela?\u201d; \u201cComo promover melhor os artistas e a Arte Urbana e como estimular a equidade de g\u00eanero na \u00e1rea?\u201d.<\/p>\n\n\n\n<p>O diretor-presidente da Manauscult, Osvaldo Cardoso, destacou a import\u00e2ncia dos eventos formativos. \u201cNunca se fez t\u00e3o urgente discutir pol\u00edticas p\u00fablicas no pa\u00eds, principalmente para o setor cultural. \u00c9 importante que todos estejam atentos e acompanhando nossas a\u00e7\u00f5es e, principalmente, participando com opini\u00f5es e sugest\u00f5es. Estamos abertos ao di\u00e1logo e trabalhando n\u00e3o apenas para fomentar mas, tamb\u00e9m formar. Nas pr\u00f3ximas semanas, abriremos novos cursos de forma\u00e7\u00e3o cultural\u201d, afirmou.<\/p>\n\n\n\n<p>Para o presidente do Concultura, Ten\u00f3rio Telles, o debate cultural \u00e9 fundamental no processo de constru\u00e7\u00e3o de caminhos novos para a cultura da cidade. &#8220;O edital Manaus Faz Cultura foi pensado com esse prop\u00f3sito, de oportunizar momentos reflexivos e pr\u00e1ticas art\u00edsticas que contribuam para formar novos talentos e consolidar o trabalho dos profissionais que ajudam a manter vivo o fazer art\u00edstico em Manaus&#8221;, pontuou Telles.<\/p>\n\n\n\n<h2 class=\"wp-block-heading\">Arte Urbana<\/h2>\n\n\n\n<p>Para conversar com os artistas locais, estar\u00e3o participando do semin\u00e1rio, de forma on-line, o artista pl\u00e1stico e grafiteiro paulista Paulo Ito e a curadora e produtora cultural italiana, radicada em S\u00e3o Paulo, Giulia Lupo.<\/p>\n\n\n\n<p>Al\u00e9m das discuss\u00f5es locais sobre pol\u00edticas p\u00fablicas para a \u00e1rea, normas de uso do espa\u00e7o p\u00fablico, um dos objetivos do semin\u00e1rio \u00e9 focar na quest\u00e3o do mercado de trabalho para esses artistas.<\/p>\n\n\n\n<p>Paulo Ito falar\u00e1 sobre o tema \u201cVoc\u00ea trabalha ou s\u00f3 pinta?\u201d e Giullia &nbsp;Lupo sobre \u201cComo se tornar um artista profissional no mercado da arte urbana?\u201d.<\/p>\n\n\n\n<p>O evento, que ter\u00e1 entrada gratuita, reunir\u00e1 artistas, acad\u00eamicos, gestores e urbanistas para discutir a import\u00e2ncia da arte de rua para a cidade. Os participantes receber\u00e3o certificado de participa\u00e7\u00e3o. Ser\u00e3o sorteados brindes e uma bolsa de estudos integral para o curso livre, on-line, da produtora Giullia Lupo.<\/p>\n\n\n\n<h2 class=\"wp-block-heading\">Programa\u00e7\u00e3o:<\/h2>\n\n\n\n<p>13h &#8211; Credenciamento&nbsp;&nbsp;<\/p>\n\n\n\n<p>13h30 &#8211;&nbsp;Painel: Afinal, o que \u00e9 arte urbana e qual a sua import\u00e2ncia para a sociedade?<\/p>\n\n\n\n<p>\u2022 Quais os impactos na inclus\u00e3o social, na experi\u00eancia de cidade e no desenvolvimento urbano?&nbsp;<\/p>\n\n\n\n<p>\u2022 A arte urbana mant\u00e9m a cidade mais viva e bela?&nbsp;<\/p>\n\n\n\n<h2 class=\"wp-block-heading\">Debatedores:<\/h2>\n\n\n\n<p>Richardson Adriano de Souza&nbsp;<\/p>\n\n\n\n<p>Doutorando em Hist\u00f3ria Social pela Universidade Federal do Amazonas (Ufam) e ativista pol\u00edtico do movimento Hip Hop<\/p>\n\n\n\n<p>Melissa Toledo<\/p>\n\n\n\n<p>Arquiteta e urbanista<\/p>\n\n\n\n<p>Turenko Be\u00e7a<\/p>\n\n\n\n<p>Diretor de Economia Criativa da Secretaria de Estado de Cultura e Economia Criativa do Amazonas (SEC)<\/p>\n\n\n\n<p>Pedro Paulo Cordeiro<\/p>\n\n\n\n<p>Diretor de Planejamento Urbano do Instituto Municipal de Planejamento Urbano (Implurb)<\/p>\n\n\n\n<p>15h \u2013 Bate-papo 1: \u201cComo se tornar um artista profissional no mercado da arte urbana?\u201d<\/p>\n\n\n\n<p>Giulia Lupo<\/p>\n\n\n\n<p>Curadora e produtora cultural, CEO da She Wolf (S\u00e3o Paulo)<\/p>\n\n\n\n<p>Virna Lisi<\/p>\n\n\n\n<p>Curadora (Manaus)<\/p>\n\n\n\n<p>16h30 \u2013&nbsp;Bate-Papo 2: \u201cVoc\u00ea trabalha ou s\u00f3 pinta?\u201d<\/p>\n\n\n\n<p>Paulo Hito \u2013 Artista pl\u00e1stico e grafiteiro (S\u00e3o Paulo)<\/p>\n\n\n\n<p>17h30 \u2013 Papo Reto&nbsp;<\/p>\n\n\n\n<p>Participa\u00e7\u00e3o: Artistas&nbsp;<\/p>\n\n\n\n<p>18h30 \u2013 Espa\u00e7o aberto\/ Encerramento<\/p>\n\n\n\n<p>\u00c1rea livre para skate&nbsp;<\/p>\n\n\n\n<p>Pickup liberada para hip hop e dan\u00e7as urbanas<\/p>\n\n\n\n<p>Sorteio de kits Triburbanus<\/p>\n\n\n\n<p>&#8212; &#8212; &#8212;<\/p>\n\n\n\n<p><strong>Texto \u2013<\/strong>&nbsp;Crist\u00f3v\u00e3o Nonato \/ Manauscult<\/p>\n\n\n\n<p><strong>Fotos \u2013&nbsp;<\/strong>Divulga\u00e7\u00e3o \/ Manauscult<\/p>\n","protected":false},"excerpt":{"rendered":"","protected":false},"author":24,"featured_media":3496,"comment_status":"closed","ping_status":"closed","sticky":false,"template":"","format":"standard","meta":{"footnotes":""},"categories":[818],"tags":[1004,118,212,213,1005,120,121,1006,15,1007],"acf":[],"yoast_head":"<!-- This site is optimized with the Yoast SEO plugin v23.0 - https:\/\/yoast.com\/wordpress\/plugins\/seo\/ -->\n<title>Prefeitura promove o semin\u00e1rio Triburbanos para discutir a arte urbana e sua import\u00e2ncia para a sociedade - IMPLURB<\/title>\n<meta name=\"description\" content=\"A Prefeitura de Manaus realiza, neste domingo, 25\/6, das 13h \u00e0s 19h, o semin\u00e1rio &quot;Triburbanos \u2013\u00a0Arte de Rua&quot; para discutir com artistas, acad\u00eamicos, urbanistas e poder p\u00fablico sobre arte urbana.\" \/>\n<meta name=\"robots\" content=\"noindex, follow\" \/>\n<meta property=\"og:locale\" content=\"pt_BR\" \/>\n<meta property=\"og:type\" content=\"article\" \/>\n<meta property=\"og:title\" content=\"Prefeitura promove o semin\u00e1rio Triburbanos para discutir a arte urbana e sua import\u00e2ncia para a sociedade - IMPLURB\" \/>\n<meta property=\"og:description\" content=\"A Prefeitura de Manaus realiza, neste domingo, 25\/6, das 13h \u00e0s 19h, o semin\u00e1rio &quot;Triburbanos \u2013\u00a0Arte de Rua&quot; para discutir com artistas, acad\u00eamicos, urbanistas e poder p\u00fablico sobre arte urbana.\" \/>\n<meta property=\"og:url\" content=\"https:\/\/www.manaus.am.gov.br\/implurb\/prefeitura-promove-o-seminario-triburbanos-para-discutir-a-arte-urbana-e-sua-importancia-para-a-sociedade\/\" \/>\n<meta property=\"og:site_name\" content=\"IMPLURB\" \/>\n<meta property=\"article:published_time\" content=\"2023-06-23T15:20:57+00:00\" \/>\n<meta property=\"article:modified_time\" content=\"2024-01-16T15:27:52+00:00\" \/>\n<meta property=\"og:image\" content=\"https:\/\/www.manaus.am.gov.br\/implurb\/wp-content\/uploads\/sites\/13\/2024\/01\/Giulia-L.Lupo_.png\" \/>\n\t<meta property=\"og:image:width\" content=\"2038\" \/>\n\t<meta property=\"og:image:height\" content=\"1560\" \/>\n\t<meta property=\"og:image:type\" content=\"image\/png\" \/>\n<meta name=\"author\" content=\"Cl\u00e1udia Barbosa\" \/>\n<meta name=\"twitter:card\" content=\"summary_large_image\" \/>\n<meta name=\"twitter:label1\" content=\"Written by\" \/>\n\t<meta name=\"twitter:data1\" content=\"Cl\u00e1udia Barbosa\" \/>\n\t<meta name=\"twitter:label2\" content=\"Est. reading time\" \/>\n\t<meta name=\"twitter:data2\" content=\"4 minutos\" \/>\n<script type=\"application\/ld+json\" class=\"yoast-schema-graph\">{\"@context\":\"https:\/\/schema.org\",\"@graph\":[{\"@type\":\"WebPage\",\"@id\":\"https:\/\/www.manaus.am.gov.br\/implurb\/prefeitura-promove-o-seminario-triburbanos-para-discutir-a-arte-urbana-e-sua-importancia-para-a-sociedade\/\",\"url\":\"https:\/\/www.manaus.am.gov.br\/implurb\/prefeitura-promove-o-seminario-triburbanos-para-discutir-a-arte-urbana-e-sua-importancia-para-a-sociedade\/\",\"name\":\"Prefeitura promove o semin\u00e1rio Triburbanos para discutir a arte urbana e sua import\u00e2ncia para a sociedade - IMPLURB\",\"isPartOf\":{\"@id\":\"https:\/\/www.manaus.am.gov.br\/implurb\/#website\"},\"primaryImageOfPage\":{\"@id\":\"https:\/\/www.manaus.am.gov.br\/implurb\/prefeitura-promove-o-seminario-triburbanos-para-discutir-a-arte-urbana-e-sua-importancia-para-a-sociedade\/#primaryimage\"},\"image\":{\"@id\":\"https:\/\/www.manaus.am.gov.br\/implurb\/prefeitura-promove-o-seminario-triburbanos-para-discutir-a-arte-urbana-e-sua-importancia-para-a-sociedade\/#primaryimage\"},\"thumbnailUrl\":\"https:\/\/www.manaus.am.gov.br\/implurb\/wp-content\/uploads\/sites\/13\/2024\/01\/Giulia-L.Lupo_.png\",\"datePublished\":\"2023-06-23T15:20:57+00:00\",\"dateModified\":\"2024-01-16T15:27:52+00:00\",\"author\":{\"@id\":\"https:\/\/www.manaus.am.gov.br\/implurb\/#\/schema\/person\/d0a166b5031154c33c77794ddc9a827e\"},\"description\":\"A Prefeitura de Manaus realiza, neste domingo, 25\/6, das 13h \u00e0s 19h, o semin\u00e1rio \\\"Triburbanos \u2013\u00a0Arte de Rua\\\" para discutir com artistas, acad\u00eamicos, urbanistas e poder p\u00fablico sobre arte urbana.\",\"breadcrumb\":{\"@id\":\"https:\/\/www.manaus.am.gov.br\/implurb\/prefeitura-promove-o-seminario-triburbanos-para-discutir-a-arte-urbana-e-sua-importancia-para-a-sociedade\/#breadcrumb\"},\"inLanguage\":\"pt-BR\",\"potentialAction\":[{\"@type\":\"ReadAction\",\"target\":[\"https:\/\/www.manaus.am.gov.br\/implurb\/prefeitura-promove-o-seminario-triburbanos-para-discutir-a-arte-urbana-e-sua-importancia-para-a-sociedade\/\"]}]},{\"@type\":\"ImageObject\",\"inLanguage\":\"pt-BR\",\"@id\":\"https:\/\/www.manaus.am.gov.br\/implurb\/prefeitura-promove-o-seminario-triburbanos-para-discutir-a-arte-urbana-e-sua-importancia-para-a-sociedade\/#primaryimage\",\"url\":\"https:\/\/www.manaus.am.gov.br\/implurb\/wp-content\/uploads\/sites\/13\/2024\/01\/Giulia-L.Lupo_.png\",\"contentUrl\":\"https:\/\/www.manaus.am.gov.br\/implurb\/wp-content\/uploads\/sites\/13\/2024\/01\/Giulia-L.Lupo_.png\",\"width\":2038,\"height\":1560},{\"@type\":\"BreadcrumbList\",\"@id\":\"https:\/\/www.manaus.am.gov.br\/implurb\/prefeitura-promove-o-seminario-triburbanos-para-discutir-a-arte-urbana-e-sua-importancia-para-a-sociedade\/#breadcrumb\",\"itemListElement\":[{\"@type\":\"ListItem\",\"position\":1,\"name\":\"Home\",\"item\":\"https:\/\/www.manaus.am.gov.br\/implurb\/\"},{\"@type\":\"ListItem\",\"position\":2,\"name\":\"Prefeitura promove o semin\u00e1rio Triburbanos para discutir a arte urbana e sua import\u00e2ncia para a sociedade\"}]},{\"@type\":\"WebSite\",\"@id\":\"https:\/\/www.manaus.am.gov.br\/implurb\/#website\",\"url\":\"https:\/\/www.manaus.am.gov.br\/implurb\/\",\"name\":\"IMPLURB\",\"description\":\"Prefeitura de Manaus\",\"potentialAction\":[{\"@type\":\"SearchAction\",\"target\":{\"@type\":\"EntryPoint\",\"urlTemplate\":\"https:\/\/www.manaus.am.gov.br\/implurb\/?s={search_term_string}\"},\"query-input\":\"required name=search_term_string\"}],\"inLanguage\":\"pt-BR\"},{\"@type\":\"Person\",\"@id\":\"https:\/\/www.manaus.am.gov.br\/implurb\/#\/schema\/person\/d0a166b5031154c33c77794ddc9a827e\",\"name\":\"Cl\u00e1udia Barbosa\",\"image\":{\"@type\":\"ImageObject\",\"inLanguage\":\"pt-BR\",\"@id\":\"https:\/\/www.manaus.am.gov.br\/implurb\/#\/schema\/person\/image\/\",\"url\":\"https:\/\/secure.gravatar.com\/avatar\/42958a1cf007f1a00534009218c72590?s=96&d=mm&r=g\",\"contentUrl\":\"https:\/\/secure.gravatar.com\/avatar\/42958a1cf007f1a00534009218c72590?s=96&d=mm&r=g\",\"caption\":\"Cl\u00e1udia Barbosa\"}}]}<\/script>\n<!-- \/ Yoast SEO plugin. -->","yoast_head_json":{"title":"Prefeitura promove o semin\u00e1rio Triburbanos para discutir a arte urbana e sua import\u00e2ncia para a sociedade - IMPLURB","description":"A Prefeitura de Manaus realiza, neste domingo, 25\/6, das 13h \u00e0s 19h, o semin\u00e1rio \"Triburbanos \u2013\u00a0Arte de Rua\" para discutir com artistas, acad\u00eamicos, urbanistas e poder p\u00fablico sobre arte urbana.","robots":{"index":"noindex","follow":"follow"},"og_locale":"pt_BR","og_type":"article","og_title":"Prefeitura promove o semin\u00e1rio Triburbanos para discutir a arte urbana e sua import\u00e2ncia para a sociedade - IMPLURB","og_description":"A Prefeitura de Manaus realiza, neste domingo, 25\/6, das 13h \u00e0s 19h, o semin\u00e1rio \"Triburbanos \u2013\u00a0Arte de Rua\" para discutir com artistas, acad\u00eamicos, urbanistas e poder p\u00fablico sobre arte urbana.","og_url":"https:\/\/www.manaus.am.gov.br\/implurb\/prefeitura-promove-o-seminario-triburbanos-para-discutir-a-arte-urbana-e-sua-importancia-para-a-sociedade\/","og_site_name":"IMPLURB","article_published_time":"2023-06-23T15:20:57+00:00","article_modified_time":"2024-01-16T15:27:52+00:00","og_image":[{"url":"https:\/\/www.manaus.am.gov.br\/implurb\/wp-content\/uploads\/sites\/13\/2024\/01\/Giulia-L.Lupo_.png","width":2038,"height":1560,"type":"image\/png"}],"author":"Cl\u00e1udia Barbosa","twitter_card":"summary_large_image","twitter_misc":{"Written by":"Cl\u00e1udia Barbosa","Est. reading time":"4 minutos"},"schema":{"@context":"https:\/\/schema.org","@graph":[{"@type":"WebPage","@id":"https:\/\/www.manaus.am.gov.br\/implurb\/prefeitura-promove-o-seminario-triburbanos-para-discutir-a-arte-urbana-e-sua-importancia-para-a-sociedade\/","url":"https:\/\/www.manaus.am.gov.br\/implurb\/prefeitura-promove-o-seminario-triburbanos-para-discutir-a-arte-urbana-e-sua-importancia-para-a-sociedade\/","name":"Prefeitura promove o semin\u00e1rio Triburbanos para discutir a arte urbana e sua import\u00e2ncia para a sociedade - IMPLURB","isPartOf":{"@id":"https:\/\/www.manaus.am.gov.br\/implurb\/#website"},"primaryImageOfPage":{"@id":"https:\/\/www.manaus.am.gov.br\/implurb\/prefeitura-promove-o-seminario-triburbanos-para-discutir-a-arte-urbana-e-sua-importancia-para-a-sociedade\/#primaryimage"},"image":{"@id":"https:\/\/www.manaus.am.gov.br\/implurb\/prefeitura-promove-o-seminario-triburbanos-para-discutir-a-arte-urbana-e-sua-importancia-para-a-sociedade\/#primaryimage"},"thumbnailUrl":"https:\/\/www.manaus.am.gov.br\/implurb\/wp-content\/uploads\/sites\/13\/2024\/01\/Giulia-L.Lupo_.png","datePublished":"2023-06-23T15:20:57+00:00","dateModified":"2024-01-16T15:27:52+00:00","author":{"@id":"https:\/\/www.manaus.am.gov.br\/implurb\/#\/schema\/person\/d0a166b5031154c33c77794ddc9a827e"},"description":"A Prefeitura de Manaus realiza, neste domingo, 25\/6, das 13h \u00e0s 19h, o semin\u00e1rio \"Triburbanos \u2013\u00a0Arte de Rua\" para discutir com artistas, acad\u00eamicos, urbanistas e poder p\u00fablico sobre arte urbana.","breadcrumb":{"@id":"https:\/\/www.manaus.am.gov.br\/implurb\/prefeitura-promove-o-seminario-triburbanos-para-discutir-a-arte-urbana-e-sua-importancia-para-a-sociedade\/#breadcrumb"},"inLanguage":"pt-BR","potentialAction":[{"@type":"ReadAction","target":["https:\/\/www.manaus.am.gov.br\/implurb\/prefeitura-promove-o-seminario-triburbanos-para-discutir-a-arte-urbana-e-sua-importancia-para-a-sociedade\/"]}]},{"@type":"ImageObject","inLanguage":"pt-BR","@id":"https:\/\/www.manaus.am.gov.br\/implurb\/prefeitura-promove-o-seminario-triburbanos-para-discutir-a-arte-urbana-e-sua-importancia-para-a-sociedade\/#primaryimage","url":"https:\/\/www.manaus.am.gov.br\/implurb\/wp-content\/uploads\/sites\/13\/2024\/01\/Giulia-L.Lupo_.png","contentUrl":"https:\/\/www.manaus.am.gov.br\/implurb\/wp-content\/uploads\/sites\/13\/2024\/01\/Giulia-L.Lupo_.png","width":2038,"height":1560},{"@type":"BreadcrumbList","@id":"https:\/\/www.manaus.am.gov.br\/implurb\/prefeitura-promove-o-seminario-triburbanos-para-discutir-a-arte-urbana-e-sua-importancia-para-a-sociedade\/#breadcrumb","itemListElement":[{"@type":"ListItem","position":1,"name":"Home","item":"https:\/\/www.manaus.am.gov.br\/implurb\/"},{"@type":"ListItem","position":2,"name":"Prefeitura promove o semin\u00e1rio Triburbanos para discutir a arte urbana e sua import\u00e2ncia para a sociedade"}]},{"@type":"WebSite","@id":"https:\/\/www.manaus.am.gov.br\/implurb\/#website","url":"https:\/\/www.manaus.am.gov.br\/implurb\/","name":"IMPLURB","description":"Prefeitura de Manaus","potentialAction":[{"@type":"SearchAction","target":{"@type":"EntryPoint","urlTemplate":"https:\/\/www.manaus.am.gov.br\/implurb\/?s={search_term_string}"},"query-input":"required name=search_term_string"}],"inLanguage":"pt-BR"},{"@type":"Person","@id":"https:\/\/www.manaus.am.gov.br\/implurb\/#\/schema\/person\/d0a166b5031154c33c77794ddc9a827e","name":"Cl\u00e1udia Barbosa","image":{"@type":"ImageObject","inLanguage":"pt-BR","@id":"https:\/\/www.manaus.am.gov.br\/implurb\/#\/schema\/person\/image\/","url":"https:\/\/secure.gravatar.com\/avatar\/42958a1cf007f1a00534009218c72590?s=96&d=mm&r=g","contentUrl":"https:\/\/secure.gravatar.com\/avatar\/42958a1cf007f1a00534009218c72590?s=96&d=mm&r=g","caption":"Cl\u00e1udia Barbosa"}}]}},"_links":{"self":[{"href":"https:\/\/www.manaus.am.gov.br\/implurb\/wp-json\/wp\/v2\/posts\/3495"}],"collection":[{"href":"https:\/\/www.manaus.am.gov.br\/implurb\/wp-json\/wp\/v2\/posts"}],"about":[{"href":"https:\/\/www.manaus.am.gov.br\/implurb\/wp-json\/wp\/v2\/types\/post"}],"author":[{"embeddable":true,"href":"https:\/\/www.manaus.am.gov.br\/implurb\/wp-json\/wp\/v2\/users\/24"}],"replies":[{"embeddable":true,"href":"https:\/\/www.manaus.am.gov.br\/implurb\/wp-json\/wp\/v2\/comments?post=3495"}],"version-history":[{"count":1,"href":"https:\/\/www.manaus.am.gov.br\/implurb\/wp-json\/wp\/v2\/posts\/3495\/revisions"}],"predecessor-version":[{"id":3497,"href":"https:\/\/www.manaus.am.gov.br\/implurb\/wp-json\/wp\/v2\/posts\/3495\/revisions\/3497"}],"wp:featuredmedia":[{"embeddable":true,"href":"https:\/\/www.manaus.am.gov.br\/implurb\/wp-json\/wp\/v2\/media\/3496"}],"wp:attachment":[{"href":"https:\/\/www.manaus.am.gov.br\/implurb\/wp-json\/wp\/v2\/media?parent=3495"}],"wp:term":[{"taxonomy":"category","embeddable":true,"href":"https:\/\/www.manaus.am.gov.br\/implurb\/wp-json\/wp\/v2\/categories?post=3495"},{"taxonomy":"post_tag","embeddable":true,"href":"https:\/\/www.manaus.am.gov.br\/implurb\/wp-json\/wp\/v2\/tags?post=3495"}],"curies":[{"name":"wp","href":"https:\/\/api.w.org\/{rel}","templated":true}]}}