{"id":3493,"date":"2023-06-30T11:55:08","date_gmt":"2023-06-30T15:55:08","guid":{"rendered":"https:\/\/www.manaus.am.gov.br\/implurb\/prefeitura-envia-para-comissao-de-licitacao-projeto-para-ampliar-regularizacao-fundiaria-em-manaus\/"},"modified":"2024-01-16T11:08:42","modified_gmt":"2024-01-16T15:08:42","slug":"prefeitura-envia-para-comissao-de-licitacao-projeto-para-ampliar-regularizacao-fundiaria-em-manaus","status":"publish","type":"post","link":"https:\/\/www.manaus.am.gov.br\/implurb\/prefeitura-envia-para-comissao-de-licitacao-projeto-para-ampliar-regularizacao-fundiaria-em-manaus\/","title":{"rendered":"Prefeitura envia para Comiss\u00e3o de Licita\u00e7\u00e3o projeto para ampliar regulariza\u00e7\u00e3o fundi\u00e1ria em Manaus"},"content":{"rendered":"\n<p>A Prefeitura de Manaus se prepara para lan\u00e7ar licita\u00e7\u00e3o que vai ampliar os servi\u00e7os de regulariza\u00e7\u00e3o fundi\u00e1ria na capital amazonense, com o objetivo de atender at\u00e9 15 mil unidades e lotes urbanos em diversas zonas e bairros. Os documentos contam com previs\u00e3o de entrega entre este ano e 2024. O projeto est\u00e1 na Comiss\u00e3o Municipal de Licita\u00e7\u00e3o (CML).<\/p>\n\n\n\n<p>Segundo os dados enviados \u00e0 comiss\u00e3o, o levantamento tem especifica\u00e7\u00f5es t\u00e9cnicas para oferecer a seguran\u00e7a jur\u00eddica e cidadania, al\u00e9m de benef\u00edcios ambientais e econ\u00f4micos aos moradores que receber\u00e3o o benef\u00edcio. Ser\u00e3o licitados dois lotes, incluindo 19 bairros, comunidades e loteamentos.<\/p>\n\n\n\n<p>\u201cA regulariza\u00e7\u00e3o confere import\u00e2ncia ao registro da propriedade para grande parte da popula\u00e7\u00e3o, sendo uma ferramenta fundamental no acesso \u00e0 posse legal da moradia digna\u201d, disse o subsecret\u00e1rio municipal de Habita\u00e7\u00e3o e Regulariza\u00e7\u00e3o Fundi\u00e1ria (Semhaf), Renato Queiroz.<\/p>\n\n\n\n<p>A licita\u00e7\u00e3o visa ampliar os trabalhos de regulariza\u00e7\u00e3o, atingindo um maior n\u00famero de fam\u00edlias de Norte a Sul de Manaus. Est\u00e3o previstas a\u00e7\u00f5es em campo na comunidade Itaporanga (etapas 1 e 2); bairro Cidade de Deus (etapas 1 e 2); L\u00edrio do Vale (parcial); comunidade Nossa Senhora do Perp\u00e9tuo Socorro; conjunto Jardim Belvedere; igarap\u00e9 do Francesinho (comunidade do Beiradinho); conjunto Galileia; comunidade Novo Reino 1; bairro Santa Luzia; bairro Bet\u00e2nia; bairro Morro da Liberdade; comunidade Raio do Sol; loteamento Manoel Nogueira; conjunto Jardim Canaranas (\u00e1rea p\u00fablica); conjunto Beija Flor 2; loteamento Jardim Primavera; loteamento Retiro Marcilene; beco Noca Cabral; e conjunto Santos Dumont (\u00e1rea verde).<\/p>\n\n\n\n<p>\u201cO procedimento de regulariza\u00e7\u00e3o fundi\u00e1ria transforma o ocupante em propriet\u00e1rio reconhecido pela lei. E essa seguran\u00e7a e reconhecimento permitem que o propriet\u00e1rio busque financiamento para construir, ampliar e reformar, al\u00e9m de dar acesso a programas de governo. A regulariza\u00e7\u00e3o fundi\u00e1ria se coloca cada vez mais como fundamental nas cidades\u201d, explicou Queiroz.<\/p>\n\n\n\n<h2 class=\"wp-block-heading\">Dados<\/h2>\n\n\n\n<p>Em setembro de 2022, o prefeito David Almeida fez o lan\u00e7amento do processo para Regulariza\u00e7\u00e3o Fundi\u00e1ria Urbana (Reurb), em Manaus, na comunidade Coliseu, para beneficiar milhares de fam\u00edlias com o registro de im\u00f3vel. O produto final da Reurb \u00e9 um direito real registrado no cart\u00f3rio de im\u00f3veis, garantindo a seguran\u00e7a na propriedade para o morador do im\u00f3vel regularizado.<\/p>\n\n\n\n<h2 class=\"wp-block-heading\">O que \u00e9 a regulariza\u00e7\u00e3o?<\/h2>\n\n\n\n<p>Regulariza\u00e7\u00e3o fundi\u00e1ria \u00e9 o conjunto de medidas jur\u00eddicas, urban\u00edsticas, ambientais e sociais que visam \u00e0 regulariza\u00e7\u00e3o de assentamentos irregulares e \u00e0 titula\u00e7\u00e3o de seus ocupantes, de modo a garantir o direito social \u00e0 moradia, o pleno desenvolvimento das fun\u00e7\u00f5es sociais da propriedade urbana e o direito ao meio ambiente ecologicamente equilibrado, conforme a Lei Federal 13.465\/2017 e a Lei Municipal 2.492\/2019.<\/p>\n\n\n\n<p>&#8212; &#8212; &#8212;<\/p>\n\n\n\n<p><strong>Texto<\/strong>\u00a0\u2013 Claudia do Valle \/ Implurb<br><strong>Fotos<\/strong>\u00a0\u2013 Divulga\u00e7\u00e3o \/ Implurb<\/p>\n","protected":false},"excerpt":{"rendered":"","protected":false},"author":23,"featured_media":3494,"comment_status":"closed","ping_status":"closed","sticky":false,"template":"","format":"standard","meta":{"footnotes":""},"categories":[701],"tags":[1001,11,1002,15,1003,64],"acf":[],"yoast_head":"<!-- This site is optimized with the Yoast SEO plugin v23.0 - https:\/\/yoast.com\/wordpress\/plugins\/seo\/ -->\n<title>Prefeitura envia para Comiss\u00e3o de Licita\u00e7\u00e3o projeto para ampliar regulariza\u00e7\u00e3o fundi\u00e1ria em Manaus<\/title>\n<meta name=\"description\" content=\"A Prefeitura de Manaus se prepara para lan\u00e7ar licita\u00e7\u00e3o que vai ampliar os servi\u00e7os de regulariza\u00e7\u00e3o fundi\u00e1ria na capital amazonense, com o objetivo de atender at\u00e9 15 mil unidades e lotes urbanos em diversas zonas e bairros. Os documentos contam com previs\u00e3o de entrega entre este ano e 2024. O projeto est\u00e1 na Comiss\u00e3o Municipal de Licita\u00e7\u00e3o (CML).\" \/>\n<meta name=\"robots\" content=\"noindex, follow\" \/>\n<meta property=\"og:locale\" content=\"pt_BR\" \/>\n<meta property=\"og:type\" content=\"article\" \/>\n<meta property=\"og:title\" content=\"Prefeitura envia para Comiss\u00e3o de Licita\u00e7\u00e3o projeto para ampliar regulariza\u00e7\u00e3o fundi\u00e1ria em Manaus\" \/>\n<meta property=\"og:description\" content=\"A Prefeitura de Manaus se prepara para lan\u00e7ar licita\u00e7\u00e3o que vai ampliar os servi\u00e7os de regulariza\u00e7\u00e3o fundi\u00e1ria na capital amazonense, com o objetivo de atender at\u00e9 15 mil unidades e lotes urbanos em diversas zonas e bairros. Os documentos contam com previs\u00e3o de entrega entre este ano e 2024. O projeto est\u00e1 na Comiss\u00e3o Municipal de Licita\u00e7\u00e3o (CML).\" \/>\n<meta property=\"og:url\" content=\"https:\/\/www.manaus.am.gov.br\/implurb\/prefeitura-envia-para-comissao-de-licitacao-projeto-para-ampliar-regularizacao-fundiaria-em-manaus\/\" \/>\n<meta property=\"og:site_name\" content=\"IMPLURB\" \/>\n<meta property=\"article:published_time\" content=\"2023-06-30T15:55:08+00:00\" \/>\n<meta property=\"article:modified_time\" content=\"2024-01-16T15:08:42+00:00\" \/>\n<meta property=\"og:image\" content=\"https:\/\/www.manaus.am.gov.br\/implurb\/wp-content\/uploads\/sites\/13\/2024\/01\/coliseumarco11.jpg\" \/>\n\t<meta property=\"og:image:width\" content=\"1280\" \/>\n\t<meta property=\"og:image:height\" content=\"960\" \/>\n\t<meta property=\"og:image:type\" content=\"image\/jpeg\" \/>\n<meta name=\"author\" content=\"Adriana Costa\" \/>\n<meta name=\"twitter:card\" content=\"summary_large_image\" \/>\n<meta name=\"twitter:label1\" content=\"Written by\" \/>\n\t<meta name=\"twitter:data1\" content=\"Adriana Costa\" \/>\n\t<meta name=\"twitter:label2\" content=\"Est. reading time\" \/>\n\t<meta name=\"twitter:data2\" content=\"3 minutos\" \/>\n<script type=\"application\/ld+json\" class=\"yoast-schema-graph\">{\"@context\":\"https:\/\/schema.org\",\"@graph\":[{\"@type\":\"WebPage\",\"@id\":\"https:\/\/www.manaus.am.gov.br\/implurb\/prefeitura-envia-para-comissao-de-licitacao-projeto-para-ampliar-regularizacao-fundiaria-em-manaus\/\",\"url\":\"https:\/\/www.manaus.am.gov.br\/implurb\/prefeitura-envia-para-comissao-de-licitacao-projeto-para-ampliar-regularizacao-fundiaria-em-manaus\/\",\"name\":\"Prefeitura envia para Comiss\u00e3o de Licita\u00e7\u00e3o projeto para ampliar regulariza\u00e7\u00e3o fundi\u00e1ria em Manaus\",\"isPartOf\":{\"@id\":\"https:\/\/www.manaus.am.gov.br\/implurb\/#website\"},\"primaryImageOfPage\":{\"@id\":\"https:\/\/www.manaus.am.gov.br\/implurb\/prefeitura-envia-para-comissao-de-licitacao-projeto-para-ampliar-regularizacao-fundiaria-em-manaus\/#primaryimage\"},\"image\":{\"@id\":\"https:\/\/www.manaus.am.gov.br\/implurb\/prefeitura-envia-para-comissao-de-licitacao-projeto-para-ampliar-regularizacao-fundiaria-em-manaus\/#primaryimage\"},\"thumbnailUrl\":\"https:\/\/www.manaus.am.gov.br\/implurb\/wp-content\/uploads\/sites\/13\/2024\/01\/coliseumarco11.jpg\",\"datePublished\":\"2023-06-30T15:55:08+00:00\",\"dateModified\":\"2024-01-16T15:08:42+00:00\",\"author\":{\"@id\":\"https:\/\/www.manaus.am.gov.br\/implurb\/#\/schema\/person\/4e49f4e267757a06ca072ec61b2b9968\"},\"description\":\"A Prefeitura de Manaus se prepara para lan\u00e7ar licita\u00e7\u00e3o que vai ampliar os servi\u00e7os de regulariza\u00e7\u00e3o fundi\u00e1ria na capital amazonense, com o objetivo de atender at\u00e9 15 mil unidades e lotes urbanos em diversas zonas e bairros. Os documentos contam com previs\u00e3o de entrega entre este ano e 2024. O projeto est\u00e1 na Comiss\u00e3o Municipal de Licita\u00e7\u00e3o (CML).\",\"breadcrumb\":{\"@id\":\"https:\/\/www.manaus.am.gov.br\/implurb\/prefeitura-envia-para-comissao-de-licitacao-projeto-para-ampliar-regularizacao-fundiaria-em-manaus\/#breadcrumb\"},\"inLanguage\":\"pt-BR\",\"potentialAction\":[{\"@type\":\"ReadAction\",\"target\":[\"https:\/\/www.manaus.am.gov.br\/implurb\/prefeitura-envia-para-comissao-de-licitacao-projeto-para-ampliar-regularizacao-fundiaria-em-manaus\/\"]}]},{\"@type\":\"ImageObject\",\"inLanguage\":\"pt-BR\",\"@id\":\"https:\/\/www.manaus.am.gov.br\/implurb\/prefeitura-envia-para-comissao-de-licitacao-projeto-para-ampliar-regularizacao-fundiaria-em-manaus\/#primaryimage\",\"url\":\"https:\/\/www.manaus.am.gov.br\/implurb\/wp-content\/uploads\/sites\/13\/2024\/01\/coliseumarco11.jpg\",\"contentUrl\":\"https:\/\/www.manaus.am.gov.br\/implurb\/wp-content\/uploads\/sites\/13\/2024\/01\/coliseumarco11.jpg\",\"width\":1280,\"height\":960},{\"@type\":\"BreadcrumbList\",\"@id\":\"https:\/\/www.manaus.am.gov.br\/implurb\/prefeitura-envia-para-comissao-de-licitacao-projeto-para-ampliar-regularizacao-fundiaria-em-manaus\/#breadcrumb\",\"itemListElement\":[{\"@type\":\"ListItem\",\"position\":1,\"name\":\"Home\",\"item\":\"https:\/\/www.manaus.am.gov.br\/implurb\/\"},{\"@type\":\"ListItem\",\"position\":2,\"name\":\"Prefeitura envia para Comiss\u00e3o de Licita\u00e7\u00e3o projeto para ampliar regulariza\u00e7\u00e3o fundi\u00e1ria em Manaus\"}]},{\"@type\":\"WebSite\",\"@id\":\"https:\/\/www.manaus.am.gov.br\/implurb\/#website\",\"url\":\"https:\/\/www.manaus.am.gov.br\/implurb\/\",\"name\":\"IMPLURB\",\"description\":\"Prefeitura de Manaus\",\"potentialAction\":[{\"@type\":\"SearchAction\",\"target\":{\"@type\":\"EntryPoint\",\"urlTemplate\":\"https:\/\/www.manaus.am.gov.br\/implurb\/?s={search_term_string}\"},\"query-input\":\"required name=search_term_string\"}],\"inLanguage\":\"pt-BR\"},{\"@type\":\"Person\",\"@id\":\"https:\/\/www.manaus.am.gov.br\/implurb\/#\/schema\/person\/4e49f4e267757a06ca072ec61b2b9968\",\"name\":\"Adriana Costa\",\"image\":{\"@type\":\"ImageObject\",\"inLanguage\":\"pt-BR\",\"@id\":\"https:\/\/www.manaus.am.gov.br\/implurb\/#\/schema\/person\/image\/\",\"url\":\"https:\/\/secure.gravatar.com\/avatar\/576258617ef7194f718179e766d57bd4?s=96&d=mm&r=g\",\"contentUrl\":\"https:\/\/secure.gravatar.com\/avatar\/576258617ef7194f718179e766d57bd4?s=96&d=mm&r=g\",\"caption\":\"Adriana Costa\"}}]}<\/script>\n<!-- \/ Yoast SEO plugin. -->","yoast_head_json":{"title":"Prefeitura envia para Comiss\u00e3o de Licita\u00e7\u00e3o projeto para ampliar regulariza\u00e7\u00e3o fundi\u00e1ria em Manaus","description":"A Prefeitura de Manaus se prepara para lan\u00e7ar licita\u00e7\u00e3o que vai ampliar os servi\u00e7os de regulariza\u00e7\u00e3o fundi\u00e1ria na capital amazonense, com o objetivo de atender at\u00e9 15 mil unidades e lotes urbanos em diversas zonas e bairros. Os documentos contam com previs\u00e3o de entrega entre este ano e 2024. O projeto est\u00e1 na Comiss\u00e3o Municipal de Licita\u00e7\u00e3o (CML).","robots":{"index":"noindex","follow":"follow"},"og_locale":"pt_BR","og_type":"article","og_title":"Prefeitura envia para Comiss\u00e3o de Licita\u00e7\u00e3o projeto para ampliar regulariza\u00e7\u00e3o fundi\u00e1ria em Manaus","og_description":"A Prefeitura de Manaus se prepara para lan\u00e7ar licita\u00e7\u00e3o que vai ampliar os servi\u00e7os de regulariza\u00e7\u00e3o fundi\u00e1ria na capital amazonense, com o objetivo de atender at\u00e9 15 mil unidades e lotes urbanos em diversas zonas e bairros. Os documentos contam com previs\u00e3o de entrega entre este ano e 2024. O projeto est\u00e1 na Comiss\u00e3o Municipal de Licita\u00e7\u00e3o (CML).","og_url":"https:\/\/www.manaus.am.gov.br\/implurb\/prefeitura-envia-para-comissao-de-licitacao-projeto-para-ampliar-regularizacao-fundiaria-em-manaus\/","og_site_name":"IMPLURB","article_published_time":"2023-06-30T15:55:08+00:00","article_modified_time":"2024-01-16T15:08:42+00:00","og_image":[{"width":1280,"height":960,"url":"https:\/\/www.manaus.am.gov.br\/implurb\/wp-content\/uploads\/sites\/13\/2024\/01\/coliseumarco11.jpg","type":"image\/jpeg"}],"author":"Adriana Costa","twitter_card":"summary_large_image","twitter_misc":{"Written by":"Adriana Costa","Est. reading time":"3 minutos"},"schema":{"@context":"https:\/\/schema.org","@graph":[{"@type":"WebPage","@id":"https:\/\/www.manaus.am.gov.br\/implurb\/prefeitura-envia-para-comissao-de-licitacao-projeto-para-ampliar-regularizacao-fundiaria-em-manaus\/","url":"https:\/\/www.manaus.am.gov.br\/implurb\/prefeitura-envia-para-comissao-de-licitacao-projeto-para-ampliar-regularizacao-fundiaria-em-manaus\/","name":"Prefeitura envia para Comiss\u00e3o de Licita\u00e7\u00e3o projeto para ampliar regulariza\u00e7\u00e3o fundi\u00e1ria em Manaus","isPartOf":{"@id":"https:\/\/www.manaus.am.gov.br\/implurb\/#website"},"primaryImageOfPage":{"@id":"https:\/\/www.manaus.am.gov.br\/implurb\/prefeitura-envia-para-comissao-de-licitacao-projeto-para-ampliar-regularizacao-fundiaria-em-manaus\/#primaryimage"},"image":{"@id":"https:\/\/www.manaus.am.gov.br\/implurb\/prefeitura-envia-para-comissao-de-licitacao-projeto-para-ampliar-regularizacao-fundiaria-em-manaus\/#primaryimage"},"thumbnailUrl":"https:\/\/www.manaus.am.gov.br\/implurb\/wp-content\/uploads\/sites\/13\/2024\/01\/coliseumarco11.jpg","datePublished":"2023-06-30T15:55:08+00:00","dateModified":"2024-01-16T15:08:42+00:00","author":{"@id":"https:\/\/www.manaus.am.gov.br\/implurb\/#\/schema\/person\/4e49f4e267757a06ca072ec61b2b9968"},"description":"A Prefeitura de Manaus se prepara para lan\u00e7ar licita\u00e7\u00e3o que vai ampliar os servi\u00e7os de regulariza\u00e7\u00e3o fundi\u00e1ria na capital amazonense, com o objetivo de atender at\u00e9 15 mil unidades e lotes urbanos em diversas zonas e bairros. Os documentos contam com previs\u00e3o de entrega entre este ano e 2024. O projeto est\u00e1 na Comiss\u00e3o Municipal de Licita\u00e7\u00e3o (CML).","breadcrumb":{"@id":"https:\/\/www.manaus.am.gov.br\/implurb\/prefeitura-envia-para-comissao-de-licitacao-projeto-para-ampliar-regularizacao-fundiaria-em-manaus\/#breadcrumb"},"inLanguage":"pt-BR","potentialAction":[{"@type":"ReadAction","target":["https:\/\/www.manaus.am.gov.br\/implurb\/prefeitura-envia-para-comissao-de-licitacao-projeto-para-ampliar-regularizacao-fundiaria-em-manaus\/"]}]},{"@type":"ImageObject","inLanguage":"pt-BR","@id":"https:\/\/www.manaus.am.gov.br\/implurb\/prefeitura-envia-para-comissao-de-licitacao-projeto-para-ampliar-regularizacao-fundiaria-em-manaus\/#primaryimage","url":"https:\/\/www.manaus.am.gov.br\/implurb\/wp-content\/uploads\/sites\/13\/2024\/01\/coliseumarco11.jpg","contentUrl":"https:\/\/www.manaus.am.gov.br\/implurb\/wp-content\/uploads\/sites\/13\/2024\/01\/coliseumarco11.jpg","width":1280,"height":960},{"@type":"BreadcrumbList","@id":"https:\/\/www.manaus.am.gov.br\/implurb\/prefeitura-envia-para-comissao-de-licitacao-projeto-para-ampliar-regularizacao-fundiaria-em-manaus\/#breadcrumb","itemListElement":[{"@type":"ListItem","position":1,"name":"Home","item":"https:\/\/www.manaus.am.gov.br\/implurb\/"},{"@type":"ListItem","position":2,"name":"Prefeitura envia para Comiss\u00e3o de Licita\u00e7\u00e3o projeto para ampliar regulariza\u00e7\u00e3o fundi\u00e1ria em Manaus"}]},{"@type":"WebSite","@id":"https:\/\/www.manaus.am.gov.br\/implurb\/#website","url":"https:\/\/www.manaus.am.gov.br\/implurb\/","name":"IMPLURB","description":"Prefeitura de Manaus","potentialAction":[{"@type":"SearchAction","target":{"@type":"EntryPoint","urlTemplate":"https:\/\/www.manaus.am.gov.br\/implurb\/?s={search_term_string}"},"query-input":"required name=search_term_string"}],"inLanguage":"pt-BR"},{"@type":"Person","@id":"https:\/\/www.manaus.am.gov.br\/implurb\/#\/schema\/person\/4e49f4e267757a06ca072ec61b2b9968","name":"Adriana Costa","image":{"@type":"ImageObject","inLanguage":"pt-BR","@id":"https:\/\/www.manaus.am.gov.br\/implurb\/#\/schema\/person\/image\/","url":"https:\/\/secure.gravatar.com\/avatar\/576258617ef7194f718179e766d57bd4?s=96&d=mm&r=g","contentUrl":"https:\/\/secure.gravatar.com\/avatar\/576258617ef7194f718179e766d57bd4?s=96&d=mm&r=g","caption":"Adriana Costa"}}]}},"_links":{"self":[{"href":"https:\/\/www.manaus.am.gov.br\/implurb\/wp-json\/wp\/v2\/posts\/3493"}],"collection":[{"href":"https:\/\/www.manaus.am.gov.br\/implurb\/wp-json\/wp\/v2\/posts"}],"about":[{"href":"https:\/\/www.manaus.am.gov.br\/implurb\/wp-json\/wp\/v2\/types\/post"}],"author":[{"embeddable":true,"href":"https:\/\/www.manaus.am.gov.br\/implurb\/wp-json\/wp\/v2\/users\/23"}],"replies":[{"embeddable":true,"href":"https:\/\/www.manaus.am.gov.br\/implurb\/wp-json\/wp\/v2\/comments?post=3493"}],"version-history":[{"count":0,"href":"https:\/\/www.manaus.am.gov.br\/implurb\/wp-json\/wp\/v2\/posts\/3493\/revisions"}],"wp:featuredmedia":[{"embeddable":true,"href":"https:\/\/www.manaus.am.gov.br\/implurb\/wp-json\/wp\/v2\/media\/3494"}],"wp:attachment":[{"href":"https:\/\/www.manaus.am.gov.br\/implurb\/wp-json\/wp\/v2\/media?parent=3493"}],"wp:term":[{"taxonomy":"category","embeddable":true,"href":"https:\/\/www.manaus.am.gov.br\/implurb\/wp-json\/wp\/v2\/categories?post=3493"},{"taxonomy":"post_tag","embeddable":true,"href":"https:\/\/www.manaus.am.gov.br\/implurb\/wp-json\/wp\/v2\/tags?post=3493"}],"curies":[{"name":"wp","href":"https:\/\/api.w.org\/{rel}","templated":true}]}}