{"id":3478,"date":"2023-10-12T10:40:29","date_gmt":"2023-10-12T14:40:29","guid":{"rendered":"https:\/\/www.manaus.am.gov.br\/implurb\/prefeitura-amplia-espaco-verde-de-manaus-com-arborizacao-do-parque-amazonino-mendes\/"},"modified":"2023-10-12T10:40:29","modified_gmt":"2023-10-12T14:40:29","slug":"prefeitura-amplia-espaco-verde-de-manaus-com-arborizacao-do-parque-amazonino-mendes","status":"publish","type":"post","link":"https:\/\/www.manaus.am.gov.br\/implurb\/prefeitura-amplia-espaco-verde-de-manaus-com-arborizacao-do-parque-amazonino-mendes\/","title":{"rendered":"Prefeitura amplia espa\u00e7o verde de Manaus com arboriza\u00e7\u00e3o do parque Amazonino Mendes"},"content":{"rendered":"\n<p>O prefeito de Manaus, David Almeida, acompanhou, na manh\u00e3 desta quinta-feira, 12\/10, o in\u00edcio dos trabalhos de arboriza\u00e7\u00e3o do parque Amazonino Mendes, localizado nas avenidas Isa\u00edas Vieiralves e Ol\u00edvia de Menezes Vieiralves, nos bairros Novo Aleixo e Tancredo Neves, zona Leste da cidade.<\/p>\n\n\n\n<p>De acordo com a Secretaria Municipal de Meio Ambiente e Sustentabilidade (Semmas), a \u00e1rea que ser\u00e1 arborizada \u00e9 a primeira etapa do parque, que \u00e9 linear, \u00e0s margens do igarap\u00e9 do Mindu, e as mudas s\u00e3o de esp\u00e9cies nativas da regi\u00e3o, apropriadas para esse tipo de local e tamb\u00e9m por proporcionarem sombreamento para as \u00e1reas de uso da popula\u00e7\u00e3o.<\/p>\n\n\n\n<p>\u201cN\u00f3s estamos fazendo o plantio de mudas de ip\u00eas, onde iremos inaugurar&nbsp;a alameda dos ip\u00eas. E neste espa\u00e7o aqui, n\u00f3s iremos fazer o plantio de mais de 200 mudas de plantas, \u00e1rvores, e, assim, n\u00f3s teremos esses espa\u00e7os verdes sendo ampliados na nossa cidade\u201d, disse Almeida.<\/p>\n\n\n\n<p>No local, tamb\u00e9m ser\u00e3o plantadas esp\u00e9cies frut\u00edferas, sendo um atrativo para a fauna local. No total, 200 mudas de \u00e1rvores ser\u00e3o plantadas pela prefeitura.<\/p>\n\n\n<div class=\"wp-block-image\">\n<figure class=\"aligncenter size-full\"><img loading=\"lazy\" decoding=\"async\" width=\"799\" height=\"533\" src=\"https:\/\/www.manaus.am.gov.br\/implurb\/wp-content\/uploads\/sites\/13\/2024\/01\/53251988167_77eaa96f4e_c.jpg\" alt=\"\" class=\"wp-image-3479\" srcset=\"https:\/\/www.manaus.am.gov.br\/implurb\/wp-content\/uploads\/sites\/13\/2024\/01\/53251988167_77eaa96f4e_c.jpg 799w, https:\/\/www.manaus.am.gov.br\/implurb\/wp-content\/uploads\/sites\/13\/2024\/01\/53251988167_77eaa96f4e_c-300x200.jpg 300w, https:\/\/www.manaus.am.gov.br\/implurb\/wp-content\/uploads\/sites\/13\/2024\/01\/53251988167_77eaa96f4e_c-768x512.jpg 768w\" sizes=\"(max-width: 799px) 100vw, 799px\" \/><\/figure><\/div>\n\n\n<p>Devido \u00e0 alta compacta\u00e7\u00e3o do solo, est\u00e3o sendo abertas covas maiores, medindo 80 cent\u00edmetros x 80 cent\u00edmetros x 100 cent\u00edmetros, com o objetivo de garantir o sucesso do plantio.<\/p>\n\n\n\n<p>\u201c\u00c9 importante que a popula\u00e7\u00e3o contribua com a preserva\u00e7\u00e3o da arboriza\u00e7\u00e3o, e contribua com esse trabalho que estamos realizando, seja cuidando das \u00e1rvores e mudas de suas casas, das cal\u00e7adas, pra\u00e7as e mesmo de uma \u00e1rea verde pr\u00f3xima da sua resid\u00eancia\u201d, completou o diretor de Arboriza\u00e7\u00e3o da Semmas, Deyvson Braga.<\/p>\n\n\n\n<h2 class=\"wp-block-heading\">Anivers\u00e1rio da cidade<\/h2>\n\n\n\n<p>O primeiro parque linear da capital, entre as zonas Leste e Norte, tem projeto arquitet\u00f4nico do Instituto Municipal de Planejamento Urbano (Implurb), estando em uma \u00e1rea de mais de 134 mil metros quadrados, e entra na contagem regressiva para a inaugura\u00e7\u00e3o. O primeiro trecho do parque Amazonino Mendes, que recebe servi\u00e7os em v\u00e1rias frentes, ser\u00e1 entregue no anivers\u00e1rio da cidade pelo prefeito David Almeida.<\/p>\n\n\n\n<p>Dentro das comemora\u00e7\u00f5es, o prefeito anunciou ainda que o \u201cBoi Manaus 2023\u201d, ser\u00e1 adiado para o final do ano, em decorr\u00eancia da fuma\u00e7a que encobre a capital amazonense.<\/p>\n\n\n\n<p>\u201cMomentaneamente, n\u00f3s iremos adiar tamb\u00e9m o Boi Manaus, um grande evento da nossa cidade, e&nbsp; iremos realiz\u00e1-lo em uma&nbsp; outra data. E a \u00fanica manifesta\u00e7\u00e3o que n\u00f3s iremos ter \u00e9 aqui na zona Leste, no parque Amazonino Mendes, onde entregaremos esta primeira etapa do maior parque linear da cidade de Manaus\u201d, explicou o prefeito.<\/p>\n\n\n\n<p>&#8212; &#8212; &#8212;<\/p>\n\n\n\n<p><strong>Texto<\/strong>&nbsp;&#8211; Beathriz Torres \/ Semcom e Divulga\u00e7\u00e3o\/ Semmas<br><strong>Fotos<\/strong>&nbsp;\u2013 Cl\u00f3vis Miranda \/ Secom<br>Dispon\u00edveis em &#8211;&nbsp;<a href=\"https:\/\/flic.kr\/s\/aHBqjAYaFe\" target=\"_blank\" rel=\"noreferrer noopener\">https:\/\/flic.kr\/s\/aHBqjAYaFe<\/a><\/p>\n","protected":false},"excerpt":{"rendered":"","protected":false},"author":31,"featured_media":3480,"comment_status":"closed","ping_status":"closed","sticky":false,"template":"","format":"standard","meta":{"footnotes":""},"categories":[993],"tags":[994,995,47],"acf":[],"yoast_head":"<!-- This site is optimized with the Yoast SEO plugin v23.0 - https:\/\/yoast.com\/wordpress\/plugins\/seo\/ -->\n<title>Prefeitura amplia espa\u00e7o verde de Manaus com arboriza\u00e7\u00e3o do parque Amazonino Mendes - IMPLURB<\/title>\n<meta name=\"robots\" content=\"noindex, follow\" \/>\n<meta property=\"og:locale\" content=\"pt_BR\" \/>\n<meta property=\"og:type\" content=\"article\" \/>\n<meta property=\"og:title\" content=\"Prefeitura amplia espa\u00e7o verde de Manaus com arboriza\u00e7\u00e3o do parque Amazonino Mendes - IMPLURB\" \/>\n<meta property=\"og:url\" content=\"https:\/\/www.manaus.am.gov.br\/implurb\/prefeitura-amplia-espaco-verde-de-manaus-com-arborizacao-do-parque-amazonino-mendes\/\" \/>\n<meta property=\"og:site_name\" content=\"IMPLURB\" \/>\n<meta property=\"article:published_time\" content=\"2023-10-12T14:40:29+00:00\" \/>\n<meta property=\"og:image\" content=\"https:\/\/www.manaus.am.gov.br\/implurb\/wp-content\/uploads\/sites\/13\/2024\/01\/53253366120_4eee77c191_c.jpg\" \/>\n\t<meta property=\"og:image:width\" content=\"799\" \/>\n\t<meta property=\"og:image:height\" content=\"533\" \/>\n\t<meta property=\"og:image:type\" content=\"image\/jpeg\" \/>\n<meta name=\"author\" content=\"Renata Felix\" \/>\n<meta name=\"twitter:card\" content=\"summary_large_image\" \/>\n<meta name=\"twitter:label1\" content=\"Written by\" \/>\n\t<meta name=\"twitter:data1\" content=\"Renata Felix\" \/>\n\t<meta name=\"twitter:label2\" content=\"Est. reading time\" \/>\n\t<meta name=\"twitter:data2\" content=\"3 minutos\" \/>\n<script type=\"application\/ld+json\" class=\"yoast-schema-graph\">{\"@context\":\"https:\/\/schema.org\",\"@graph\":[{\"@type\":\"WebPage\",\"@id\":\"https:\/\/www.manaus.am.gov.br\/implurb\/prefeitura-amplia-espaco-verde-de-manaus-com-arborizacao-do-parque-amazonino-mendes\/\",\"url\":\"https:\/\/www.manaus.am.gov.br\/implurb\/prefeitura-amplia-espaco-verde-de-manaus-com-arborizacao-do-parque-amazonino-mendes\/\",\"name\":\"Prefeitura amplia espa\u00e7o verde de Manaus com arboriza\u00e7\u00e3o do parque Amazonino Mendes - IMPLURB\",\"isPartOf\":{\"@id\":\"https:\/\/www.manaus.am.gov.br\/implurb\/#website\"},\"primaryImageOfPage\":{\"@id\":\"https:\/\/www.manaus.am.gov.br\/implurb\/prefeitura-amplia-espaco-verde-de-manaus-com-arborizacao-do-parque-amazonino-mendes\/#primaryimage\"},\"image\":{\"@id\":\"https:\/\/www.manaus.am.gov.br\/implurb\/prefeitura-amplia-espaco-verde-de-manaus-com-arborizacao-do-parque-amazonino-mendes\/#primaryimage\"},\"thumbnailUrl\":\"https:\/\/www.manaus.am.gov.br\/implurb\/wp-content\/uploads\/sites\/13\/2024\/01\/53253366120_4eee77c191_c.jpg\",\"datePublished\":\"2023-10-12T14:40:29+00:00\",\"dateModified\":\"2023-10-12T14:40:29+00:00\",\"author\":{\"@id\":\"https:\/\/www.manaus.am.gov.br\/implurb\/#\/schema\/person\/4eea2a8f78dc853097abb026f728aa06\"},\"breadcrumb\":{\"@id\":\"https:\/\/www.manaus.am.gov.br\/implurb\/prefeitura-amplia-espaco-verde-de-manaus-com-arborizacao-do-parque-amazonino-mendes\/#breadcrumb\"},\"inLanguage\":\"pt-BR\",\"potentialAction\":[{\"@type\":\"ReadAction\",\"target\":[\"https:\/\/www.manaus.am.gov.br\/implurb\/prefeitura-amplia-espaco-verde-de-manaus-com-arborizacao-do-parque-amazonino-mendes\/\"]}]},{\"@type\":\"ImageObject\",\"inLanguage\":\"pt-BR\",\"@id\":\"https:\/\/www.manaus.am.gov.br\/implurb\/prefeitura-amplia-espaco-verde-de-manaus-com-arborizacao-do-parque-amazonino-mendes\/#primaryimage\",\"url\":\"https:\/\/www.manaus.am.gov.br\/implurb\/wp-content\/uploads\/sites\/13\/2024\/01\/53253366120_4eee77c191_c.jpg\",\"contentUrl\":\"https:\/\/www.manaus.am.gov.br\/implurb\/wp-content\/uploads\/sites\/13\/2024\/01\/53253366120_4eee77c191_c.jpg\",\"width\":799,\"height\":533},{\"@type\":\"BreadcrumbList\",\"@id\":\"https:\/\/www.manaus.am.gov.br\/implurb\/prefeitura-amplia-espaco-verde-de-manaus-com-arborizacao-do-parque-amazonino-mendes\/#breadcrumb\",\"itemListElement\":[{\"@type\":\"ListItem\",\"position\":1,\"name\":\"Home\",\"item\":\"https:\/\/www.manaus.am.gov.br\/implurb\/\"},{\"@type\":\"ListItem\",\"position\":2,\"name\":\"Prefeitura amplia espa\u00e7o verde de Manaus com arboriza\u00e7\u00e3o do parque Amazonino Mendes\"}]},{\"@type\":\"WebSite\",\"@id\":\"https:\/\/www.manaus.am.gov.br\/implurb\/#website\",\"url\":\"https:\/\/www.manaus.am.gov.br\/implurb\/\",\"name\":\"IMPLURB\",\"description\":\"Prefeitura de Manaus\",\"potentialAction\":[{\"@type\":\"SearchAction\",\"target\":{\"@type\":\"EntryPoint\",\"urlTemplate\":\"https:\/\/www.manaus.am.gov.br\/implurb\/?s={search_term_string}\"},\"query-input\":\"required name=search_term_string\"}],\"inLanguage\":\"pt-BR\"},{\"@type\":\"Person\",\"@id\":\"https:\/\/www.manaus.am.gov.br\/implurb\/#\/schema\/person\/4eea2a8f78dc853097abb026f728aa06\",\"name\":\"Renata Felix\",\"image\":{\"@type\":\"ImageObject\",\"inLanguage\":\"pt-BR\",\"@id\":\"https:\/\/www.manaus.am.gov.br\/implurb\/#\/schema\/person\/image\/\",\"url\":\"https:\/\/secure.gravatar.com\/avatar\/3c196cf9d3b837b24c8edb2c50fd8f29?s=96&d=mm&r=g\",\"contentUrl\":\"https:\/\/secure.gravatar.com\/avatar\/3c196cf9d3b837b24c8edb2c50fd8f29?s=96&d=mm&r=g\",\"caption\":\"Renata Felix\"}}]}<\/script>\n<!-- \/ Yoast SEO plugin. -->","yoast_head_json":{"title":"Prefeitura amplia espa\u00e7o verde de Manaus com arboriza\u00e7\u00e3o do parque Amazonino Mendes - IMPLURB","robots":{"index":"noindex","follow":"follow"},"og_locale":"pt_BR","og_type":"article","og_title":"Prefeitura amplia espa\u00e7o verde de Manaus com arboriza\u00e7\u00e3o do parque Amazonino Mendes - IMPLURB","og_url":"https:\/\/www.manaus.am.gov.br\/implurb\/prefeitura-amplia-espaco-verde-de-manaus-com-arborizacao-do-parque-amazonino-mendes\/","og_site_name":"IMPLURB","article_published_time":"2023-10-12T14:40:29+00:00","og_image":[{"width":799,"height":533,"url":"https:\/\/www.manaus.am.gov.br\/implurb\/wp-content\/uploads\/sites\/13\/2024\/01\/53253366120_4eee77c191_c.jpg","type":"image\/jpeg"}],"author":"Renata Felix","twitter_card":"summary_large_image","twitter_misc":{"Written by":"Renata Felix","Est. reading time":"3 minutos"},"schema":{"@context":"https:\/\/schema.org","@graph":[{"@type":"WebPage","@id":"https:\/\/www.manaus.am.gov.br\/implurb\/prefeitura-amplia-espaco-verde-de-manaus-com-arborizacao-do-parque-amazonino-mendes\/","url":"https:\/\/www.manaus.am.gov.br\/implurb\/prefeitura-amplia-espaco-verde-de-manaus-com-arborizacao-do-parque-amazonino-mendes\/","name":"Prefeitura amplia espa\u00e7o verde de Manaus com arboriza\u00e7\u00e3o do parque Amazonino Mendes - IMPLURB","isPartOf":{"@id":"https:\/\/www.manaus.am.gov.br\/implurb\/#website"},"primaryImageOfPage":{"@id":"https:\/\/www.manaus.am.gov.br\/implurb\/prefeitura-amplia-espaco-verde-de-manaus-com-arborizacao-do-parque-amazonino-mendes\/#primaryimage"},"image":{"@id":"https:\/\/www.manaus.am.gov.br\/implurb\/prefeitura-amplia-espaco-verde-de-manaus-com-arborizacao-do-parque-amazonino-mendes\/#primaryimage"},"thumbnailUrl":"https:\/\/www.manaus.am.gov.br\/implurb\/wp-content\/uploads\/sites\/13\/2024\/01\/53253366120_4eee77c191_c.jpg","datePublished":"2023-10-12T14:40:29+00:00","dateModified":"2023-10-12T14:40:29+00:00","author":{"@id":"https:\/\/www.manaus.am.gov.br\/implurb\/#\/schema\/person\/4eea2a8f78dc853097abb026f728aa06"},"breadcrumb":{"@id":"https:\/\/www.manaus.am.gov.br\/implurb\/prefeitura-amplia-espaco-verde-de-manaus-com-arborizacao-do-parque-amazonino-mendes\/#breadcrumb"},"inLanguage":"pt-BR","potentialAction":[{"@type":"ReadAction","target":["https:\/\/www.manaus.am.gov.br\/implurb\/prefeitura-amplia-espaco-verde-de-manaus-com-arborizacao-do-parque-amazonino-mendes\/"]}]},{"@type":"ImageObject","inLanguage":"pt-BR","@id":"https:\/\/www.manaus.am.gov.br\/implurb\/prefeitura-amplia-espaco-verde-de-manaus-com-arborizacao-do-parque-amazonino-mendes\/#primaryimage","url":"https:\/\/www.manaus.am.gov.br\/implurb\/wp-content\/uploads\/sites\/13\/2024\/01\/53253366120_4eee77c191_c.jpg","contentUrl":"https:\/\/www.manaus.am.gov.br\/implurb\/wp-content\/uploads\/sites\/13\/2024\/01\/53253366120_4eee77c191_c.jpg","width":799,"height":533},{"@type":"BreadcrumbList","@id":"https:\/\/www.manaus.am.gov.br\/implurb\/prefeitura-amplia-espaco-verde-de-manaus-com-arborizacao-do-parque-amazonino-mendes\/#breadcrumb","itemListElement":[{"@type":"ListItem","position":1,"name":"Home","item":"https:\/\/www.manaus.am.gov.br\/implurb\/"},{"@type":"ListItem","position":2,"name":"Prefeitura amplia espa\u00e7o verde de Manaus com arboriza\u00e7\u00e3o do parque Amazonino Mendes"}]},{"@type":"WebSite","@id":"https:\/\/www.manaus.am.gov.br\/implurb\/#website","url":"https:\/\/www.manaus.am.gov.br\/implurb\/","name":"IMPLURB","description":"Prefeitura de Manaus","potentialAction":[{"@type":"SearchAction","target":{"@type":"EntryPoint","urlTemplate":"https:\/\/www.manaus.am.gov.br\/implurb\/?s={search_term_string}"},"query-input":"required name=search_term_string"}],"inLanguage":"pt-BR"},{"@type":"Person","@id":"https:\/\/www.manaus.am.gov.br\/implurb\/#\/schema\/person\/4eea2a8f78dc853097abb026f728aa06","name":"Renata Felix","image":{"@type":"ImageObject","inLanguage":"pt-BR","@id":"https:\/\/www.manaus.am.gov.br\/implurb\/#\/schema\/person\/image\/","url":"https:\/\/secure.gravatar.com\/avatar\/3c196cf9d3b837b24c8edb2c50fd8f29?s=96&d=mm&r=g","contentUrl":"https:\/\/secure.gravatar.com\/avatar\/3c196cf9d3b837b24c8edb2c50fd8f29?s=96&d=mm&r=g","caption":"Renata Felix"}}]}},"_links":{"self":[{"href":"https:\/\/www.manaus.am.gov.br\/implurb\/wp-json\/wp\/v2\/posts\/3478"}],"collection":[{"href":"https:\/\/www.manaus.am.gov.br\/implurb\/wp-json\/wp\/v2\/posts"}],"about":[{"href":"https:\/\/www.manaus.am.gov.br\/implurb\/wp-json\/wp\/v2\/types\/post"}],"author":[{"embeddable":true,"href":"https:\/\/www.manaus.am.gov.br\/implurb\/wp-json\/wp\/v2\/users\/31"}],"replies":[{"embeddable":true,"href":"https:\/\/www.manaus.am.gov.br\/implurb\/wp-json\/wp\/v2\/comments?post=3478"}],"version-history":[{"count":1,"href":"https:\/\/www.manaus.am.gov.br\/implurb\/wp-json\/wp\/v2\/posts\/3478\/revisions"}],"predecessor-version":[{"id":3481,"href":"https:\/\/www.manaus.am.gov.br\/implurb\/wp-json\/wp\/v2\/posts\/3478\/revisions\/3481"}],"wp:featuredmedia":[{"embeddable":true,"href":"https:\/\/www.manaus.am.gov.br\/implurb\/wp-json\/wp\/v2\/media\/3480"}],"wp:attachment":[{"href":"https:\/\/www.manaus.am.gov.br\/implurb\/wp-json\/wp\/v2\/media?parent=3478"}],"wp:term":[{"taxonomy":"category","embeddable":true,"href":"https:\/\/www.manaus.am.gov.br\/implurb\/wp-json\/wp\/v2\/categories?post=3478"},{"taxonomy":"post_tag","embeddable":true,"href":"https:\/\/www.manaus.am.gov.br\/implurb\/wp-json\/wp\/v2\/tags?post=3478"}],"curies":[{"name":"wp","href":"https:\/\/api.w.org\/{rel}","templated":true}]}}